{"id":10005,"date":"2016-04-01T13:04:02","date_gmt":"2016-04-01T10:04:02","guid":{"rendered":"http:\/\/btv.md\/?p=10005"},"modified":"2016-04-01T13:04:02","modified_gmt":"2016-04-01T10:04:02","slug":"moldsilva-in-vizorul-curtii-de-conturi","status":"publish","type":"post","link":"https:\/\/www.btv.md\/ro\/moldsilva-in-vizorul-curtii-de-conturi\/","title":{"rendered":"MOLDSILVA,  \u00ceN  VIZORUL  CUR\u021aII  DE  CONTURI"},"content":{"rendered":"<p><strong>Curtea de Conturi a examinat \u00een cadrul unei \u0219edin\u021be publice un rapot de audit al Agen\u021biei \u201eMoldsilva\u201d \u00een urma c\u0103ruia au fost depistate o serie de nereguli \u00een special ce \u021bin de dreptul de proprietate \u0219i oferirea \u00een arend\u0103 a terenurilor din fondul forestier, informeaz\u0103 <a href=\"http:\/\/www.realitatea.md\/moldsilva--in-vizorul-curtii-de-conturi--peste-3-milioane-de-lei-din-incasarile-de-la-darea-in-arenda-a-terenurilor--utilizati-pentru-necesitati-proprii--video-_36976.html\" target=\"_blank\">realitatea<\/a>.<\/strong><\/p>\n<p>Astfel, potrivit Cur\u021bii de Conturi, ne\u00eenregistrarea drepturilor de proprietate asupra terenurilor fondului forestier a generat existen\u021ba unui \u0219ir de litigii asupra a peste 200  ha \u0219i ocuparea nelegitim\u0103 a peste  170 ha de c\u0103tre persoane fizice \u0219i juridice.<\/p>\n<p>Nereguli au fost identificate \u0219i la capitolul utiliz\u0103rii fondului forestier \u00een scopuri de gospod\u0103rire cinergetic\u0103 \u0219i de recreere. S-a constatat c\u0103 din totalul de 700 de  contracte de arend\u0103 a terenurilor forestiere, 200 dintre ele nu sunt \u00eenregistrate la oficiile cadastrale, aceasta reprezint\u0103 circa 34% din totalul terenurilor arendate, iar suprafa\u021ba total\u0103 a acestora dep\u0103\u0219e\u0219te 2000 ha.<\/p>\n<p>\u00cen acela\u0219i timp, Curtea de Conturi a atestat cre\u0219terea num\u0103rului de acorduri adi\u021bionale la contractele de arend\u0103 a f\u00e2\u0219iilor forestiere cu privire la transmiterea dreptului de arend\u0103 \u00een special de la persoane fizice la persoane juridice, lucru interzis conform cadrului legal.<\/p>\n","protected":false},"excerpt":{"rendered":"<p>Curtea de Conturi a examinat \u00een cadrul unei \u0219edin\u021be publice un rapot de audit al Agen\u021biei \u201eMoldsilva\u201d \u00een urma c\u0103ruia au fost depistate o serie de nereguli \u00een special ce \u021bin de dreptul de proprietate \u0219i oferirea \u00een arend\u0103 a terenurilor din fondul forestier, informeaz\u0103 realitatea. Astfel, potrivit Cur\u021bii de Conturi, ne\u00eenregistrarea drepturilor de proprietate [&hellip;]<\/p>\n","protected":false},"author":4,"featured_media":10006,"comment_status":"closed","ping_status":"closed","sticky":false,"template":"","format":"standard","meta":{"footnotes":""},"categories":[7],"tags":[],"class_list":["post-10005","post","type-post","status-publish","format-standard","has-post-thumbnail","hentry","category-economie"],"yoast_head":"<!-- This site is optimized with the Yoast SEO plugin v27.4 - https:\/\/yoast.com\/product\/yoast-seo-wordpress\/ -->\n<title>MOLDSILVA, \u00ceN VIZORUL CUR\u021aII DE CONTURI  - BTV<\/title>\n<meta name=\"robots\" content=\"index, follow, max-snippet:-1, max-image-preview:large, max-video-preview:-1\" \/>\n<link rel=\"canonical\" href=\"https:\/\/www.btv.md\/ro\/moldsilva-in-vizorul-curtii-de-conturi\/\" \/>\n<meta property=\"og:locale\" content=\"ro_RO\" \/>\n<meta property=\"og:type\" content=\"article\" \/>\n<meta property=\"og:title\" content=\"MOLDSILVA, \u00ceN VIZORUL CUR\u021aII DE CONTURI  - BTV\" \/>\n<meta property=\"og:description\" content=\"Curtea de Conturi a examinat \u00een cadrul unei \u0219edin\u021be publice un rapot de audit al Agen\u021biei \u201eMoldsilva\u201d \u00een urma c\u0103ruia au fost depistate o serie de nereguli \u00een special ce \u021bin de dreptul de proprietate \u0219i oferirea \u00een arend\u0103 a terenurilor din fondul forestier, informeaz\u0103 realitatea. Astfel, potrivit Cur\u021bii de Conturi, ne\u00eenregistrarea drepturilor de proprietate [&hellip;]\" \/>\n<meta property=\"og:url\" content=\"https:\/\/www.btv.md\/ro\/moldsilva-in-vizorul-curtii-de-conturi\/\" \/>\n<meta property=\"og:site_name\" content=\"BTV\" \/>\n<meta property=\"article:publisher\" content=\"https:\/\/www.facebook.com\/btvmoldova\/\" \/>\n<meta property=\"article:published_time\" content=\"2016-04-01T10:04:02+00:00\" \/>\n<meta property=\"og:image\" content=\"https:\/\/www.btv.md\/wp-content\/uploads\/2016\/04\/5816035a58cf8862178ae317b5c85d0b.jpg\" \/>\n\t<meta property=\"og:image:width\" content=\"700\" \/>\n\t<meta property=\"og:image:height\" content=\"383\" \/>\n\t<meta property=\"og:image:type\" content=\"image\/jpeg\" \/>\n<meta name=\"author\" content=\"admin\" \/>\n<meta name=\"twitter:label1\" content=\"Scris de\" \/>\n\t<meta name=\"twitter:data1\" content=\"admin\" \/>\n\t<meta name=\"twitter:label2\" content=\"Timp estimat pentru citire\" \/>\n\t<meta name=\"twitter:data2\" content=\"1 minut\" \/>\n<script type=\"application\/ld+json\" class=\"yoast-schema-graph\">{\"@context\":\"https:\\\/\\\/schema.org\",\"@graph\":[{\"@type\":\"Article\",\"@id\":\"https:\\\/\\\/www.btv.md\\\/ro\\\/moldsilva-in-vizorul-curtii-de-conturi\\\/#article\",\"isPartOf\":{\"@id\":\"https:\\\/\\\/www.btv.md\\\/ro\\\/moldsilva-in-vizorul-curtii-de-conturi\\\/\"},\"author\":{\"name\":\"admin\",\"@id\":\"https:\\\/\\\/www.btv.md\\\/#\\\/schema\\\/person\\\/8fadce81561b3ce2c34c46dadc4ccbf2\"},\"headline\":\"MOLDSILVA, \u00ceN VIZORUL CUR\u021aII DE CONTURI\",\"datePublished\":\"2016-04-01T10:04:02+00:00\",\"mainEntityOfPage\":{\"@id\":\"https:\\\/\\\/www.btv.md\\\/ro\\\/moldsilva-in-vizorul-curtii-de-conturi\\\/\"},\"wordCount\":200,\"image\":{\"@id\":\"https:\\\/\\\/www.btv.md\\\/ro\\\/moldsilva-in-vizorul-curtii-de-conturi\\\/#primaryimage\"},\"thumbnailUrl\":\"https:\\\/\\\/www.btv.md\\\/wp-content\\\/uploads\\\/2016\\\/04\\\/5816035a58cf8862178ae317b5c85d0b.jpg\",\"articleSection\":[\"\u042d\u043a\u043e\u043d\u043e\u043c\u0438\u043a\u0430\"],\"inLanguage\":\"ro-RO\"},{\"@type\":\"WebPage\",\"@id\":\"https:\\\/\\\/www.btv.md\\\/ro\\\/moldsilva-in-vizorul-curtii-de-conturi\\\/\",\"url\":\"https:\\\/\\\/www.btv.md\\\/ro\\\/moldsilva-in-vizorul-curtii-de-conturi\\\/\",\"name\":\"MOLDSILVA, \u00ceN VIZORUL CUR\u021aII DE CONTURI - BTV\",\"isPartOf\":{\"@id\":\"https:\\\/\\\/www.btv.md\\\/#website\"},\"primaryImageOfPage\":{\"@id\":\"https:\\\/\\\/www.btv.md\\\/ro\\\/moldsilva-in-vizorul-curtii-de-conturi\\\/#primaryimage\"},\"image\":{\"@id\":\"https:\\\/\\\/www.btv.md\\\/ro\\\/moldsilva-in-vizorul-curtii-de-conturi\\\/#primaryimage\"},\"thumbnailUrl\":\"https:\\\/\\\/www.btv.md\\\/wp-content\\\/uploads\\\/2016\\\/04\\\/5816035a58cf8862178ae317b5c85d0b.jpg\",\"datePublished\":\"2016-04-01T10:04:02+00:00\",\"author\":{\"@id\":\"https:\\\/\\\/www.btv.md\\\/#\\\/schema\\\/person\\\/8fadce81561b3ce2c34c46dadc4ccbf2\"},\"inLanguage\":\"ro-RO\",\"potentialAction\":[{\"@type\":\"ReadAction\",\"target\":[\"https:\\\/\\\/www.btv.md\\\/ro\\\/moldsilva-in-vizorul-curtii-de-conturi\\\/\"]}]},{\"@type\":\"ImageObject\",\"inLanguage\":\"ro-RO\",\"@id\":\"https:\\\/\\\/www.btv.md\\\/ro\\\/moldsilva-in-vizorul-curtii-de-conturi\\\/#primaryimage\",\"url\":\"https:\\\/\\\/www.btv.md\\\/wp-content\\\/uploads\\\/2016\\\/04\\\/5816035a58cf8862178ae317b5c85d0b.jpg\",\"contentUrl\":\"https:\\\/\\\/www.btv.md\\\/wp-content\\\/uploads\\\/2016\\\/04\\\/5816035a58cf8862178ae317b5c85d0b.jpg\",\"width\":700,\"height\":383,\"caption\":\"pan.md\"},{\"@type\":\"WebSite\",\"@id\":\"https:\\\/\\\/www.btv.md\\\/#website\",\"url\":\"https:\\\/\\\/www.btv.md\\\/\",\"name\":\"BTV\",\"description\":\"\u0411\u0435\u043b\u044c\u0446\u043a\u043e\u0435 \u0442\u0435\u043b\u0435\u0432\u0438\u0434\u0435\u043d\u0438\u0435\",\"potentialAction\":[{\"@type\":\"SearchAction\",\"target\":{\"@type\":\"EntryPoint\",\"urlTemplate\":\"https:\\\/\\\/www.btv.md\\\/?s={search_term_string}\"},\"query-input\":{\"@type\":\"PropertyValueSpecification\",\"valueRequired\":true,\"valueName\":\"search_term_string\"}}],\"inLanguage\":\"ro-RO\"},{\"@type\":\"Person\",\"@id\":\"https:\\\/\\\/www.btv.md\\\/#\\\/schema\\\/person\\\/8fadce81561b3ce2c34c46dadc4ccbf2\",\"name\":\"admin\"}]}<\/script>\n<!-- \/ Yoast SEO plugin. -->","yoast_head_json":{"title":"MOLDSILVA, \u00ceN VIZORUL CUR\u021aII DE CONTURI  - BTV","robots":{"index":"index","follow":"follow","max-snippet":"max-snippet:-1","max-image-preview":"max-image-preview:large","max-video-preview":"max-video-preview:-1"},"canonical":"https:\/\/www.btv.md\/ro\/moldsilva-in-vizorul-curtii-de-conturi\/","og_locale":"ro_RO","og_type":"article","og_title":"MOLDSILVA, \u00ceN VIZORUL CUR\u021aII DE CONTURI  - BTV","og_description":"Curtea de Conturi a examinat \u00een cadrul unei \u0219edin\u021be publice un rapot de audit al Agen\u021biei \u201eMoldsilva\u201d \u00een urma c\u0103ruia au fost depistate o serie de nereguli \u00een special ce \u021bin de dreptul de proprietate \u0219i oferirea \u00een arend\u0103 a terenurilor din fondul forestier, informeaz\u0103 realitatea. Astfel, potrivit Cur\u021bii de Conturi, ne\u00eenregistrarea drepturilor de proprietate [&hellip;]","og_url":"https:\/\/www.btv.md\/ro\/moldsilva-in-vizorul-curtii-de-conturi\/","og_site_name":"BTV","article_publisher":"https:\/\/www.facebook.com\/btvmoldova\/","article_published_time":"2016-04-01T10:04:02+00:00","og_image":[{"width":700,"height":383,"url":"https:\/\/www.btv.md\/wp-content\/uploads\/2016\/04\/5816035a58cf8862178ae317b5c85d0b.jpg","type":"image\/jpeg"}],"author":"admin","twitter_misc":{"Scris de":"admin","Timp estimat pentru citire":"1 minut"},"schema":{"@context":"https:\/\/schema.org","@graph":[{"@type":"Article","@id":"https:\/\/www.btv.md\/ro\/moldsilva-in-vizorul-curtii-de-conturi\/#article","isPartOf":{"@id":"https:\/\/www.btv.md\/ro\/moldsilva-in-vizorul-curtii-de-conturi\/"},"author":{"name":"admin","@id":"https:\/\/www.btv.md\/#\/schema\/person\/8fadce81561b3ce2c34c46dadc4ccbf2"},"headline":"MOLDSILVA, \u00ceN VIZORUL CUR\u021aII DE CONTURI","datePublished":"2016-04-01T10:04:02+00:00","mainEntityOfPage":{"@id":"https:\/\/www.btv.md\/ro\/moldsilva-in-vizorul-curtii-de-conturi\/"},"wordCount":200,"image":{"@id":"https:\/\/www.btv.md\/ro\/moldsilva-in-vizorul-curtii-de-conturi\/#primaryimage"},"thumbnailUrl":"https:\/\/www.btv.md\/wp-content\/uploads\/2016\/04\/5816035a58cf8862178ae317b5c85d0b.jpg","articleSection":["\u042d\u043a\u043e\u043d\u043e\u043c\u0438\u043a\u0430"],"inLanguage":"ro-RO"},{"@type":"WebPage","@id":"https:\/\/www.btv.md\/ro\/moldsilva-in-vizorul-curtii-de-conturi\/","url":"https:\/\/www.btv.md\/ro\/moldsilva-in-vizorul-curtii-de-conturi\/","name":"MOLDSILVA, \u00ceN VIZORUL CUR\u021aII DE CONTURI - BTV","isPartOf":{"@id":"https:\/\/www.btv.md\/#website"},"primaryImageOfPage":{"@id":"https:\/\/www.btv.md\/ro\/moldsilva-in-vizorul-curtii-de-conturi\/#primaryimage"},"image":{"@id":"https:\/\/www.btv.md\/ro\/moldsilva-in-vizorul-curtii-de-conturi\/#primaryimage"},"thumbnailUrl":"https:\/\/www.btv.md\/wp-content\/uploads\/2016\/04\/5816035a58cf8862178ae317b5c85d0b.jpg","datePublished":"2016-04-01T10:04:02+00:00","author":{"@id":"https:\/\/www.btv.md\/#\/schema\/person\/8fadce81561b3ce2c34c46dadc4ccbf2"},"inLanguage":"ro-RO","potentialAction":[{"@type":"ReadAction","target":["https:\/\/www.btv.md\/ro\/moldsilva-in-vizorul-curtii-de-conturi\/"]}]},{"@type":"ImageObject","inLanguage":"ro-RO","@id":"https:\/\/www.btv.md\/ro\/moldsilva-in-vizorul-curtii-de-conturi\/#primaryimage","url":"https:\/\/www.btv.md\/wp-content\/uploads\/2016\/04\/5816035a58cf8862178ae317b5c85d0b.jpg","contentUrl":"https:\/\/www.btv.md\/wp-content\/uploads\/2016\/04\/5816035a58cf8862178ae317b5c85d0b.jpg","width":700,"height":383,"caption":"pan.md"},{"@type":"WebSite","@id":"https:\/\/www.btv.md\/#website","url":"https:\/\/www.btv.md\/","name":"BTV","description":"\u0411\u0435\u043b\u044c\u0446\u043a\u043e\u0435 \u0442\u0435\u043b\u0435\u0432\u0438\u0434\u0435\u043d\u0438\u0435","potentialAction":[{"@type":"SearchAction","target":{"@type":"EntryPoint","urlTemplate":"https:\/\/www.btv.md\/?s={search_term_string}"},"query-input":{"@type":"PropertyValueSpecification","valueRequired":true,"valueName":"search_term_string"}}],"inLanguage":"ro-RO"},{"@type":"Person","@id":"https:\/\/www.btv.md\/#\/schema\/person\/8fadce81561b3ce2c34c46dadc4ccbf2","name":"admin"}]}},"_links":{"self":[{"href":"https:\/\/www.btv.md\/ro\/wp-json\/wp\/v2\/posts\/10005","targetHints":{"allow":["GET"]}}],"collection":[{"href":"https:\/\/www.btv.md\/ro\/wp-json\/wp\/v2\/posts"}],"about":[{"href":"https:\/\/www.btv.md\/ro\/wp-json\/wp\/v2\/types\/post"}],"author":[{"embeddable":true,"href":"https:\/\/www.btv.md\/ro\/wp-json\/wp\/v2\/users\/4"}],"replies":[{"embeddable":true,"href":"https:\/\/www.btv.md\/ro\/wp-json\/wp\/v2\/comments?post=10005"}],"version-history":[{"count":0,"href":"https:\/\/www.btv.md\/ro\/wp-json\/wp\/v2\/posts\/10005\/revisions"}],"wp:featuredmedia":[{"embeddable":true,"href":"https:\/\/www.btv.md\/ro\/wp-json\/wp\/v2\/media\/10006"}],"wp:attachment":[{"href":"https:\/\/www.btv.md\/ro\/wp-json\/wp\/v2\/media?parent=10005"}],"wp:term":[{"taxonomy":"category","embeddable":true,"href":"https:\/\/www.btv.md\/ro\/wp-json\/wp\/v2\/categories?post=10005"},{"taxonomy":"post_tag","embeddable":true,"href":"https:\/\/www.btv.md\/ro\/wp-json\/wp\/v2\/tags?post=10005"}],"curies":[{"name":"wp","href":"https:\/\/api.w.org\/{rel}","templated":true}]}}