{"id":10068,"date":"2016-04-01T18:13:02","date_gmt":"2016-04-01T15:13:02","guid":{"rendered":"http:\/\/btv.md\/?p=10068"},"modified":"2016-04-01T18:13:02","modified_gmt":"2016-04-01T15:13:02","slug":"pompierii-si-salvatorii-din-balti-in-pragul-zilei-profesionale","status":"publish","type":"post","link":"https:\/\/www.btv.md\/ro\/pompierii-si-salvatorii-din-balti-in-pragul-zilei-profesionale\/","title":{"rendered":"POMPIERII  \u0218I  SALVATORII  DIN  B\u0102L\u021aI  \u00ceN  PRAGUL  ZILEI  PROFESIONALE"},"content":{"rendered":"<p><strong>\u00cei vedem cum lupt\u0103 cu focul, cu apa sau cum salveaz\u0103 oameni din fiarele ma\u0219inii. Sunt acolo, unde f\u0103r\u0103 ei totul ar p\u0103rea pierdut. Vorbim despre pompierii \u0219i salvatorii din B\u0103l\u021bi, care cunosc pe propria piele ce \u00eenseamn\u0103 o via\u021b\u0103 de om \u0219i cum sun\u0103 alarma c\u00e2nd aceast\u0103 via\u021b\u0103 trebuie salvat\u0103.<\/strong><\/p>\n<p>\u0218eful Deta\u0219amentului C\u0103utare-Salvare nr.2, Alexandr Grigora\u0219, spune c\u0103 fiecare persoan\u0103 care activeaz\u0103 aici, \u00ee\u0219i \u0219tie bine meseria, iar gre\u0219elile sunt inadmisibile.<\/p>\n<p>Pompierii recunosc c\u0103 la \u00eenceput le-a fost mai greu, iar curajul \u0219i profesionalismul au venit cu timpul. <\/p>\n<p>\u201e<em>Este o profesie nobil\u0103. Odat\u0103 ce m\u0103 a flu aici doresc s\u0103 fac un bine. Este \u0219i o profesie cu risc. \u00cen primul r\u00e2nd, nu to\u021bi au curaj de a intra \u00een fum<\/em>\u201d.<\/p>\n<p>Pompierii nu sunt singurii care au de \u00eenfruntat consecin\u021bele unor tragedii. Al\u0103turi de ei se afl\u0103, salvatori, medici \u0219i paramedici, care vin s\u0103 acorde victimelor primul ajutor.<\/p>\n<p>\u201e<em>\u00cen anul 2014, \u00een cadrul deta\u0219amentului a fost format \u0219i serviciul SMURD, care \u00een comun cu pompierii \u0219i salvatorii merg la accidente rutiere, la incendii, acolo unde este nevoie de acordarea primului ajutor medical<\/em>\u201d.<\/p>\n<p>Salvatorii spun c\u0103 de cele mai multe ori, sunt antrena\u021bi \u00een lichidarea consecin\u021belor \u00een urma accidentelor rutiere.<\/p>\n<p>\u201e<em>De la \u00eenceput a fost greu. Cu timpul \u00eens\u0103 ne-am acomodat. Cazuri ie\u0219ite din comun sunt accidentele rutiere care se produc destul de des pe teritoriul Republicii Moldova, \u00een special \u00een municipiul B\u0103l\u021bi<\/em>\u201d.<\/p>\n<p>\u201e<em>A fost un caz. Un b\u0103rbat s-a t\u0103iat cu polizorul unghiular. Noi i-am acordat primul ajutor medical dup\u0103 care l-am transportat la spital<\/em>\u201d.<\/p>\n<p>P\u00e2n\u0103 s\u0103 ajung\u0103 pe m\u00e2na medicilor, oamenii r\u0103ni\u021bi \u00een accidente sunt uneori salva\u021bi de al\u021bii. Nu au halate albe \u0219i nici bisturiuri. Intervin cu  flexul, barosul, toporul sau foarfecele de tabl\u0103. Ei sunt salvatorii de la \u201eDescarcerare\u201d.<\/p>\n<p>\u201e<em>Este foarte greu. Fiecare caz este individual, dar trebuie s\u0103 ajut\u0103m. Pentru cineva victima poate fi mama, sora sau fratele, a\u0219a c\u0103 avem grij\u0103 s\u0103 intervenim prompt. Cu p\u0103rere de r\u0103u se produc foarte multe accidente rutiere, adesea cu decesul tinerilor<\/em>\u201d.<\/p>\n<p>Zilnic, la centrul de dirijare interven\u021bie operativ\u0103 Nord, parvin sute sau chiar mii de apeluri. Aici, apelurile la numerele 901, 902 sau 903 sunt redirec\u0163ionate spre serviciul responsabil de interven\u021bie. Ulterior, totul este monitorizat prin intermediul tehnicilor speciale.<\/p>\n<p>Potrivit Alexandr Grigora\u0219, lucrurile merg bine datorit\u0103 profesionalismului \u0219i echipajului tehnic.<\/p>\n<p>La data de 5 aprilie, \u00een Republica Moldova este marcat\u0103 ziua profesional\u0103 a salvatorului.<\/p>\n<p><iframe width=\"420\" height=\"315\" data-src=\"https:\/\/www.youtube.com\/embed\/-qYS5xZtqWY\" frameborder=\"0\" allowfullscreen src=\"data:image\/svg+xml;base64,PHN2ZyB3aWR0aD0iMSIgaGVpZ2h0PSIxIiB4bWxucz0iaHR0cDovL3d3dy53My5vcmcvMjAwMC9zdmciPjwvc3ZnPg==\" class=\"lazyload\" data-load-mode=\"1\"><\/iframe><\/p>\n","protected":false},"excerpt":{"rendered":"<p>\u00cei vedem cum lupt\u0103 cu focul, cu apa sau cum salveaz\u0103 oameni din fiarele ma\u0219inii. Sunt acolo, unde f\u0103r\u0103 ei totul ar p\u0103rea pierdut. Vorbim despre pompierii \u0219i salvatorii din B\u0103l\u021bi, care cunosc pe propria piele ce \u00eenseamn\u0103 o via\u021b\u0103 de om \u0219i cum sun\u0103 alarma c\u00e2nd aceast\u0103 via\u021b\u0103 trebuie salvat\u0103. \u0218eful Deta\u0219amentului C\u0103utare-Salvare nr.2, [&hellip;]<\/p>\n","protected":false},"author":4,"featured_media":10069,"comment_status":"closed","ping_status":"closed","sticky":false,"template":"","format":"standard","meta":{"footnotes":""},"categories":[6353],"tags":[],"class_list":["post-10068","post","type-post","status-publish","format-standard","has-post-thumbnail","hentry","category-oras"],"yoast_head":"<!-- This site is optimized with the Yoast SEO plugin v27.4 - https:\/\/yoast.com\/product\/yoast-seo-wordpress\/ -->\n<title>POMPIERII \u0218I SALVATORII DIN B\u0102L\u021aI \u00ceN PRAGUL ZILEI PROFESIONALE - BTV<\/title>\n<meta name=\"robots\" content=\"index, follow, max-snippet:-1, max-image-preview:large, max-video-preview:-1\" \/>\n<link rel=\"canonical\" href=\"https:\/\/www.btv.md\/ro\/pompierii-si-salvatorii-din-balti-in-pragul-zilei-profesionale\/\" \/>\n<meta property=\"og:locale\" content=\"ro_RO\" \/>\n<meta property=\"og:type\" content=\"article\" \/>\n<meta property=\"og:title\" content=\"POMPIERII \u0218I SALVATORII DIN B\u0102L\u021aI \u00ceN PRAGUL ZILEI PROFESIONALE - BTV\" \/>\n<meta property=\"og:description\" content=\"\u00cei vedem cum lupt\u0103 cu focul, cu apa sau cum salveaz\u0103 oameni din fiarele ma\u0219inii. Sunt acolo, unde f\u0103r\u0103 ei totul ar p\u0103rea pierdut. Vorbim despre pompierii \u0219i salvatorii din B\u0103l\u021bi, care cunosc pe propria piele ce \u00eenseamn\u0103 o via\u021b\u0103 de om \u0219i cum sun\u0103 alarma c\u00e2nd aceast\u0103 via\u021b\u0103 trebuie salvat\u0103. \u0218eful Deta\u0219amentului C\u0103utare-Salvare nr.2, [&hellip;]\" \/>\n<meta property=\"og:url\" content=\"https:\/\/www.btv.md\/ro\/pompierii-si-salvatorii-din-balti-in-pragul-zilei-profesionale\/\" \/>\n<meta property=\"og:site_name\" content=\"BTV\" \/>\n<meta property=\"article:publisher\" content=\"https:\/\/www.facebook.com\/btvmoldova\/\" \/>\n<meta property=\"article:published_time\" content=\"2016-04-01T15:13:02+00:00\" \/>\n<meta property=\"og:image\" content=\"https:\/\/www.btv.md\/wp-content\/uploads\/2016\/04\/dse.png\" \/>\n\t<meta property=\"og:image:width\" content=\"999\" \/>\n\t<meta property=\"og:image:height\" content=\"581\" \/>\n\t<meta property=\"og:image:type\" content=\"image\/png\" \/>\n<meta name=\"author\" content=\"admin\" \/>\n<meta name=\"twitter:label1\" content=\"Scris de\" \/>\n\t<meta name=\"twitter:data1\" content=\"admin\" \/>\n\t<meta name=\"twitter:label2\" content=\"Timp estimat pentru citire\" \/>\n\t<meta name=\"twitter:data2\" content=\"2 minute\" \/>\n<script type=\"application\/ld+json\" class=\"yoast-schema-graph\">{\"@context\":\"https:\\\/\\\/schema.org\",\"@graph\":[{\"@type\":\"Article\",\"@id\":\"https:\\\/\\\/www.btv.md\\\/ro\\\/pompierii-si-salvatorii-din-balti-in-pragul-zilei-profesionale\\\/#article\",\"isPartOf\":{\"@id\":\"https:\\\/\\\/www.btv.md\\\/ro\\\/pompierii-si-salvatorii-din-balti-in-pragul-zilei-profesionale\\\/\"},\"author\":{\"name\":\"admin\",\"@id\":\"https:\\\/\\\/www.btv.md\\\/#\\\/schema\\\/person\\\/8fadce81561b3ce2c34c46dadc4ccbf2\"},\"headline\":\"POMPIERII \u0218I SALVATORII DIN B\u0102L\u021aI \u00ceN PRAGUL ZILEI PROFESIONALE\",\"datePublished\":\"2016-04-01T15:13:02+00:00\",\"mainEntityOfPage\":{\"@id\":\"https:\\\/\\\/www.btv.md\\\/ro\\\/pompierii-si-salvatorii-din-balti-in-pragul-zilei-profesionale\\\/\"},\"wordCount\":437,\"image\":{\"@id\":\"https:\\\/\\\/www.btv.md\\\/ro\\\/pompierii-si-salvatorii-din-balti-in-pragul-zilei-profesionale\\\/#primaryimage\"},\"thumbnailUrl\":\"https:\\\/\\\/www.btv.md\\\/wp-content\\\/uploads\\\/2016\\\/04\\\/dse.png\",\"articleSection\":[\"Ora\u0219\"],\"inLanguage\":\"ro-RO\"},{\"@type\":\"WebPage\",\"@id\":\"https:\\\/\\\/www.btv.md\\\/ro\\\/pompierii-si-salvatorii-din-balti-in-pragul-zilei-profesionale\\\/\",\"url\":\"https:\\\/\\\/www.btv.md\\\/ro\\\/pompierii-si-salvatorii-din-balti-in-pragul-zilei-profesionale\\\/\",\"name\":\"POMPIERII \u0218I SALVATORII DIN B\u0102L\u021aI \u00ceN PRAGUL ZILEI PROFESIONALE - BTV\",\"isPartOf\":{\"@id\":\"https:\\\/\\\/www.btv.md\\\/#website\"},\"primaryImageOfPage\":{\"@id\":\"https:\\\/\\\/www.btv.md\\\/ro\\\/pompierii-si-salvatorii-din-balti-in-pragul-zilei-profesionale\\\/#primaryimage\"},\"image\":{\"@id\":\"https:\\\/\\\/www.btv.md\\\/ro\\\/pompierii-si-salvatorii-din-balti-in-pragul-zilei-profesionale\\\/#primaryimage\"},\"thumbnailUrl\":\"https:\\\/\\\/www.btv.md\\\/wp-content\\\/uploads\\\/2016\\\/04\\\/dse.png\",\"datePublished\":\"2016-04-01T15:13:02+00:00\",\"author\":{\"@id\":\"https:\\\/\\\/www.btv.md\\\/#\\\/schema\\\/person\\\/8fadce81561b3ce2c34c46dadc4ccbf2\"},\"inLanguage\":\"ro-RO\",\"potentialAction\":[{\"@type\":\"ReadAction\",\"target\":[\"https:\\\/\\\/www.btv.md\\\/ro\\\/pompierii-si-salvatorii-din-balti-in-pragul-zilei-profesionale\\\/\"]}]},{\"@type\":\"ImageObject\",\"inLanguage\":\"ro-RO\",\"@id\":\"https:\\\/\\\/www.btv.md\\\/ro\\\/pompierii-si-salvatorii-din-balti-in-pragul-zilei-profesionale\\\/#primaryimage\",\"url\":\"https:\\\/\\\/www.btv.md\\\/wp-content\\\/uploads\\\/2016\\\/04\\\/dse.png\",\"contentUrl\":\"https:\\\/\\\/www.btv.md\\\/wp-content\\\/uploads\\\/2016\\\/04\\\/dse.png\",\"width\":999,\"height\":581},{\"@type\":\"WebSite\",\"@id\":\"https:\\\/\\\/www.btv.md\\\/#website\",\"url\":\"https:\\\/\\\/www.btv.md\\\/\",\"name\":\"BTV\",\"description\":\"\u0411\u0435\u043b\u044c\u0446\u043a\u043e\u0435 \u0442\u0435\u043b\u0435\u0432\u0438\u0434\u0435\u043d\u0438\u0435\",\"potentialAction\":[{\"@type\":\"SearchAction\",\"target\":{\"@type\":\"EntryPoint\",\"urlTemplate\":\"https:\\\/\\\/www.btv.md\\\/?s={search_term_string}\"},\"query-input\":{\"@type\":\"PropertyValueSpecification\",\"valueRequired\":true,\"valueName\":\"search_term_string\"}}],\"inLanguage\":\"ro-RO\"},{\"@type\":\"Person\",\"@id\":\"https:\\\/\\\/www.btv.md\\\/#\\\/schema\\\/person\\\/8fadce81561b3ce2c34c46dadc4ccbf2\",\"name\":\"admin\"}]}<\/script>\n<!-- \/ Yoast SEO plugin. -->","yoast_head_json":{"title":"POMPIERII \u0218I SALVATORII DIN B\u0102L\u021aI \u00ceN PRAGUL ZILEI PROFESIONALE - BTV","robots":{"index":"index","follow":"follow","max-snippet":"max-snippet:-1","max-image-preview":"max-image-preview:large","max-video-preview":"max-video-preview:-1"},"canonical":"https:\/\/www.btv.md\/ro\/pompierii-si-salvatorii-din-balti-in-pragul-zilei-profesionale\/","og_locale":"ro_RO","og_type":"article","og_title":"POMPIERII \u0218I SALVATORII DIN B\u0102L\u021aI \u00ceN PRAGUL ZILEI PROFESIONALE - BTV","og_description":"\u00cei vedem cum lupt\u0103 cu focul, cu apa sau cum salveaz\u0103 oameni din fiarele ma\u0219inii. Sunt acolo, unde f\u0103r\u0103 ei totul ar p\u0103rea pierdut. Vorbim despre pompierii \u0219i salvatorii din B\u0103l\u021bi, care cunosc pe propria piele ce \u00eenseamn\u0103 o via\u021b\u0103 de om \u0219i cum sun\u0103 alarma c\u00e2nd aceast\u0103 via\u021b\u0103 trebuie salvat\u0103. \u0218eful Deta\u0219amentului C\u0103utare-Salvare nr.2, [&hellip;]","og_url":"https:\/\/www.btv.md\/ro\/pompierii-si-salvatorii-din-balti-in-pragul-zilei-profesionale\/","og_site_name":"BTV","article_publisher":"https:\/\/www.facebook.com\/btvmoldova\/","article_published_time":"2016-04-01T15:13:02+00:00","og_image":[{"width":999,"height":581,"url":"https:\/\/www.btv.md\/wp-content\/uploads\/2016\/04\/dse.png","type":"image\/png"}],"author":"admin","twitter_misc":{"Scris de":"admin","Timp estimat pentru citire":"2 minute"},"schema":{"@context":"https:\/\/schema.org","@graph":[{"@type":"Article","@id":"https:\/\/www.btv.md\/ro\/pompierii-si-salvatorii-din-balti-in-pragul-zilei-profesionale\/#article","isPartOf":{"@id":"https:\/\/www.btv.md\/ro\/pompierii-si-salvatorii-din-balti-in-pragul-zilei-profesionale\/"},"author":{"name":"admin","@id":"https:\/\/www.btv.md\/#\/schema\/person\/8fadce81561b3ce2c34c46dadc4ccbf2"},"headline":"POMPIERII \u0218I SALVATORII DIN B\u0102L\u021aI \u00ceN PRAGUL ZILEI PROFESIONALE","datePublished":"2016-04-01T15:13:02+00:00","mainEntityOfPage":{"@id":"https:\/\/www.btv.md\/ro\/pompierii-si-salvatorii-din-balti-in-pragul-zilei-profesionale\/"},"wordCount":437,"image":{"@id":"https:\/\/www.btv.md\/ro\/pompierii-si-salvatorii-din-balti-in-pragul-zilei-profesionale\/#primaryimage"},"thumbnailUrl":"https:\/\/www.btv.md\/wp-content\/uploads\/2016\/04\/dse.png","articleSection":["Ora\u0219"],"inLanguage":"ro-RO"},{"@type":"WebPage","@id":"https:\/\/www.btv.md\/ro\/pompierii-si-salvatorii-din-balti-in-pragul-zilei-profesionale\/","url":"https:\/\/www.btv.md\/ro\/pompierii-si-salvatorii-din-balti-in-pragul-zilei-profesionale\/","name":"POMPIERII \u0218I SALVATORII DIN B\u0102L\u021aI \u00ceN PRAGUL ZILEI PROFESIONALE - BTV","isPartOf":{"@id":"https:\/\/www.btv.md\/#website"},"primaryImageOfPage":{"@id":"https:\/\/www.btv.md\/ro\/pompierii-si-salvatorii-din-balti-in-pragul-zilei-profesionale\/#primaryimage"},"image":{"@id":"https:\/\/www.btv.md\/ro\/pompierii-si-salvatorii-din-balti-in-pragul-zilei-profesionale\/#primaryimage"},"thumbnailUrl":"https:\/\/www.btv.md\/wp-content\/uploads\/2016\/04\/dse.png","datePublished":"2016-04-01T15:13:02+00:00","author":{"@id":"https:\/\/www.btv.md\/#\/schema\/person\/8fadce81561b3ce2c34c46dadc4ccbf2"},"inLanguage":"ro-RO","potentialAction":[{"@type":"ReadAction","target":["https:\/\/www.btv.md\/ro\/pompierii-si-salvatorii-din-balti-in-pragul-zilei-profesionale\/"]}]},{"@type":"ImageObject","inLanguage":"ro-RO","@id":"https:\/\/www.btv.md\/ro\/pompierii-si-salvatorii-din-balti-in-pragul-zilei-profesionale\/#primaryimage","url":"https:\/\/www.btv.md\/wp-content\/uploads\/2016\/04\/dse.png","contentUrl":"https:\/\/www.btv.md\/wp-content\/uploads\/2016\/04\/dse.png","width":999,"height":581},{"@type":"WebSite","@id":"https:\/\/www.btv.md\/#website","url":"https:\/\/www.btv.md\/","name":"BTV","description":"\u0411\u0435\u043b\u044c\u0446\u043a\u043e\u0435 \u0442\u0435\u043b\u0435\u0432\u0438\u0434\u0435\u043d\u0438\u0435","potentialAction":[{"@type":"SearchAction","target":{"@type":"EntryPoint","urlTemplate":"https:\/\/www.btv.md\/?s={search_term_string}"},"query-input":{"@type":"PropertyValueSpecification","valueRequired":true,"valueName":"search_term_string"}}],"inLanguage":"ro-RO"},{"@type":"Person","@id":"https:\/\/www.btv.md\/#\/schema\/person\/8fadce81561b3ce2c34c46dadc4ccbf2","name":"admin"}]}},"_links":{"self":[{"href":"https:\/\/www.btv.md\/ro\/wp-json\/wp\/v2\/posts\/10068","targetHints":{"allow":["GET"]}}],"collection":[{"href":"https:\/\/www.btv.md\/ro\/wp-json\/wp\/v2\/posts"}],"about":[{"href":"https:\/\/www.btv.md\/ro\/wp-json\/wp\/v2\/types\/post"}],"author":[{"embeddable":true,"href":"https:\/\/www.btv.md\/ro\/wp-json\/wp\/v2\/users\/4"}],"replies":[{"embeddable":true,"href":"https:\/\/www.btv.md\/ro\/wp-json\/wp\/v2\/comments?post=10068"}],"version-history":[{"count":0,"href":"https:\/\/www.btv.md\/ro\/wp-json\/wp\/v2\/posts\/10068\/revisions"}],"wp:featuredmedia":[{"embeddable":true,"href":"https:\/\/www.btv.md\/ro\/wp-json\/wp\/v2\/media\/10069"}],"wp:attachment":[{"href":"https:\/\/www.btv.md\/ro\/wp-json\/wp\/v2\/media?parent=10068"}],"wp:term":[{"taxonomy":"category","embeddable":true,"href":"https:\/\/www.btv.md\/ro\/wp-json\/wp\/v2\/categories?post=10068"},{"taxonomy":"post_tag","embeddable":true,"href":"https:\/\/www.btv.md\/ro\/wp-json\/wp\/v2\/tags?post=10068"}],"curies":[{"name":"wp","href":"https:\/\/api.w.org\/{rel}","templated":true}]}}