{"id":10074,"date":"2016-04-01T18:46:17","date_gmt":"2016-04-01T15:46:17","guid":{"rendered":"http:\/\/btv.md\/?p=10074"},"modified":"2016-04-01T18:46:17","modified_gmt":"2016-04-01T15:46:17","slug":"platforma-da-indeamna-baltenii-sa-iasa-la-proteste","status":"publish","type":"post","link":"https:\/\/www.btv.md\/ro\/platforma-da-indeamna-baltenii-sa-iasa-la-proteste\/","title":{"rendered":"PLATFORMA  DA  \u00ceNDEAMN\u0102  B\u0102L\u021aENII  S\u0102  IAS\u0102  LA  PROTESTE"},"content":{"rendered":"<p><strong>Zeci de b\u0103l\u021benii au participat la ac\u021biunea de protest organizat\u0103 de membrii platformei civice Demnitate \u0219i Adev\u0103r. Ace\u0219tia s-au ar\u0103tat nemul\u021bumi\u021bi fa\u021b\u0103 de decizia Comisiei Electorale Centrale  de a respinge ini\u021biativa  de modificare a Constitu\u021biei prin referendum, \u00een favoarea c\u0103reia s-au colectat peste 400 mii de semn\u0103turi. Protestatarii dar \u0219i membrii Platformei Da au mar\u0219\u0103luit de la prim\u0103ria municipiului B\u0103l\u021bi p\u00e2n\u0103 \u00een Pia\u021ba Vasile Alecsandri \u0219i au scandat: \u201e Jos tr\u0103d\u0103torii \u201d, Ru\u0219ine\u201d.<\/strong><\/p>\n<p>Potrivit lui Alexandru Slusari, decizia luat\u0103 de CEC este una politic\u0103 \u0219i are drept scop sfidare voin\u021bei poporului.<\/p>\n<p>Totodat\u0103 acesta a precizat c\u0103 toat\u0103 for\u021ba decizional\u0103 \u00een Republica Moldova este concentrat\u0103 \u00eentr-o singur\u0103 putere.<\/p>\n<p>Mai mult ca at\u00e2t, Alexandru Slusari a ad\u0103ugat c\u0103  pe data de 24 aprilie se va organiza un protest \u00een mas\u0103 care, sper\u0103 el, va se va transforma \u00eentr-o revolt\u0103 a poporului.<\/p>\n<p>B\u0103l\u021benii spun c\u0103 sunt nevoi\u021bi s\u0103 ias\u0103 la protest deoarece nu mai pot tolera nedreptatea \u0219i s\u0103r\u0103cia din \u021bar\u0103, iar decizia luat\u0103 de CEC o calific\u0103 drept o badjocur\u0103 din partea statului.<\/p>\n<p>La finele protestului Alexandru Slusari a \u00eenm\u00e2nat diplome  celor mai activi b\u0103l\u021beni care au colectat num\u0103rul necesar de semn\u0103turi.<\/p>\n<p>Amintim c\u0103 \u00een data de 24 aprilie platforma civic\u0103 Demnitate \u0219i Adev\u0103r vor organiza un protest  masiv \u00een Pia\u021ba Marei Adun\u0103ri Na\u021bionale din Chi\u0219in\u0103u.<\/p>\n<p><iframe width=\"420\" height=\"315\" data-src=\"https:\/\/www.youtube.com\/embed\/p35C5QiKfd4\" frameborder=\"0\" allowfullscreen src=\"data:image\/svg+xml;base64,PHN2ZyB3aWR0aD0iMSIgaGVpZ2h0PSIxIiB4bWxucz0iaHR0cDovL3d3dy53My5vcmcvMjAwMC9zdmciPjwvc3ZnPg==\" class=\"lazyload\" data-load-mode=\"1\"><\/iframe><\/p>\n","protected":false},"excerpt":{"rendered":"<p>Zeci de b\u0103l\u021benii au participat la ac\u021biunea de protest organizat\u0103 de membrii platformei civice Demnitate \u0219i Adev\u0103r. Ace\u0219tia s-au ar\u0103tat nemul\u021bumi\u021bi fa\u021b\u0103 de decizia Comisiei Electorale Centrale de a respinge ini\u021biativa de modificare a Constitu\u021biei prin referendum, \u00een favoarea c\u0103reia s-au colectat peste 400 mii de semn\u0103turi. Protestatarii dar \u0219i membrii Platformei Da au mar\u0219\u0103luit [&hellip;]<\/p>\n","protected":false},"author":4,"featured_media":10075,"comment_status":"closed","ping_status":"closed","sticky":false,"template":"","format":"standard","meta":{"footnotes":""},"categories":[6353],"tags":[],"class_list":["post-10074","post","type-post","status-publish","format-standard","has-post-thumbnail","hentry","category-oras"],"yoast_head":"<!-- This site is optimized with the Yoast SEO plugin v27.4 - https:\/\/yoast.com\/product\/yoast-seo-wordpress\/ -->\n<title>PLATFORMA DA \u00ceNDEAMN\u0102 B\u0102L\u021aENII S\u0102 IAS\u0102 LA PROTESTE  - BTV<\/title>\n<meta name=\"robots\" content=\"index, follow, max-snippet:-1, max-image-preview:large, max-video-preview:-1\" \/>\n<link rel=\"canonical\" href=\"https:\/\/www.btv.md\/ro\/platforma-da-indeamna-baltenii-sa-iasa-la-proteste\/\" \/>\n<meta property=\"og:locale\" content=\"ro_RO\" \/>\n<meta property=\"og:type\" content=\"article\" \/>\n<meta property=\"og:title\" content=\"PLATFORMA DA \u00ceNDEAMN\u0102 B\u0102L\u021aENII S\u0102 IAS\u0102 LA PROTESTE  - BTV\" \/>\n<meta property=\"og:description\" content=\"Zeci de b\u0103l\u021benii au participat la ac\u021biunea de protest organizat\u0103 de membrii platformei civice Demnitate \u0219i Adev\u0103r. Ace\u0219tia s-au ar\u0103tat nemul\u021bumi\u021bi fa\u021b\u0103 de decizia Comisiei Electorale Centrale de a respinge ini\u021biativa de modificare a Constitu\u021biei prin referendum, \u00een favoarea c\u0103reia s-au colectat peste 400 mii de semn\u0103turi. Protestatarii dar \u0219i membrii Platformei Da au mar\u0219\u0103luit [&hellip;]\" \/>\n<meta property=\"og:url\" content=\"https:\/\/www.btv.md\/ro\/platforma-da-indeamna-baltenii-sa-iasa-la-proteste\/\" \/>\n<meta property=\"og:site_name\" content=\"BTV\" \/>\n<meta property=\"article:publisher\" content=\"https:\/\/www.facebook.com\/btvmoldova\/\" \/>\n<meta property=\"article:published_time\" content=\"2016-04-01T15:46:17+00:00\" \/>\n<meta property=\"og:image\" content=\"https:\/\/www.btv.md\/wp-content\/uploads\/2016\/04\/platforma.png\" \/>\n\t<meta property=\"og:image:width\" content=\"966\" \/>\n\t<meta property=\"og:image:height\" content=\"580\" \/>\n\t<meta property=\"og:image:type\" content=\"image\/png\" \/>\n<meta name=\"author\" content=\"admin\" \/>\n<meta name=\"twitter:label1\" content=\"Scris de\" \/>\n\t<meta name=\"twitter:data1\" content=\"admin\" \/>\n\t<meta name=\"twitter:label2\" content=\"Timp estimat pentru citire\" \/>\n\t<meta name=\"twitter:data2\" content=\"1 minut\" \/>\n<script type=\"application\/ld+json\" class=\"yoast-schema-graph\">{\"@context\":\"https:\\\/\\\/schema.org\",\"@graph\":[{\"@type\":\"Article\",\"@id\":\"https:\\\/\\\/www.btv.md\\\/ro\\\/platforma-da-indeamna-baltenii-sa-iasa-la-proteste\\\/#article\",\"isPartOf\":{\"@id\":\"https:\\\/\\\/www.btv.md\\\/ro\\\/platforma-da-indeamna-baltenii-sa-iasa-la-proteste\\\/\"},\"author\":{\"name\":\"admin\",\"@id\":\"https:\\\/\\\/www.btv.md\\\/#\\\/schema\\\/person\\\/8fadce81561b3ce2c34c46dadc4ccbf2\"},\"headline\":\"PLATFORMA DA \u00ceNDEAMN\u0102 B\u0102L\u021aENII S\u0102 IAS\u0102 LA PROTESTE\",\"datePublished\":\"2016-04-01T15:46:17+00:00\",\"mainEntityOfPage\":{\"@id\":\"https:\\\/\\\/www.btv.md\\\/ro\\\/platforma-da-indeamna-baltenii-sa-iasa-la-proteste\\\/\"},\"wordCount\":260,\"image\":{\"@id\":\"https:\\\/\\\/www.btv.md\\\/ro\\\/platforma-da-indeamna-baltenii-sa-iasa-la-proteste\\\/#primaryimage\"},\"thumbnailUrl\":\"https:\\\/\\\/www.btv.md\\\/wp-content\\\/uploads\\\/2016\\\/04\\\/platforma.png\",\"articleSection\":[\"Ora\u0219\"],\"inLanguage\":\"ro-RO\"},{\"@type\":\"WebPage\",\"@id\":\"https:\\\/\\\/www.btv.md\\\/ro\\\/platforma-da-indeamna-baltenii-sa-iasa-la-proteste\\\/\",\"url\":\"https:\\\/\\\/www.btv.md\\\/ro\\\/platforma-da-indeamna-baltenii-sa-iasa-la-proteste\\\/\",\"name\":\"PLATFORMA DA \u00ceNDEAMN\u0102 B\u0102L\u021aENII S\u0102 IAS\u0102 LA PROTESTE - BTV\",\"isPartOf\":{\"@id\":\"https:\\\/\\\/www.btv.md\\\/#website\"},\"primaryImageOfPage\":{\"@id\":\"https:\\\/\\\/www.btv.md\\\/ro\\\/platforma-da-indeamna-baltenii-sa-iasa-la-proteste\\\/#primaryimage\"},\"image\":{\"@id\":\"https:\\\/\\\/www.btv.md\\\/ro\\\/platforma-da-indeamna-baltenii-sa-iasa-la-proteste\\\/#primaryimage\"},\"thumbnailUrl\":\"https:\\\/\\\/www.btv.md\\\/wp-content\\\/uploads\\\/2016\\\/04\\\/platforma.png\",\"datePublished\":\"2016-04-01T15:46:17+00:00\",\"author\":{\"@id\":\"https:\\\/\\\/www.btv.md\\\/#\\\/schema\\\/person\\\/8fadce81561b3ce2c34c46dadc4ccbf2\"},\"inLanguage\":\"ro-RO\",\"potentialAction\":[{\"@type\":\"ReadAction\",\"target\":[\"https:\\\/\\\/www.btv.md\\\/ro\\\/platforma-da-indeamna-baltenii-sa-iasa-la-proteste\\\/\"]}]},{\"@type\":\"ImageObject\",\"inLanguage\":\"ro-RO\",\"@id\":\"https:\\\/\\\/www.btv.md\\\/ro\\\/platforma-da-indeamna-baltenii-sa-iasa-la-proteste\\\/#primaryimage\",\"url\":\"https:\\\/\\\/www.btv.md\\\/wp-content\\\/uploads\\\/2016\\\/04\\\/platforma.png\",\"contentUrl\":\"https:\\\/\\\/www.btv.md\\\/wp-content\\\/uploads\\\/2016\\\/04\\\/platforma.png\",\"width\":966,\"height\":580},{\"@type\":\"WebSite\",\"@id\":\"https:\\\/\\\/www.btv.md\\\/#website\",\"url\":\"https:\\\/\\\/www.btv.md\\\/\",\"name\":\"BTV\",\"description\":\"\u0411\u0435\u043b\u044c\u0446\u043a\u043e\u0435 \u0442\u0435\u043b\u0435\u0432\u0438\u0434\u0435\u043d\u0438\u0435\",\"potentialAction\":[{\"@type\":\"SearchAction\",\"target\":{\"@type\":\"EntryPoint\",\"urlTemplate\":\"https:\\\/\\\/www.btv.md\\\/?s={search_term_string}\"},\"query-input\":{\"@type\":\"PropertyValueSpecification\",\"valueRequired\":true,\"valueName\":\"search_term_string\"}}],\"inLanguage\":\"ro-RO\"},{\"@type\":\"Person\",\"@id\":\"https:\\\/\\\/www.btv.md\\\/#\\\/schema\\\/person\\\/8fadce81561b3ce2c34c46dadc4ccbf2\",\"name\":\"admin\"}]}<\/script>\n<!-- \/ Yoast SEO plugin. -->","yoast_head_json":{"title":"PLATFORMA DA \u00ceNDEAMN\u0102 B\u0102L\u021aENII S\u0102 IAS\u0102 LA PROTESTE  - BTV","robots":{"index":"index","follow":"follow","max-snippet":"max-snippet:-1","max-image-preview":"max-image-preview:large","max-video-preview":"max-video-preview:-1"},"canonical":"https:\/\/www.btv.md\/ro\/platforma-da-indeamna-baltenii-sa-iasa-la-proteste\/","og_locale":"ro_RO","og_type":"article","og_title":"PLATFORMA DA \u00ceNDEAMN\u0102 B\u0102L\u021aENII S\u0102 IAS\u0102 LA PROTESTE  - BTV","og_description":"Zeci de b\u0103l\u021benii au participat la ac\u021biunea de protest organizat\u0103 de membrii platformei civice Demnitate \u0219i Adev\u0103r. Ace\u0219tia s-au ar\u0103tat nemul\u021bumi\u021bi fa\u021b\u0103 de decizia Comisiei Electorale Centrale de a respinge ini\u021biativa de modificare a Constitu\u021biei prin referendum, \u00een favoarea c\u0103reia s-au colectat peste 400 mii de semn\u0103turi. Protestatarii dar \u0219i membrii Platformei Da au mar\u0219\u0103luit [&hellip;]","og_url":"https:\/\/www.btv.md\/ro\/platforma-da-indeamna-baltenii-sa-iasa-la-proteste\/","og_site_name":"BTV","article_publisher":"https:\/\/www.facebook.com\/btvmoldova\/","article_published_time":"2016-04-01T15:46:17+00:00","og_image":[{"width":966,"height":580,"url":"https:\/\/www.btv.md\/wp-content\/uploads\/2016\/04\/platforma.png","type":"image\/png"}],"author":"admin","twitter_misc":{"Scris de":"admin","Timp estimat pentru citire":"1 minut"},"schema":{"@context":"https:\/\/schema.org","@graph":[{"@type":"Article","@id":"https:\/\/www.btv.md\/ro\/platforma-da-indeamna-baltenii-sa-iasa-la-proteste\/#article","isPartOf":{"@id":"https:\/\/www.btv.md\/ro\/platforma-da-indeamna-baltenii-sa-iasa-la-proteste\/"},"author":{"name":"admin","@id":"https:\/\/www.btv.md\/#\/schema\/person\/8fadce81561b3ce2c34c46dadc4ccbf2"},"headline":"PLATFORMA DA \u00ceNDEAMN\u0102 B\u0102L\u021aENII S\u0102 IAS\u0102 LA PROTESTE","datePublished":"2016-04-01T15:46:17+00:00","mainEntityOfPage":{"@id":"https:\/\/www.btv.md\/ro\/platforma-da-indeamna-baltenii-sa-iasa-la-proteste\/"},"wordCount":260,"image":{"@id":"https:\/\/www.btv.md\/ro\/platforma-da-indeamna-baltenii-sa-iasa-la-proteste\/#primaryimage"},"thumbnailUrl":"https:\/\/www.btv.md\/wp-content\/uploads\/2016\/04\/platforma.png","articleSection":["Ora\u0219"],"inLanguage":"ro-RO"},{"@type":"WebPage","@id":"https:\/\/www.btv.md\/ro\/platforma-da-indeamna-baltenii-sa-iasa-la-proteste\/","url":"https:\/\/www.btv.md\/ro\/platforma-da-indeamna-baltenii-sa-iasa-la-proteste\/","name":"PLATFORMA DA \u00ceNDEAMN\u0102 B\u0102L\u021aENII S\u0102 IAS\u0102 LA PROTESTE - BTV","isPartOf":{"@id":"https:\/\/www.btv.md\/#website"},"primaryImageOfPage":{"@id":"https:\/\/www.btv.md\/ro\/platforma-da-indeamna-baltenii-sa-iasa-la-proteste\/#primaryimage"},"image":{"@id":"https:\/\/www.btv.md\/ro\/platforma-da-indeamna-baltenii-sa-iasa-la-proteste\/#primaryimage"},"thumbnailUrl":"https:\/\/www.btv.md\/wp-content\/uploads\/2016\/04\/platforma.png","datePublished":"2016-04-01T15:46:17+00:00","author":{"@id":"https:\/\/www.btv.md\/#\/schema\/person\/8fadce81561b3ce2c34c46dadc4ccbf2"},"inLanguage":"ro-RO","potentialAction":[{"@type":"ReadAction","target":["https:\/\/www.btv.md\/ro\/platforma-da-indeamna-baltenii-sa-iasa-la-proteste\/"]}]},{"@type":"ImageObject","inLanguage":"ro-RO","@id":"https:\/\/www.btv.md\/ro\/platforma-da-indeamna-baltenii-sa-iasa-la-proteste\/#primaryimage","url":"https:\/\/www.btv.md\/wp-content\/uploads\/2016\/04\/platforma.png","contentUrl":"https:\/\/www.btv.md\/wp-content\/uploads\/2016\/04\/platforma.png","width":966,"height":580},{"@type":"WebSite","@id":"https:\/\/www.btv.md\/#website","url":"https:\/\/www.btv.md\/","name":"BTV","description":"\u0411\u0435\u043b\u044c\u0446\u043a\u043e\u0435 \u0442\u0435\u043b\u0435\u0432\u0438\u0434\u0435\u043d\u0438\u0435","potentialAction":[{"@type":"SearchAction","target":{"@type":"EntryPoint","urlTemplate":"https:\/\/www.btv.md\/?s={search_term_string}"},"query-input":{"@type":"PropertyValueSpecification","valueRequired":true,"valueName":"search_term_string"}}],"inLanguage":"ro-RO"},{"@type":"Person","@id":"https:\/\/www.btv.md\/#\/schema\/person\/8fadce81561b3ce2c34c46dadc4ccbf2","name":"admin"}]}},"_links":{"self":[{"href":"https:\/\/www.btv.md\/ro\/wp-json\/wp\/v2\/posts\/10074","targetHints":{"allow":["GET"]}}],"collection":[{"href":"https:\/\/www.btv.md\/ro\/wp-json\/wp\/v2\/posts"}],"about":[{"href":"https:\/\/www.btv.md\/ro\/wp-json\/wp\/v2\/types\/post"}],"author":[{"embeddable":true,"href":"https:\/\/www.btv.md\/ro\/wp-json\/wp\/v2\/users\/4"}],"replies":[{"embeddable":true,"href":"https:\/\/www.btv.md\/ro\/wp-json\/wp\/v2\/comments?post=10074"}],"version-history":[{"count":0,"href":"https:\/\/www.btv.md\/ro\/wp-json\/wp\/v2\/posts\/10074\/revisions"}],"wp:featuredmedia":[{"embeddable":true,"href":"https:\/\/www.btv.md\/ro\/wp-json\/wp\/v2\/media\/10075"}],"wp:attachment":[{"href":"https:\/\/www.btv.md\/ro\/wp-json\/wp\/v2\/media?parent=10074"}],"wp:term":[{"taxonomy":"category","embeddable":true,"href":"https:\/\/www.btv.md\/ro\/wp-json\/wp\/v2\/categories?post=10074"},{"taxonomy":"post_tag","embeddable":true,"href":"https:\/\/www.btv.md\/ro\/wp-json\/wp\/v2\/tags?post=10074"}],"curies":[{"name":"wp","href":"https:\/\/api.w.org\/{rel}","templated":true}]}}