{"id":10095,"date":"2016-04-04T12:17:47","date_gmt":"2016-04-04T09:17:47","guid":{"rendered":"http:\/\/btv.md\/?p=10095"},"modified":"2016-04-04T12:17:47","modified_gmt":"2016-04-04T09:17:47","slug":"inca-doua-vinarii-au-dat-faliment-si-vor-fi-lichidate","status":"publish","type":"post","link":"https:\/\/www.btv.md\/ro\/inca-doua-vinarii-au-dat-faliment-si-vor-fi-lichidate\/","title":{"rendered":"\u00ceNC\u0102  DOU\u0102  VIN\u0102RII  AU  DAT  FALIMENT  \u0218I  VOR  FI  LICHIDATE"},"content":{"rendered":"<p><strong>\u015eirul falimentelor din industria vinicol\u0103 continu\u0103. \u00cenc\u0103 dou\u0103 vin\u0103rii cu tradi\u0163ie au fost declarate falite \u015fi vor fi lichidate, scrie  <a href=\"http:\/\/www.mold-street.com\/?go=news&#038;n=4654\" target=\"_blank\">Mold-street<\/a>.<\/strong><\/p>\n<p>Astfel Curtea de Apel B\u0103l\u0163i a decis pe 25 martie 2016 s\u0103 aprobe raportul final \u015fi bilan\u0163ul de lichidare a Fabricii de Vinuri din Telene\u015fti prezentat de lichidatorul Petru Rusu.<\/p>\n<p>Instan\u0163a a decis s\u0103 \u00eenceteze procesul simplificat de faliment \u015fi s\u0103 radieze \u00eentreprinderea.<\/p>\n<p>Fabrica de Vinuri din Telene\u015fti la care \u015fi statul mai de\u0163inea vreo 7% nu mai activeaz\u0103 \u015fi nu mai prezenta rapoarte financiare de c\u00e2\u0163iva ani. <\/p>\n<p>\u00cen cazul Coste\u015fti Vin SRL Curtea de Apel Chi\u015fin\u0103u a decis pe 29 februarie 2016 s\u0103 treac\u0103 la procedura de faliment \u00een vederea lichid\u0103rii patrimoniului \u015fi dizolv\u0103rii companiei. <\/p>\n<p>Lichidator a fost desemnat Tudor Ambrosi, care va \u00eencepe procedurile de valorificare a activelor r\u0103mase. De notat c\u0103 Coste\u015fti Vin are patru fondatori &#8211; Dumitru, Natalia \u015fi Nicolae Bivol \u015fi Mihail Diaconu. <\/p>\n<p>\u00cen ultimii ani Coste\u015fti Vin era \u00eentr-un litigiu cu Moldindconbank, care a scos \u015fi v\u00e2ndut o parte din activele fabricii, inclusiv utilajul de produc\u0163ie a unei firme controlate de afaceri\u015fti bulgari \u015fi locali. <\/p>\n<p>\u00cen ultimii zece ani ca urmare a embargoului rusesc au intrat \u00een faliment \u015fi au fost lichidate peste 60% din fabricile de vinuri. <\/p>\n","protected":false},"excerpt":{"rendered":"<p>\u015eirul falimentelor din industria vinicol\u0103 continu\u0103. \u00cenc\u0103 dou\u0103 vin\u0103rii cu tradi\u0163ie au fost declarate falite \u015fi vor fi lichidate, scrie Mold-street. Astfel Curtea de Apel B\u0103l\u0163i a decis pe 25 martie 2016 s\u0103 aprobe raportul final \u015fi bilan\u0163ul de lichidare a Fabricii de Vinuri din Telene\u015fti prezentat de lichidatorul Petru Rusu. Instan\u0163a a decis s\u0103 [&hellip;]<\/p>\n","protected":false},"author":4,"featured_media":10096,"comment_status":"closed","ping_status":"closed","sticky":false,"template":"","format":"standard","meta":{"footnotes":""},"categories":[6369],"tags":[],"class_list":["post-10095","post","type-post","status-publish","format-standard","has-post-thumbnail","hentry","category-economie-ro"],"yoast_head":"<!-- This site is optimized with the Yoast SEO plugin v27.4 - https:\/\/yoast.com\/product\/yoast-seo-wordpress\/ -->\n<title>\u00ceNC\u0102 DOU\u0102 VIN\u0102RII AU DAT FALIMENT \u0218I VOR FI LICHIDATE - BTV<\/title>\n<meta name=\"robots\" content=\"index, follow, max-snippet:-1, max-image-preview:large, max-video-preview:-1\" \/>\n<link rel=\"canonical\" href=\"https:\/\/www.btv.md\/ro\/amp\/inca-doua-vinarii-au-dat-faliment-si-vor-fi-lichidate\/\" \/>\n<meta property=\"og:locale\" content=\"ro_RO\" \/>\n<meta property=\"og:type\" content=\"article\" \/>\n<meta property=\"og:title\" content=\"\u00ceNC\u0102 DOU\u0102 VIN\u0102RII AU DAT FALIMENT \u0218I VOR FI LICHIDATE - BTV\" \/>\n<meta property=\"og:description\" content=\"\u015eirul falimentelor din industria vinicol\u0103 continu\u0103. \u00cenc\u0103 dou\u0103 vin\u0103rii cu tradi\u0163ie au fost declarate falite \u015fi vor fi lichidate, scrie Mold-street. Astfel Curtea de Apel B\u0103l\u0163i a decis pe 25 martie 2016 s\u0103 aprobe raportul final \u015fi bilan\u0163ul de lichidare a Fabricii de Vinuri din Telene\u015fti prezentat de lichidatorul Petru Rusu. Instan\u0163a a decis s\u0103 [&hellip;]\" \/>\n<meta property=\"og:url\" content=\"https:\/\/www.btv.md\/ro\/amp\/inca-doua-vinarii-au-dat-faliment-si-vor-fi-lichidate\/\" \/>\n<meta property=\"og:site_name\" content=\"BTV\" \/>\n<meta property=\"article:publisher\" content=\"https:\/\/www.facebook.com\/btvmoldova\/\" \/>\n<meta property=\"article:published_time\" content=\"2016-04-04T09:17:47+00:00\" \/>\n<meta property=\"og:image\" content=\"https:\/\/www.btv.md\/wp-content\/uploads\/2016\/04\/news5_mediu.jpg\" \/>\n\t<meta property=\"og:image:width\" content=\"462\" \/>\n\t<meta property=\"og:image:height\" content=\"274\" \/>\n\t<meta property=\"og:image:type\" content=\"image\/jpeg\" \/>\n<meta name=\"author\" content=\"admin\" \/>\n<meta name=\"twitter:label1\" content=\"Scris de\" \/>\n\t<meta name=\"twitter:data1\" content=\"admin\" \/>\n\t<meta name=\"twitter:label2\" content=\"Timp estimat pentru citire\" \/>\n\t<meta name=\"twitter:data2\" content=\"1 minut\" \/>\n<script type=\"application\/ld+json\" class=\"yoast-schema-graph\">{\"@context\":\"https:\\\/\\\/schema.org\",\"@graph\":[{\"@type\":\"Article\",\"@id\":\"https:\\\/\\\/www.btv.md\\\/ro\\\/amp\\\/inca-doua-vinarii-au-dat-faliment-si-vor-fi-lichidate\\\/#article\",\"isPartOf\":{\"@id\":\"https:\\\/\\\/www.btv.md\\\/ro\\\/amp\\\/inca-doua-vinarii-au-dat-faliment-si-vor-fi-lichidate\\\/\"},\"author\":{\"name\":\"admin\",\"@id\":\"https:\\\/\\\/www.btv.md\\\/#\\\/schema\\\/person\\\/8fadce81561b3ce2c34c46dadc4ccbf2\"},\"headline\":\"\u00ceNC\u0102 DOU\u0102 VIN\u0102RII AU DAT FALIMENT \u0218I VOR FI LICHIDATE\",\"datePublished\":\"2016-04-04T09:17:47+00:00\",\"mainEntityOfPage\":{\"@id\":\"https:\\\/\\\/www.btv.md\\\/ro\\\/amp\\\/inca-doua-vinarii-au-dat-faliment-si-vor-fi-lichidate\\\/\"},\"wordCount\":231,\"image\":{\"@id\":\"https:\\\/\\\/www.btv.md\\\/ro\\\/amp\\\/inca-doua-vinarii-au-dat-faliment-si-vor-fi-lichidate\\\/#primaryimage\"},\"thumbnailUrl\":\"https:\\\/\\\/www.btv.md\\\/wp-content\\\/uploads\\\/2016\\\/04\\\/news5_mediu.jpg\",\"articleSection\":[\"Economie\"],\"inLanguage\":\"ro-RO\"},{\"@type\":\"WebPage\",\"@id\":\"https:\\\/\\\/www.btv.md\\\/ro\\\/amp\\\/inca-doua-vinarii-au-dat-faliment-si-vor-fi-lichidate\\\/\",\"url\":\"https:\\\/\\\/www.btv.md\\\/ro\\\/amp\\\/inca-doua-vinarii-au-dat-faliment-si-vor-fi-lichidate\\\/\",\"name\":\"\u00ceNC\u0102 DOU\u0102 VIN\u0102RII AU DAT FALIMENT \u0218I VOR FI LICHIDATE - BTV\",\"isPartOf\":{\"@id\":\"https:\\\/\\\/www.btv.md\\\/#website\"},\"primaryImageOfPage\":{\"@id\":\"https:\\\/\\\/www.btv.md\\\/ro\\\/amp\\\/inca-doua-vinarii-au-dat-faliment-si-vor-fi-lichidate\\\/#primaryimage\"},\"image\":{\"@id\":\"https:\\\/\\\/www.btv.md\\\/ro\\\/amp\\\/inca-doua-vinarii-au-dat-faliment-si-vor-fi-lichidate\\\/#primaryimage\"},\"thumbnailUrl\":\"https:\\\/\\\/www.btv.md\\\/wp-content\\\/uploads\\\/2016\\\/04\\\/news5_mediu.jpg\",\"datePublished\":\"2016-04-04T09:17:47+00:00\",\"author\":{\"@id\":\"https:\\\/\\\/www.btv.md\\\/#\\\/schema\\\/person\\\/8fadce81561b3ce2c34c46dadc4ccbf2\"},\"inLanguage\":\"ro-RO\",\"potentialAction\":[{\"@type\":\"ReadAction\",\"target\":[\"https:\\\/\\\/www.btv.md\\\/ro\\\/amp\\\/inca-doua-vinarii-au-dat-faliment-si-vor-fi-lichidate\\\/\"]}]},{\"@type\":\"ImageObject\",\"inLanguage\":\"ro-RO\",\"@id\":\"https:\\\/\\\/www.btv.md\\\/ro\\\/amp\\\/inca-doua-vinarii-au-dat-faliment-si-vor-fi-lichidate\\\/#primaryimage\",\"url\":\"https:\\\/\\\/www.btv.md\\\/wp-content\\\/uploads\\\/2016\\\/04\\\/news5_mediu.jpg\",\"contentUrl\":\"https:\\\/\\\/www.btv.md\\\/wp-content\\\/uploads\\\/2016\\\/04\\\/news5_mediu.jpg\",\"width\":462,\"height\":274,\"caption\":\"www.mold-street.com\"},{\"@type\":\"WebSite\",\"@id\":\"https:\\\/\\\/www.btv.md\\\/#website\",\"url\":\"https:\\\/\\\/www.btv.md\\\/\",\"name\":\"BTV\",\"description\":\"\u0411\u0435\u043b\u044c\u0446\u043a\u043e\u0435 \u0442\u0435\u043b\u0435\u0432\u0438\u0434\u0435\u043d\u0438\u0435\",\"potentialAction\":[{\"@type\":\"SearchAction\",\"target\":{\"@type\":\"EntryPoint\",\"urlTemplate\":\"https:\\\/\\\/www.btv.md\\\/?s={search_term_string}\"},\"query-input\":{\"@type\":\"PropertyValueSpecification\",\"valueRequired\":true,\"valueName\":\"search_term_string\"}}],\"inLanguage\":\"ro-RO\"},{\"@type\":\"Person\",\"@id\":\"https:\\\/\\\/www.btv.md\\\/#\\\/schema\\\/person\\\/8fadce81561b3ce2c34c46dadc4ccbf2\",\"name\":\"admin\"}]}<\/script>\n<!-- \/ Yoast SEO plugin. -->","yoast_head_json":{"title":"\u00ceNC\u0102 DOU\u0102 VIN\u0102RII AU DAT FALIMENT \u0218I VOR FI LICHIDATE - BTV","robots":{"index":"index","follow":"follow","max-snippet":"max-snippet:-1","max-image-preview":"max-image-preview:large","max-video-preview":"max-video-preview:-1"},"canonical":"https:\/\/www.btv.md\/ro\/amp\/inca-doua-vinarii-au-dat-faliment-si-vor-fi-lichidate\/","og_locale":"ro_RO","og_type":"article","og_title":"\u00ceNC\u0102 DOU\u0102 VIN\u0102RII AU DAT FALIMENT \u0218I VOR FI LICHIDATE - BTV","og_description":"\u015eirul falimentelor din industria vinicol\u0103 continu\u0103. \u00cenc\u0103 dou\u0103 vin\u0103rii cu tradi\u0163ie au fost declarate falite \u015fi vor fi lichidate, scrie Mold-street. Astfel Curtea de Apel B\u0103l\u0163i a decis pe 25 martie 2016 s\u0103 aprobe raportul final \u015fi bilan\u0163ul de lichidare a Fabricii de Vinuri din Telene\u015fti prezentat de lichidatorul Petru Rusu. Instan\u0163a a decis s\u0103 [&hellip;]","og_url":"https:\/\/www.btv.md\/ro\/amp\/inca-doua-vinarii-au-dat-faliment-si-vor-fi-lichidate\/","og_site_name":"BTV","article_publisher":"https:\/\/www.facebook.com\/btvmoldova\/","article_published_time":"2016-04-04T09:17:47+00:00","og_image":[{"width":462,"height":274,"url":"https:\/\/www.btv.md\/wp-content\/uploads\/2016\/04\/news5_mediu.jpg","type":"image\/jpeg"}],"author":"admin","twitter_misc":{"Scris de":"admin","Timp estimat pentru citire":"1 minut"},"schema":{"@context":"https:\/\/schema.org","@graph":[{"@type":"Article","@id":"https:\/\/www.btv.md\/ro\/amp\/inca-doua-vinarii-au-dat-faliment-si-vor-fi-lichidate\/#article","isPartOf":{"@id":"https:\/\/www.btv.md\/ro\/amp\/inca-doua-vinarii-au-dat-faliment-si-vor-fi-lichidate\/"},"author":{"name":"admin","@id":"https:\/\/www.btv.md\/#\/schema\/person\/8fadce81561b3ce2c34c46dadc4ccbf2"},"headline":"\u00ceNC\u0102 DOU\u0102 VIN\u0102RII AU DAT FALIMENT \u0218I VOR FI LICHIDATE","datePublished":"2016-04-04T09:17:47+00:00","mainEntityOfPage":{"@id":"https:\/\/www.btv.md\/ro\/amp\/inca-doua-vinarii-au-dat-faliment-si-vor-fi-lichidate\/"},"wordCount":231,"image":{"@id":"https:\/\/www.btv.md\/ro\/amp\/inca-doua-vinarii-au-dat-faliment-si-vor-fi-lichidate\/#primaryimage"},"thumbnailUrl":"https:\/\/www.btv.md\/wp-content\/uploads\/2016\/04\/news5_mediu.jpg","articleSection":["Economie"],"inLanguage":"ro-RO"},{"@type":"WebPage","@id":"https:\/\/www.btv.md\/ro\/amp\/inca-doua-vinarii-au-dat-faliment-si-vor-fi-lichidate\/","url":"https:\/\/www.btv.md\/ro\/amp\/inca-doua-vinarii-au-dat-faliment-si-vor-fi-lichidate\/","name":"\u00ceNC\u0102 DOU\u0102 VIN\u0102RII AU DAT FALIMENT \u0218I VOR FI LICHIDATE - BTV","isPartOf":{"@id":"https:\/\/www.btv.md\/#website"},"primaryImageOfPage":{"@id":"https:\/\/www.btv.md\/ro\/amp\/inca-doua-vinarii-au-dat-faliment-si-vor-fi-lichidate\/#primaryimage"},"image":{"@id":"https:\/\/www.btv.md\/ro\/amp\/inca-doua-vinarii-au-dat-faliment-si-vor-fi-lichidate\/#primaryimage"},"thumbnailUrl":"https:\/\/www.btv.md\/wp-content\/uploads\/2016\/04\/news5_mediu.jpg","datePublished":"2016-04-04T09:17:47+00:00","author":{"@id":"https:\/\/www.btv.md\/#\/schema\/person\/8fadce81561b3ce2c34c46dadc4ccbf2"},"inLanguage":"ro-RO","potentialAction":[{"@type":"ReadAction","target":["https:\/\/www.btv.md\/ro\/amp\/inca-doua-vinarii-au-dat-faliment-si-vor-fi-lichidate\/"]}]},{"@type":"ImageObject","inLanguage":"ro-RO","@id":"https:\/\/www.btv.md\/ro\/amp\/inca-doua-vinarii-au-dat-faliment-si-vor-fi-lichidate\/#primaryimage","url":"https:\/\/www.btv.md\/wp-content\/uploads\/2016\/04\/news5_mediu.jpg","contentUrl":"https:\/\/www.btv.md\/wp-content\/uploads\/2016\/04\/news5_mediu.jpg","width":462,"height":274,"caption":"www.mold-street.com"},{"@type":"WebSite","@id":"https:\/\/www.btv.md\/#website","url":"https:\/\/www.btv.md\/","name":"BTV","description":"\u0411\u0435\u043b\u044c\u0446\u043a\u043e\u0435 \u0442\u0435\u043b\u0435\u0432\u0438\u0434\u0435\u043d\u0438\u0435","potentialAction":[{"@type":"SearchAction","target":{"@type":"EntryPoint","urlTemplate":"https:\/\/www.btv.md\/?s={search_term_string}"},"query-input":{"@type":"PropertyValueSpecification","valueRequired":true,"valueName":"search_term_string"}}],"inLanguage":"ro-RO"},{"@type":"Person","@id":"https:\/\/www.btv.md\/#\/schema\/person\/8fadce81561b3ce2c34c46dadc4ccbf2","name":"admin"}]}},"_links":{"self":[{"href":"https:\/\/www.btv.md\/ro\/wp-json\/wp\/v2\/posts\/10095","targetHints":{"allow":["GET"]}}],"collection":[{"href":"https:\/\/www.btv.md\/ro\/wp-json\/wp\/v2\/posts"}],"about":[{"href":"https:\/\/www.btv.md\/ro\/wp-json\/wp\/v2\/types\/post"}],"author":[{"embeddable":true,"href":"https:\/\/www.btv.md\/ro\/wp-json\/wp\/v2\/users\/4"}],"replies":[{"embeddable":true,"href":"https:\/\/www.btv.md\/ro\/wp-json\/wp\/v2\/comments?post=10095"}],"version-history":[{"count":0,"href":"https:\/\/www.btv.md\/ro\/wp-json\/wp\/v2\/posts\/10095\/revisions"}],"wp:featuredmedia":[{"embeddable":true,"href":"https:\/\/www.btv.md\/ro\/wp-json\/wp\/v2\/media\/10096"}],"wp:attachment":[{"href":"https:\/\/www.btv.md\/ro\/wp-json\/wp\/v2\/media?parent=10095"}],"wp:term":[{"taxonomy":"category","embeddable":true,"href":"https:\/\/www.btv.md\/ro\/wp-json\/wp\/v2\/categories?post=10095"},{"taxonomy":"post_tag","embeddable":true,"href":"https:\/\/www.btv.md\/ro\/wp-json\/wp\/v2\/tags?post=10095"}],"curies":[{"name":"wp","href":"https:\/\/api.w.org\/{rel}","templated":true}]}}