{"id":10098,"date":"2016-04-04T12:21:27","date_gmt":"2016-04-04T09:21:27","guid":{"rendered":"http:\/\/btv.md\/?p=10098"},"modified":"2016-04-04T12:21:27","modified_gmt":"2016-04-04T09:21:27","slug":"ministerul-finantelor-taxele-pentru-importul-automobilelor-ar-putea-fi-revazute","status":"publish","type":"post","link":"https:\/\/www.btv.md\/ro\/ministerul-finantelor-taxele-pentru-importul-automobilelor-ar-putea-fi-revazute\/","title":{"rendered":"MINISTERUL  FINAN\u021aELOR: TAXELE  PENTRU  IMPORTUL  AUTOMOBILELOR  AR  PUTEA  FI  REV\u0102ZUTE"},"content":{"rendered":"<p><strong>Guvernul nu va ceda protestelor organizate de c\u0103tre proprietarii de automobile \u00eenmatriculate \u00een afara \u0163\u0103rii,  \u00een schimb ar putea fi rev\u0103zute taxele la importul mijloacelor de transport. Anun\u0163ul a fost f\u0103cut de Octavian Arma\u015fu, ministrul finan\u0163elor, \u00een cadrul emisiunii \u201eReplica\u201d, scrie <a href=\"http:\/\/ipn.md\/ro\/politica\/75751\" target=\"_blank\">IPN<\/a>.<\/strong><\/p>\n<p>\u201e<em>Taxa pentru vinieta de scurt\u0103 durat\u0103 nu a fost majorat\u0103. Dar  proprietarii de automobile \u00eenmatriculate \u00een Republica Moldova sunt pu\u015fi \u00een condi\u0163ii inegale cu cei care de\u0163in ma\u015fini \u00eenmatriculate \u00een afara \u0163\u0103rii, ultimii pl\u0103tind impozite cu mult mai mici. De fapt, noi am f\u0103cut acest lucru nu at\u00e2t pentru a m\u0103ri defalc\u0103rile la buget, c\u00e2t pentru a-i determina pe \u015foferi s\u0103-\u015fi \u00eenregistreze ma\u015finile \u00een Republica Moldova<\/em>\u201d, a argumentat ministrul finan\u0163elor.<\/p>\n<p>Pe de alt\u0103 parte, Octavian Arma\u015fu a spus c\u0103 ar putea fi rev\u0103zute taxele la importul automobilelor. \u201e<em>Mul\u0163i aleg s\u0103 circule cu ma\u015fini \u00eenmatriculate \u00een str\u0103in\u0103tate din cauza taxelor excesive. \u00cen cadrul Guvernului va fi format un grup de lucru care s\u0103 revad\u0103 m\u0103surile permisive excesive \u015fi posibilitatea \u00eenlocuirii cu taxe accesibile la importul automobilelor<\/em>\u201d, a spus Arma\u015fu.<\/p>\n","protected":false},"excerpt":{"rendered":"<p>Guvernul nu va ceda protestelor organizate de c\u0103tre proprietarii de automobile \u00eenmatriculate \u00een afara \u0163\u0103rii, \u00een schimb ar putea fi rev\u0103zute taxele la importul mijloacelor de transport. Anun\u0163ul a fost f\u0103cut de Octavian Arma\u015fu, ministrul finan\u0163elor, \u00een cadrul emisiunii \u201eReplica\u201d, scrie IPN. \u201eTaxa pentru vinieta de scurt\u0103 durat\u0103 nu a fost majorat\u0103. Dar proprietarii de [&hellip;]<\/p>\n","protected":false},"author":4,"featured_media":10099,"comment_status":"closed","ping_status":"closed","sticky":false,"template":"","format":"standard","meta":{"footnotes":""},"categories":[6349],"tags":[],"class_list":["post-10098","post","type-post","status-publish","format-standard","has-post-thumbnail","hentry","category-social"],"yoast_head":"<!-- This site is optimized with the Yoast SEO plugin v27.4 - https:\/\/yoast.com\/product\/yoast-seo-wordpress\/ -->\n<title>MINISTERUL FINAN\u021aELOR: TAXELE PENTRU IMPORTUL AUTOMOBILELOR AR PUTEA FI REV\u0102ZUTE - BTV<\/title>\n<meta name=\"robots\" content=\"index, follow, max-snippet:-1, max-image-preview:large, max-video-preview:-1\" \/>\n<link rel=\"canonical\" href=\"https:\/\/www.btv.md\/ro\/ministerul-finantelor-taxele-pentru-importul-automobilelor-ar-putea-fi-revazute\/\" \/>\n<meta property=\"og:locale\" content=\"ro_RO\" \/>\n<meta property=\"og:type\" content=\"article\" \/>\n<meta property=\"og:title\" content=\"MINISTERUL FINAN\u021aELOR: TAXELE PENTRU IMPORTUL AUTOMOBILELOR AR PUTEA FI REV\u0102ZUTE - BTV\" \/>\n<meta property=\"og:description\" content=\"Guvernul nu va ceda protestelor organizate de c\u0103tre proprietarii de automobile \u00eenmatriculate \u00een afara \u0163\u0103rii, \u00een schimb ar putea fi rev\u0103zute taxele la importul mijloacelor de transport. Anun\u0163ul a fost f\u0103cut de Octavian Arma\u015fu, ministrul finan\u0163elor, \u00een cadrul emisiunii \u201eReplica\u201d, scrie IPN. \u201eTaxa pentru vinieta de scurt\u0103 durat\u0103 nu a fost majorat\u0103. Dar proprietarii de [&hellip;]\" \/>\n<meta property=\"og:url\" content=\"https:\/\/www.btv.md\/ro\/ministerul-finantelor-taxele-pentru-importul-automobilelor-ar-putea-fi-revazute\/\" \/>\n<meta property=\"og:site_name\" content=\"BTV\" \/>\n<meta property=\"article:publisher\" content=\"https:\/\/www.facebook.com\/btvmoldova\/\" \/>\n<meta property=\"article:published_time\" content=\"2016-04-04T09:21:27+00:00\" \/>\n<meta property=\"og:image\" content=\"https:\/\/www.btv.md\/wp-content\/uploads\/2016\/04\/skachannye-fajly.jpg\" \/>\n\t<meta property=\"og:image:width\" content=\"275\" \/>\n\t<meta property=\"og:image:height\" content=\"183\" \/>\n\t<meta property=\"og:image:type\" content=\"image\/jpeg\" \/>\n<meta name=\"author\" content=\"admin\" \/>\n<meta name=\"twitter:label1\" content=\"Scris de\" \/>\n\t<meta name=\"twitter:data1\" content=\"admin\" \/>\n\t<meta name=\"twitter:label2\" content=\"Timp estimat pentru citire\" \/>\n\t<meta name=\"twitter:data2\" content=\"1 minut\" \/>\n<script type=\"application\/ld+json\" class=\"yoast-schema-graph\">{\"@context\":\"https:\\\/\\\/schema.org\",\"@graph\":[{\"@type\":\"Article\",\"@id\":\"https:\\\/\\\/www.btv.md\\\/ro\\\/ministerul-finantelor-taxele-pentru-importul-automobilelor-ar-putea-fi-revazute\\\/#article\",\"isPartOf\":{\"@id\":\"https:\\\/\\\/www.btv.md\\\/ro\\\/ministerul-finantelor-taxele-pentru-importul-automobilelor-ar-putea-fi-revazute\\\/\"},\"author\":{\"name\":\"admin\",\"@id\":\"https:\\\/\\\/www.btv.md\\\/#\\\/schema\\\/person\\\/8fadce81561b3ce2c34c46dadc4ccbf2\"},\"headline\":\"MINISTERUL FINAN\u021aELOR: TAXELE PENTRU IMPORTUL AUTOMOBILELOR AR PUTEA FI REV\u0102ZUTE\",\"datePublished\":\"2016-04-04T09:21:27+00:00\",\"mainEntityOfPage\":{\"@id\":\"https:\\\/\\\/www.btv.md\\\/ro\\\/ministerul-finantelor-taxele-pentru-importul-automobilelor-ar-putea-fi-revazute\\\/\"},\"wordCount\":210,\"image\":{\"@id\":\"https:\\\/\\\/www.btv.md\\\/ro\\\/ministerul-finantelor-taxele-pentru-importul-automobilelor-ar-putea-fi-revazute\\\/#primaryimage\"},\"thumbnailUrl\":\"https:\\\/\\\/www.btv.md\\\/wp-content\\\/uploads\\\/2016\\\/04\\\/skachannye-fajly.jpg\",\"articleSection\":[\"Social\"],\"inLanguage\":\"ro-RO\"},{\"@type\":\"WebPage\",\"@id\":\"https:\\\/\\\/www.btv.md\\\/ro\\\/ministerul-finantelor-taxele-pentru-importul-automobilelor-ar-putea-fi-revazute\\\/\",\"url\":\"https:\\\/\\\/www.btv.md\\\/ro\\\/ministerul-finantelor-taxele-pentru-importul-automobilelor-ar-putea-fi-revazute\\\/\",\"name\":\"MINISTERUL FINAN\u021aELOR: TAXELE PENTRU IMPORTUL AUTOMOBILELOR AR PUTEA FI REV\u0102ZUTE - BTV\",\"isPartOf\":{\"@id\":\"https:\\\/\\\/www.btv.md\\\/#website\"},\"primaryImageOfPage\":{\"@id\":\"https:\\\/\\\/www.btv.md\\\/ro\\\/ministerul-finantelor-taxele-pentru-importul-automobilelor-ar-putea-fi-revazute\\\/#primaryimage\"},\"image\":{\"@id\":\"https:\\\/\\\/www.btv.md\\\/ro\\\/ministerul-finantelor-taxele-pentru-importul-automobilelor-ar-putea-fi-revazute\\\/#primaryimage\"},\"thumbnailUrl\":\"https:\\\/\\\/www.btv.md\\\/wp-content\\\/uploads\\\/2016\\\/04\\\/skachannye-fajly.jpg\",\"datePublished\":\"2016-04-04T09:21:27+00:00\",\"author\":{\"@id\":\"https:\\\/\\\/www.btv.md\\\/#\\\/schema\\\/person\\\/8fadce81561b3ce2c34c46dadc4ccbf2\"},\"inLanguage\":\"ro-RO\",\"potentialAction\":[{\"@type\":\"ReadAction\",\"target\":[\"https:\\\/\\\/www.btv.md\\\/ro\\\/ministerul-finantelor-taxele-pentru-importul-automobilelor-ar-putea-fi-revazute\\\/\"]}]},{\"@type\":\"ImageObject\",\"inLanguage\":\"ro-RO\",\"@id\":\"https:\\\/\\\/www.btv.md\\\/ro\\\/ministerul-finantelor-taxele-pentru-importul-automobilelor-ar-putea-fi-revazute\\\/#primaryimage\",\"url\":\"https:\\\/\\\/www.btv.md\\\/wp-content\\\/uploads\\\/2016\\\/04\\\/skachannye-fajly.jpg\",\"contentUrl\":\"https:\\\/\\\/www.btv.md\\\/wp-content\\\/uploads\\\/2016\\\/04\\\/skachannye-fajly.jpg\",\"width\":275,\"height\":183,\"caption\":\"stirilocale.md\"},{\"@type\":\"WebSite\",\"@id\":\"https:\\\/\\\/www.btv.md\\\/#website\",\"url\":\"https:\\\/\\\/www.btv.md\\\/\",\"name\":\"BTV\",\"description\":\"\u0411\u0435\u043b\u044c\u0446\u043a\u043e\u0435 \u0442\u0435\u043b\u0435\u0432\u0438\u0434\u0435\u043d\u0438\u0435\",\"potentialAction\":[{\"@type\":\"SearchAction\",\"target\":{\"@type\":\"EntryPoint\",\"urlTemplate\":\"https:\\\/\\\/www.btv.md\\\/?s={search_term_string}\"},\"query-input\":{\"@type\":\"PropertyValueSpecification\",\"valueRequired\":true,\"valueName\":\"search_term_string\"}}],\"inLanguage\":\"ro-RO\"},{\"@type\":\"Person\",\"@id\":\"https:\\\/\\\/www.btv.md\\\/#\\\/schema\\\/person\\\/8fadce81561b3ce2c34c46dadc4ccbf2\",\"name\":\"admin\"}]}<\/script>\n<!-- \/ Yoast SEO plugin. -->","yoast_head_json":{"title":"MINISTERUL FINAN\u021aELOR: TAXELE PENTRU IMPORTUL AUTOMOBILELOR AR PUTEA FI REV\u0102ZUTE - BTV","robots":{"index":"index","follow":"follow","max-snippet":"max-snippet:-1","max-image-preview":"max-image-preview:large","max-video-preview":"max-video-preview:-1"},"canonical":"https:\/\/www.btv.md\/ro\/ministerul-finantelor-taxele-pentru-importul-automobilelor-ar-putea-fi-revazute\/","og_locale":"ro_RO","og_type":"article","og_title":"MINISTERUL FINAN\u021aELOR: TAXELE PENTRU IMPORTUL AUTOMOBILELOR AR PUTEA FI REV\u0102ZUTE - BTV","og_description":"Guvernul nu va ceda protestelor organizate de c\u0103tre proprietarii de automobile \u00eenmatriculate \u00een afara \u0163\u0103rii, \u00een schimb ar putea fi rev\u0103zute taxele la importul mijloacelor de transport. Anun\u0163ul a fost f\u0103cut de Octavian Arma\u015fu, ministrul finan\u0163elor, \u00een cadrul emisiunii \u201eReplica\u201d, scrie IPN. \u201eTaxa pentru vinieta de scurt\u0103 durat\u0103 nu a fost majorat\u0103. Dar proprietarii de [&hellip;]","og_url":"https:\/\/www.btv.md\/ro\/ministerul-finantelor-taxele-pentru-importul-automobilelor-ar-putea-fi-revazute\/","og_site_name":"BTV","article_publisher":"https:\/\/www.facebook.com\/btvmoldova\/","article_published_time":"2016-04-04T09:21:27+00:00","og_image":[{"width":275,"height":183,"url":"https:\/\/www.btv.md\/wp-content\/uploads\/2016\/04\/skachannye-fajly.jpg","type":"image\/jpeg"}],"author":"admin","twitter_misc":{"Scris de":"admin","Timp estimat pentru citire":"1 minut"},"schema":{"@context":"https:\/\/schema.org","@graph":[{"@type":"Article","@id":"https:\/\/www.btv.md\/ro\/ministerul-finantelor-taxele-pentru-importul-automobilelor-ar-putea-fi-revazute\/#article","isPartOf":{"@id":"https:\/\/www.btv.md\/ro\/ministerul-finantelor-taxele-pentru-importul-automobilelor-ar-putea-fi-revazute\/"},"author":{"name":"admin","@id":"https:\/\/www.btv.md\/#\/schema\/person\/8fadce81561b3ce2c34c46dadc4ccbf2"},"headline":"MINISTERUL FINAN\u021aELOR: TAXELE PENTRU IMPORTUL AUTOMOBILELOR AR PUTEA FI REV\u0102ZUTE","datePublished":"2016-04-04T09:21:27+00:00","mainEntityOfPage":{"@id":"https:\/\/www.btv.md\/ro\/ministerul-finantelor-taxele-pentru-importul-automobilelor-ar-putea-fi-revazute\/"},"wordCount":210,"image":{"@id":"https:\/\/www.btv.md\/ro\/ministerul-finantelor-taxele-pentru-importul-automobilelor-ar-putea-fi-revazute\/#primaryimage"},"thumbnailUrl":"https:\/\/www.btv.md\/wp-content\/uploads\/2016\/04\/skachannye-fajly.jpg","articleSection":["Social"],"inLanguage":"ro-RO"},{"@type":"WebPage","@id":"https:\/\/www.btv.md\/ro\/ministerul-finantelor-taxele-pentru-importul-automobilelor-ar-putea-fi-revazute\/","url":"https:\/\/www.btv.md\/ro\/ministerul-finantelor-taxele-pentru-importul-automobilelor-ar-putea-fi-revazute\/","name":"MINISTERUL FINAN\u021aELOR: TAXELE PENTRU IMPORTUL AUTOMOBILELOR AR PUTEA FI REV\u0102ZUTE - BTV","isPartOf":{"@id":"https:\/\/www.btv.md\/#website"},"primaryImageOfPage":{"@id":"https:\/\/www.btv.md\/ro\/ministerul-finantelor-taxele-pentru-importul-automobilelor-ar-putea-fi-revazute\/#primaryimage"},"image":{"@id":"https:\/\/www.btv.md\/ro\/ministerul-finantelor-taxele-pentru-importul-automobilelor-ar-putea-fi-revazute\/#primaryimage"},"thumbnailUrl":"https:\/\/www.btv.md\/wp-content\/uploads\/2016\/04\/skachannye-fajly.jpg","datePublished":"2016-04-04T09:21:27+00:00","author":{"@id":"https:\/\/www.btv.md\/#\/schema\/person\/8fadce81561b3ce2c34c46dadc4ccbf2"},"inLanguage":"ro-RO","potentialAction":[{"@type":"ReadAction","target":["https:\/\/www.btv.md\/ro\/ministerul-finantelor-taxele-pentru-importul-automobilelor-ar-putea-fi-revazute\/"]}]},{"@type":"ImageObject","inLanguage":"ro-RO","@id":"https:\/\/www.btv.md\/ro\/ministerul-finantelor-taxele-pentru-importul-automobilelor-ar-putea-fi-revazute\/#primaryimage","url":"https:\/\/www.btv.md\/wp-content\/uploads\/2016\/04\/skachannye-fajly.jpg","contentUrl":"https:\/\/www.btv.md\/wp-content\/uploads\/2016\/04\/skachannye-fajly.jpg","width":275,"height":183,"caption":"stirilocale.md"},{"@type":"WebSite","@id":"https:\/\/www.btv.md\/#website","url":"https:\/\/www.btv.md\/","name":"BTV","description":"\u0411\u0435\u043b\u044c\u0446\u043a\u043e\u0435 \u0442\u0435\u043b\u0435\u0432\u0438\u0434\u0435\u043d\u0438\u0435","potentialAction":[{"@type":"SearchAction","target":{"@type":"EntryPoint","urlTemplate":"https:\/\/www.btv.md\/?s={search_term_string}"},"query-input":{"@type":"PropertyValueSpecification","valueRequired":true,"valueName":"search_term_string"}}],"inLanguage":"ro-RO"},{"@type":"Person","@id":"https:\/\/www.btv.md\/#\/schema\/person\/8fadce81561b3ce2c34c46dadc4ccbf2","name":"admin"}]}},"_links":{"self":[{"href":"https:\/\/www.btv.md\/ro\/wp-json\/wp\/v2\/posts\/10098","targetHints":{"allow":["GET"]}}],"collection":[{"href":"https:\/\/www.btv.md\/ro\/wp-json\/wp\/v2\/posts"}],"about":[{"href":"https:\/\/www.btv.md\/ro\/wp-json\/wp\/v2\/types\/post"}],"author":[{"embeddable":true,"href":"https:\/\/www.btv.md\/ro\/wp-json\/wp\/v2\/users\/4"}],"replies":[{"embeddable":true,"href":"https:\/\/www.btv.md\/ro\/wp-json\/wp\/v2\/comments?post=10098"}],"version-history":[{"count":0,"href":"https:\/\/www.btv.md\/ro\/wp-json\/wp\/v2\/posts\/10098\/revisions"}],"wp:featuredmedia":[{"embeddable":true,"href":"https:\/\/www.btv.md\/ro\/wp-json\/wp\/v2\/media\/10099"}],"wp:attachment":[{"href":"https:\/\/www.btv.md\/ro\/wp-json\/wp\/v2\/media?parent=10098"}],"wp:term":[{"taxonomy":"category","embeddable":true,"href":"https:\/\/www.btv.md\/ro\/wp-json\/wp\/v2\/categories?post=10098"},{"taxonomy":"post_tag","embeddable":true,"href":"https:\/\/www.btv.md\/ro\/wp-json\/wp\/v2\/tags?post=10098"}],"curies":[{"name":"wp","href":"https:\/\/api.w.org\/{rel}","templated":true}]}}