{"id":10101,"date":"2016-04-04T12:28:43","date_gmt":"2016-04-04T09:28:43","guid":{"rendered":"http:\/\/btv.md\/?p=10101"},"modified":"2016-04-04T12:28:43","modified_gmt":"2016-04-04T09:28:43","slug":"la-comrat-s-a-desfasurat-un-mars-pentru-stabilitatea-republicii-moldova","status":"publish","type":"post","link":"https:\/\/www.btv.md\/ro\/la-comrat-s-a-desfasurat-un-mars-pentru-stabilitatea-republicii-moldova\/","title":{"rendered":"LA  COMRAT  S-A  DESF\u0102\u0218URAT  UN  MAR\u0218  PENTRU  STABILITATEA  REPUBLICII  MOLDOVA"},"content":{"rendered":"<p><strong>Mai mul\u0163i locuitori din Unitatea Teritorial\u0103 Administrativ\u0103 G\u0103g\u0103uzia, politicieni de la Chi\u015fin\u0103u \u015fi personalit\u0103\u0163i din Federa\u0163ia Rus\u0103 au participat la Comrat la un mar\u015f pentru statalitatea \u015fi neutralitatea Republicii Moldova. Ac\u0163iunea, organizat\u0103 de administra\u0163ia UTA G\u0103g\u0103uzia, vine ca reac\u0163ie la mar\u015ful unioni\u015ftilor de la finele s\u0103pt\u0103m\u00e2nii trecute, care a avut loc la Chi\u015fin\u0103u, transmite <a href=\"http:\/\/ipn.md\/ro\/politica\/75746\" target=\"_blank\">IPN<\/a>.<\/strong><\/p>\n<p>Potrivit portalului informa\u0163ional, gagauzinfo.md, dup\u0103 mar\u015f mul\u0163imea s-a adunat \u00een centrul Comratului unde s-a desf\u0103\u015furat un miting cu acela\u015fi scop. Irina Vlah, guvernatoarea UTA G\u0103g\u0103uzia, a spus c\u0103 sus\u0163in\u0103torii statalit\u0103\u0163ii Republicii Moldova sunt de sute de ori mai mul\u0163i dec\u00e2t unioni\u015ftii, iar g\u0103g\u0103uzii nu au o alt\u0103 patrie dec\u00e2t Moldova. \u201e<em>99% din locuitorii \u0163\u0103rii \u00ee\u015fi doresc ca aceasta s\u0103 fie unitar\u0103<\/em>\u201d, a accentuat Irina Vlah.<\/p>\n<p>Pre\u015fedintele Partidului Sociali\u015ftilor, Igor Dodon, prezent la eveniment, a spus c\u0103 numai datorit\u0103 cet\u0103\u0163enilor precum cei din G\u0103g\u0103uzia \u201e<em>planurile unioni\u015ftilor nu se vor realiza<\/em>\u201d.<\/p>\n<p>La ac\u0163iune a participat \u015fi vicepre\u015fedintele Partidului Politic \u201ePartidul Nostru\u201d, Ilian Ca\u015fu, care a declarat \u00een fa\u0163a mul\u0163imii c\u0103 la Comrat s-au adunat cei care sus\u0163in \u015fi lupt\u0103 pentru statalitatea Republicii Moldova.<\/p>\n<p>\u00cen 2014, \u00een G\u0103g\u0103uzia s-a desf\u0103\u015furat un referendum la care majoritatea a votat pentru dreptul g\u0103g\u0103uzilor de a se deta\u015fa de Republica Moldova dac\u0103 aceasta \u00ee\u015fi pierde independen\u0163a eventual prin unirea cu Rom\u00e2nia. Totodat\u0103, \u00een aceast\u0103 s\u0103pt\u0103m\u00e2n\u0103, deputa\u0163ii sociali\u015fti, cei democra\u0163i \u015fi fo\u015ftii comuni\u015fti au sus\u0163inut Declara\u0163ia privind statalitatea \u015fi neutralitatea permanent\u0103 a Republicii Moldova \u00eenaintat\u0103 \u00een Parlament de frac\u0163iunea comuni\u015ftilor.<\/p>\n","protected":false},"excerpt":{"rendered":"<p>Mai mul\u0163i locuitori din Unitatea Teritorial\u0103 Administrativ\u0103 G\u0103g\u0103uzia, politicieni de la Chi\u015fin\u0103u \u015fi personalit\u0103\u0163i din Federa\u0163ia Rus\u0103 au participat la Comrat la un mar\u015f pentru statalitatea \u015fi neutralitatea Republicii Moldova. Ac\u0163iunea, organizat\u0103 de administra\u0163ia UTA G\u0103g\u0103uzia, vine ca reac\u0163ie la mar\u015ful unioni\u015ftilor de la finele s\u0103pt\u0103m\u00e2nii trecute, care a avut loc la Chi\u015fin\u0103u, transmite IPN. [&hellip;]<\/p>\n","protected":false},"author":4,"featured_media":10102,"comment_status":"closed","ping_status":"closed","sticky":false,"template":"","format":"standard","meta":{"footnotes":""},"categories":[6349],"tags":[],"class_list":["post-10101","post","type-post","status-publish","format-standard","has-post-thumbnail","hentry","category-social"],"yoast_head":"<!-- This site is optimized with the Yoast SEO plugin v27.4 - https:\/\/yoast.com\/product\/yoast-seo-wordpress\/ -->\n<title>LA COMRAT S-A DESF\u0102\u0218URAT UN MAR\u0218 PENTRU STABILITATEA REPUBLICII MOLDOVA - BTV<\/title>\n<meta name=\"robots\" content=\"index, follow, max-snippet:-1, max-image-preview:large, max-video-preview:-1\" \/>\n<link rel=\"canonical\" href=\"https:\/\/www.btv.md\/ro\/la-comrat-s-a-desfasurat-un-mars-pentru-stabilitatea-republicii-moldova\/\" \/>\n<meta property=\"og:locale\" content=\"ro_RO\" \/>\n<meta property=\"og:type\" content=\"article\" \/>\n<meta property=\"og:title\" content=\"LA COMRAT S-A DESF\u0102\u0218URAT UN MAR\u0218 PENTRU STABILITATEA REPUBLICII MOLDOVA - BTV\" \/>\n<meta property=\"og:description\" content=\"Mai mul\u0163i locuitori din Unitatea Teritorial\u0103 Administrativ\u0103 G\u0103g\u0103uzia, politicieni de la Chi\u015fin\u0103u \u015fi personalit\u0103\u0163i din Federa\u0163ia Rus\u0103 au participat la Comrat la un mar\u015f pentru statalitatea \u015fi neutralitatea Republicii Moldova. Ac\u0163iunea, organizat\u0103 de administra\u0163ia UTA G\u0103g\u0103uzia, vine ca reac\u0163ie la mar\u015ful unioni\u015ftilor de la finele s\u0103pt\u0103m\u00e2nii trecute, care a avut loc la Chi\u015fin\u0103u, transmite IPN. [&hellip;]\" \/>\n<meta property=\"og:url\" content=\"https:\/\/www.btv.md\/ro\/la-comrat-s-a-desfasurat-un-mars-pentru-stabilitatea-republicii-moldova\/\" \/>\n<meta property=\"og:site_name\" content=\"BTV\" \/>\n<meta property=\"article:publisher\" content=\"https:\/\/www.facebook.com\/btvmoldova\/\" \/>\n<meta property=\"article:published_time\" content=\"2016-04-04T09:28:43+00:00\" \/>\n<meta property=\"og:image\" content=\"https:\/\/www.btv.md\/wp-content\/uploads\/2016\/04\/media_145960601650099200.jpg\" \/>\n\t<meta property=\"og:image:width\" content=\"620\" \/>\n\t<meta property=\"og:image:height\" content=\"413\" \/>\n\t<meta property=\"og:image:type\" content=\"image\/jpeg\" \/>\n<meta name=\"author\" content=\"admin\" \/>\n<meta name=\"twitter:label1\" content=\"Scris de\" \/>\n\t<meta name=\"twitter:data1\" content=\"admin\" \/>\n\t<meta name=\"twitter:label2\" content=\"Timp estimat pentru citire\" \/>\n\t<meta name=\"twitter:data2\" content=\"2 minute\" \/>\n<script type=\"application\/ld+json\" class=\"yoast-schema-graph\">{\"@context\":\"https:\\\/\\\/schema.org\",\"@graph\":[{\"@type\":\"Article\",\"@id\":\"https:\\\/\\\/www.btv.md\\\/ro\\\/la-comrat-s-a-desfasurat-un-mars-pentru-stabilitatea-republicii-moldova\\\/#article\",\"isPartOf\":{\"@id\":\"https:\\\/\\\/www.btv.md\\\/ro\\\/la-comrat-s-a-desfasurat-un-mars-pentru-stabilitatea-republicii-moldova\\\/\"},\"author\":{\"name\":\"admin\",\"@id\":\"https:\\\/\\\/www.btv.md\\\/#\\\/schema\\\/person\\\/8fadce81561b3ce2c34c46dadc4ccbf2\"},\"headline\":\"LA COMRAT S-A DESF\u0102\u0218URAT UN MAR\u0218 PENTRU STABILITATEA REPUBLICII MOLDOVA\",\"datePublished\":\"2016-04-04T09:28:43+00:00\",\"mainEntityOfPage\":{\"@id\":\"https:\\\/\\\/www.btv.md\\\/ro\\\/la-comrat-s-a-desfasurat-un-mars-pentru-stabilitatea-republicii-moldova\\\/\"},\"wordCount\":313,\"image\":{\"@id\":\"https:\\\/\\\/www.btv.md\\\/ro\\\/la-comrat-s-a-desfasurat-un-mars-pentru-stabilitatea-republicii-moldova\\\/#primaryimage\"},\"thumbnailUrl\":\"https:\\\/\\\/www.btv.md\\\/wp-content\\\/uploads\\\/2016\\\/04\\\/media_145960601650099200.jpg\",\"articleSection\":[\"Social\"],\"inLanguage\":\"ro-RO\"},{\"@type\":\"WebPage\",\"@id\":\"https:\\\/\\\/www.btv.md\\\/ro\\\/la-comrat-s-a-desfasurat-un-mars-pentru-stabilitatea-republicii-moldova\\\/\",\"url\":\"https:\\\/\\\/www.btv.md\\\/ro\\\/la-comrat-s-a-desfasurat-un-mars-pentru-stabilitatea-republicii-moldova\\\/\",\"name\":\"LA COMRAT S-A DESF\u0102\u0218URAT UN MAR\u0218 PENTRU STABILITATEA REPUBLICII MOLDOVA - BTV\",\"isPartOf\":{\"@id\":\"https:\\\/\\\/www.btv.md\\\/#website\"},\"primaryImageOfPage\":{\"@id\":\"https:\\\/\\\/www.btv.md\\\/ro\\\/la-comrat-s-a-desfasurat-un-mars-pentru-stabilitatea-republicii-moldova\\\/#primaryimage\"},\"image\":{\"@id\":\"https:\\\/\\\/www.btv.md\\\/ro\\\/la-comrat-s-a-desfasurat-un-mars-pentru-stabilitatea-republicii-moldova\\\/#primaryimage\"},\"thumbnailUrl\":\"https:\\\/\\\/www.btv.md\\\/wp-content\\\/uploads\\\/2016\\\/04\\\/media_145960601650099200.jpg\",\"datePublished\":\"2016-04-04T09:28:43+00:00\",\"author\":{\"@id\":\"https:\\\/\\\/www.btv.md\\\/#\\\/schema\\\/person\\\/8fadce81561b3ce2c34c46dadc4ccbf2\"},\"inLanguage\":\"ro-RO\",\"potentialAction\":[{\"@type\":\"ReadAction\",\"target\":[\"https:\\\/\\\/www.btv.md\\\/ro\\\/la-comrat-s-a-desfasurat-un-mars-pentru-stabilitatea-republicii-moldova\\\/\"]}]},{\"@type\":\"ImageObject\",\"inLanguage\":\"ro-RO\",\"@id\":\"https:\\\/\\\/www.btv.md\\\/ro\\\/la-comrat-s-a-desfasurat-un-mars-pentru-stabilitatea-republicii-moldova\\\/#primaryimage\",\"url\":\"https:\\\/\\\/www.btv.md\\\/wp-content\\\/uploads\\\/2016\\\/04\\\/media_145960601650099200.jpg\",\"contentUrl\":\"https:\\\/\\\/www.btv.md\\\/wp-content\\\/uploads\\\/2016\\\/04\\\/media_145960601650099200.jpg\",\"width\":620,\"height\":413,\"caption\":\"www.realitatea.md\"},{\"@type\":\"WebSite\",\"@id\":\"https:\\\/\\\/www.btv.md\\\/#website\",\"url\":\"https:\\\/\\\/www.btv.md\\\/\",\"name\":\"BTV\",\"description\":\"\u0411\u0435\u043b\u044c\u0446\u043a\u043e\u0435 \u0442\u0435\u043b\u0435\u0432\u0438\u0434\u0435\u043d\u0438\u0435\",\"potentialAction\":[{\"@type\":\"SearchAction\",\"target\":{\"@type\":\"EntryPoint\",\"urlTemplate\":\"https:\\\/\\\/www.btv.md\\\/?s={search_term_string}\"},\"query-input\":{\"@type\":\"PropertyValueSpecification\",\"valueRequired\":true,\"valueName\":\"search_term_string\"}}],\"inLanguage\":\"ro-RO\"},{\"@type\":\"Person\",\"@id\":\"https:\\\/\\\/www.btv.md\\\/#\\\/schema\\\/person\\\/8fadce81561b3ce2c34c46dadc4ccbf2\",\"name\":\"admin\"}]}<\/script>\n<!-- \/ Yoast SEO plugin. -->","yoast_head_json":{"title":"LA COMRAT S-A DESF\u0102\u0218URAT UN MAR\u0218 PENTRU STABILITATEA REPUBLICII MOLDOVA - BTV","robots":{"index":"index","follow":"follow","max-snippet":"max-snippet:-1","max-image-preview":"max-image-preview:large","max-video-preview":"max-video-preview:-1"},"canonical":"https:\/\/www.btv.md\/ro\/la-comrat-s-a-desfasurat-un-mars-pentru-stabilitatea-republicii-moldova\/","og_locale":"ro_RO","og_type":"article","og_title":"LA COMRAT S-A DESF\u0102\u0218URAT UN MAR\u0218 PENTRU STABILITATEA REPUBLICII MOLDOVA - BTV","og_description":"Mai mul\u0163i locuitori din Unitatea Teritorial\u0103 Administrativ\u0103 G\u0103g\u0103uzia, politicieni de la Chi\u015fin\u0103u \u015fi personalit\u0103\u0163i din Federa\u0163ia Rus\u0103 au participat la Comrat la un mar\u015f pentru statalitatea \u015fi neutralitatea Republicii Moldova. Ac\u0163iunea, organizat\u0103 de administra\u0163ia UTA G\u0103g\u0103uzia, vine ca reac\u0163ie la mar\u015ful unioni\u015ftilor de la finele s\u0103pt\u0103m\u00e2nii trecute, care a avut loc la Chi\u015fin\u0103u, transmite IPN. [&hellip;]","og_url":"https:\/\/www.btv.md\/ro\/la-comrat-s-a-desfasurat-un-mars-pentru-stabilitatea-republicii-moldova\/","og_site_name":"BTV","article_publisher":"https:\/\/www.facebook.com\/btvmoldova\/","article_published_time":"2016-04-04T09:28:43+00:00","og_image":[{"width":620,"height":413,"url":"https:\/\/www.btv.md\/wp-content\/uploads\/2016\/04\/media_145960601650099200.jpg","type":"image\/jpeg"}],"author":"admin","twitter_misc":{"Scris de":"admin","Timp estimat pentru citire":"2 minute"},"schema":{"@context":"https:\/\/schema.org","@graph":[{"@type":"Article","@id":"https:\/\/www.btv.md\/ro\/la-comrat-s-a-desfasurat-un-mars-pentru-stabilitatea-republicii-moldova\/#article","isPartOf":{"@id":"https:\/\/www.btv.md\/ro\/la-comrat-s-a-desfasurat-un-mars-pentru-stabilitatea-republicii-moldova\/"},"author":{"name":"admin","@id":"https:\/\/www.btv.md\/#\/schema\/person\/8fadce81561b3ce2c34c46dadc4ccbf2"},"headline":"LA COMRAT S-A DESF\u0102\u0218URAT UN MAR\u0218 PENTRU STABILITATEA REPUBLICII MOLDOVA","datePublished":"2016-04-04T09:28:43+00:00","mainEntityOfPage":{"@id":"https:\/\/www.btv.md\/ro\/la-comrat-s-a-desfasurat-un-mars-pentru-stabilitatea-republicii-moldova\/"},"wordCount":313,"image":{"@id":"https:\/\/www.btv.md\/ro\/la-comrat-s-a-desfasurat-un-mars-pentru-stabilitatea-republicii-moldova\/#primaryimage"},"thumbnailUrl":"https:\/\/www.btv.md\/wp-content\/uploads\/2016\/04\/media_145960601650099200.jpg","articleSection":["Social"],"inLanguage":"ro-RO"},{"@type":"WebPage","@id":"https:\/\/www.btv.md\/ro\/la-comrat-s-a-desfasurat-un-mars-pentru-stabilitatea-republicii-moldova\/","url":"https:\/\/www.btv.md\/ro\/la-comrat-s-a-desfasurat-un-mars-pentru-stabilitatea-republicii-moldova\/","name":"LA COMRAT S-A DESF\u0102\u0218URAT UN MAR\u0218 PENTRU STABILITATEA REPUBLICII MOLDOVA - BTV","isPartOf":{"@id":"https:\/\/www.btv.md\/#website"},"primaryImageOfPage":{"@id":"https:\/\/www.btv.md\/ro\/la-comrat-s-a-desfasurat-un-mars-pentru-stabilitatea-republicii-moldova\/#primaryimage"},"image":{"@id":"https:\/\/www.btv.md\/ro\/la-comrat-s-a-desfasurat-un-mars-pentru-stabilitatea-republicii-moldova\/#primaryimage"},"thumbnailUrl":"https:\/\/www.btv.md\/wp-content\/uploads\/2016\/04\/media_145960601650099200.jpg","datePublished":"2016-04-04T09:28:43+00:00","author":{"@id":"https:\/\/www.btv.md\/#\/schema\/person\/8fadce81561b3ce2c34c46dadc4ccbf2"},"inLanguage":"ro-RO","potentialAction":[{"@type":"ReadAction","target":["https:\/\/www.btv.md\/ro\/la-comrat-s-a-desfasurat-un-mars-pentru-stabilitatea-republicii-moldova\/"]}]},{"@type":"ImageObject","inLanguage":"ro-RO","@id":"https:\/\/www.btv.md\/ro\/la-comrat-s-a-desfasurat-un-mars-pentru-stabilitatea-republicii-moldova\/#primaryimage","url":"https:\/\/www.btv.md\/wp-content\/uploads\/2016\/04\/media_145960601650099200.jpg","contentUrl":"https:\/\/www.btv.md\/wp-content\/uploads\/2016\/04\/media_145960601650099200.jpg","width":620,"height":413,"caption":"www.realitatea.md"},{"@type":"WebSite","@id":"https:\/\/www.btv.md\/#website","url":"https:\/\/www.btv.md\/","name":"BTV","description":"\u0411\u0435\u043b\u044c\u0446\u043a\u043e\u0435 \u0442\u0435\u043b\u0435\u0432\u0438\u0434\u0435\u043d\u0438\u0435","potentialAction":[{"@type":"SearchAction","target":{"@type":"EntryPoint","urlTemplate":"https:\/\/www.btv.md\/?s={search_term_string}"},"query-input":{"@type":"PropertyValueSpecification","valueRequired":true,"valueName":"search_term_string"}}],"inLanguage":"ro-RO"},{"@type":"Person","@id":"https:\/\/www.btv.md\/#\/schema\/person\/8fadce81561b3ce2c34c46dadc4ccbf2","name":"admin"}]}},"_links":{"self":[{"href":"https:\/\/www.btv.md\/ro\/wp-json\/wp\/v2\/posts\/10101","targetHints":{"allow":["GET"]}}],"collection":[{"href":"https:\/\/www.btv.md\/ro\/wp-json\/wp\/v2\/posts"}],"about":[{"href":"https:\/\/www.btv.md\/ro\/wp-json\/wp\/v2\/types\/post"}],"author":[{"embeddable":true,"href":"https:\/\/www.btv.md\/ro\/wp-json\/wp\/v2\/users\/4"}],"replies":[{"embeddable":true,"href":"https:\/\/www.btv.md\/ro\/wp-json\/wp\/v2\/comments?post=10101"}],"version-history":[{"count":0,"href":"https:\/\/www.btv.md\/ro\/wp-json\/wp\/v2\/posts\/10101\/revisions"}],"wp:featuredmedia":[{"embeddable":true,"href":"https:\/\/www.btv.md\/ro\/wp-json\/wp\/v2\/media\/10102"}],"wp:attachment":[{"href":"https:\/\/www.btv.md\/ro\/wp-json\/wp\/v2\/media?parent=10101"}],"wp:term":[{"taxonomy":"category","embeddable":true,"href":"https:\/\/www.btv.md\/ro\/wp-json\/wp\/v2\/categories?post=10101"},{"taxonomy":"post_tag","embeddable":true,"href":"https:\/\/www.btv.md\/ro\/wp-json\/wp\/v2\/tags?post=10101"}],"curies":[{"name":"wp","href":"https:\/\/api.w.org\/{rel}","templated":true}]}}