{"id":10104,"date":"2016-04-04T12:46:10","date_gmt":"2016-04-04T09:46:10","guid":{"rendered":"http:\/\/btv.md\/?p=10104"},"modified":"2016-04-04T12:46:10","modified_gmt":"2016-04-04T09:46:10","slug":"peste-600-de-fermieri-au-primit-platile-restante-la-subventii-pentru-anul-2o16","status":"publish","type":"post","link":"https:\/\/www.btv.md\/ro\/peste-600-de-fermieri-au-primit-platile-restante-la-subventii-pentru-anul-2o16\/","title":{"rendered":"PESTE  600  DE  FERMIERI  AU  PRIMIT  PL\u0102\u021aILE  RESTANTE  LA  SUBVEN\u021aII  PENTRU  ANUL  2O16"},"content":{"rendered":"<p><strong>Ministerul Agriculturii \u0219i Industriei Alimentare \/MAIA\/ a anun\u021bat c\u0103 pe parcursul  s\u0103pt\u0103m\u00e2nii trecute acestei peste  600 de fermieri au primit pl\u0103\u021bile restante la subven\u021bii pentru anul 2015. Mai r\u0103m\u00een spre achitare peste 3000 de dosare, informeaz\u0103 <a href=\"http:\/\/www.noi.md\/md\/news_id\/81877\" target=\"_blank\">noi.md<\/a>.<\/strong><\/p>\n<p>Anterior, ministrul Agriculturii Eduard Grama a declarat c\u0103 datoriile la subven\u021bii pentru anul trecut se ridic\u0103 la 400-430 milioane de lei. Oficialul a mai ad\u0103ugat c\u0103 a fost elaborat\u0103 Legea privind subven\u021bionarea care va fi prezentat\u0103 Parlamentului \u0219i sper\u0103 s\u0103 fie adoptat\u0103 \u00een sesiunea de prim\u0103var\u0103-var\u0103. \u201d<em>Legea o s\u0103 stabileasc\u0103 principiile subven\u021bion\u0103rii \u0219i astfel vor fi excluse problemele, inclusiv datoriile, generate de faptul c\u0103 regulamentul de subven\u021bionare se aproba la jum\u0103tate de an<\/em>\u201d, a men\u021bionat Eduard Grama.<\/p>\n<p>\u00cen anul 2015, fondul de subven\u0163ionare pentru agricultori a fost de 600 milioane de lei, din care 200,5 milioane de lei au reprezentat datoriile pentru anul precedent \u0219i alte 45 milioane datorii la compensa\u021bii.<\/p>\n<p>Serviciul de informare \u0219i comunicare cu mass-media al MAIA mai men\u021bioneaz\u0103 c\u0103 a fost prezentat spre consultare public\u0103 proiectul Hot\u0103r\u00eerii Guvernului cu privire la modul de repartizare a mijloacelor fondului de subven\u0163ionare a produc\u0103torilor agricoli pentru anul 2016. Documentul con\u021bine m\u0103suri noi de subven\u021bionare, ca sus\u021binerea promov\u0103rii \u015fi dezvolt\u0103rii agriculturii ecologice, precum \u0219i serviciile de consultan\u021b\u0103 \u0219i formare pentru produc\u0103torii agricoli. <\/p>\n<p>Totodat\u0103, tinerii fermieri \u0219i\/sau femeile-fermier vor beneficia suplimentar de 15% din valoarea subven\u021biei calculate.<\/p>\n","protected":false},"excerpt":{"rendered":"<p>Ministerul Agriculturii \u0219i Industriei Alimentare \/MAIA\/ a anun\u021bat c\u0103 pe parcursul s\u0103pt\u0103m\u00e2nii trecute acestei peste 600 de fermieri au primit pl\u0103\u021bile restante la subven\u021bii pentru anul 2015. Mai r\u0103m\u00een spre achitare peste 3000 de dosare, informeaz\u0103 noi.md. Anterior, ministrul Agriculturii Eduard Grama a declarat c\u0103 datoriile la subven\u021bii pentru anul trecut se ridic\u0103 la 400-430 [&hellip;]<\/p>\n","protected":false},"author":4,"featured_media":10105,"comment_status":"closed","ping_status":"closed","sticky":false,"template":"","format":"standard","meta":{"footnotes":""},"categories":[6369],"tags":[],"class_list":["post-10104","post","type-post","status-publish","format-standard","has-post-thumbnail","hentry","category-economie-ro"],"yoast_head":"<!-- This site is optimized with the Yoast SEO plugin v27.4 - https:\/\/yoast.com\/product\/yoast-seo-wordpress\/ -->\n<title>PESTE 600 DE FERMIERI AU PRIMIT PL\u0102\u021aILE RESTANTE LA SUBVEN\u021aII PENTRU ANUL 2O16 - BTV<\/title>\n<meta name=\"robots\" content=\"index, follow, max-snippet:-1, max-image-preview:large, max-video-preview:-1\" \/>\n<link rel=\"canonical\" href=\"https:\/\/www.btv.md\/ro\/peste-600-de-fermieri-au-primit-platile-restante-la-subventii-pentru-anul-2o16\/\" \/>\n<meta property=\"og:locale\" content=\"ro_RO\" \/>\n<meta property=\"og:type\" content=\"article\" \/>\n<meta property=\"og:title\" content=\"PESTE 600 DE FERMIERI AU PRIMIT PL\u0102\u021aILE RESTANTE LA SUBVEN\u021aII PENTRU ANUL 2O16 - BTV\" \/>\n<meta property=\"og:description\" content=\"Ministerul Agriculturii \u0219i Industriei Alimentare \/MAIA\/ a anun\u021bat c\u0103 pe parcursul s\u0103pt\u0103m\u00e2nii trecute acestei peste 600 de fermieri au primit pl\u0103\u021bile restante la subven\u021bii pentru anul 2015. Mai r\u0103m\u00een spre achitare peste 3000 de dosare, informeaz\u0103 noi.md. Anterior, ministrul Agriculturii Eduard Grama a declarat c\u0103 datoriile la subven\u021bii pentru anul trecut se ridic\u0103 la 400-430 [&hellip;]\" \/>\n<meta property=\"og:url\" content=\"https:\/\/www.btv.md\/ro\/peste-600-de-fermieri-au-primit-platile-restante-la-subventii-pentru-anul-2o16\/\" \/>\n<meta property=\"og:site_name\" content=\"BTV\" \/>\n<meta property=\"article:publisher\" content=\"https:\/\/www.facebook.com\/btvmoldova\/\" \/>\n<meta property=\"article:published_time\" content=\"2016-04-04T09:46:10+00:00\" \/>\n<meta property=\"og:image\" content=\"https:\/\/www.btv.md\/wp-content\/uploads\/2016\/04\/subventii-600x400.jpg\" \/>\n\t<meta property=\"og:image:width\" content=\"600\" \/>\n\t<meta property=\"og:image:height\" content=\"400\" \/>\n\t<meta property=\"og:image:type\" content=\"image\/jpeg\" \/>\n<meta name=\"author\" content=\"admin\" \/>\n<meta name=\"twitter:label1\" content=\"Scris de\" \/>\n\t<meta name=\"twitter:data1\" content=\"admin\" \/>\n\t<meta name=\"twitter:label2\" content=\"Timp estimat pentru citire\" \/>\n\t<meta name=\"twitter:data2\" content=\"1 minut\" \/>\n<script type=\"application\/ld+json\" class=\"yoast-schema-graph\">{\"@context\":\"https:\\\/\\\/schema.org\",\"@graph\":[{\"@type\":\"Article\",\"@id\":\"https:\\\/\\\/www.btv.md\\\/ro\\\/peste-600-de-fermieri-au-primit-platile-restante-la-subventii-pentru-anul-2o16\\\/#article\",\"isPartOf\":{\"@id\":\"https:\\\/\\\/www.btv.md\\\/ro\\\/peste-600-de-fermieri-au-primit-platile-restante-la-subventii-pentru-anul-2o16\\\/\"},\"author\":{\"name\":\"admin\",\"@id\":\"https:\\\/\\\/www.btv.md\\\/#\\\/schema\\\/person\\\/8fadce81561b3ce2c34c46dadc4ccbf2\"},\"headline\":\"PESTE 600 DE FERMIERI AU PRIMIT PL\u0102\u021aILE RESTANTE LA SUBVEN\u021aII PENTRU ANUL 2O16\",\"datePublished\":\"2016-04-04T09:46:10+00:00\",\"mainEntityOfPage\":{\"@id\":\"https:\\\/\\\/www.btv.md\\\/ro\\\/peste-600-de-fermieri-au-primit-platile-restante-la-subventii-pentru-anul-2o16\\\/\"},\"wordCount\":263,\"image\":{\"@id\":\"https:\\\/\\\/www.btv.md\\\/ro\\\/peste-600-de-fermieri-au-primit-platile-restante-la-subventii-pentru-anul-2o16\\\/#primaryimage\"},\"thumbnailUrl\":\"https:\\\/\\\/www.btv.md\\\/wp-content\\\/uploads\\\/2016\\\/04\\\/subventii-600x400.jpg\",\"articleSection\":[\"Economie\"],\"inLanguage\":\"ro-RO\"},{\"@type\":\"WebPage\",\"@id\":\"https:\\\/\\\/www.btv.md\\\/ro\\\/peste-600-de-fermieri-au-primit-platile-restante-la-subventii-pentru-anul-2o16\\\/\",\"url\":\"https:\\\/\\\/www.btv.md\\\/ro\\\/peste-600-de-fermieri-au-primit-platile-restante-la-subventii-pentru-anul-2o16\\\/\",\"name\":\"PESTE 600 DE FERMIERI AU PRIMIT PL\u0102\u021aILE RESTANTE LA SUBVEN\u021aII PENTRU ANUL 2O16 - BTV\",\"isPartOf\":{\"@id\":\"https:\\\/\\\/www.btv.md\\\/#website\"},\"primaryImageOfPage\":{\"@id\":\"https:\\\/\\\/www.btv.md\\\/ro\\\/peste-600-de-fermieri-au-primit-platile-restante-la-subventii-pentru-anul-2o16\\\/#primaryimage\"},\"image\":{\"@id\":\"https:\\\/\\\/www.btv.md\\\/ro\\\/peste-600-de-fermieri-au-primit-platile-restante-la-subventii-pentru-anul-2o16\\\/#primaryimage\"},\"thumbnailUrl\":\"https:\\\/\\\/www.btv.md\\\/wp-content\\\/uploads\\\/2016\\\/04\\\/subventii-600x400.jpg\",\"datePublished\":\"2016-04-04T09:46:10+00:00\",\"author\":{\"@id\":\"https:\\\/\\\/www.btv.md\\\/#\\\/schema\\\/person\\\/8fadce81561b3ce2c34c46dadc4ccbf2\"},\"inLanguage\":\"ro-RO\",\"potentialAction\":[{\"@type\":\"ReadAction\",\"target\":[\"https:\\\/\\\/www.btv.md\\\/ro\\\/peste-600-de-fermieri-au-primit-platile-restante-la-subventii-pentru-anul-2o16\\\/\"]}]},{\"@type\":\"ImageObject\",\"inLanguage\":\"ro-RO\",\"@id\":\"https:\\\/\\\/www.btv.md\\\/ro\\\/peste-600-de-fermieri-au-primit-platile-restante-la-subventii-pentru-anul-2o16\\\/#primaryimage\",\"url\":\"https:\\\/\\\/www.btv.md\\\/wp-content\\\/uploads\\\/2016\\\/04\\\/subventii-600x400.jpg\",\"contentUrl\":\"https:\\\/\\\/www.btv.md\\\/wp-content\\\/uploads\\\/2016\\\/04\\\/subventii-600x400.jpg\",\"width\":600,\"height\":400,\"caption\":\"agrobiznes.md\"},{\"@type\":\"WebSite\",\"@id\":\"https:\\\/\\\/www.btv.md\\\/#website\",\"url\":\"https:\\\/\\\/www.btv.md\\\/\",\"name\":\"BTV\",\"description\":\"\u0411\u0435\u043b\u044c\u0446\u043a\u043e\u0435 \u0442\u0435\u043b\u0435\u0432\u0438\u0434\u0435\u043d\u0438\u0435\",\"potentialAction\":[{\"@type\":\"SearchAction\",\"target\":{\"@type\":\"EntryPoint\",\"urlTemplate\":\"https:\\\/\\\/www.btv.md\\\/?s={search_term_string}\"},\"query-input\":{\"@type\":\"PropertyValueSpecification\",\"valueRequired\":true,\"valueName\":\"search_term_string\"}}],\"inLanguage\":\"ro-RO\"},{\"@type\":\"Person\",\"@id\":\"https:\\\/\\\/www.btv.md\\\/#\\\/schema\\\/person\\\/8fadce81561b3ce2c34c46dadc4ccbf2\",\"name\":\"admin\"}]}<\/script>\n<!-- \/ Yoast SEO plugin. -->","yoast_head_json":{"title":"PESTE 600 DE FERMIERI AU PRIMIT PL\u0102\u021aILE RESTANTE LA SUBVEN\u021aII PENTRU ANUL 2O16 - BTV","robots":{"index":"index","follow":"follow","max-snippet":"max-snippet:-1","max-image-preview":"max-image-preview:large","max-video-preview":"max-video-preview:-1"},"canonical":"https:\/\/www.btv.md\/ro\/peste-600-de-fermieri-au-primit-platile-restante-la-subventii-pentru-anul-2o16\/","og_locale":"ro_RO","og_type":"article","og_title":"PESTE 600 DE FERMIERI AU PRIMIT PL\u0102\u021aILE RESTANTE LA SUBVEN\u021aII PENTRU ANUL 2O16 - BTV","og_description":"Ministerul Agriculturii \u0219i Industriei Alimentare \/MAIA\/ a anun\u021bat c\u0103 pe parcursul s\u0103pt\u0103m\u00e2nii trecute acestei peste 600 de fermieri au primit pl\u0103\u021bile restante la subven\u021bii pentru anul 2015. Mai r\u0103m\u00een spre achitare peste 3000 de dosare, informeaz\u0103 noi.md. Anterior, ministrul Agriculturii Eduard Grama a declarat c\u0103 datoriile la subven\u021bii pentru anul trecut se ridic\u0103 la 400-430 [&hellip;]","og_url":"https:\/\/www.btv.md\/ro\/peste-600-de-fermieri-au-primit-platile-restante-la-subventii-pentru-anul-2o16\/","og_site_name":"BTV","article_publisher":"https:\/\/www.facebook.com\/btvmoldova\/","article_published_time":"2016-04-04T09:46:10+00:00","og_image":[{"width":600,"height":400,"url":"https:\/\/www.btv.md\/wp-content\/uploads\/2016\/04\/subventii-600x400.jpg","type":"image\/jpeg"}],"author":"admin","twitter_misc":{"Scris de":"admin","Timp estimat pentru citire":"1 minut"},"schema":{"@context":"https:\/\/schema.org","@graph":[{"@type":"Article","@id":"https:\/\/www.btv.md\/ro\/peste-600-de-fermieri-au-primit-platile-restante-la-subventii-pentru-anul-2o16\/#article","isPartOf":{"@id":"https:\/\/www.btv.md\/ro\/peste-600-de-fermieri-au-primit-platile-restante-la-subventii-pentru-anul-2o16\/"},"author":{"name":"admin","@id":"https:\/\/www.btv.md\/#\/schema\/person\/8fadce81561b3ce2c34c46dadc4ccbf2"},"headline":"PESTE 600 DE FERMIERI AU PRIMIT PL\u0102\u021aILE RESTANTE LA SUBVEN\u021aII PENTRU ANUL 2O16","datePublished":"2016-04-04T09:46:10+00:00","mainEntityOfPage":{"@id":"https:\/\/www.btv.md\/ro\/peste-600-de-fermieri-au-primit-platile-restante-la-subventii-pentru-anul-2o16\/"},"wordCount":263,"image":{"@id":"https:\/\/www.btv.md\/ro\/peste-600-de-fermieri-au-primit-platile-restante-la-subventii-pentru-anul-2o16\/#primaryimage"},"thumbnailUrl":"https:\/\/www.btv.md\/wp-content\/uploads\/2016\/04\/subventii-600x400.jpg","articleSection":["Economie"],"inLanguage":"ro-RO"},{"@type":"WebPage","@id":"https:\/\/www.btv.md\/ro\/peste-600-de-fermieri-au-primit-platile-restante-la-subventii-pentru-anul-2o16\/","url":"https:\/\/www.btv.md\/ro\/peste-600-de-fermieri-au-primit-platile-restante-la-subventii-pentru-anul-2o16\/","name":"PESTE 600 DE FERMIERI AU PRIMIT PL\u0102\u021aILE RESTANTE LA SUBVEN\u021aII PENTRU ANUL 2O16 - BTV","isPartOf":{"@id":"https:\/\/www.btv.md\/#website"},"primaryImageOfPage":{"@id":"https:\/\/www.btv.md\/ro\/peste-600-de-fermieri-au-primit-platile-restante-la-subventii-pentru-anul-2o16\/#primaryimage"},"image":{"@id":"https:\/\/www.btv.md\/ro\/peste-600-de-fermieri-au-primit-platile-restante-la-subventii-pentru-anul-2o16\/#primaryimage"},"thumbnailUrl":"https:\/\/www.btv.md\/wp-content\/uploads\/2016\/04\/subventii-600x400.jpg","datePublished":"2016-04-04T09:46:10+00:00","author":{"@id":"https:\/\/www.btv.md\/#\/schema\/person\/8fadce81561b3ce2c34c46dadc4ccbf2"},"inLanguage":"ro-RO","potentialAction":[{"@type":"ReadAction","target":["https:\/\/www.btv.md\/ro\/peste-600-de-fermieri-au-primit-platile-restante-la-subventii-pentru-anul-2o16\/"]}]},{"@type":"ImageObject","inLanguage":"ro-RO","@id":"https:\/\/www.btv.md\/ro\/peste-600-de-fermieri-au-primit-platile-restante-la-subventii-pentru-anul-2o16\/#primaryimage","url":"https:\/\/www.btv.md\/wp-content\/uploads\/2016\/04\/subventii-600x400.jpg","contentUrl":"https:\/\/www.btv.md\/wp-content\/uploads\/2016\/04\/subventii-600x400.jpg","width":600,"height":400,"caption":"agrobiznes.md"},{"@type":"WebSite","@id":"https:\/\/www.btv.md\/#website","url":"https:\/\/www.btv.md\/","name":"BTV","description":"\u0411\u0435\u043b\u044c\u0446\u043a\u043e\u0435 \u0442\u0435\u043b\u0435\u0432\u0438\u0434\u0435\u043d\u0438\u0435","potentialAction":[{"@type":"SearchAction","target":{"@type":"EntryPoint","urlTemplate":"https:\/\/www.btv.md\/?s={search_term_string}"},"query-input":{"@type":"PropertyValueSpecification","valueRequired":true,"valueName":"search_term_string"}}],"inLanguage":"ro-RO"},{"@type":"Person","@id":"https:\/\/www.btv.md\/#\/schema\/person\/8fadce81561b3ce2c34c46dadc4ccbf2","name":"admin"}]}},"_links":{"self":[{"href":"https:\/\/www.btv.md\/ro\/wp-json\/wp\/v2\/posts\/10104","targetHints":{"allow":["GET"]}}],"collection":[{"href":"https:\/\/www.btv.md\/ro\/wp-json\/wp\/v2\/posts"}],"about":[{"href":"https:\/\/www.btv.md\/ro\/wp-json\/wp\/v2\/types\/post"}],"author":[{"embeddable":true,"href":"https:\/\/www.btv.md\/ro\/wp-json\/wp\/v2\/users\/4"}],"replies":[{"embeddable":true,"href":"https:\/\/www.btv.md\/ro\/wp-json\/wp\/v2\/comments?post=10104"}],"version-history":[{"count":0,"href":"https:\/\/www.btv.md\/ro\/wp-json\/wp\/v2\/posts\/10104\/revisions"}],"wp:featuredmedia":[{"embeddable":true,"href":"https:\/\/www.btv.md\/ro\/wp-json\/wp\/v2\/media\/10105"}],"wp:attachment":[{"href":"https:\/\/www.btv.md\/ro\/wp-json\/wp\/v2\/media?parent=10104"}],"wp:term":[{"taxonomy":"category","embeddable":true,"href":"https:\/\/www.btv.md\/ro\/wp-json\/wp\/v2\/categories?post=10104"},{"taxonomy":"post_tag","embeddable":true,"href":"https:\/\/www.btv.md\/ro\/wp-json\/wp\/v2\/tags?post=10104"}],"curies":[{"name":"wp","href":"https:\/\/api.w.org\/{rel}","templated":true}]}}