{"id":10107,"date":"2016-04-04T13:26:36","date_gmt":"2016-04-04T10:26:36","guid":{"rendered":"http:\/\/btv.md\/?p=10107"},"modified":"2016-04-04T13:26:36","modified_gmt":"2016-04-04T10:26:36","slug":"introducerea-taxei-pe-ambalaj-va-crea-probleme-exportatorilor","status":"publish","type":"post","link":"https:\/\/www.btv.md\/ro\/introducerea-taxei-pe-ambalaj-va-crea-probleme-exportatorilor\/","title":{"rendered":"INTRODUCEREA  TAXEI  PE  AMBALAJ  VA  CREA  PROBLEME  EXPORTATORILOR"},"content":{"rendered":"<p><strong>Politica bugetar-fiscal\u0103 pe anul 2016 nu \u00eencurajeaz\u0103 produc\u0103torii s\u0103 exporte, iar introducerea taxei pe ambalaj va crea piedici \u0219i mai mari pentru exportatori.<\/strong><\/p>\n<p>Acest fapt l-a declarat deputatul din partea frac\u021biunii PCRM Oleg Reidman \u00een cadrul dezbaterii \u00een Parlament a proiectului politicii bugetar-fiscale pe anul 2016, adoptat \u00een prima lectur\u0103, relateaz\u0103 <a href=\"http:\/\/www.noi.md\/md\/news_id\/81911\" target=\"_blank\">NOI.md<\/a>.<\/p>\n<p>El a men\u021bionat c\u0103 \u00een urma introducerii taxei noi produsele moldovene\u0219ti vor deveni mai pu\u021bin competitive.<\/p>\n<p>Oleg Reidman consider\u0103 c\u0103 urmeaz\u0103 s\u0103 fie prev\u0103zut\u0103 ordinea restituirii taxei de ambalaj \u00een func\u021bie de volumul m\u0103rfurilor exportate \u00een acest ambalaj.<\/p>\n<p>Proiectul politicii bugetar-fiscale pe anul 2016 prevede introducerea unei taxe pe ambalajul din plastic, aluminiu \u0219i ambalaj compozit pentru persoanele fizice \u0219i juridice care pun astfel de ambalaj \u00een circula\u021bie pe pia\u021ba intern\u0103 \u00een urm\u0103toarele cazuri: a) ambalajul a fost importat cu con\u021binut de produs sau f\u0103r\u0103 acesta; b) ambalajul este fabricat pe teritoriul \u021b\u0103rii.<\/p>\n<p>Se preconizeaz\u0103 c\u0103 valoarea taxei de ambalaj se va stabili pentru o unitate de ambalaj, \u00een func\u021bie de volumul acestuia: p\u00een\u0103 la 0,5 litri \u2013 0,40 bani; de la 0,501itri la un litru \u2013 0,80 bani, de la 1,001 litri p\u00een\u0103 la 3 litri \u2013 1,50 lei.<\/p>\n","protected":false},"excerpt":{"rendered":"<p>Politica bugetar-fiscal\u0103 pe anul 2016 nu \u00eencurajeaz\u0103 produc\u0103torii s\u0103 exporte, iar introducerea taxei pe ambalaj va crea piedici \u0219i mai mari pentru exportatori. Acest fapt l-a declarat deputatul din partea frac\u021biunii PCRM Oleg Reidman \u00een cadrul dezbaterii \u00een Parlament a proiectului politicii bugetar-fiscale pe anul 2016, adoptat \u00een prima lectur\u0103, relateaz\u0103 NOI.md. El a men\u021bionat [&hellip;]<\/p>\n","protected":false},"author":4,"featured_media":10108,"comment_status":"closed","ping_status":"closed","sticky":false,"template":"","format":"standard","meta":{"footnotes":""},"categories":[6369],"tags":[],"class_list":["post-10107","post","type-post","status-publish","format-standard","has-post-thumbnail","hentry","category-economie-ro"],"yoast_head":"<!-- This site is optimized with the Yoast SEO plugin v27.4 - https:\/\/yoast.com\/product\/yoast-seo-wordpress\/ -->\n<title>INTRODUCEREA TAXEI PE AMBALAJ VA CREA PROBLEME EXPORTATORILOR - BTV<\/title>\n<meta name=\"robots\" content=\"index, follow, max-snippet:-1, max-image-preview:large, max-video-preview:-1\" \/>\n<link rel=\"canonical\" href=\"https:\/\/www.btv.md\/ro\/introducerea-taxei-pe-ambalaj-va-crea-probleme-exportatorilor\/\" \/>\n<meta property=\"og:locale\" content=\"ro_RO\" \/>\n<meta property=\"og:type\" content=\"article\" \/>\n<meta property=\"og:title\" content=\"INTRODUCEREA TAXEI PE AMBALAJ VA CREA PROBLEME EXPORTATORILOR - BTV\" \/>\n<meta property=\"og:description\" content=\"Politica bugetar-fiscal\u0103 pe anul 2016 nu \u00eencurajeaz\u0103 produc\u0103torii s\u0103 exporte, iar introducerea taxei pe ambalaj va crea piedici \u0219i mai mari pentru exportatori. Acest fapt l-a declarat deputatul din partea frac\u021biunii PCRM Oleg Reidman \u00een cadrul dezbaterii \u00een Parlament a proiectului politicii bugetar-fiscale pe anul 2016, adoptat \u00een prima lectur\u0103, relateaz\u0103 NOI.md. El a men\u021bionat [&hellip;]\" \/>\n<meta property=\"og:url\" content=\"https:\/\/www.btv.md\/ro\/introducerea-taxei-pe-ambalaj-va-crea-probleme-exportatorilor\/\" \/>\n<meta property=\"og:site_name\" content=\"BTV\" \/>\n<meta property=\"article:publisher\" content=\"https:\/\/www.facebook.com\/btvmoldova\/\" \/>\n<meta property=\"article:published_time\" content=\"2016-04-04T10:26:36+00:00\" \/>\n<meta property=\"og:image\" content=\"https:\/\/www.btv.md\/wp-content\/uploads\/2016\/04\/upak2.jpg\" \/>\n\t<meta property=\"og:image:width\" content=\"1459\" \/>\n\t<meta property=\"og:image:height\" content=\"1200\" \/>\n\t<meta property=\"og:image:type\" content=\"image\/jpeg\" \/>\n<meta name=\"author\" content=\"admin\" \/>\n<meta name=\"twitter:label1\" content=\"Scris de\" \/>\n\t<meta name=\"twitter:data1\" content=\"admin\" \/>\n\t<meta name=\"twitter:label2\" content=\"Timp estimat pentru citire\" \/>\n\t<meta name=\"twitter:data2\" content=\"1 minut\" \/>\n<script type=\"application\/ld+json\" class=\"yoast-schema-graph\">{\"@context\":\"https:\\\/\\\/schema.org\",\"@graph\":[{\"@type\":\"Article\",\"@id\":\"https:\\\/\\\/www.btv.md\\\/ro\\\/introducerea-taxei-pe-ambalaj-va-crea-probleme-exportatorilor\\\/#article\",\"isPartOf\":{\"@id\":\"https:\\\/\\\/www.btv.md\\\/ro\\\/introducerea-taxei-pe-ambalaj-va-crea-probleme-exportatorilor\\\/\"},\"author\":{\"name\":\"admin\",\"@id\":\"https:\\\/\\\/www.btv.md\\\/#\\\/schema\\\/person\\\/8fadce81561b3ce2c34c46dadc4ccbf2\"},\"headline\":\"INTRODUCEREA TAXEI PE AMBALAJ VA CREA PROBLEME EXPORTATORILOR\",\"datePublished\":\"2016-04-04T10:26:36+00:00\",\"mainEntityOfPage\":{\"@id\":\"https:\\\/\\\/www.btv.md\\\/ro\\\/introducerea-taxei-pe-ambalaj-va-crea-probleme-exportatorilor\\\/\"},\"wordCount\":205,\"image\":{\"@id\":\"https:\\\/\\\/www.btv.md\\\/ro\\\/introducerea-taxei-pe-ambalaj-va-crea-probleme-exportatorilor\\\/#primaryimage\"},\"thumbnailUrl\":\"https:\\\/\\\/www.btv.md\\\/wp-content\\\/uploads\\\/2016\\\/04\\\/upak2.jpg\",\"articleSection\":[\"Economie\"],\"inLanguage\":\"ro-RO\"},{\"@type\":\"WebPage\",\"@id\":\"https:\\\/\\\/www.btv.md\\\/ro\\\/introducerea-taxei-pe-ambalaj-va-crea-probleme-exportatorilor\\\/\",\"url\":\"https:\\\/\\\/www.btv.md\\\/ro\\\/introducerea-taxei-pe-ambalaj-va-crea-probleme-exportatorilor\\\/\",\"name\":\"INTRODUCEREA TAXEI PE AMBALAJ VA CREA PROBLEME EXPORTATORILOR - BTV\",\"isPartOf\":{\"@id\":\"https:\\\/\\\/www.btv.md\\\/#website\"},\"primaryImageOfPage\":{\"@id\":\"https:\\\/\\\/www.btv.md\\\/ro\\\/introducerea-taxei-pe-ambalaj-va-crea-probleme-exportatorilor\\\/#primaryimage\"},\"image\":{\"@id\":\"https:\\\/\\\/www.btv.md\\\/ro\\\/introducerea-taxei-pe-ambalaj-va-crea-probleme-exportatorilor\\\/#primaryimage\"},\"thumbnailUrl\":\"https:\\\/\\\/www.btv.md\\\/wp-content\\\/uploads\\\/2016\\\/04\\\/upak2.jpg\",\"datePublished\":\"2016-04-04T10:26:36+00:00\",\"author\":{\"@id\":\"https:\\\/\\\/www.btv.md\\\/#\\\/schema\\\/person\\\/8fadce81561b3ce2c34c46dadc4ccbf2\"},\"inLanguage\":\"ro-RO\",\"potentialAction\":[{\"@type\":\"ReadAction\",\"target\":[\"https:\\\/\\\/www.btv.md\\\/ro\\\/introducerea-taxei-pe-ambalaj-va-crea-probleme-exportatorilor\\\/\"]}]},{\"@type\":\"ImageObject\",\"inLanguage\":\"ro-RO\",\"@id\":\"https:\\\/\\\/www.btv.md\\\/ro\\\/introducerea-taxei-pe-ambalaj-va-crea-probleme-exportatorilor\\\/#primaryimage\",\"url\":\"https:\\\/\\\/www.btv.md\\\/wp-content\\\/uploads\\\/2016\\\/04\\\/upak2.jpg\",\"contentUrl\":\"https:\\\/\\\/www.btv.md\\\/wp-content\\\/uploads\\\/2016\\\/04\\\/upak2.jpg\",\"width\":1459,\"height\":1200,\"caption\":\"www.noi.md\"},{\"@type\":\"WebSite\",\"@id\":\"https:\\\/\\\/www.btv.md\\\/#website\",\"url\":\"https:\\\/\\\/www.btv.md\\\/\",\"name\":\"BTV\",\"description\":\"\u0411\u0435\u043b\u044c\u0446\u043a\u043e\u0435 \u0442\u0435\u043b\u0435\u0432\u0438\u0434\u0435\u043d\u0438\u0435\",\"potentialAction\":[{\"@type\":\"SearchAction\",\"target\":{\"@type\":\"EntryPoint\",\"urlTemplate\":\"https:\\\/\\\/www.btv.md\\\/?s={search_term_string}\"},\"query-input\":{\"@type\":\"PropertyValueSpecification\",\"valueRequired\":true,\"valueName\":\"search_term_string\"}}],\"inLanguage\":\"ro-RO\"},{\"@type\":\"Person\",\"@id\":\"https:\\\/\\\/www.btv.md\\\/#\\\/schema\\\/person\\\/8fadce81561b3ce2c34c46dadc4ccbf2\",\"name\":\"admin\"}]}<\/script>\n<!-- \/ Yoast SEO plugin. -->","yoast_head_json":{"title":"INTRODUCEREA TAXEI PE AMBALAJ VA CREA PROBLEME EXPORTATORILOR - BTV","robots":{"index":"index","follow":"follow","max-snippet":"max-snippet:-1","max-image-preview":"max-image-preview:large","max-video-preview":"max-video-preview:-1"},"canonical":"https:\/\/www.btv.md\/ro\/introducerea-taxei-pe-ambalaj-va-crea-probleme-exportatorilor\/","og_locale":"ro_RO","og_type":"article","og_title":"INTRODUCEREA TAXEI PE AMBALAJ VA CREA PROBLEME EXPORTATORILOR - BTV","og_description":"Politica bugetar-fiscal\u0103 pe anul 2016 nu \u00eencurajeaz\u0103 produc\u0103torii s\u0103 exporte, iar introducerea taxei pe ambalaj va crea piedici \u0219i mai mari pentru exportatori. Acest fapt l-a declarat deputatul din partea frac\u021biunii PCRM Oleg Reidman \u00een cadrul dezbaterii \u00een Parlament a proiectului politicii bugetar-fiscale pe anul 2016, adoptat \u00een prima lectur\u0103, relateaz\u0103 NOI.md. El a men\u021bionat [&hellip;]","og_url":"https:\/\/www.btv.md\/ro\/introducerea-taxei-pe-ambalaj-va-crea-probleme-exportatorilor\/","og_site_name":"BTV","article_publisher":"https:\/\/www.facebook.com\/btvmoldova\/","article_published_time":"2016-04-04T10:26:36+00:00","og_image":[{"width":1459,"height":1200,"url":"https:\/\/www.btv.md\/wp-content\/uploads\/2016\/04\/upak2.jpg","type":"image\/jpeg"}],"author":"admin","twitter_misc":{"Scris de":"admin","Timp estimat pentru citire":"1 minut"},"schema":{"@context":"https:\/\/schema.org","@graph":[{"@type":"Article","@id":"https:\/\/www.btv.md\/ro\/introducerea-taxei-pe-ambalaj-va-crea-probleme-exportatorilor\/#article","isPartOf":{"@id":"https:\/\/www.btv.md\/ro\/introducerea-taxei-pe-ambalaj-va-crea-probleme-exportatorilor\/"},"author":{"name":"admin","@id":"https:\/\/www.btv.md\/#\/schema\/person\/8fadce81561b3ce2c34c46dadc4ccbf2"},"headline":"INTRODUCEREA TAXEI PE AMBALAJ VA CREA PROBLEME EXPORTATORILOR","datePublished":"2016-04-04T10:26:36+00:00","mainEntityOfPage":{"@id":"https:\/\/www.btv.md\/ro\/introducerea-taxei-pe-ambalaj-va-crea-probleme-exportatorilor\/"},"wordCount":205,"image":{"@id":"https:\/\/www.btv.md\/ro\/introducerea-taxei-pe-ambalaj-va-crea-probleme-exportatorilor\/#primaryimage"},"thumbnailUrl":"https:\/\/www.btv.md\/wp-content\/uploads\/2016\/04\/upak2.jpg","articleSection":["Economie"],"inLanguage":"ro-RO"},{"@type":"WebPage","@id":"https:\/\/www.btv.md\/ro\/introducerea-taxei-pe-ambalaj-va-crea-probleme-exportatorilor\/","url":"https:\/\/www.btv.md\/ro\/introducerea-taxei-pe-ambalaj-va-crea-probleme-exportatorilor\/","name":"INTRODUCEREA TAXEI PE AMBALAJ VA CREA PROBLEME EXPORTATORILOR - BTV","isPartOf":{"@id":"https:\/\/www.btv.md\/#website"},"primaryImageOfPage":{"@id":"https:\/\/www.btv.md\/ro\/introducerea-taxei-pe-ambalaj-va-crea-probleme-exportatorilor\/#primaryimage"},"image":{"@id":"https:\/\/www.btv.md\/ro\/introducerea-taxei-pe-ambalaj-va-crea-probleme-exportatorilor\/#primaryimage"},"thumbnailUrl":"https:\/\/www.btv.md\/wp-content\/uploads\/2016\/04\/upak2.jpg","datePublished":"2016-04-04T10:26:36+00:00","author":{"@id":"https:\/\/www.btv.md\/#\/schema\/person\/8fadce81561b3ce2c34c46dadc4ccbf2"},"inLanguage":"ro-RO","potentialAction":[{"@type":"ReadAction","target":["https:\/\/www.btv.md\/ro\/introducerea-taxei-pe-ambalaj-va-crea-probleme-exportatorilor\/"]}]},{"@type":"ImageObject","inLanguage":"ro-RO","@id":"https:\/\/www.btv.md\/ro\/introducerea-taxei-pe-ambalaj-va-crea-probleme-exportatorilor\/#primaryimage","url":"https:\/\/www.btv.md\/wp-content\/uploads\/2016\/04\/upak2.jpg","contentUrl":"https:\/\/www.btv.md\/wp-content\/uploads\/2016\/04\/upak2.jpg","width":1459,"height":1200,"caption":"www.noi.md"},{"@type":"WebSite","@id":"https:\/\/www.btv.md\/#website","url":"https:\/\/www.btv.md\/","name":"BTV","description":"\u0411\u0435\u043b\u044c\u0446\u043a\u043e\u0435 \u0442\u0435\u043b\u0435\u0432\u0438\u0434\u0435\u043d\u0438\u0435","potentialAction":[{"@type":"SearchAction","target":{"@type":"EntryPoint","urlTemplate":"https:\/\/www.btv.md\/?s={search_term_string}"},"query-input":{"@type":"PropertyValueSpecification","valueRequired":true,"valueName":"search_term_string"}}],"inLanguage":"ro-RO"},{"@type":"Person","@id":"https:\/\/www.btv.md\/#\/schema\/person\/8fadce81561b3ce2c34c46dadc4ccbf2","name":"admin"}]}},"_links":{"self":[{"href":"https:\/\/www.btv.md\/ro\/wp-json\/wp\/v2\/posts\/10107","targetHints":{"allow":["GET"]}}],"collection":[{"href":"https:\/\/www.btv.md\/ro\/wp-json\/wp\/v2\/posts"}],"about":[{"href":"https:\/\/www.btv.md\/ro\/wp-json\/wp\/v2\/types\/post"}],"author":[{"embeddable":true,"href":"https:\/\/www.btv.md\/ro\/wp-json\/wp\/v2\/users\/4"}],"replies":[{"embeddable":true,"href":"https:\/\/www.btv.md\/ro\/wp-json\/wp\/v2\/comments?post=10107"}],"version-history":[{"count":0,"href":"https:\/\/www.btv.md\/ro\/wp-json\/wp\/v2\/posts\/10107\/revisions"}],"wp:featuredmedia":[{"embeddable":true,"href":"https:\/\/www.btv.md\/ro\/wp-json\/wp\/v2\/media\/10108"}],"wp:attachment":[{"href":"https:\/\/www.btv.md\/ro\/wp-json\/wp\/v2\/media?parent=10107"}],"wp:term":[{"taxonomy":"category","embeddable":true,"href":"https:\/\/www.btv.md\/ro\/wp-json\/wp\/v2\/categories?post=10107"},{"taxonomy":"post_tag","embeddable":true,"href":"https:\/\/www.btv.md\/ro\/wp-json\/wp\/v2\/tags?post=10107"}],"curies":[{"name":"wp","href":"https:\/\/api.w.org\/{rel}","templated":true}]}}