{"id":10114,"date":"2016-04-04T14:14:47","date_gmt":"2016-04-04T11:14:47","guid":{"rendered":"http:\/\/btv.md\/?p=10114"},"modified":"2016-04-04T14:14:47","modified_gmt":"2016-04-04T11:14:47","slug":"strangere-de-fonduri-pentru-victimele-conflictului-din-ucraina","status":"publish","type":"post","link":"https:\/\/www.btv.md\/ro\/strangere-de-fonduri-pentru-victimele-conflictului-din-ucraina\/","title":{"rendered":"Str\u00e2ngere de fonduri pentru victimele conflictului din Ucraina"},"content":{"rendered":"<p><strong>AC\u021aIUNE  DE  STR\u00c2NGERE  DE  FONDURI  PENTRU  VICTIMELE  DIN  UCRAINA<\/strong><\/p>\n<p><strong>Papa Francisc a invitat credincio\u015fii s\u0103 fac\u0103 \u201edona\u0163ii generoase\u201c pentru victimele conflictului din Ucraina \u00een cursul unei str\u00e2ngeri speciale de fonduri care se va organiza duminic\u0103, 24 aprilie, \u00een toate bisericile catolice din Europa, relateaz\u0103 agen\u0163iile de pres\u0103 EFE \u015fi DPA, citate de Agerpres.<\/strong><\/p>\n<p>Suveranul Pontif a adresat acest apel \u00een fa\u0163a a peste 20.000 de persoane, \u00een timpul unei slujbe \u00een aer liber \u0163inute duminic\u0103 \u00een Pia\u0163a Sf\u00e2ntul Petru din Roma consacrate \u201eMilostivirii Divine\u201c. <\/p>\n<p>\u201e<em>Este un gest de caritate care s\u0103 u\u015fureze suferin\u0163ele materiale \u015fi care, \u00een plus, vrea s\u0103 dovedeasc\u0103 apropierea \u015fi solidaritatea mea \u015fi a \u00eentregii biserici fa\u0163\u0103 de Ucraina<\/em>\u201c, a spus papa, pled\u00e2nd pentru \u201epace \u015fi respectarea legii pe acest p\u0103m\u00e2nt care a suferit at\u00e2t de mult\u201c.<\/p>\n<p>\u201e<em>B\u0103tr\u00e2nii \u015fi copiii sunt cei mai afecta\u0163i. Le sunt al\u0103turi constant cu g\u00e2ndurile \u015fi rug\u0103ciunile mele \u015fi am decis s\u0103 mobilizez acest ajutor umanitar pentru ei<\/em>\u201c, a afimat Suverantul Pontif, men\u0163ion\u00e2nd c\u0103 este foarte impresionat de faptul c\u0103 \u201e<em>peste un milion de ucraineni au fost nevoi\u0163i s\u0103-\u015fi p\u0103r\u0103seasc\u0103 locuin\u0163ele<\/em>\u201c din cauza violen\u0163elor din \u0163ara lor. <\/p>\n<p>Totodat\u0103, Sf\u00e2ntul P\u0103rinte a cerut credincio\u015filor \u201es\u0103 fie purt\u0103tori ai p\u0103cii\u201c, \u201eo pace care nu divide, ci une\u015fte\u201c, \u015fi, de asemenea, \u201es\u0103 fie apostoli ai milostivirii\u201c \u015fi s\u0103 fac\u0103 eforturi pentru a aduce bl\u00e2nde\u0163e \u015fi consolare \u201eunei omeniri mereu r\u0103nite \u015fi tem\u0103toare, care poart\u0103 cicatricile durerii \u015fi nesiguran\u0163ei\u201c. <\/p>\n<p>\u00cen cadrul marc\u0103rii \u201eSpiritualit\u0103\u0163ii Milostivirii Divine\u201c, Papa Francisc a luat parte, s\u00e2mb\u0103t\u0103 seara, la o rug\u0103ciune \u00een Pia\u0163a Sf\u00e2ntul Petru \u00een memoria Papei Ioan Paul al II-lea, de la a c\u0103rui moarte s-au \u00eemplinit 11 ani la 2 aprilie, noteaz\u0103 Agerpres.<\/p>\n<p>adevarul.ro<\/p>\n<p><strong>PANAMA  PAPERS  DEZV\u0102LUIE  O  RE\u021aEA  GLOBAL\u0102  DE  CORUP\u021aIE<\/strong><\/p>\n<p><strong>Aproximativ 11 milioane de documente au fost f\u0103cute publice, dezv\u0103luind cum unii dintre cei mai boga\u0163i oameni de pe plantet\u0103 se folosesc de diverse scheme pentru a-\u015fi ascunde averile, informeaz\u0103 BBC.<\/strong><\/p>\n<p>Potrivit informa\u0163iilor oferite de BBC, documentele ar apar\u0163ine uneia dintre cele mai bine ascunse companii din lume, firma de avoca\u0163i Mossack Fonseca din Panama.<\/p>\n<p>Ace\u015ftia arat\u0103 cum Mossack Fonseca a ajutat diver\u015fi cline\u0163i \u00een sp\u0103larea de bani, evitarea de sanc\u0163iuni ori a taxelor.<br \/>\nDocumentele arat\u0103 leg\u0103turi c\u0103tre 72 de actuali sau fo\u015fti \u015fefi de state, inclusiv dictatori acuza\u0163i de jafuri \u00een propriile \u0163\u0103ri.<\/p>\n<p>BBC Panorama este printre cele 107 organiza\u0163ii media din 78 de \u0163\u0103ri ce au analizat documentele, identitatea sursei ini\u0163iale r\u0103m\u00e2n\u00e2nd \u00eens\u0103 un mister.<\/p>\n<p>\u00cen plus, documentele arat\u0103 un cerc condus de o banc\u0103 din Rusia, responsabil\u0103 de sp\u0103larea a peste un miliard de dolari, \u00een care sunt implica\u0163i asocia\u0163i apropia\u0163i lui Putin. Opera\u0163iunea era condus\u0103 de Bank Rossiya, ce intr\u0103 sub inciden\u0163a sanc\u0163iunilor impuse anex\u0103rii Crimeei de c\u0103re Rusia.<\/p>\n<p>mediafax.ro<\/p>\n<p><strong>RUSIA  AR  PUTEA  MAJORA  TAXELE  IMPUSE  INDUSTRIEI  PETROLIERE  LOCALE<\/strong><\/p>\n<p><strong>Un conflict puternic este pe cale s\u0103 izbucneasc\u0103 \u00een Rusia \u00een con\u00acdi\u0163iile \u00een care ministerul de finan\u0163e al \u0163\u0103rii \u015fi-a exprimat inten\u0163ia de a majora taxele impuse industriei petroliere locale pentru a aduce bani la buget, potrivit CNBC.<\/strong><\/p>\n<p>Declinul economiei \u015fi pr\u0103\u00acbu\u015firea pre\u0163urilor petrolului au afectat puternic bugetul \u0163\u0103rii, determin\u00e2ndu-i pe oficialii ru\u015fi s\u0103 \u00eencerce s\u0103 ob\u0163in\u0103 venituri mai mari de la companiile energetice locale \u00een loc s\u0103 aplice reduceri drastice de costuri care, se tem ace\u015ftia, ar pu\u00actea avea consecin\u0163e politice dra\u00acmatice.<\/p>\n<p>Planul, unul viabil pe termen scurt din perspectiva Kremlinului, ar putea pune pe butuci industria petrolier\u0103 a \u0163\u0103rii, afect\u00e2nd prin urmare perspectivele de cre\u015ftere pe termen lung ale Rusiei, aver\u00actizeaz\u0103 speciali\u015ftii.<\/p>\n<p>\u201e<em>Planul ar avea efecte pe termen lung<\/em>\u201c, afirm\u0103 Lauren Goodrich, analist al firmei Strat\u00acfor. Dac\u0103 sectorul resurselor ener\u00acgetice al Rusiei nu beneficiaz\u0103 de noi investi\u0163ii \u00een urm\u0103torii doi ani, \u0163ara s-ar putea confrunta cu declinuri prelungite ale produc\u0163iei de petrol, avertizeaz\u0103 Goodrich.<\/p>\n<p>\u00cen condi\u0163iile \u00een care sanc\u0163iunile \u0163in departe investi\u0163iile din afar\u0103, companiile energetice locale re\u00acprezint\u0103 baza Rusiei pentru men\u00ac\u0163inerea nivelurilor de produc\u0163ie pe o pia\u0163\u0103 mondial\u0103 din ce \u00een ce mai competitiv\u0103.<\/p>\n<p>Sanc\u0163iunile occidentale, pre\u0163u\u00acrile sc\u0103zute ale petrolului \u015fi cos\u00acturile guvernamentale ridicate au lovit puternic Rusia. Date recente arat\u0103 c\u0103 economia s-a contractat cu 3,7% \u00een 2015 comparativ cu 2014. \u00centre timp, rubla s-a depre\u00acciat cu aproximativ 55% din 2014.  Totu\u015fi, companiile petroliere locale au reu\u015fit s\u0103 fac\u0103 fa\u0163\u0103 dificult\u0103\u0163ilor.<\/p>\n<p>Cu profituri \u00een dolari \u015fi costuri locale \u00een ruble, gigan\u0163ii energetici ru\u015fi s-au descurcat mai bine dec\u00e2t rivalii interna\u0163ionali. Totu\u015fi, guvernul rus \u015fi-a legat impozitarea progresiv\u0103 de pre\u0163ul petrolului, astfel \u00eenc\u00e2t veniturile sunt mult mai sc\u0103zute la actualul pre\u0163 de sub 40 dolari dec\u00e2t \u00een perioada c\u00e2nd petrolul dep\u0103\u015fea 100 dolari. <\/p>\n<p>Taxele generate din sectorul petrolier au totalizat aproape 50% din veniturile fiscale ale Rusiei \u00een 2014.<\/p>\n<p>\u00cens\u0103 nu toat\u0103 lumea consider\u0103 c\u0103 noul plan de majorare a taxelor va avea efecte negative asupra economiei.<\/p>\n<p>Ildar Davle\u0163in, analist al Rennaissance Capital, argu\u00acmen\u00acteaz\u0103 c\u0103 declinul produc\u0163iei ge\u00acnerat de reducerea investi\u0163iilor va fi de numai c\u00e2teva puncte pro\u00accentuale, f\u0103r\u0103 a produce un im\u00acpact dramatic asupra economiei.<\/p>\n<p>De fapt, spune Davle\u0163in, u\u015foara sc\u0103\u00acdere a produc\u0163iei Rusiei ar putea \u00eempinge pre\u00ac\u0163urile \u00een sus, aduc\u00e2nd Rusiei venituri \u00een cre\u015ftere. Aceste fon-duri la r\u00e2ndul lor ar putea fi folosite pentru reducerea dependen\u0163ei economiei ruse de petrol.<\/p>\n<p>Pentru al\u0163ii, \u00eens\u0103, acesta este un scenariu fantezist.<\/p>\n<p>\u00centre timp, produc\u0163ia petro\u00aclier\u0103 a Rusiei a crescut cu 0,3% p\u00e2n\u0103 la 10,91 milioane de barili pe zi \u00een martie, cel mai ridicat nivel din aproape 30 de ani, pun\u00e2nd sub semnul \u00eentreb\u0103rii angajamentul Moscovei de a \u00eenghe\u0163a produc\u0163ia \u00eenainte de reuniunea produc\u0103\u00actorilor din Doha din 17 aprilie, potrivit Reuters.<\/p>\n<p>Ministrul rus al energiei Alexander Novak a declarat c\u0103 produc\u0163ia din martie nu va reprezenta un obstacol \u00een calea respect\u0103rii angajamentului Rusiei.<\/p>\n<p>zf.ro<\/p>\n<p><strong>ROM\u00c2NIA  \u0218I  SPANIA  \u00ceMPOTRIVA  TERORISMULUI<\/strong><\/p>\n<p><strong>\u00cen ultimii cinci ani, organiza\u021biile teroriste au dus la cap\u0103t 23.000 de atentate care s-au soldat cu moartea a 80.000 de oameni, pe tot globul.  Din acest motiv, Rom\u00e2nia \u015fi Spania au lansat ideea unei Cur\u0163ii Interna\u0163ionale \u00eempotriva Terorismului. Dac\u0103 ini\u0163iativa va prinde contur, 15 magistra\u0163i ar urma s\u0103-i judece pe cei care comit atacuri teroriste. \u00cen plus, ar \u00eencerca s\u0103 rezolve \u015fi problema de comunicare dintre statele care nu colaboreaz\u0103 \u00een acest domeniu.<\/strong><\/p>\n<p>\u00cenfiin\u0163area unei Cur\u0163ii Interna\u0163ionale \u00eempotriva terorismului este absolut necesar\u0103, spun diploma\u0163ii care au ini\u0163iat acest proiect. De la \u00eenceputul acestui an, au fost \u00eenregistrate \u00een medie trei atentate pe zi. Ambasadorul Bogdan Aurescu, ini\u0163iatorul proiectului, sus\u0163ine c\u0103 legisla\u0163ia interna\u0163ional\u0103 are mari lipsuri \u00een a combate terorismul \u015fi a-i aduce \u00een fa\u0163a justi\u0163iei pe cei responsabili.<\/p>\n<p>Spania, \u0163ara \u00een care \u00een 2004 au murit 194 de oameni dup\u0103 ce mai multe bombe au explodat \u00een patru trenuri, sus\u0163ine proiectul.<\/p>\n<p>\u201e<em>Terorismul este, f\u0103r\u0103 \u00eendoial\u0103, una dintre crimele atroce \u00eempotriva omenirii. Din acest motiv, guvernul meu a decis de la \u00eenceput s\u0103 sprijine ini\u0163iativa rom\u00e2no-spaniol\u0103 de a crea o Curte Interna\u0163ional\u0103 \u00eempotriva Terorismului<\/em>\u201d, a declarat Ramiro Fernandez-Bachiller, ambasadorul Regatului Spaniei la Bucure\u015fti.<\/p>\n<p>\u00cen cadrul Cur\u0163ii ar urma s\u0103 func\u0163ioneze \u015fi un Biroul al Procurorului care s\u0103 aib\u0103 \u00een subordine o for\u0163\u0103 multina\u0163ional\u0103 de poli\u0163ie \u015fi securitate. Aceasta ar urma s\u0103 intervin\u0103 doar atunci c\u00e2nd sunt \u0163\u0103ri care nu vor sau care nu au capacitatea de a-i trage la r\u0103spundere pe terori\u015fti.  <\/p>\n<p>digi24.ro<\/p>\n<p><strong>ARMATA  RUS\u0102  VA  ACHIZI\u021aIONA  30  DE  AVIOANE  DE  V\u00c2N\u0102TOARE<\/strong><\/p>\n<p><strong>Ministerul rus al Apararii si constructorul aeronautic Irkont au semnat un contract pentru aproximativ 30 de avioane de v\u00e2n\u0103toare Su-30, informeaza Ministerul rus al Apararii, intr-un comunicat de presa, potrivit Agerpres.<\/strong><\/p>\n<p>In cadrul comenzii statului pentru aparare 2016-2018, Ministerul Apararii si societatea aeronautica Irkont au semnat un contract de livrare fortelor aerospatiale rusesti a unor avioane multirol Su-30SM.<br \/>\nAparatul Suhoi Su-30SM (cod NATO: Flanker-C) este o versiune modernizata a avionului de vanatoare multirol Su-30MKl, care l-a inlocuit pe predecesorul sau Su-27UB.<\/p>\n<p>Pentru a-si impune superioritatea aeriana, acest avion a fost dotat cu un radar cu antena activa si cu motoare cu tractiune vectoriala. Su-30SM figureaza printre aparatele cele mai performante ale fortelor aerospatiale ruse. Acest avion supermanevrabil din generatia 4++ este destinat sa realizeze misiuni variate ca sprijin aerian sau lovirea cu mare precizie a tintelor aeriene, terestre sau navale.<\/p>\n<p>Aparatul Su-30SM poseda manevrabilitate foarte simpla care il face capabil sa efectueze figuri de acrobatie aeriana, inclusiv sa-si reduca substantial viteza pentru a ramane \u201dsuspendat\u201d in aer, manevra care il face superior altor avioane similare straine.<\/p>\n<p>Avioanele Su-30SM si-au demonstrate eficienta in cursul operatiunii militare rusesti in Siria. Aceste aparate protejau impotriva pericolelor potentiale bombardierele in cursul misiunilor lor aeriene, dar au efectuat si lovituri impotriva elementelor de infrastrctura ale teroristilor.<\/p>\n<p>Presedintele rus Vladimir Putin a subliniat ca aceasta operatiune a constituit \u201dun examen intr-adevar serios\u201d pentru aviatia rusa, in special pentru aparatele Su-30SM, care au fost utilizate atat ca bombardiere, cat si ca avioane de vanatoare si avioane de asalt.<\/p>\n<p>Aparatele sunt construite la Fabrica de avioane din Irkutk.Alte 30 de avioane Su-30SM fusesera livrate Fortelor Aeriene Ruse in perioada 2012-2015, acest tip de aparat constituind o versiune usor imbunatatita a avioanelor livrate anterior Indiei.<\/p>\n<p>hotnews.ro<\/p>\n<p><iframe width=\"420\" height=\"315\" data-src=\"https:\/\/www.youtube.com\/embed\/V9XMtpW-Glc\" frameborder=\"0\" allowfullscreen src=\"data:image\/svg+xml;base64,PHN2ZyB3aWR0aD0iMSIgaGVpZ2h0PSIxIiB4bWxucz0iaHR0cDovL3d3dy53My5vcmcvMjAwMC9zdmciPjwvc3ZnPg==\" class=\"lazyload\" data-load-mode=\"1\"><\/iframe><\/p>\n","protected":false},"excerpt":{"rendered":"<p>AC\u021aIUNE DE STR\u00c2NGERE DE FONDURI PENTRU VICTIMELE DIN UCRAINA Papa Francisc a invitat credincio\u015fii s\u0103 fac\u0103 \u201edona\u0163ii generoase\u201c pentru victimele conflictului din Ucraina \u00een cursul unei str\u00e2ngeri speciale de fonduri care se va organiza duminic\u0103, 24 aprilie, \u00een toate bisericile catolice din Europa, relateaz\u0103 agen\u0163iile de pres\u0103 EFE \u015fi DPA, citate de Agerpres. Suveranul Pontif [&hellip;]<\/p>\n","protected":false},"author":4,"featured_media":10115,"comment_status":"closed","ping_status":"closed","sticky":false,"template":"","format":"standard","meta":{"footnotes":""},"categories":[6354],"tags":[],"class_list":["post-10114","post","type-post","status-publish","format-standard","has-post-thumbnail","hentry","category-externe-ro"],"yoast_head":"<!-- This site is optimized with the Yoast SEO plugin v27.4 - https:\/\/yoast.com\/product\/yoast-seo-wordpress\/ -->\n<title>Str\u00e2ngere de fonduri pentru victimele conflictului din Ucraina - BTV<\/title>\n<meta name=\"robots\" content=\"index, follow, max-snippet:-1, max-image-preview:large, max-video-preview:-1\" \/>\n<link rel=\"canonical\" href=\"https:\/\/www.btv.md\/ro\/strangere-de-fonduri-pentru-victimele-conflictului-din-ucraina\/\" \/>\n<meta property=\"og:locale\" content=\"ro_RO\" \/>\n<meta property=\"og:type\" content=\"article\" \/>\n<meta property=\"og:title\" content=\"Str\u00e2ngere de fonduri pentru victimele conflictului din Ucraina - BTV\" \/>\n<meta property=\"og:description\" content=\"AC\u021aIUNE DE STR\u00c2NGERE DE FONDURI PENTRU VICTIMELE DIN UCRAINA Papa Francisc a invitat credincio\u015fii s\u0103 fac\u0103 \u201edona\u0163ii generoase\u201c pentru victimele conflictului din Ucraina \u00een cursul unei str\u00e2ngeri speciale de fonduri care se va organiza duminic\u0103, 24 aprilie, \u00een toate bisericile catolice din Europa, relateaz\u0103 agen\u0163iile de pres\u0103 EFE \u015fi DPA, citate de Agerpres. Suveranul Pontif [&hellip;]\" \/>\n<meta property=\"og:url\" content=\"https:\/\/www.btv.md\/ro\/strangere-de-fonduri-pentru-victimele-conflictului-din-ucraina\/\" \/>\n<meta property=\"og:site_name\" content=\"BTV\" \/>\n<meta property=\"article:publisher\" content=\"https:\/\/www.facebook.com\/btvmoldova\/\" \/>\n<meta property=\"article:published_time\" content=\"2016-04-04T11:14:47+00:00\" \/>\n<meta property=\"og:image\" content=\"https:\/\/www.btv.md\/wp-content\/uploads\/2016\/04\/646x404.jpg\" \/>\n\t<meta property=\"og:image:width\" content=\"646\" \/>\n\t<meta property=\"og:image:height\" content=\"404\" \/>\n\t<meta property=\"og:image:type\" content=\"image\/jpeg\" \/>\n<meta name=\"author\" content=\"admin\" \/>\n<meta name=\"twitter:label1\" content=\"Scris de\" \/>\n\t<meta name=\"twitter:data1\" content=\"admin\" \/>\n\t<meta name=\"twitter:label2\" content=\"Timp estimat pentru citire\" \/>\n\t<meta name=\"twitter:data2\" content=\"8 minute\" \/>\n<script type=\"application\/ld+json\" class=\"yoast-schema-graph\">{\"@context\":\"https:\\\/\\\/schema.org\",\"@graph\":[{\"@type\":\"Article\",\"@id\":\"https:\\\/\\\/www.btv.md\\\/ro\\\/strangere-de-fonduri-pentru-victimele-conflictului-din-ucraina\\\/#article\",\"isPartOf\":{\"@id\":\"https:\\\/\\\/www.btv.md\\\/ro\\\/strangere-de-fonduri-pentru-victimele-conflictului-din-ucraina\\\/\"},\"author\":{\"name\":\"admin\",\"@id\":\"https:\\\/\\\/www.btv.md\\\/#\\\/schema\\\/person\\\/8fadce81561b3ce2c34c46dadc4ccbf2\"},\"headline\":\"Str\u00e2ngere de fonduri pentru victimele conflictului din Ucraina\",\"datePublished\":\"2016-04-04T11:14:47+00:00\",\"mainEntityOfPage\":{\"@id\":\"https:\\\/\\\/www.btv.md\\\/ro\\\/strangere-de-fonduri-pentru-victimele-conflictului-din-ucraina\\\/\"},\"wordCount\":1659,\"image\":{\"@id\":\"https:\\\/\\\/www.btv.md\\\/ro\\\/strangere-de-fonduri-pentru-victimele-conflictului-din-ucraina\\\/#primaryimage\"},\"thumbnailUrl\":\"https:\\\/\\\/www.btv.md\\\/wp-content\\\/uploads\\\/2016\\\/04\\\/646x404.jpg\",\"articleSection\":[\"Externe\"],\"inLanguage\":\"ro-RO\"},{\"@type\":\"WebPage\",\"@id\":\"https:\\\/\\\/www.btv.md\\\/ro\\\/strangere-de-fonduri-pentru-victimele-conflictului-din-ucraina\\\/\",\"url\":\"https:\\\/\\\/www.btv.md\\\/ro\\\/strangere-de-fonduri-pentru-victimele-conflictului-din-ucraina\\\/\",\"name\":\"Str\u00e2ngere de fonduri pentru victimele conflictului din Ucraina - BTV\",\"isPartOf\":{\"@id\":\"https:\\\/\\\/www.btv.md\\\/#website\"},\"primaryImageOfPage\":{\"@id\":\"https:\\\/\\\/www.btv.md\\\/ro\\\/strangere-de-fonduri-pentru-victimele-conflictului-din-ucraina\\\/#primaryimage\"},\"image\":{\"@id\":\"https:\\\/\\\/www.btv.md\\\/ro\\\/strangere-de-fonduri-pentru-victimele-conflictului-din-ucraina\\\/#primaryimage\"},\"thumbnailUrl\":\"https:\\\/\\\/www.btv.md\\\/wp-content\\\/uploads\\\/2016\\\/04\\\/646x404.jpg\",\"datePublished\":\"2016-04-04T11:14:47+00:00\",\"author\":{\"@id\":\"https:\\\/\\\/www.btv.md\\\/#\\\/schema\\\/person\\\/8fadce81561b3ce2c34c46dadc4ccbf2\"},\"inLanguage\":\"ro-RO\",\"potentialAction\":[{\"@type\":\"ReadAction\",\"target\":[\"https:\\\/\\\/www.btv.md\\\/ro\\\/strangere-de-fonduri-pentru-victimele-conflictului-din-ucraina\\\/\"]}]},{\"@type\":\"ImageObject\",\"inLanguage\":\"ro-RO\",\"@id\":\"https:\\\/\\\/www.btv.md\\\/ro\\\/strangere-de-fonduri-pentru-victimele-conflictului-din-ucraina\\\/#primaryimage\",\"url\":\"https:\\\/\\\/www.btv.md\\\/wp-content\\\/uploads\\\/2016\\\/04\\\/646x404.jpg\",\"contentUrl\":\"https:\\\/\\\/www.btv.md\\\/wp-content\\\/uploads\\\/2016\\\/04\\\/646x404.jpg\",\"width\":646,\"height\":404,\"caption\":\"infoziare.ro\"},{\"@type\":\"WebSite\",\"@id\":\"https:\\\/\\\/www.btv.md\\\/#website\",\"url\":\"https:\\\/\\\/www.btv.md\\\/\",\"name\":\"BTV\",\"description\":\"\u0411\u0435\u043b\u044c\u0446\u043a\u043e\u0435 \u0442\u0435\u043b\u0435\u0432\u0438\u0434\u0435\u043d\u0438\u0435\",\"potentialAction\":[{\"@type\":\"SearchAction\",\"target\":{\"@type\":\"EntryPoint\",\"urlTemplate\":\"https:\\\/\\\/www.btv.md\\\/?s={search_term_string}\"},\"query-input\":{\"@type\":\"PropertyValueSpecification\",\"valueRequired\":true,\"valueName\":\"search_term_string\"}}],\"inLanguage\":\"ro-RO\"},{\"@type\":\"Person\",\"@id\":\"https:\\\/\\\/www.btv.md\\\/#\\\/schema\\\/person\\\/8fadce81561b3ce2c34c46dadc4ccbf2\",\"name\":\"admin\"}]}<\/script>\n<!-- \/ Yoast SEO plugin. -->","yoast_head_json":{"title":"Str\u00e2ngere de fonduri pentru victimele conflictului din Ucraina - BTV","robots":{"index":"index","follow":"follow","max-snippet":"max-snippet:-1","max-image-preview":"max-image-preview:large","max-video-preview":"max-video-preview:-1"},"canonical":"https:\/\/www.btv.md\/ro\/strangere-de-fonduri-pentru-victimele-conflictului-din-ucraina\/","og_locale":"ro_RO","og_type":"article","og_title":"Str\u00e2ngere de fonduri pentru victimele conflictului din Ucraina - BTV","og_description":"AC\u021aIUNE DE STR\u00c2NGERE DE FONDURI PENTRU VICTIMELE DIN UCRAINA Papa Francisc a invitat credincio\u015fii s\u0103 fac\u0103 \u201edona\u0163ii generoase\u201c pentru victimele conflictului din Ucraina \u00een cursul unei str\u00e2ngeri speciale de fonduri care se va organiza duminic\u0103, 24 aprilie, \u00een toate bisericile catolice din Europa, relateaz\u0103 agen\u0163iile de pres\u0103 EFE \u015fi DPA, citate de Agerpres. Suveranul Pontif [&hellip;]","og_url":"https:\/\/www.btv.md\/ro\/strangere-de-fonduri-pentru-victimele-conflictului-din-ucraina\/","og_site_name":"BTV","article_publisher":"https:\/\/www.facebook.com\/btvmoldova\/","article_published_time":"2016-04-04T11:14:47+00:00","og_image":[{"width":646,"height":404,"url":"https:\/\/www.btv.md\/wp-content\/uploads\/2016\/04\/646x404.jpg","type":"image\/jpeg"}],"author":"admin","twitter_misc":{"Scris de":"admin","Timp estimat pentru citire":"8 minute"},"schema":{"@context":"https:\/\/schema.org","@graph":[{"@type":"Article","@id":"https:\/\/www.btv.md\/ro\/strangere-de-fonduri-pentru-victimele-conflictului-din-ucraina\/#article","isPartOf":{"@id":"https:\/\/www.btv.md\/ro\/strangere-de-fonduri-pentru-victimele-conflictului-din-ucraina\/"},"author":{"name":"admin","@id":"https:\/\/www.btv.md\/#\/schema\/person\/8fadce81561b3ce2c34c46dadc4ccbf2"},"headline":"Str\u00e2ngere de fonduri pentru victimele conflictului din Ucraina","datePublished":"2016-04-04T11:14:47+00:00","mainEntityOfPage":{"@id":"https:\/\/www.btv.md\/ro\/strangere-de-fonduri-pentru-victimele-conflictului-din-ucraina\/"},"wordCount":1659,"image":{"@id":"https:\/\/www.btv.md\/ro\/strangere-de-fonduri-pentru-victimele-conflictului-din-ucraina\/#primaryimage"},"thumbnailUrl":"https:\/\/www.btv.md\/wp-content\/uploads\/2016\/04\/646x404.jpg","articleSection":["Externe"],"inLanguage":"ro-RO"},{"@type":"WebPage","@id":"https:\/\/www.btv.md\/ro\/strangere-de-fonduri-pentru-victimele-conflictului-din-ucraina\/","url":"https:\/\/www.btv.md\/ro\/strangere-de-fonduri-pentru-victimele-conflictului-din-ucraina\/","name":"Str\u00e2ngere de fonduri pentru victimele conflictului din Ucraina - BTV","isPartOf":{"@id":"https:\/\/www.btv.md\/#website"},"primaryImageOfPage":{"@id":"https:\/\/www.btv.md\/ro\/strangere-de-fonduri-pentru-victimele-conflictului-din-ucraina\/#primaryimage"},"image":{"@id":"https:\/\/www.btv.md\/ro\/strangere-de-fonduri-pentru-victimele-conflictului-din-ucraina\/#primaryimage"},"thumbnailUrl":"https:\/\/www.btv.md\/wp-content\/uploads\/2016\/04\/646x404.jpg","datePublished":"2016-04-04T11:14:47+00:00","author":{"@id":"https:\/\/www.btv.md\/#\/schema\/person\/8fadce81561b3ce2c34c46dadc4ccbf2"},"inLanguage":"ro-RO","potentialAction":[{"@type":"ReadAction","target":["https:\/\/www.btv.md\/ro\/strangere-de-fonduri-pentru-victimele-conflictului-din-ucraina\/"]}]},{"@type":"ImageObject","inLanguage":"ro-RO","@id":"https:\/\/www.btv.md\/ro\/strangere-de-fonduri-pentru-victimele-conflictului-din-ucraina\/#primaryimage","url":"https:\/\/www.btv.md\/wp-content\/uploads\/2016\/04\/646x404.jpg","contentUrl":"https:\/\/www.btv.md\/wp-content\/uploads\/2016\/04\/646x404.jpg","width":646,"height":404,"caption":"infoziare.ro"},{"@type":"WebSite","@id":"https:\/\/www.btv.md\/#website","url":"https:\/\/www.btv.md\/","name":"BTV","description":"\u0411\u0435\u043b\u044c\u0446\u043a\u043e\u0435 \u0442\u0435\u043b\u0435\u0432\u0438\u0434\u0435\u043d\u0438\u0435","potentialAction":[{"@type":"SearchAction","target":{"@type":"EntryPoint","urlTemplate":"https:\/\/www.btv.md\/?s={search_term_string}"},"query-input":{"@type":"PropertyValueSpecification","valueRequired":true,"valueName":"search_term_string"}}],"inLanguage":"ro-RO"},{"@type":"Person","@id":"https:\/\/www.btv.md\/#\/schema\/person\/8fadce81561b3ce2c34c46dadc4ccbf2","name":"admin"}]}},"_links":{"self":[{"href":"https:\/\/www.btv.md\/ro\/wp-json\/wp\/v2\/posts\/10114","targetHints":{"allow":["GET"]}}],"collection":[{"href":"https:\/\/www.btv.md\/ro\/wp-json\/wp\/v2\/posts"}],"about":[{"href":"https:\/\/www.btv.md\/ro\/wp-json\/wp\/v2\/types\/post"}],"author":[{"embeddable":true,"href":"https:\/\/www.btv.md\/ro\/wp-json\/wp\/v2\/users\/4"}],"replies":[{"embeddable":true,"href":"https:\/\/www.btv.md\/ro\/wp-json\/wp\/v2\/comments?post=10114"}],"version-history":[{"count":0,"href":"https:\/\/www.btv.md\/ro\/wp-json\/wp\/v2\/posts\/10114\/revisions"}],"wp:featuredmedia":[{"embeddable":true,"href":"https:\/\/www.btv.md\/ro\/wp-json\/wp\/v2\/media\/10115"}],"wp:attachment":[{"href":"https:\/\/www.btv.md\/ro\/wp-json\/wp\/v2\/media?parent=10114"}],"wp:term":[{"taxonomy":"category","embeddable":true,"href":"https:\/\/www.btv.md\/ro\/wp-json\/wp\/v2\/categories?post=10114"},{"taxonomy":"post_tag","embeddable":true,"href":"https:\/\/www.btv.md\/ro\/wp-json\/wp\/v2\/tags?post=10114"}],"curies":[{"name":"wp","href":"https:\/\/api.w.org\/{rel}","templated":true}]}}