{"id":10158,"date":"2016-04-04T17:22:12","date_gmt":"2016-04-04T14:22:12","guid":{"rendered":"http:\/\/btv.md\/?p=10158"},"modified":"2016-04-06T10:38:03","modified_gmt":"2016-04-06T07:38:03","slug":"un-magazin-de-telefonie-mobila-din-balti-a-fost-pradat","status":"publish","type":"post","link":"https:\/\/www.btv.md\/ro\/un-magazin-de-telefonie-mobila-din-balti-a-fost-pradat\/","title":{"rendered":"UN  MAGAZIN  DE  TELEFONIE  MOBIL\u0102  DIN  B\u0102L\u021aI  A  FOST  PR\u0102DAT"},"content":{"rendered":"<p><strong>Un magazin de telefonie mobil\u0103 din municipiul B\u0103l\u021bi a fost pr\u0103dat \u00een seara de s\u00e2mb\u0103t\u0103 spre duminic\u0103. Potrivit poli\u021biei un indivit cu fa\u021ba acoperit\u0103 a spart cu ajutorul unui ciocan sticla de termopan \u0219i a p\u0103truns \u00een magazin. <\/strong><\/p>\n<p>Acesta a sustras mai multe telefoane mobile \u0219i l\u0103ptopuri. Valoarea total\u0103 a prejudiciului se estimeaz\u0103 \u00een jur de 125 de mii de lei. <\/p>\n<p>P\u00e2n\u0103 la aceast\u0103 or\u0103, poli\u021bia nu a reu\u0219it s\u0103 identifice vreun suspect. \u00cen acest caz a fost deschis un dosar penal pentru furt \u00een propor\u021bii deosebit de mari. Dac\u0103 va fi g\u0103sit vinovat acesta risc\u0103 p\u00e2n\u0103 la doisprezece ani de pu\u0219c\u0103rie. <\/p>\n<p>REDACTARE: IRINA BAXAN<\/p>\n<p><iframe width=\"420\" height=\"315\" data-src=\"https:\/\/www.youtube.com\/embed\/esgmwc-Dyg8\" frameborder=\"0\" allowfullscreen src=\"data:image\/svg+xml;base64,PHN2ZyB3aWR0aD0iMSIgaGVpZ2h0PSIxIiB4bWxucz0iaHR0cDovL3d3dy53My5vcmcvMjAwMC9zdmciPjwvc3ZnPg==\" class=\"lazyload\" data-load-mode=\"1\"><\/iframe><\/p>\n","protected":false},"excerpt":{"rendered":"<p>Un magazin de telefonie mobil\u0103 din municipiul B\u0103l\u021bi a fost pr\u0103dat \u00een seara de s\u00e2mb\u0103t\u0103 spre duminic\u0103. Potrivit poli\u021biei un indivit cu fa\u021ba acoperit\u0103 a spart cu ajutorul unui ciocan sticla de termopan \u0219i a p\u0103truns \u00een magazin. Acesta a sustras mai multe telefoane mobile \u0219i l\u0103ptopuri. Valoarea total\u0103 a prejudiciului se estimeaz\u0103 \u00een jur [&hellip;]<\/p>\n","protected":false},"author":4,"featured_media":10235,"comment_status":"closed","ping_status":"closed","sticky":false,"template":"","format":"standard","meta":{"footnotes":""},"categories":[6353],"tags":[],"class_list":["post-10158","post","type-post","status-publish","format-standard","has-post-thumbnail","hentry","category-oras"],"yoast_head":"<!-- This site is optimized with the Yoast SEO plugin v27.4 - https:\/\/yoast.com\/product\/yoast-seo-wordpress\/ -->\n<title>UN MAGAZIN DE TELEFONIE MOBIL\u0102 DIN B\u0102L\u021aI A FOST PR\u0102DAT - BTV<\/title>\n<meta name=\"robots\" content=\"index, follow, max-snippet:-1, max-image-preview:large, max-video-preview:-1\" \/>\n<link rel=\"canonical\" href=\"https:\/\/www.btv.md\/ro\/un-magazin-de-telefonie-mobila-din-balti-a-fost-pradat\/\" \/>\n<meta property=\"og:locale\" content=\"ro_RO\" \/>\n<meta property=\"og:type\" content=\"article\" \/>\n<meta property=\"og:title\" content=\"UN MAGAZIN DE TELEFONIE MOBIL\u0102 DIN B\u0102L\u021aI A FOST PR\u0102DAT - BTV\" \/>\n<meta property=\"og:description\" content=\"Un magazin de telefonie mobil\u0103 din municipiul B\u0103l\u021bi a fost pr\u0103dat \u00een seara de s\u00e2mb\u0103t\u0103 spre duminic\u0103. Potrivit poli\u021biei un indivit cu fa\u021ba acoperit\u0103 a spart cu ajutorul unui ciocan sticla de termopan \u0219i a p\u0103truns \u00een magazin. Acesta a sustras mai multe telefoane mobile \u0219i l\u0103ptopuri. Valoarea total\u0103 a prejudiciului se estimeaz\u0103 \u00een jur [&hellip;]\" \/>\n<meta property=\"og:url\" content=\"https:\/\/www.btv.md\/ro\/un-magazin-de-telefonie-mobila-din-balti-a-fost-pradat\/\" \/>\n<meta property=\"og:site_name\" content=\"BTV\" \/>\n<meta property=\"article:publisher\" content=\"https:\/\/www.facebook.com\/btvmoldova\/\" \/>\n<meta property=\"article:published_time\" content=\"2016-04-04T14:22:12+00:00\" \/>\n<meta property=\"article:modified_time\" content=\"2016-04-06T07:38:03+00:00\" \/>\n<meta property=\"og:image\" content=\"https:\/\/www.btv.md\/wp-content\/uploads\/2016\/04\/furt.png\" \/>\n\t<meta property=\"og:image:width\" content=\"1015\" \/>\n\t<meta property=\"og:image:height\" content=\"581\" \/>\n\t<meta property=\"og:image:type\" content=\"image\/png\" \/>\n<meta name=\"author\" content=\"admin\" \/>\n<meta name=\"twitter:label1\" content=\"Scris de\" \/>\n\t<meta name=\"twitter:data1\" content=\"admin\" \/>\n\t<meta name=\"twitter:label2\" content=\"Timp estimat pentru citire\" \/>\n\t<meta name=\"twitter:data2\" content=\"1 minut\" \/>\n<script type=\"application\/ld+json\" class=\"yoast-schema-graph\">{\"@context\":\"https:\\\/\\\/schema.org\",\"@graph\":[{\"@type\":\"Article\",\"@id\":\"https:\\\/\\\/www.btv.md\\\/ro\\\/un-magazin-de-telefonie-mobila-din-balti-a-fost-pradat\\\/#article\",\"isPartOf\":{\"@id\":\"https:\\\/\\\/www.btv.md\\\/ro\\\/un-magazin-de-telefonie-mobila-din-balti-a-fost-pradat\\\/\"},\"author\":{\"name\":\"admin\",\"@id\":\"https:\\\/\\\/www.btv.md\\\/#\\\/schema\\\/person\\\/8fadce81561b3ce2c34c46dadc4ccbf2\"},\"headline\":\"UN MAGAZIN DE TELEFONIE MOBIL\u0102 DIN B\u0102L\u021aI A FOST PR\u0102DAT\",\"datePublished\":\"2016-04-04T14:22:12+00:00\",\"dateModified\":\"2016-04-06T07:38:03+00:00\",\"mainEntityOfPage\":{\"@id\":\"https:\\\/\\\/www.btv.md\\\/ro\\\/un-magazin-de-telefonie-mobila-din-balti-a-fost-pradat\\\/\"},\"wordCount\":134,\"image\":{\"@id\":\"https:\\\/\\\/www.btv.md\\\/ro\\\/un-magazin-de-telefonie-mobila-din-balti-a-fost-pradat\\\/#primaryimage\"},\"thumbnailUrl\":\"https:\\\/\\\/www.btv.md\\\/wp-content\\\/uploads\\\/2016\\\/04\\\/furt.png\",\"articleSection\":[\"Ora\u0219\"],\"inLanguage\":\"ro-RO\"},{\"@type\":\"WebPage\",\"@id\":\"https:\\\/\\\/www.btv.md\\\/ro\\\/un-magazin-de-telefonie-mobila-din-balti-a-fost-pradat\\\/\",\"url\":\"https:\\\/\\\/www.btv.md\\\/ro\\\/un-magazin-de-telefonie-mobila-din-balti-a-fost-pradat\\\/\",\"name\":\"UN MAGAZIN DE TELEFONIE MOBIL\u0102 DIN B\u0102L\u021aI A FOST PR\u0102DAT - BTV\",\"isPartOf\":{\"@id\":\"https:\\\/\\\/www.btv.md\\\/#website\"},\"primaryImageOfPage\":{\"@id\":\"https:\\\/\\\/www.btv.md\\\/ro\\\/un-magazin-de-telefonie-mobila-din-balti-a-fost-pradat\\\/#primaryimage\"},\"image\":{\"@id\":\"https:\\\/\\\/www.btv.md\\\/ro\\\/un-magazin-de-telefonie-mobila-din-balti-a-fost-pradat\\\/#primaryimage\"},\"thumbnailUrl\":\"https:\\\/\\\/www.btv.md\\\/wp-content\\\/uploads\\\/2016\\\/04\\\/furt.png\",\"datePublished\":\"2016-04-04T14:22:12+00:00\",\"dateModified\":\"2016-04-06T07:38:03+00:00\",\"author\":{\"@id\":\"https:\\\/\\\/www.btv.md\\\/#\\\/schema\\\/person\\\/8fadce81561b3ce2c34c46dadc4ccbf2\"},\"inLanguage\":\"ro-RO\",\"potentialAction\":[{\"@type\":\"ReadAction\",\"target\":[\"https:\\\/\\\/www.btv.md\\\/ro\\\/un-magazin-de-telefonie-mobila-din-balti-a-fost-pradat\\\/\"]}]},{\"@type\":\"ImageObject\",\"inLanguage\":\"ro-RO\",\"@id\":\"https:\\\/\\\/www.btv.md\\\/ro\\\/un-magazin-de-telefonie-mobila-din-balti-a-fost-pradat\\\/#primaryimage\",\"url\":\"https:\\\/\\\/www.btv.md\\\/wp-content\\\/uploads\\\/2016\\\/04\\\/furt.png\",\"contentUrl\":\"https:\\\/\\\/www.btv.md\\\/wp-content\\\/uploads\\\/2016\\\/04\\\/furt.png\",\"width\":1015,\"height\":581},{\"@type\":\"WebSite\",\"@id\":\"https:\\\/\\\/www.btv.md\\\/#website\",\"url\":\"https:\\\/\\\/www.btv.md\\\/\",\"name\":\"BTV\",\"description\":\"\u0411\u0435\u043b\u044c\u0446\u043a\u043e\u0435 \u0442\u0435\u043b\u0435\u0432\u0438\u0434\u0435\u043d\u0438\u0435\",\"potentialAction\":[{\"@type\":\"SearchAction\",\"target\":{\"@type\":\"EntryPoint\",\"urlTemplate\":\"https:\\\/\\\/www.btv.md\\\/?s={search_term_string}\"},\"query-input\":{\"@type\":\"PropertyValueSpecification\",\"valueRequired\":true,\"valueName\":\"search_term_string\"}}],\"inLanguage\":\"ro-RO\"},{\"@type\":\"Person\",\"@id\":\"https:\\\/\\\/www.btv.md\\\/#\\\/schema\\\/person\\\/8fadce81561b3ce2c34c46dadc4ccbf2\",\"name\":\"admin\"}]}<\/script>\n<!-- \/ Yoast SEO plugin. -->","yoast_head_json":{"title":"UN MAGAZIN DE TELEFONIE MOBIL\u0102 DIN B\u0102L\u021aI A FOST PR\u0102DAT - BTV","robots":{"index":"index","follow":"follow","max-snippet":"max-snippet:-1","max-image-preview":"max-image-preview:large","max-video-preview":"max-video-preview:-1"},"canonical":"https:\/\/www.btv.md\/ro\/un-magazin-de-telefonie-mobila-din-balti-a-fost-pradat\/","og_locale":"ro_RO","og_type":"article","og_title":"UN MAGAZIN DE TELEFONIE MOBIL\u0102 DIN B\u0102L\u021aI A FOST PR\u0102DAT - BTV","og_description":"Un magazin de telefonie mobil\u0103 din municipiul B\u0103l\u021bi a fost pr\u0103dat \u00een seara de s\u00e2mb\u0103t\u0103 spre duminic\u0103. Potrivit poli\u021biei un indivit cu fa\u021ba acoperit\u0103 a spart cu ajutorul unui ciocan sticla de termopan \u0219i a p\u0103truns \u00een magazin. Acesta a sustras mai multe telefoane mobile \u0219i l\u0103ptopuri. Valoarea total\u0103 a prejudiciului se estimeaz\u0103 \u00een jur [&hellip;]","og_url":"https:\/\/www.btv.md\/ro\/un-magazin-de-telefonie-mobila-din-balti-a-fost-pradat\/","og_site_name":"BTV","article_publisher":"https:\/\/www.facebook.com\/btvmoldova\/","article_published_time":"2016-04-04T14:22:12+00:00","article_modified_time":"2016-04-06T07:38:03+00:00","og_image":[{"width":1015,"height":581,"url":"https:\/\/www.btv.md\/wp-content\/uploads\/2016\/04\/furt.png","type":"image\/png"}],"author":"admin","twitter_misc":{"Scris de":"admin","Timp estimat pentru citire":"1 minut"},"schema":{"@context":"https:\/\/schema.org","@graph":[{"@type":"Article","@id":"https:\/\/www.btv.md\/ro\/un-magazin-de-telefonie-mobila-din-balti-a-fost-pradat\/#article","isPartOf":{"@id":"https:\/\/www.btv.md\/ro\/un-magazin-de-telefonie-mobila-din-balti-a-fost-pradat\/"},"author":{"name":"admin","@id":"https:\/\/www.btv.md\/#\/schema\/person\/8fadce81561b3ce2c34c46dadc4ccbf2"},"headline":"UN MAGAZIN DE TELEFONIE MOBIL\u0102 DIN B\u0102L\u021aI A FOST PR\u0102DAT","datePublished":"2016-04-04T14:22:12+00:00","dateModified":"2016-04-06T07:38:03+00:00","mainEntityOfPage":{"@id":"https:\/\/www.btv.md\/ro\/un-magazin-de-telefonie-mobila-din-balti-a-fost-pradat\/"},"wordCount":134,"image":{"@id":"https:\/\/www.btv.md\/ro\/un-magazin-de-telefonie-mobila-din-balti-a-fost-pradat\/#primaryimage"},"thumbnailUrl":"https:\/\/www.btv.md\/wp-content\/uploads\/2016\/04\/furt.png","articleSection":["Ora\u0219"],"inLanguage":"ro-RO"},{"@type":"WebPage","@id":"https:\/\/www.btv.md\/ro\/un-magazin-de-telefonie-mobila-din-balti-a-fost-pradat\/","url":"https:\/\/www.btv.md\/ro\/un-magazin-de-telefonie-mobila-din-balti-a-fost-pradat\/","name":"UN MAGAZIN DE TELEFONIE MOBIL\u0102 DIN B\u0102L\u021aI A FOST PR\u0102DAT - BTV","isPartOf":{"@id":"https:\/\/www.btv.md\/#website"},"primaryImageOfPage":{"@id":"https:\/\/www.btv.md\/ro\/un-magazin-de-telefonie-mobila-din-balti-a-fost-pradat\/#primaryimage"},"image":{"@id":"https:\/\/www.btv.md\/ro\/un-magazin-de-telefonie-mobila-din-balti-a-fost-pradat\/#primaryimage"},"thumbnailUrl":"https:\/\/www.btv.md\/wp-content\/uploads\/2016\/04\/furt.png","datePublished":"2016-04-04T14:22:12+00:00","dateModified":"2016-04-06T07:38:03+00:00","author":{"@id":"https:\/\/www.btv.md\/#\/schema\/person\/8fadce81561b3ce2c34c46dadc4ccbf2"},"inLanguage":"ro-RO","potentialAction":[{"@type":"ReadAction","target":["https:\/\/www.btv.md\/ro\/un-magazin-de-telefonie-mobila-din-balti-a-fost-pradat\/"]}]},{"@type":"ImageObject","inLanguage":"ro-RO","@id":"https:\/\/www.btv.md\/ro\/un-magazin-de-telefonie-mobila-din-balti-a-fost-pradat\/#primaryimage","url":"https:\/\/www.btv.md\/wp-content\/uploads\/2016\/04\/furt.png","contentUrl":"https:\/\/www.btv.md\/wp-content\/uploads\/2016\/04\/furt.png","width":1015,"height":581},{"@type":"WebSite","@id":"https:\/\/www.btv.md\/#website","url":"https:\/\/www.btv.md\/","name":"BTV","description":"\u0411\u0435\u043b\u044c\u0446\u043a\u043e\u0435 \u0442\u0435\u043b\u0435\u0432\u0438\u0434\u0435\u043d\u0438\u0435","potentialAction":[{"@type":"SearchAction","target":{"@type":"EntryPoint","urlTemplate":"https:\/\/www.btv.md\/?s={search_term_string}"},"query-input":{"@type":"PropertyValueSpecification","valueRequired":true,"valueName":"search_term_string"}}],"inLanguage":"ro-RO"},{"@type":"Person","@id":"https:\/\/www.btv.md\/#\/schema\/person\/8fadce81561b3ce2c34c46dadc4ccbf2","name":"admin"}]}},"_links":{"self":[{"href":"https:\/\/www.btv.md\/ro\/wp-json\/wp\/v2\/posts\/10158","targetHints":{"allow":["GET"]}}],"collection":[{"href":"https:\/\/www.btv.md\/ro\/wp-json\/wp\/v2\/posts"}],"about":[{"href":"https:\/\/www.btv.md\/ro\/wp-json\/wp\/v2\/types\/post"}],"author":[{"embeddable":true,"href":"https:\/\/www.btv.md\/ro\/wp-json\/wp\/v2\/users\/4"}],"replies":[{"embeddable":true,"href":"https:\/\/www.btv.md\/ro\/wp-json\/wp\/v2\/comments?post=10158"}],"version-history":[{"count":0,"href":"https:\/\/www.btv.md\/ro\/wp-json\/wp\/v2\/posts\/10158\/revisions"}],"wp:featuredmedia":[{"embeddable":true,"href":"https:\/\/www.btv.md\/ro\/wp-json\/wp\/v2\/media\/10235"}],"wp:attachment":[{"href":"https:\/\/www.btv.md\/ro\/wp-json\/wp\/v2\/media?parent=10158"}],"wp:term":[{"taxonomy":"category","embeddable":true,"href":"https:\/\/www.btv.md\/ro\/wp-json\/wp\/v2\/categories?post=10158"},{"taxonomy":"post_tag","embeddable":true,"href":"https:\/\/www.btv.md\/ro\/wp-json\/wp\/v2\/tags?post=10158"}],"curies":[{"name":"wp","href":"https:\/\/api.w.org\/{rel}","templated":true}]}}