{"id":10162,"date":"2016-04-04T17:25:07","date_gmt":"2016-04-04T14:25:07","guid":{"rendered":"http:\/\/btv.md\/?p=10162"},"modified":"2016-04-04T17:25:07","modified_gmt":"2016-04-04T14:25:07","slug":"bomba-ecologica-langa-scoala-spiridon-vangheli-din-balti","status":"publish","type":"post","link":"https:\/\/www.btv.md\/ro\/bomba-ecologica-langa-scoala-spiridon-vangheli-din-balti\/","title":{"rendered":"BOMB\u0102  ECOLOGIC\u0102  L\u00c2NG\u0102  \u0218COALA  \u201eSPIRIDON  VANGHELI\u201d DIN  B\u0102L\u021aI"},"content":{"rendered":"<p><strong>P\u0103rin\u021bii \u0219i profesorii  \u0219colii  primare \u201eSpiridon Vangheli\u201d din municipiul B\u0103l\u021bi s-au revoltat din cauza unei rampe de gunoi care se afl\u0103 \u00een apropierea institu\u021biei de \u00eenv\u0103\u021b\u0103m\u00e2nt. Ei sus\u021bin c\u0103 mirosul ur\u00e2t \u0219i gunoiul aruncat la \u00eent\u00e2mplare a provocat \u00eemboln\u0103virea unor copii din \u0219coal\u0103. <\/strong><\/p>\n<p>Potrivit directoarei din lipsa unei zone pietonale copii calc\u0103 prin resturi dup\u0103 care intr\u0103 \u00een \u0219coal\u0103.<\/p>\n<p>Directoarea  a zis c\u0103 sa adresat de mai multe ori puterii locale, \u00eens\u0103 f\u0103r\u0103 rezultat.<\/p>\n<p>Groapa de gunoi este amplasat\u0103 pe strada Belausova 45 . Chiar dac\u0103  este autorizat\u0103, ea r\u0103m\u00e2ne  ne\u00eengrijit\u0103. Astfel, de cele mai multe ori l\u00e2ng\u0103 tomberoane se adun\u0103  haite de c\u00e2ini \u0219i boschetari. <\/p>\n<p>Unii locatarii din preajma \u0219colii spun c\u0103 vinova\u021bi de situa\u021bia creat\u0103  se face lipsa bunului sim\u021b a unor oameni care arunc\u0103 gunoiul l\u00e2ng\u0103 tomberoane.<\/p>\n<p>\u00cen \u0219coala primar\u0103 \u201eSpiridon Vangheli\u201d din municipiul B\u0103l\u021bi \u00eenva\u021b\u0103 peste 600 de elevi.<\/p>\n<p>REPORTER:  IRINA BAXAN<br \/>\nIMAGINE:  CORNELIU  VIERU<\/p>\n<p><iframe width=\"420\" height=\"315\" data-src=\"https:\/\/www.youtube.com\/embed\/POiNqs1nvkA\" frameborder=\"0\" allowfullscreen src=\"data:image\/svg+xml;base64,PHN2ZyB3aWR0aD0iMSIgaGVpZ2h0PSIxIiB4bWxucz0iaHR0cDovL3d3dy53My5vcmcvMjAwMC9zdmciPjwvc3ZnPg==\" class=\"lazyload\" data-load-mode=\"1\"><\/iframe><\/p>\n","protected":false},"excerpt":{"rendered":"<p>P\u0103rin\u021bii \u0219i profesorii \u0219colii primare \u201eSpiridon Vangheli\u201d din municipiul B\u0103l\u021bi s-au revoltat din cauza unei rampe de gunoi care se afl\u0103 \u00een apropierea institu\u021biei de \u00eenv\u0103\u021b\u0103m\u00e2nt. Ei sus\u021bin c\u0103 mirosul ur\u00e2t \u0219i gunoiul aruncat la \u00eent\u00e2mplare a provocat \u00eemboln\u0103virea unor copii din \u0219coal\u0103. Potrivit directoarei din lipsa unei zone pietonale copii calc\u0103 prin resturi dup\u0103 [&hellip;]<\/p>\n","protected":false},"author":4,"featured_media":10163,"comment_status":"closed","ping_status":"closed","sticky":false,"template":"","format":"standard","meta":{"footnotes":""},"categories":[6353],"tags":[],"class_list":["post-10162","post","type-post","status-publish","format-standard","has-post-thumbnail","hentry","category-oras"],"yoast_head":"<!-- This site is optimized with the Yoast SEO plugin v27.4 - https:\/\/yoast.com\/product\/yoast-seo-wordpress\/ -->\n<title>BOMB\u0102 ECOLOGIC\u0102 L\u00c2NG\u0102 \u0218COALA \u201eSPIRIDON VANGHELI\u201d DIN B\u0102L\u021aI - BTV<\/title>\n<meta name=\"robots\" content=\"index, follow, max-snippet:-1, max-image-preview:large, max-video-preview:-1\" \/>\n<link rel=\"canonical\" href=\"https:\/\/www.btv.md\/ro\/bomba-ecologica-langa-scoala-spiridon-vangheli-din-balti\/\" \/>\n<meta property=\"og:locale\" content=\"ro_RO\" \/>\n<meta property=\"og:type\" content=\"article\" \/>\n<meta property=\"og:title\" content=\"BOMB\u0102 ECOLOGIC\u0102 L\u00c2NG\u0102 \u0218COALA \u201eSPIRIDON VANGHELI\u201d DIN B\u0102L\u021aI - BTV\" \/>\n<meta property=\"og:description\" content=\"P\u0103rin\u021bii \u0219i profesorii \u0219colii primare \u201eSpiridon Vangheli\u201d din municipiul B\u0103l\u021bi s-au revoltat din cauza unei rampe de gunoi care se afl\u0103 \u00een apropierea institu\u021biei de \u00eenv\u0103\u021b\u0103m\u00e2nt. Ei sus\u021bin c\u0103 mirosul ur\u00e2t \u0219i gunoiul aruncat la \u00eent\u00e2mplare a provocat \u00eemboln\u0103virea unor copii din \u0219coal\u0103. Potrivit directoarei din lipsa unei zone pietonale copii calc\u0103 prin resturi dup\u0103 [&hellip;]\" \/>\n<meta property=\"og:url\" content=\"https:\/\/www.btv.md\/ro\/bomba-ecologica-langa-scoala-spiridon-vangheli-din-balti\/\" \/>\n<meta property=\"og:site_name\" content=\"BTV\" \/>\n<meta property=\"article:publisher\" content=\"https:\/\/www.facebook.com\/btvmoldova\/\" \/>\n<meta property=\"article:published_time\" content=\"2016-04-04T14:25:07+00:00\" \/>\n<meta property=\"og:image\" content=\"https:\/\/www.btv.md\/wp-content\/uploads\/2016\/04\/gunoiste.png\" \/>\n\t<meta property=\"og:image:width\" content=\"1015\" \/>\n\t<meta property=\"og:image:height\" content=\"585\" \/>\n\t<meta property=\"og:image:type\" content=\"image\/png\" \/>\n<meta name=\"author\" content=\"admin\" \/>\n<meta name=\"twitter:label1\" content=\"Scris de\" \/>\n\t<meta name=\"twitter:data1\" content=\"admin\" \/>\n\t<meta name=\"twitter:label2\" content=\"Timp estimat pentru citire\" \/>\n\t<meta name=\"twitter:data2\" content=\"1 minut\" \/>\n<script type=\"application\/ld+json\" class=\"yoast-schema-graph\">{\"@context\":\"https:\\\/\\\/schema.org\",\"@graph\":[{\"@type\":\"Article\",\"@id\":\"https:\\\/\\\/www.btv.md\\\/ro\\\/bomba-ecologica-langa-scoala-spiridon-vangheli-din-balti\\\/#article\",\"isPartOf\":{\"@id\":\"https:\\\/\\\/www.btv.md\\\/ro\\\/bomba-ecologica-langa-scoala-spiridon-vangheli-din-balti\\\/\"},\"author\":{\"name\":\"admin\",\"@id\":\"https:\\\/\\\/www.btv.md\\\/#\\\/schema\\\/person\\\/8fadce81561b3ce2c34c46dadc4ccbf2\"},\"headline\":\"BOMB\u0102 ECOLOGIC\u0102 L\u00c2NG\u0102 \u0218COALA \u201eSPIRIDON VANGHELI\u201d DIN B\u0102L\u021aI\",\"datePublished\":\"2016-04-04T14:25:07+00:00\",\"mainEntityOfPage\":{\"@id\":\"https:\\\/\\\/www.btv.md\\\/ro\\\/bomba-ecologica-langa-scoala-spiridon-vangheli-din-balti\\\/\"},\"wordCount\":179,\"image\":{\"@id\":\"https:\\\/\\\/www.btv.md\\\/ro\\\/bomba-ecologica-langa-scoala-spiridon-vangheli-din-balti\\\/#primaryimage\"},\"thumbnailUrl\":\"https:\\\/\\\/www.btv.md\\\/wp-content\\\/uploads\\\/2016\\\/04\\\/gunoiste.png\",\"articleSection\":[\"Ora\u0219\"],\"inLanguage\":\"ro-RO\"},{\"@type\":\"WebPage\",\"@id\":\"https:\\\/\\\/www.btv.md\\\/ro\\\/bomba-ecologica-langa-scoala-spiridon-vangheli-din-balti\\\/\",\"url\":\"https:\\\/\\\/www.btv.md\\\/ro\\\/bomba-ecologica-langa-scoala-spiridon-vangheli-din-balti\\\/\",\"name\":\"BOMB\u0102 ECOLOGIC\u0102 L\u00c2NG\u0102 \u0218COALA \u201eSPIRIDON VANGHELI\u201d DIN B\u0102L\u021aI - BTV\",\"isPartOf\":{\"@id\":\"https:\\\/\\\/www.btv.md\\\/#website\"},\"primaryImageOfPage\":{\"@id\":\"https:\\\/\\\/www.btv.md\\\/ro\\\/bomba-ecologica-langa-scoala-spiridon-vangheli-din-balti\\\/#primaryimage\"},\"image\":{\"@id\":\"https:\\\/\\\/www.btv.md\\\/ro\\\/bomba-ecologica-langa-scoala-spiridon-vangheli-din-balti\\\/#primaryimage\"},\"thumbnailUrl\":\"https:\\\/\\\/www.btv.md\\\/wp-content\\\/uploads\\\/2016\\\/04\\\/gunoiste.png\",\"datePublished\":\"2016-04-04T14:25:07+00:00\",\"author\":{\"@id\":\"https:\\\/\\\/www.btv.md\\\/#\\\/schema\\\/person\\\/8fadce81561b3ce2c34c46dadc4ccbf2\"},\"inLanguage\":\"ro-RO\",\"potentialAction\":[{\"@type\":\"ReadAction\",\"target\":[\"https:\\\/\\\/www.btv.md\\\/ro\\\/bomba-ecologica-langa-scoala-spiridon-vangheli-din-balti\\\/\"]}]},{\"@type\":\"ImageObject\",\"inLanguage\":\"ro-RO\",\"@id\":\"https:\\\/\\\/www.btv.md\\\/ro\\\/bomba-ecologica-langa-scoala-spiridon-vangheli-din-balti\\\/#primaryimage\",\"url\":\"https:\\\/\\\/www.btv.md\\\/wp-content\\\/uploads\\\/2016\\\/04\\\/gunoiste.png\",\"contentUrl\":\"https:\\\/\\\/www.btv.md\\\/wp-content\\\/uploads\\\/2016\\\/04\\\/gunoiste.png\",\"width\":1015,\"height\":585},{\"@type\":\"WebSite\",\"@id\":\"https:\\\/\\\/www.btv.md\\\/#website\",\"url\":\"https:\\\/\\\/www.btv.md\\\/\",\"name\":\"BTV\",\"description\":\"\u0411\u0435\u043b\u044c\u0446\u043a\u043e\u0435 \u0442\u0435\u043b\u0435\u0432\u0438\u0434\u0435\u043d\u0438\u0435\",\"potentialAction\":[{\"@type\":\"SearchAction\",\"target\":{\"@type\":\"EntryPoint\",\"urlTemplate\":\"https:\\\/\\\/www.btv.md\\\/?s={search_term_string}\"},\"query-input\":{\"@type\":\"PropertyValueSpecification\",\"valueRequired\":true,\"valueName\":\"search_term_string\"}}],\"inLanguage\":\"ro-RO\"},{\"@type\":\"Person\",\"@id\":\"https:\\\/\\\/www.btv.md\\\/#\\\/schema\\\/person\\\/8fadce81561b3ce2c34c46dadc4ccbf2\",\"name\":\"admin\"}]}<\/script>\n<!-- \/ Yoast SEO plugin. -->","yoast_head_json":{"title":"BOMB\u0102 ECOLOGIC\u0102 L\u00c2NG\u0102 \u0218COALA \u201eSPIRIDON VANGHELI\u201d DIN B\u0102L\u021aI - BTV","robots":{"index":"index","follow":"follow","max-snippet":"max-snippet:-1","max-image-preview":"max-image-preview:large","max-video-preview":"max-video-preview:-1"},"canonical":"https:\/\/www.btv.md\/ro\/bomba-ecologica-langa-scoala-spiridon-vangheli-din-balti\/","og_locale":"ro_RO","og_type":"article","og_title":"BOMB\u0102 ECOLOGIC\u0102 L\u00c2NG\u0102 \u0218COALA \u201eSPIRIDON VANGHELI\u201d DIN B\u0102L\u021aI - BTV","og_description":"P\u0103rin\u021bii \u0219i profesorii \u0219colii primare \u201eSpiridon Vangheli\u201d din municipiul B\u0103l\u021bi s-au revoltat din cauza unei rampe de gunoi care se afl\u0103 \u00een apropierea institu\u021biei de \u00eenv\u0103\u021b\u0103m\u00e2nt. Ei sus\u021bin c\u0103 mirosul ur\u00e2t \u0219i gunoiul aruncat la \u00eent\u00e2mplare a provocat \u00eemboln\u0103virea unor copii din \u0219coal\u0103. Potrivit directoarei din lipsa unei zone pietonale copii calc\u0103 prin resturi dup\u0103 [&hellip;]","og_url":"https:\/\/www.btv.md\/ro\/bomba-ecologica-langa-scoala-spiridon-vangheli-din-balti\/","og_site_name":"BTV","article_publisher":"https:\/\/www.facebook.com\/btvmoldova\/","article_published_time":"2016-04-04T14:25:07+00:00","og_image":[{"width":1015,"height":585,"url":"https:\/\/www.btv.md\/wp-content\/uploads\/2016\/04\/gunoiste.png","type":"image\/png"}],"author":"admin","twitter_misc":{"Scris de":"admin","Timp estimat pentru citire":"1 minut"},"schema":{"@context":"https:\/\/schema.org","@graph":[{"@type":"Article","@id":"https:\/\/www.btv.md\/ro\/bomba-ecologica-langa-scoala-spiridon-vangheli-din-balti\/#article","isPartOf":{"@id":"https:\/\/www.btv.md\/ro\/bomba-ecologica-langa-scoala-spiridon-vangheli-din-balti\/"},"author":{"name":"admin","@id":"https:\/\/www.btv.md\/#\/schema\/person\/8fadce81561b3ce2c34c46dadc4ccbf2"},"headline":"BOMB\u0102 ECOLOGIC\u0102 L\u00c2NG\u0102 \u0218COALA \u201eSPIRIDON VANGHELI\u201d DIN B\u0102L\u021aI","datePublished":"2016-04-04T14:25:07+00:00","mainEntityOfPage":{"@id":"https:\/\/www.btv.md\/ro\/bomba-ecologica-langa-scoala-spiridon-vangheli-din-balti\/"},"wordCount":179,"image":{"@id":"https:\/\/www.btv.md\/ro\/bomba-ecologica-langa-scoala-spiridon-vangheli-din-balti\/#primaryimage"},"thumbnailUrl":"https:\/\/www.btv.md\/wp-content\/uploads\/2016\/04\/gunoiste.png","articleSection":["Ora\u0219"],"inLanguage":"ro-RO"},{"@type":"WebPage","@id":"https:\/\/www.btv.md\/ro\/bomba-ecologica-langa-scoala-spiridon-vangheli-din-balti\/","url":"https:\/\/www.btv.md\/ro\/bomba-ecologica-langa-scoala-spiridon-vangheli-din-balti\/","name":"BOMB\u0102 ECOLOGIC\u0102 L\u00c2NG\u0102 \u0218COALA \u201eSPIRIDON VANGHELI\u201d DIN B\u0102L\u021aI - BTV","isPartOf":{"@id":"https:\/\/www.btv.md\/#website"},"primaryImageOfPage":{"@id":"https:\/\/www.btv.md\/ro\/bomba-ecologica-langa-scoala-spiridon-vangheli-din-balti\/#primaryimage"},"image":{"@id":"https:\/\/www.btv.md\/ro\/bomba-ecologica-langa-scoala-spiridon-vangheli-din-balti\/#primaryimage"},"thumbnailUrl":"https:\/\/www.btv.md\/wp-content\/uploads\/2016\/04\/gunoiste.png","datePublished":"2016-04-04T14:25:07+00:00","author":{"@id":"https:\/\/www.btv.md\/#\/schema\/person\/8fadce81561b3ce2c34c46dadc4ccbf2"},"inLanguage":"ro-RO","potentialAction":[{"@type":"ReadAction","target":["https:\/\/www.btv.md\/ro\/bomba-ecologica-langa-scoala-spiridon-vangheli-din-balti\/"]}]},{"@type":"ImageObject","inLanguage":"ro-RO","@id":"https:\/\/www.btv.md\/ro\/bomba-ecologica-langa-scoala-spiridon-vangheli-din-balti\/#primaryimage","url":"https:\/\/www.btv.md\/wp-content\/uploads\/2016\/04\/gunoiste.png","contentUrl":"https:\/\/www.btv.md\/wp-content\/uploads\/2016\/04\/gunoiste.png","width":1015,"height":585},{"@type":"WebSite","@id":"https:\/\/www.btv.md\/#website","url":"https:\/\/www.btv.md\/","name":"BTV","description":"\u0411\u0435\u043b\u044c\u0446\u043a\u043e\u0435 \u0442\u0435\u043b\u0435\u0432\u0438\u0434\u0435\u043d\u0438\u0435","potentialAction":[{"@type":"SearchAction","target":{"@type":"EntryPoint","urlTemplate":"https:\/\/www.btv.md\/?s={search_term_string}"},"query-input":{"@type":"PropertyValueSpecification","valueRequired":true,"valueName":"search_term_string"}}],"inLanguage":"ro-RO"},{"@type":"Person","@id":"https:\/\/www.btv.md\/#\/schema\/person\/8fadce81561b3ce2c34c46dadc4ccbf2","name":"admin"}]}},"_links":{"self":[{"href":"https:\/\/www.btv.md\/ro\/wp-json\/wp\/v2\/posts\/10162","targetHints":{"allow":["GET"]}}],"collection":[{"href":"https:\/\/www.btv.md\/ro\/wp-json\/wp\/v2\/posts"}],"about":[{"href":"https:\/\/www.btv.md\/ro\/wp-json\/wp\/v2\/types\/post"}],"author":[{"embeddable":true,"href":"https:\/\/www.btv.md\/ro\/wp-json\/wp\/v2\/users\/4"}],"replies":[{"embeddable":true,"href":"https:\/\/www.btv.md\/ro\/wp-json\/wp\/v2\/comments?post=10162"}],"version-history":[{"count":0,"href":"https:\/\/www.btv.md\/ro\/wp-json\/wp\/v2\/posts\/10162\/revisions"}],"wp:featuredmedia":[{"embeddable":true,"href":"https:\/\/www.btv.md\/ro\/wp-json\/wp\/v2\/media\/10163"}],"wp:attachment":[{"href":"https:\/\/www.btv.md\/ro\/wp-json\/wp\/v2\/media?parent=10162"}],"wp:term":[{"taxonomy":"category","embeddable":true,"href":"https:\/\/www.btv.md\/ro\/wp-json\/wp\/v2\/categories?post=10162"},{"taxonomy":"post_tag","embeddable":true,"href":"https:\/\/www.btv.md\/ro\/wp-json\/wp\/v2\/tags?post=10162"}],"curies":[{"name":"wp","href":"https:\/\/api.w.org\/{rel}","templated":true}]}}