{"id":10171,"date":"2016-04-04T18:00:23","date_gmt":"2016-04-04T15:00:23","guid":{"rendered":"http:\/\/btv.md\/?p=10171"},"modified":"2016-04-04T18:00:23","modified_gmt":"2016-04-04T15:00:23","slug":"soferii-din-balti-sunt-pregatiti-de-un-protest-impotriva-scumpirii-vinietei","status":"publish","type":"post","link":"https:\/\/www.btv.md\/ro\/soferii-din-balti-sunt-pregatiti-de-un-protest-impotriva-scumpirii-vinietei\/","title":{"rendered":"\u0218OFERII  DIN  B\u0102L\u021aI  SUNT  PREG\u0102TI\u021aI  DE  UN  PROTEST  \u00ceMPOTRIVA SCUMPIRII  VINIETEI"},"content":{"rendered":"<p><strong>Proprietarii ma\u0219inilor \u00eenmatriculate \u00een str\u0103in\u0103tate sunt nemul\u0163umi\u0163i de noile pre\u021buri pentru viniete. Dup\u0103 ce Guvernul a aprobat politica bugetar-fiscal\u0103 pentru 2016, taxa a crescut aproape de trei ori. <\/p>\n<p>\u0218oferii din B\u0103l\u021bi, care de\u021bin automobilelor cu numere str\u0103ine spun c\u0103 scumpirile sunt nejustificate \u0219i amenin\u021b\u0103 cu proteste.<\/strong><\/p>\n<p>\u201e<em>Eu consider c\u0103 este prea scump \u0219i c\u0103 majoreaz\u0103 taxa prea brusc. Straniu de ce nu ne explic\u0103 care sunt motivele reale. Noi cu siguran\u021b\u0103 c\u0103 vom protesta. Mai degrab\u0103 mul\u021bi \u00ee\u0219i vor vinde ma\u0219inile<\/em>\u201d.<\/p>\n<p>\u201e<em>Cred c\u0103 cer prea mul\u021bi bani. \u0218oferii vor ie\u0219i la protest<\/em>\u201d.<\/p>\n<p>\u201e<em>Este foarte scump \u0219i dureros. Pe an trebuie s\u0103 achit\u0103m c\u00e2te 365 de euro. Cred c\u0103 lumea va ie\u0219i la protest. Dac\u0103 nu se vor opri va fi \u0219i mai r\u0103u<\/em>\u201d.<\/p>\n<p>\u201e<em>\u00cen general, pre\u021burile se majoreaz\u0103 de la o  zi la zi. Cred c\u0103  este foarte scump. La noi \u00een \u021bar\u0103 nu-i stabilitate \u0219i scurg bani cum vor ei<\/em>\u201d.<\/p>\n<p>Potrivit proiectului politicii bugetar-fiscale pentru 2016, vinieta pentru 30 de zile va costa 30 de euro \u015fi nu 14, cum este \u00een prezent. Pentru 90 de zile taxa va fi de 90 de euro, sau de trei ori mai mult dec\u00e2t \u00een 2015, iar pentru jum\u0103tate de an &#8211; 180 de euro, \u00een loc de 50. Potrivit Ministerului Finan\u0163elor se propune scumpirea vinietelor acordate pentru o perioad\u0103 mai mare de 30 de zile. \u00cen acest mod, nu vor fi afecta\u0163i moldovenii sau turi\u015ftii care vin la noi \u00een \u0163ar\u0103 \u00een vacan\u0163\u0103.<\/p>\n<p>Politica bugetar-fiscal\u0103 va intra \u00een vigoare dup\u0103 votarea \u00een Parlament. <\/p>\n<p>REPORTER:  NATA\u0218A  TOCARCIUC<br \/>\nIMAGINE:  VLADIMIR  TATARCIUC<br \/>\nMONTARE:  IURIE  BOLD<\/p>\n<p><iframe width=\"420\" height=\"315\" data-src=\"https:\/\/www.youtube.com\/embed\/iu0GrVjurhE\" frameborder=\"0\" allowfullscreen src=\"data:image\/svg+xml;base64,PHN2ZyB3aWR0aD0iMSIgaGVpZ2h0PSIxIiB4bWxucz0iaHR0cDovL3d3dy53My5vcmcvMjAwMC9zdmciPjwvc3ZnPg==\" class=\"lazyload\" data-load-mode=\"1\"><\/iframe><\/p>\n","protected":false},"excerpt":{"rendered":"<p>Proprietarii ma\u0219inilor \u00eenmatriculate \u00een str\u0103in\u0103tate sunt nemul\u0163umi\u0163i de noile pre\u021buri pentru viniete. Dup\u0103 ce Guvernul a aprobat politica bugetar-fiscal\u0103 pentru 2016, taxa a crescut aproape de trei ori. \u0218oferii din B\u0103l\u021bi, care de\u021bin automobilelor cu numere str\u0103ine spun c\u0103 scumpirile sunt nejustificate \u0219i amenin\u021b\u0103 cu proteste. \u201eEu consider c\u0103 este prea scump \u0219i c\u0103 majoreaz\u0103 [&hellip;]<\/p>\n","protected":false},"author":4,"featured_media":10172,"comment_status":"closed","ping_status":"closed","sticky":false,"template":"","format":"standard","meta":{"footnotes":""},"categories":[12],"tags":[],"class_list":["post-10171","post","type-post","status-publish","format-standard","has-post-thumbnail","hentry","category-balti"],"yoast_head":"<!-- This site is optimized with the Yoast SEO plugin v27.4 - https:\/\/yoast.com\/product\/yoast-seo-wordpress\/ -->\n<title>\u0218OFERII DIN B\u0102L\u021aI SUNT PREG\u0102TI\u021aI DE UN PROTEST \u00ceMPOTRIVA SCUMPIRII VINIETEI - BTV<\/title>\n<meta name=\"robots\" content=\"index, follow, max-snippet:-1, max-image-preview:large, max-video-preview:-1\" \/>\n<link rel=\"canonical\" href=\"https:\/\/www.btv.md\/ro\/soferii-din-balti-sunt-pregatiti-de-un-protest-impotriva-scumpirii-vinietei\/\" \/>\n<meta property=\"og:locale\" content=\"ro_RO\" \/>\n<meta property=\"og:type\" content=\"article\" \/>\n<meta property=\"og:title\" content=\"\u0218OFERII DIN B\u0102L\u021aI SUNT PREG\u0102TI\u021aI DE UN PROTEST \u00ceMPOTRIVA SCUMPIRII VINIETEI - BTV\" \/>\n<meta property=\"og:description\" content=\"Proprietarii ma\u0219inilor \u00eenmatriculate \u00een str\u0103in\u0103tate sunt nemul\u0163umi\u0163i de noile pre\u021buri pentru viniete. Dup\u0103 ce Guvernul a aprobat politica bugetar-fiscal\u0103 pentru 2016, taxa a crescut aproape de trei ori. \u0218oferii din B\u0103l\u021bi, care de\u021bin automobilelor cu numere str\u0103ine spun c\u0103 scumpirile sunt nejustificate \u0219i amenin\u021b\u0103 cu proteste. \u201eEu consider c\u0103 este prea scump \u0219i c\u0103 majoreaz\u0103 [&hellip;]\" \/>\n<meta property=\"og:url\" content=\"https:\/\/www.btv.md\/ro\/soferii-din-balti-sunt-pregatiti-de-un-protest-impotriva-scumpirii-vinietei\/\" \/>\n<meta property=\"og:site_name\" content=\"BTV\" \/>\n<meta property=\"article:publisher\" content=\"https:\/\/www.facebook.com\/btvmoldova\/\" \/>\n<meta property=\"article:published_time\" content=\"2016-04-04T15:00:23+00:00\" \/>\n<meta property=\"og:image\" content=\"https:\/\/www.btv.md\/wp-content\/uploads\/2016\/04\/auto-viniete.png\" \/>\n\t<meta property=\"og:image:width\" content=\"1017\" \/>\n\t<meta property=\"og:image:height\" content=\"587\" \/>\n\t<meta property=\"og:image:type\" content=\"image\/png\" \/>\n<meta name=\"author\" content=\"admin\" \/>\n<meta name=\"twitter:label1\" content=\"Scris de\" \/>\n\t<meta name=\"twitter:data1\" content=\"admin\" \/>\n\t<meta name=\"twitter:label2\" content=\"Timp estimat pentru citire\" \/>\n\t<meta name=\"twitter:data2\" content=\"1 minut\" \/>\n<script type=\"application\/ld+json\" class=\"yoast-schema-graph\">{\"@context\":\"https:\\\/\\\/schema.org\",\"@graph\":[{\"@type\":\"Article\",\"@id\":\"https:\\\/\\\/www.btv.md\\\/ro\\\/soferii-din-balti-sunt-pregatiti-de-un-protest-impotriva-scumpirii-vinietei\\\/#article\",\"isPartOf\":{\"@id\":\"https:\\\/\\\/www.btv.md\\\/ro\\\/soferii-din-balti-sunt-pregatiti-de-un-protest-impotriva-scumpirii-vinietei\\\/\"},\"author\":{\"name\":\"admin\",\"@id\":\"https:\\\/\\\/www.btv.md\\\/#\\\/schema\\\/person\\\/8fadce81561b3ce2c34c46dadc4ccbf2\"},\"headline\":\"\u0218OFERII DIN B\u0102L\u021aI SUNT PREG\u0102TI\u021aI DE UN PROTEST \u00ceMPOTRIVA SCUMPIRII VINIETEI\",\"datePublished\":\"2016-04-04T15:00:23+00:00\",\"mainEntityOfPage\":{\"@id\":\"https:\\\/\\\/www.btv.md\\\/ro\\\/soferii-din-balti-sunt-pregatiti-de-un-protest-impotriva-scumpirii-vinietei\\\/\"},\"wordCount\":289,\"image\":{\"@id\":\"https:\\\/\\\/www.btv.md\\\/ro\\\/soferii-din-balti-sunt-pregatiti-de-un-protest-impotriva-scumpirii-vinietei\\\/#primaryimage\"},\"thumbnailUrl\":\"https:\\\/\\\/www.btv.md\\\/wp-content\\\/uploads\\\/2016\\\/04\\\/auto-viniete.png\",\"articleSection\":[\"\u0413\u043e\u0440\u043e\u0434\"],\"inLanguage\":\"ro-RO\"},{\"@type\":\"WebPage\",\"@id\":\"https:\\\/\\\/www.btv.md\\\/ro\\\/soferii-din-balti-sunt-pregatiti-de-un-protest-impotriva-scumpirii-vinietei\\\/\",\"url\":\"https:\\\/\\\/www.btv.md\\\/ro\\\/soferii-din-balti-sunt-pregatiti-de-un-protest-impotriva-scumpirii-vinietei\\\/\",\"name\":\"\u0218OFERII DIN B\u0102L\u021aI SUNT PREG\u0102TI\u021aI DE UN PROTEST \u00ceMPOTRIVA SCUMPIRII VINIETEI - BTV\",\"isPartOf\":{\"@id\":\"https:\\\/\\\/www.btv.md\\\/#website\"},\"primaryImageOfPage\":{\"@id\":\"https:\\\/\\\/www.btv.md\\\/ro\\\/soferii-din-balti-sunt-pregatiti-de-un-protest-impotriva-scumpirii-vinietei\\\/#primaryimage\"},\"image\":{\"@id\":\"https:\\\/\\\/www.btv.md\\\/ro\\\/soferii-din-balti-sunt-pregatiti-de-un-protest-impotriva-scumpirii-vinietei\\\/#primaryimage\"},\"thumbnailUrl\":\"https:\\\/\\\/www.btv.md\\\/wp-content\\\/uploads\\\/2016\\\/04\\\/auto-viniete.png\",\"datePublished\":\"2016-04-04T15:00:23+00:00\",\"author\":{\"@id\":\"https:\\\/\\\/www.btv.md\\\/#\\\/schema\\\/person\\\/8fadce81561b3ce2c34c46dadc4ccbf2\"},\"inLanguage\":\"ro-RO\",\"potentialAction\":[{\"@type\":\"ReadAction\",\"target\":[\"https:\\\/\\\/www.btv.md\\\/ro\\\/soferii-din-balti-sunt-pregatiti-de-un-protest-impotriva-scumpirii-vinietei\\\/\"]}]},{\"@type\":\"ImageObject\",\"inLanguage\":\"ro-RO\",\"@id\":\"https:\\\/\\\/www.btv.md\\\/ro\\\/soferii-din-balti-sunt-pregatiti-de-un-protest-impotriva-scumpirii-vinietei\\\/#primaryimage\",\"url\":\"https:\\\/\\\/www.btv.md\\\/wp-content\\\/uploads\\\/2016\\\/04\\\/auto-viniete.png\",\"contentUrl\":\"https:\\\/\\\/www.btv.md\\\/wp-content\\\/uploads\\\/2016\\\/04\\\/auto-viniete.png\",\"width\":1017,\"height\":587},{\"@type\":\"WebSite\",\"@id\":\"https:\\\/\\\/www.btv.md\\\/#website\",\"url\":\"https:\\\/\\\/www.btv.md\\\/\",\"name\":\"BTV\",\"description\":\"\u0411\u0435\u043b\u044c\u0446\u043a\u043e\u0435 \u0442\u0435\u043b\u0435\u0432\u0438\u0434\u0435\u043d\u0438\u0435\",\"potentialAction\":[{\"@type\":\"SearchAction\",\"target\":{\"@type\":\"EntryPoint\",\"urlTemplate\":\"https:\\\/\\\/www.btv.md\\\/?s={search_term_string}\"},\"query-input\":{\"@type\":\"PropertyValueSpecification\",\"valueRequired\":true,\"valueName\":\"search_term_string\"}}],\"inLanguage\":\"ro-RO\"},{\"@type\":\"Person\",\"@id\":\"https:\\\/\\\/www.btv.md\\\/#\\\/schema\\\/person\\\/8fadce81561b3ce2c34c46dadc4ccbf2\",\"name\":\"admin\"}]}<\/script>\n<!-- \/ Yoast SEO plugin. -->","yoast_head_json":{"title":"\u0218OFERII DIN B\u0102L\u021aI SUNT PREG\u0102TI\u021aI DE UN PROTEST \u00ceMPOTRIVA SCUMPIRII VINIETEI - BTV","robots":{"index":"index","follow":"follow","max-snippet":"max-snippet:-1","max-image-preview":"max-image-preview:large","max-video-preview":"max-video-preview:-1"},"canonical":"https:\/\/www.btv.md\/ro\/soferii-din-balti-sunt-pregatiti-de-un-protest-impotriva-scumpirii-vinietei\/","og_locale":"ro_RO","og_type":"article","og_title":"\u0218OFERII DIN B\u0102L\u021aI SUNT PREG\u0102TI\u021aI DE UN PROTEST \u00ceMPOTRIVA SCUMPIRII VINIETEI - BTV","og_description":"Proprietarii ma\u0219inilor \u00eenmatriculate \u00een str\u0103in\u0103tate sunt nemul\u0163umi\u0163i de noile pre\u021buri pentru viniete. Dup\u0103 ce Guvernul a aprobat politica bugetar-fiscal\u0103 pentru 2016, taxa a crescut aproape de trei ori. \u0218oferii din B\u0103l\u021bi, care de\u021bin automobilelor cu numere str\u0103ine spun c\u0103 scumpirile sunt nejustificate \u0219i amenin\u021b\u0103 cu proteste. \u201eEu consider c\u0103 este prea scump \u0219i c\u0103 majoreaz\u0103 [&hellip;]","og_url":"https:\/\/www.btv.md\/ro\/soferii-din-balti-sunt-pregatiti-de-un-protest-impotriva-scumpirii-vinietei\/","og_site_name":"BTV","article_publisher":"https:\/\/www.facebook.com\/btvmoldova\/","article_published_time":"2016-04-04T15:00:23+00:00","og_image":[{"width":1017,"height":587,"url":"https:\/\/www.btv.md\/wp-content\/uploads\/2016\/04\/auto-viniete.png","type":"image\/png"}],"author":"admin","twitter_misc":{"Scris de":"admin","Timp estimat pentru citire":"1 minut"},"schema":{"@context":"https:\/\/schema.org","@graph":[{"@type":"Article","@id":"https:\/\/www.btv.md\/ro\/soferii-din-balti-sunt-pregatiti-de-un-protest-impotriva-scumpirii-vinietei\/#article","isPartOf":{"@id":"https:\/\/www.btv.md\/ro\/soferii-din-balti-sunt-pregatiti-de-un-protest-impotriva-scumpirii-vinietei\/"},"author":{"name":"admin","@id":"https:\/\/www.btv.md\/#\/schema\/person\/8fadce81561b3ce2c34c46dadc4ccbf2"},"headline":"\u0218OFERII DIN B\u0102L\u021aI SUNT PREG\u0102TI\u021aI DE UN PROTEST \u00ceMPOTRIVA SCUMPIRII VINIETEI","datePublished":"2016-04-04T15:00:23+00:00","mainEntityOfPage":{"@id":"https:\/\/www.btv.md\/ro\/soferii-din-balti-sunt-pregatiti-de-un-protest-impotriva-scumpirii-vinietei\/"},"wordCount":289,"image":{"@id":"https:\/\/www.btv.md\/ro\/soferii-din-balti-sunt-pregatiti-de-un-protest-impotriva-scumpirii-vinietei\/#primaryimage"},"thumbnailUrl":"https:\/\/www.btv.md\/wp-content\/uploads\/2016\/04\/auto-viniete.png","articleSection":["\u0413\u043e\u0440\u043e\u0434"],"inLanguage":"ro-RO"},{"@type":"WebPage","@id":"https:\/\/www.btv.md\/ro\/soferii-din-balti-sunt-pregatiti-de-un-protest-impotriva-scumpirii-vinietei\/","url":"https:\/\/www.btv.md\/ro\/soferii-din-balti-sunt-pregatiti-de-un-protest-impotriva-scumpirii-vinietei\/","name":"\u0218OFERII DIN B\u0102L\u021aI SUNT PREG\u0102TI\u021aI DE UN PROTEST \u00ceMPOTRIVA SCUMPIRII VINIETEI - BTV","isPartOf":{"@id":"https:\/\/www.btv.md\/#website"},"primaryImageOfPage":{"@id":"https:\/\/www.btv.md\/ro\/soferii-din-balti-sunt-pregatiti-de-un-protest-impotriva-scumpirii-vinietei\/#primaryimage"},"image":{"@id":"https:\/\/www.btv.md\/ro\/soferii-din-balti-sunt-pregatiti-de-un-protest-impotriva-scumpirii-vinietei\/#primaryimage"},"thumbnailUrl":"https:\/\/www.btv.md\/wp-content\/uploads\/2016\/04\/auto-viniete.png","datePublished":"2016-04-04T15:00:23+00:00","author":{"@id":"https:\/\/www.btv.md\/#\/schema\/person\/8fadce81561b3ce2c34c46dadc4ccbf2"},"inLanguage":"ro-RO","potentialAction":[{"@type":"ReadAction","target":["https:\/\/www.btv.md\/ro\/soferii-din-balti-sunt-pregatiti-de-un-protest-impotriva-scumpirii-vinietei\/"]}]},{"@type":"ImageObject","inLanguage":"ro-RO","@id":"https:\/\/www.btv.md\/ro\/soferii-din-balti-sunt-pregatiti-de-un-protest-impotriva-scumpirii-vinietei\/#primaryimage","url":"https:\/\/www.btv.md\/wp-content\/uploads\/2016\/04\/auto-viniete.png","contentUrl":"https:\/\/www.btv.md\/wp-content\/uploads\/2016\/04\/auto-viniete.png","width":1017,"height":587},{"@type":"WebSite","@id":"https:\/\/www.btv.md\/#website","url":"https:\/\/www.btv.md\/","name":"BTV","description":"\u0411\u0435\u043b\u044c\u0446\u043a\u043e\u0435 \u0442\u0435\u043b\u0435\u0432\u0438\u0434\u0435\u043d\u0438\u0435","potentialAction":[{"@type":"SearchAction","target":{"@type":"EntryPoint","urlTemplate":"https:\/\/www.btv.md\/?s={search_term_string}"},"query-input":{"@type":"PropertyValueSpecification","valueRequired":true,"valueName":"search_term_string"}}],"inLanguage":"ro-RO"},{"@type":"Person","@id":"https:\/\/www.btv.md\/#\/schema\/person\/8fadce81561b3ce2c34c46dadc4ccbf2","name":"admin"}]}},"_links":{"self":[{"href":"https:\/\/www.btv.md\/ro\/wp-json\/wp\/v2\/posts\/10171","targetHints":{"allow":["GET"]}}],"collection":[{"href":"https:\/\/www.btv.md\/ro\/wp-json\/wp\/v2\/posts"}],"about":[{"href":"https:\/\/www.btv.md\/ro\/wp-json\/wp\/v2\/types\/post"}],"author":[{"embeddable":true,"href":"https:\/\/www.btv.md\/ro\/wp-json\/wp\/v2\/users\/4"}],"replies":[{"embeddable":true,"href":"https:\/\/www.btv.md\/ro\/wp-json\/wp\/v2\/comments?post=10171"}],"version-history":[{"count":0,"href":"https:\/\/www.btv.md\/ro\/wp-json\/wp\/v2\/posts\/10171\/revisions"}],"wp:featuredmedia":[{"embeddable":true,"href":"https:\/\/www.btv.md\/ro\/wp-json\/wp\/v2\/media\/10172"}],"wp:attachment":[{"href":"https:\/\/www.btv.md\/ro\/wp-json\/wp\/v2\/media?parent=10171"}],"wp:term":[{"taxonomy":"category","embeddable":true,"href":"https:\/\/www.btv.md\/ro\/wp-json\/wp\/v2\/categories?post=10171"},{"taxonomy":"post_tag","embeddable":true,"href":"https:\/\/www.btv.md\/ro\/wp-json\/wp\/v2\/tags?post=10171"}],"curies":[{"name":"wp","href":"https:\/\/api.w.org\/{rel}","templated":true}]}}