{"id":10218,"date":"2016-04-05T15:48:07","date_gmt":"2016-04-05T12:48:07","guid":{"rendered":"http:\/\/btv.md\/?p=10218"},"modified":"2016-04-05T15:48:07","modified_gmt":"2016-04-05T12:48:07","slug":"unirea-nu-vai-fi-ce-spun-romanii-si-moldovenii","status":"publish","type":"post","link":"https:\/\/www.btv.md\/ro\/unirea-nu-vai-fi-ce-spun-romanii-si-moldovenii\/","title":{"rendered":"UNIREA  (NU)  VAI  FI!  CE  SPUN  ROM\u00c2NII  \u0218I  MOLDOVENII"},"content":{"rendered":"<p><strong>\u00cen Republica Moldova mar\u015furile pentru unirea Basarabiei cu Rom\u00e2nia s-au transformat \u00eentr-un fenomen dezgust\u0103tor.  Adev\u0103rul e c\u0103 mul\u021bi dintre cei care scandeaz\u0103 \u201eUnire\u201d se g\u00e2ndesc \u00een primul r\u00e2nd la pa\u0219aportul rom\u00e2nesc \u0219i la posibilitatea de a lucra liber \u00een Uniunea European\u0103. Pu\u021bini sunt cei care doresc s\u0103 fie cet\u0103\u021beni rom\u00e2ni pentru c\u0103 se consider\u0103 rom\u00e2ni.<\/strong><\/p>\n<p>O scurt\u0103 c\u0103l\u0103torie prin Ia\u0219i a echipei BTV, a demonstrat c\u0103 nu numai cet\u0103\u021benii Republicii Moldova au idei \u00eemp\u0103r\u021bite despre unire, ci \u0219i cet\u0103\u021benii Rom\u00e2niei. <\/p>\n<p>\u201e<em>Cred c\u0103 nu \u0219i-o dore\u0219te nici o parte nici alta. Ei \u00ee\u0219i iau cet\u0103\u021benia ca s\u0103 plece \u00een alt\u0103 parte nu pentru c\u0103 se simt rom\u00e2ni<\/em>\u201d.<\/p>\n<p>\u201e<em>\u0218i de o parte \u0219i de alta a Prutului sunt rom\u00e2ni \u0219i o doresc \u0219i unii \u0219i al\u021bii, dac\u0103 vorbim de popor.  Interesele globaliste care exist\u0103, probabil nu vor lucrul acesta. P\u0103rerea mea este c\u0103 marile puteri fac c\u0103r\u021bile. Noi dorim, dar suntem prea mici \u0219i prea slabi pentru a face ceva<\/em>\u201d.<\/p>\n<p>\u201e<em>Ar fi foarte bine pentru c\u0103 suntem cu to\u021bii rom\u00e2ni. Nu ar mai trebui s\u0103 fie probleme la grani\u021b\u0103 \u0219i s\u0103 putem trece u\u0219or dintr-o parte \u00een alta<\/em>\u201d.<\/p>\n<p>\u201e<em>Cred c\u0103 ar fi de bun augur. Cred c\u0103 Basarabia ar deveni mai deschis\u0103, ar \u00eemprumuta o serie din valorile occidentale, pe care Rom\u00e2nia deja le-a adoptat<\/em>\u201d.<\/p>\n<p>\u201e<em>Moldovenii sunt vai de steaua lor<\/em>\u201d.<\/p>\n<p>\u201e<em>Nu cred \u00een unire. Nu c\u0103 nu este posibil, dar nu se face nimic pentru asta, numai vorbe<\/em>\u201d.<\/p>\n<p>\u0218i \u00een municipiul B\u0103l\u021bi, \u00eentreb\u0103rile cu privire la unirea Republicii Moldova cu Rom\u00e2nia trezesc diferite reac\u021bii. Dac\u0103 unii v\u0103d \u0219i partea bun\u0103 a lucrurilor, al\u021bii sunt categoric \u00eempotriva unirii.<\/p>\n<p>\u201e<em>Ca s\u0103 se uneasc\u0103 dou\u0103 \u021b\u0103ri, \u00een primul r\u00e2nd trebuie s\u0103 existe o armonizare \u00eentre legisla\u021bii \u0219i acest lucru trebuie s\u0103 vrea \u0219i lumea. Ideea \u00een sine nu este at\u00e2t de rea. \u00cens\u0103, Rom\u00e2nii au problemele lor, iar noi avem problemele noastre. Mai \u00eent\u00e2i s\u0103 le rezolv\u0103m \u0219i apoi s\u0103 hot\u0103r\u00e2m, tragem malurile al\u0103turea sau nu. La moment acest proces nu este posibil, poate abia peste 50 de ani<\/em>\u201d.<\/p>\n<p>\u201e<em>Eu nu cred c\u0103 acest lucru s-ar putea \u00eent\u00e2mpla. De ce s\u0103 d\u0103m p\u0103m\u00e2ntul nostru cuiva? Dac\u0103 unirea va avea loc vom pleca din Republica Moldova \u00een Rusia<\/em>\u201d.<\/p>\n<p>\u201e<em>La noi lumea nu este de acord cu unirea. Totu\u0219i lumea se va revolta<\/em>\u201d.<\/p>\n<p>\u201e<em>\u00cen primul r\u00e2nd trebuie s\u0103 fie desf\u0103\u0219urat un referendum, s\u0103 vad\u0103 ce cred oamenii. A\u0219a lucruri nu se fac din senin. Unde s\u0103 m\u0103 duc? Eu aici m-am n\u0103scut \u0219i am crescut<\/em>\u201d. <\/p>\n<p>\u201e<em>Eu nu cred \u00een unire. Republica Moldova are pu\u021bine \u0219anse pentru viitor \u00een Europa<\/em>\u201d.<\/p>\n<p>\u201e<em>Eu am \u00eenv\u0103\u021bat patru clase rom\u00e2ne\u0219ti \u0219i nu era deloc u\u0219or. Ei tare b\u0103teau. Moldovenii \u00ee\u0219i fac pa\u0219aport rom\u00e2nesc numai pentru a pleca liber \u00een alte \u021b\u0103ri. Alt interes nu au<\/em>\u201d.<\/p>\n<p>\u201e<em>Popula\u021bia nu are mentalitatea care trebuie. Mul\u021bi cred c\u0103 dac\u0103 se vor uni vorbitorii de rus\u0103 vor trece pe al doilea plan. Unirea este un plus. Privi\u021bi ce salarii au ei \u0219i ce salarii avem noi<\/em>\u201d.<\/p>\n<p>\u201e<em>Eu nu sunt nici pentru unirea cu Rom\u00e2nia, nici \u00eempotriva ei<\/em>\u201d.<\/p>\n<p>\u201e<em>Noi nu vrem s\u0103 fim cu Rom\u00e2nia. Mai bine s\u0103 fie ca \u00eenainte Uniunea Sovietic\u0103. Noi suntem pentru comunism. Cei care au pa\u0219apoarte rom\u00e2ne\u0219ti s\u0103 plece \u00een Rom\u00e2nia<\/em>\u201d.<\/p>\n<p>Cet\u0103\u021benii Republicii Moldova au desf\u0103\u0219urat s\u00e2mb\u0103t\u0103, la Comrat, un mar\u0219 \u00eempotriva celui unionist de la Chi\u0219in\u0103u, desf\u0103\u0219urat pe 27 martie. La finalul mar\u015fului, a fost adoptat\u0103 Declara\u0163ia \u00een care se condamn\u0103 ac\u0163iunile mi\u015fc\u0103rilor unioniste din Moldova. S-a cerut interzicerea oric\u0103rei for\u0163e politice \u015fi organiza\u0163ii ob\u015fte\u015fti ce se declar\u0103 \u00eempotriva suveranit\u0103\u0163ii Republicii Moldova, dar \u015fi tragerea la r\u0103spunderea penal\u0103 pentru declara\u0163ii care urm\u0103resc lichidarea statului.<\/p>\n<p>REPORTER:  NATA\u0218A  TOCARCIUC<br \/>\n           DUMITRU  PELIN<\/p>\n<p>IMAGINE:   PAVEL  LUCHIAN<br \/>\n           VLADIMIR  TATARCIUC<\/p>\n<p>MONTARE:   CHIRA  BATRANAC<\/p>\n<p><iframe width=\"420\" height=\"315\" data-src=\"https:\/\/www.youtube.com\/embed\/aO9eTU-LTkU\" frameborder=\"0\" allowfullscreen src=\"data:image\/svg+xml;base64,PHN2ZyB3aWR0aD0iMSIgaGVpZ2h0PSIxIiB4bWxucz0iaHR0cDovL3d3dy53My5vcmcvMjAwMC9zdmciPjwvc3ZnPg==\" class=\"lazyload\" data-load-mode=\"1\"><\/iframe><\/p>\n","protected":false},"excerpt":{"rendered":"<p>\u00cen Republica Moldova mar\u015furile pentru unirea Basarabiei cu Rom\u00e2nia s-au transformat \u00eentr-un fenomen dezgust\u0103tor. Adev\u0103rul e c\u0103 mul\u021bi dintre cei care scandeaz\u0103 \u201eUnire\u201d se g\u00e2ndesc \u00een primul r\u00e2nd la pa\u0219aportul rom\u00e2nesc \u0219i la posibilitatea de a lucra liber \u00een Uniunea European\u0103. Pu\u021bini sunt cei care doresc s\u0103 fie cet\u0103\u021beni rom\u00e2ni pentru c\u0103 se consider\u0103 rom\u00e2ni. [&hellip;]<\/p>\n","protected":false},"author":4,"featured_media":10219,"comment_status":"closed","ping_status":"closed","sticky":false,"template":"","format":"standard","meta":{"footnotes":""},"categories":[6353],"tags":[],"class_list":["post-10218","post","type-post","status-publish","format-standard","has-post-thumbnail","hentry","category-oras"],"yoast_head":"<!-- This site is optimized with the Yoast SEO plugin v27.4 - https:\/\/yoast.com\/product\/yoast-seo-wordpress\/ -->\n<title>UNIREA (NU) VAI FI! CE SPUN ROM\u00c2NII \u0218I MOLDOVENII - BTV<\/title>\n<meta name=\"robots\" content=\"index, follow, max-snippet:-1, max-image-preview:large, max-video-preview:-1\" \/>\n<link rel=\"canonical\" href=\"https:\/\/www.btv.md\/ro\/unirea-nu-vai-fi-ce-spun-romanii-si-moldovenii\/\" \/>\n<meta property=\"og:locale\" content=\"ro_RO\" \/>\n<meta property=\"og:type\" content=\"article\" \/>\n<meta property=\"og:title\" content=\"UNIREA (NU) VAI FI! CE SPUN ROM\u00c2NII \u0218I MOLDOVENII - BTV\" \/>\n<meta property=\"og:description\" content=\"\u00cen Republica Moldova mar\u015furile pentru unirea Basarabiei cu Rom\u00e2nia s-au transformat \u00eentr-un fenomen dezgust\u0103tor. Adev\u0103rul e c\u0103 mul\u021bi dintre cei care scandeaz\u0103 \u201eUnire\u201d se g\u00e2ndesc \u00een primul r\u00e2nd la pa\u0219aportul rom\u00e2nesc \u0219i la posibilitatea de a lucra liber \u00een Uniunea European\u0103. Pu\u021bini sunt cei care doresc s\u0103 fie cet\u0103\u021beni rom\u00e2ni pentru c\u0103 se consider\u0103 rom\u00e2ni. [&hellip;]\" \/>\n<meta property=\"og:url\" content=\"https:\/\/www.btv.md\/ro\/unirea-nu-vai-fi-ce-spun-romanii-si-moldovenii\/\" \/>\n<meta property=\"og:site_name\" content=\"BTV\" \/>\n<meta property=\"article:publisher\" content=\"https:\/\/www.facebook.com\/btvmoldova\/\" \/>\n<meta property=\"article:published_time\" content=\"2016-04-05T12:48:07+00:00\" \/>\n<meta property=\"og:image\" content=\"https:\/\/www.btv.md\/wp-content\/uploads\/2016\/04\/unirea.png\" \/>\n\t<meta property=\"og:image:width\" content=\"1017\" \/>\n\t<meta property=\"og:image:height\" content=\"577\" \/>\n\t<meta property=\"og:image:type\" content=\"image\/png\" \/>\n<meta name=\"author\" content=\"admin\" \/>\n<meta name=\"twitter:label1\" content=\"Scris de\" \/>\n\t<meta name=\"twitter:data1\" content=\"admin\" \/>\n\t<meta name=\"twitter:label2\" content=\"Timp estimat pentru citire\" \/>\n\t<meta name=\"twitter:data2\" content=\"4 minute\" \/>\n<script type=\"application\/ld+json\" class=\"yoast-schema-graph\">{\"@context\":\"https:\\\/\\\/schema.org\",\"@graph\":[{\"@type\":\"Article\",\"@id\":\"https:\\\/\\\/www.btv.md\\\/ro\\\/unirea-nu-vai-fi-ce-spun-romanii-si-moldovenii\\\/#article\",\"isPartOf\":{\"@id\":\"https:\\\/\\\/www.btv.md\\\/ro\\\/unirea-nu-vai-fi-ce-spun-romanii-si-moldovenii\\\/\"},\"author\":{\"name\":\"admin\",\"@id\":\"https:\\\/\\\/www.btv.md\\\/#\\\/schema\\\/person\\\/8fadce81561b3ce2c34c46dadc4ccbf2\"},\"headline\":\"UNIREA (NU) VAI FI! CE SPUN ROM\u00c2NII \u0218I MOLDOVENII\",\"datePublished\":\"2016-04-05T12:48:07+00:00\",\"mainEntityOfPage\":{\"@id\":\"https:\\\/\\\/www.btv.md\\\/ro\\\/unirea-nu-vai-fi-ce-spun-romanii-si-moldovenii\\\/\"},\"wordCount\":711,\"image\":{\"@id\":\"https:\\\/\\\/www.btv.md\\\/ro\\\/unirea-nu-vai-fi-ce-spun-romanii-si-moldovenii\\\/#primaryimage\"},\"thumbnailUrl\":\"https:\\\/\\\/www.btv.md\\\/wp-content\\\/uploads\\\/2016\\\/04\\\/unirea.png\",\"articleSection\":[\"Ora\u0219\"],\"inLanguage\":\"ro-RO\"},{\"@type\":\"WebPage\",\"@id\":\"https:\\\/\\\/www.btv.md\\\/ro\\\/unirea-nu-vai-fi-ce-spun-romanii-si-moldovenii\\\/\",\"url\":\"https:\\\/\\\/www.btv.md\\\/ro\\\/unirea-nu-vai-fi-ce-spun-romanii-si-moldovenii\\\/\",\"name\":\"UNIREA (NU) VAI FI! CE SPUN ROM\u00c2NII \u0218I MOLDOVENII - BTV\",\"isPartOf\":{\"@id\":\"https:\\\/\\\/www.btv.md\\\/#website\"},\"primaryImageOfPage\":{\"@id\":\"https:\\\/\\\/www.btv.md\\\/ro\\\/unirea-nu-vai-fi-ce-spun-romanii-si-moldovenii\\\/#primaryimage\"},\"image\":{\"@id\":\"https:\\\/\\\/www.btv.md\\\/ro\\\/unirea-nu-vai-fi-ce-spun-romanii-si-moldovenii\\\/#primaryimage\"},\"thumbnailUrl\":\"https:\\\/\\\/www.btv.md\\\/wp-content\\\/uploads\\\/2016\\\/04\\\/unirea.png\",\"datePublished\":\"2016-04-05T12:48:07+00:00\",\"author\":{\"@id\":\"https:\\\/\\\/www.btv.md\\\/#\\\/schema\\\/person\\\/8fadce81561b3ce2c34c46dadc4ccbf2\"},\"inLanguage\":\"ro-RO\",\"potentialAction\":[{\"@type\":\"ReadAction\",\"target\":[\"https:\\\/\\\/www.btv.md\\\/ro\\\/unirea-nu-vai-fi-ce-spun-romanii-si-moldovenii\\\/\"]}]},{\"@type\":\"ImageObject\",\"inLanguage\":\"ro-RO\",\"@id\":\"https:\\\/\\\/www.btv.md\\\/ro\\\/unirea-nu-vai-fi-ce-spun-romanii-si-moldovenii\\\/#primaryimage\",\"url\":\"https:\\\/\\\/www.btv.md\\\/wp-content\\\/uploads\\\/2016\\\/04\\\/unirea.png\",\"contentUrl\":\"https:\\\/\\\/www.btv.md\\\/wp-content\\\/uploads\\\/2016\\\/04\\\/unirea.png\",\"width\":1017,\"height\":577},{\"@type\":\"WebSite\",\"@id\":\"https:\\\/\\\/www.btv.md\\\/#website\",\"url\":\"https:\\\/\\\/www.btv.md\\\/\",\"name\":\"BTV\",\"description\":\"\u0411\u0435\u043b\u044c\u0446\u043a\u043e\u0435 \u0442\u0435\u043b\u0435\u0432\u0438\u0434\u0435\u043d\u0438\u0435\",\"potentialAction\":[{\"@type\":\"SearchAction\",\"target\":{\"@type\":\"EntryPoint\",\"urlTemplate\":\"https:\\\/\\\/www.btv.md\\\/?s={search_term_string}\"},\"query-input\":{\"@type\":\"PropertyValueSpecification\",\"valueRequired\":true,\"valueName\":\"search_term_string\"}}],\"inLanguage\":\"ro-RO\"},{\"@type\":\"Person\",\"@id\":\"https:\\\/\\\/www.btv.md\\\/#\\\/schema\\\/person\\\/8fadce81561b3ce2c34c46dadc4ccbf2\",\"name\":\"admin\"}]}<\/script>\n<!-- \/ Yoast SEO plugin. -->","yoast_head_json":{"title":"UNIREA (NU) VAI FI! CE SPUN ROM\u00c2NII \u0218I MOLDOVENII - BTV","robots":{"index":"index","follow":"follow","max-snippet":"max-snippet:-1","max-image-preview":"max-image-preview:large","max-video-preview":"max-video-preview:-1"},"canonical":"https:\/\/www.btv.md\/ro\/unirea-nu-vai-fi-ce-spun-romanii-si-moldovenii\/","og_locale":"ro_RO","og_type":"article","og_title":"UNIREA (NU) VAI FI! CE SPUN ROM\u00c2NII \u0218I MOLDOVENII - BTV","og_description":"\u00cen Republica Moldova mar\u015furile pentru unirea Basarabiei cu Rom\u00e2nia s-au transformat \u00eentr-un fenomen dezgust\u0103tor. Adev\u0103rul e c\u0103 mul\u021bi dintre cei care scandeaz\u0103 \u201eUnire\u201d se g\u00e2ndesc \u00een primul r\u00e2nd la pa\u0219aportul rom\u00e2nesc \u0219i la posibilitatea de a lucra liber \u00een Uniunea European\u0103. Pu\u021bini sunt cei care doresc s\u0103 fie cet\u0103\u021beni rom\u00e2ni pentru c\u0103 se consider\u0103 rom\u00e2ni. [&hellip;]","og_url":"https:\/\/www.btv.md\/ro\/unirea-nu-vai-fi-ce-spun-romanii-si-moldovenii\/","og_site_name":"BTV","article_publisher":"https:\/\/www.facebook.com\/btvmoldova\/","article_published_time":"2016-04-05T12:48:07+00:00","og_image":[{"width":1017,"height":577,"url":"https:\/\/www.btv.md\/wp-content\/uploads\/2016\/04\/unirea.png","type":"image\/png"}],"author":"admin","twitter_misc":{"Scris de":"admin","Timp estimat pentru citire":"4 minute"},"schema":{"@context":"https:\/\/schema.org","@graph":[{"@type":"Article","@id":"https:\/\/www.btv.md\/ro\/unirea-nu-vai-fi-ce-spun-romanii-si-moldovenii\/#article","isPartOf":{"@id":"https:\/\/www.btv.md\/ro\/unirea-nu-vai-fi-ce-spun-romanii-si-moldovenii\/"},"author":{"name":"admin","@id":"https:\/\/www.btv.md\/#\/schema\/person\/8fadce81561b3ce2c34c46dadc4ccbf2"},"headline":"UNIREA (NU) VAI FI! CE SPUN ROM\u00c2NII \u0218I MOLDOVENII","datePublished":"2016-04-05T12:48:07+00:00","mainEntityOfPage":{"@id":"https:\/\/www.btv.md\/ro\/unirea-nu-vai-fi-ce-spun-romanii-si-moldovenii\/"},"wordCount":711,"image":{"@id":"https:\/\/www.btv.md\/ro\/unirea-nu-vai-fi-ce-spun-romanii-si-moldovenii\/#primaryimage"},"thumbnailUrl":"https:\/\/www.btv.md\/wp-content\/uploads\/2016\/04\/unirea.png","articleSection":["Ora\u0219"],"inLanguage":"ro-RO"},{"@type":"WebPage","@id":"https:\/\/www.btv.md\/ro\/unirea-nu-vai-fi-ce-spun-romanii-si-moldovenii\/","url":"https:\/\/www.btv.md\/ro\/unirea-nu-vai-fi-ce-spun-romanii-si-moldovenii\/","name":"UNIREA (NU) VAI FI! CE SPUN ROM\u00c2NII \u0218I MOLDOVENII - BTV","isPartOf":{"@id":"https:\/\/www.btv.md\/#website"},"primaryImageOfPage":{"@id":"https:\/\/www.btv.md\/ro\/unirea-nu-vai-fi-ce-spun-romanii-si-moldovenii\/#primaryimage"},"image":{"@id":"https:\/\/www.btv.md\/ro\/unirea-nu-vai-fi-ce-spun-romanii-si-moldovenii\/#primaryimage"},"thumbnailUrl":"https:\/\/www.btv.md\/wp-content\/uploads\/2016\/04\/unirea.png","datePublished":"2016-04-05T12:48:07+00:00","author":{"@id":"https:\/\/www.btv.md\/#\/schema\/person\/8fadce81561b3ce2c34c46dadc4ccbf2"},"inLanguage":"ro-RO","potentialAction":[{"@type":"ReadAction","target":["https:\/\/www.btv.md\/ro\/unirea-nu-vai-fi-ce-spun-romanii-si-moldovenii\/"]}]},{"@type":"ImageObject","inLanguage":"ro-RO","@id":"https:\/\/www.btv.md\/ro\/unirea-nu-vai-fi-ce-spun-romanii-si-moldovenii\/#primaryimage","url":"https:\/\/www.btv.md\/wp-content\/uploads\/2016\/04\/unirea.png","contentUrl":"https:\/\/www.btv.md\/wp-content\/uploads\/2016\/04\/unirea.png","width":1017,"height":577},{"@type":"WebSite","@id":"https:\/\/www.btv.md\/#website","url":"https:\/\/www.btv.md\/","name":"BTV","description":"\u0411\u0435\u043b\u044c\u0446\u043a\u043e\u0435 \u0442\u0435\u043b\u0435\u0432\u0438\u0434\u0435\u043d\u0438\u0435","potentialAction":[{"@type":"SearchAction","target":{"@type":"EntryPoint","urlTemplate":"https:\/\/www.btv.md\/?s={search_term_string}"},"query-input":{"@type":"PropertyValueSpecification","valueRequired":true,"valueName":"search_term_string"}}],"inLanguage":"ro-RO"},{"@type":"Person","@id":"https:\/\/www.btv.md\/#\/schema\/person\/8fadce81561b3ce2c34c46dadc4ccbf2","name":"admin"}]}},"_links":{"self":[{"href":"https:\/\/www.btv.md\/ro\/wp-json\/wp\/v2\/posts\/10218","targetHints":{"allow":["GET"]}}],"collection":[{"href":"https:\/\/www.btv.md\/ro\/wp-json\/wp\/v2\/posts"}],"about":[{"href":"https:\/\/www.btv.md\/ro\/wp-json\/wp\/v2\/types\/post"}],"author":[{"embeddable":true,"href":"https:\/\/www.btv.md\/ro\/wp-json\/wp\/v2\/users\/4"}],"replies":[{"embeddable":true,"href":"https:\/\/www.btv.md\/ro\/wp-json\/wp\/v2\/comments?post=10218"}],"version-history":[{"count":0,"href":"https:\/\/www.btv.md\/ro\/wp-json\/wp\/v2\/posts\/10218\/revisions"}],"wp:featuredmedia":[{"embeddable":true,"href":"https:\/\/www.btv.md\/ro\/wp-json\/wp\/v2\/media\/10219"}],"wp:attachment":[{"href":"https:\/\/www.btv.md\/ro\/wp-json\/wp\/v2\/media?parent=10218"}],"wp:term":[{"taxonomy":"category","embeddable":true,"href":"https:\/\/www.btv.md\/ro\/wp-json\/wp\/v2\/categories?post=10218"},{"taxonomy":"post_tag","embeddable":true,"href":"https:\/\/www.btv.md\/ro\/wp-json\/wp\/v2\/tags?post=10218"}],"curies":[{"name":"wp","href":"https:\/\/api.w.org\/{rel}","templated":true}]}}