{"id":10224,"date":"2016-04-05T16:19:44","date_gmt":"2016-04-05T13:19:44","guid":{"rendered":"http:\/\/btv.md\/?p=10224"},"modified":"2016-04-05T16:19:44","modified_gmt":"2016-04-05T13:19:44","slug":"zaharul-din-romania-a-ajuns-in-municipiul-balti","status":"publish","type":"post","link":"https:\/\/www.btv.md\/ro\/zaharul-din-romania-a-ajuns-in-municipiul-balti\/","title":{"rendered":"ZAH\u0102RUL  DIN  ROM\u00c2NIA  A  AJUNS  \u00ceN  MUNICIPIUL  B\u0102L\u021aI"},"content":{"rendered":"<p><strong>Prima tran\u0219\u0103 din ajutorul umanitar acordat de Rom\u00e2nia a ajuns \u00een municipiul B\u0103l\u021bi. Este vorba de aproximativ 54 de tone de zah\u0103r, cantitate ce urmeaz\u0103 s\u0103 fie distribuit\u0103 \u00een mod prioritar institu\u021biilor de \u00eenv\u0103\u021b\u0103m\u00e2nt \u0219colar \u0219i pre\u0219colar, dar \u0219i persoanelor nevoia\u0219e din municipiul B\u0103l\u021bi.<\/strong><\/p>\n<p>Totodat\u0103, Veronica Munteanu a precizat c\u0103 lista persoanelor care vor beneficia de ajutorul  umanitar a fost \u00eent\u0103rit\u0103 de Guvernul Republicii Moldova.<\/p>\n<p>Mai mult ca at\u00e2t, \u0218efa Direc\u021biei Asiten\u021b\u0103 Social\u0103 \u0219i Protec\u021bia Familiei a speficicat c\u0103 deja de maine, prim\u0103ria va \u00eencepe repartiza ajutorului umanitar.<\/p>\n<p>Amintim c\u0103 acest prim transport face parte din cele peste 1.100 de tone din ajutoarele umanitare pe care guvernul Rom\u00e2niei a decis s\u0103 le furnizeze Republicii Moldova, \u00een contextul crizei economice \u0219i sociale cu care se confrunt\u0103 de mai mult timp popula\u021bia de peste Prut.<\/p>\n<p>\u00cen  s\u0103pt\u0103m\u00e2na viitoare, \u00een municipiul B\u0103l\u021bi urmeaz\u0103 s\u0103 ajung\u0103 \u0219i alte convoaie cu produse alimentare, dar \u0219i cu p\u0103cur\u0103.<\/p>\n<p>REPORTER:  IRINA  BAXAN<\/p>\n<p>IMAGINE:  CORNELIU  VIERU<\/p>\n<p>MONTARE: CHIRA BATRANAC<\/p>\n<p><iframe width=\"420\" height=\"315\" data-src=\"https:\/\/www.youtube.com\/embed\/0miUA5LtPu4\" frameborder=\"0\" allowfullscreen src=\"data:image\/svg+xml;base64,PHN2ZyB3aWR0aD0iMSIgaGVpZ2h0PSIxIiB4bWxucz0iaHR0cDovL3d3dy53My5vcmcvMjAwMC9zdmciPjwvc3ZnPg==\" class=\"lazyload\" data-load-mode=\"1\"><\/iframe><\/p>\n","protected":false},"excerpt":{"rendered":"<p>Prima tran\u0219\u0103 din ajutorul umanitar acordat de Rom\u00e2nia a ajuns \u00een municipiul B\u0103l\u021bi. Este vorba de aproximativ 54 de tone de zah\u0103r, cantitate ce urmeaz\u0103 s\u0103 fie distribuit\u0103 \u00een mod prioritar institu\u021biilor de \u00eenv\u0103\u021b\u0103m\u00e2nt \u0219colar \u0219i pre\u0219colar, dar \u0219i persoanelor nevoia\u0219e din municipiul B\u0103l\u021bi. Totodat\u0103, Veronica Munteanu a precizat c\u0103 lista persoanelor care vor beneficia [&hellip;]<\/p>\n","protected":false},"author":4,"featured_media":10225,"comment_status":"closed","ping_status":"closed","sticky":false,"template":"","format":"standard","meta":{"footnotes":""},"categories":[6353],"tags":[],"class_list":["post-10224","post","type-post","status-publish","format-standard","has-post-thumbnail","hentry","category-oras"],"yoast_head":"<!-- This site is optimized with the Yoast SEO plugin v27.4 - https:\/\/yoast.com\/product\/yoast-seo-wordpress\/ -->\n<title>ZAH\u0102RUL DIN ROM\u00c2NIA A AJUNS \u00ceN MUNICIPIUL B\u0102L\u021aI - BTV<\/title>\n<meta name=\"robots\" content=\"index, follow, max-snippet:-1, max-image-preview:large, max-video-preview:-1\" \/>\n<link rel=\"canonical\" href=\"https:\/\/www.btv.md\/ro\/zaharul-din-romania-a-ajuns-in-municipiul-balti\/\" \/>\n<meta property=\"og:locale\" content=\"ro_RO\" \/>\n<meta property=\"og:type\" content=\"article\" \/>\n<meta property=\"og:title\" content=\"ZAH\u0102RUL DIN ROM\u00c2NIA A AJUNS \u00ceN MUNICIPIUL B\u0102L\u021aI - BTV\" \/>\n<meta property=\"og:description\" content=\"Prima tran\u0219\u0103 din ajutorul umanitar acordat de Rom\u00e2nia a ajuns \u00een municipiul B\u0103l\u021bi. Este vorba de aproximativ 54 de tone de zah\u0103r, cantitate ce urmeaz\u0103 s\u0103 fie distribuit\u0103 \u00een mod prioritar institu\u021biilor de \u00eenv\u0103\u021b\u0103m\u00e2nt \u0219colar \u0219i pre\u0219colar, dar \u0219i persoanelor nevoia\u0219e din municipiul B\u0103l\u021bi. Totodat\u0103, Veronica Munteanu a precizat c\u0103 lista persoanelor care vor beneficia [&hellip;]\" \/>\n<meta property=\"og:url\" content=\"https:\/\/www.btv.md\/ro\/zaharul-din-romania-a-ajuns-in-municipiul-balti\/\" \/>\n<meta property=\"og:site_name\" content=\"BTV\" \/>\n<meta property=\"article:publisher\" content=\"https:\/\/www.facebook.com\/btvmoldova\/\" \/>\n<meta property=\"article:published_time\" content=\"2016-04-05T13:19:44+00:00\" \/>\n<meta property=\"og:image\" content=\"https:\/\/www.btv.md\/wp-content\/uploads\/2016\/04\/zahar.png\" \/>\n\t<meta property=\"og:image:width\" content=\"999\" \/>\n\t<meta property=\"og:image:height\" content=\"595\" \/>\n\t<meta property=\"og:image:type\" content=\"image\/png\" \/>\n<meta name=\"author\" content=\"admin\" \/>\n<meta name=\"twitter:label1\" content=\"Scris de\" \/>\n\t<meta name=\"twitter:data1\" content=\"admin\" \/>\n\t<meta name=\"twitter:label2\" content=\"Timp estimat pentru citire\" \/>\n\t<meta name=\"twitter:data2\" content=\"1 minut\" \/>\n<script type=\"application\/ld+json\" class=\"yoast-schema-graph\">{\"@context\":\"https:\\\/\\\/schema.org\",\"@graph\":[{\"@type\":\"Article\",\"@id\":\"https:\\\/\\\/www.btv.md\\\/ro\\\/zaharul-din-romania-a-ajuns-in-municipiul-balti\\\/#article\",\"isPartOf\":{\"@id\":\"https:\\\/\\\/www.btv.md\\\/ro\\\/zaharul-din-romania-a-ajuns-in-municipiul-balti\\\/\"},\"author\":{\"name\":\"admin\",\"@id\":\"https:\\\/\\\/www.btv.md\\\/#\\\/schema\\\/person\\\/8fadce81561b3ce2c34c46dadc4ccbf2\"},\"headline\":\"ZAH\u0102RUL DIN ROM\u00c2NIA A AJUNS \u00ceN MUNICIPIUL B\u0102L\u021aI\",\"datePublished\":\"2016-04-05T13:19:44+00:00\",\"mainEntityOfPage\":{\"@id\":\"https:\\\/\\\/www.btv.md\\\/ro\\\/zaharul-din-romania-a-ajuns-in-municipiul-balti\\\/\"},\"wordCount\":195,\"image\":{\"@id\":\"https:\\\/\\\/www.btv.md\\\/ro\\\/zaharul-din-romania-a-ajuns-in-municipiul-balti\\\/#primaryimage\"},\"thumbnailUrl\":\"https:\\\/\\\/www.btv.md\\\/wp-content\\\/uploads\\\/2016\\\/04\\\/zahar.png\",\"articleSection\":[\"Ora\u0219\"],\"inLanguage\":\"ro-RO\"},{\"@type\":\"WebPage\",\"@id\":\"https:\\\/\\\/www.btv.md\\\/ro\\\/zaharul-din-romania-a-ajuns-in-municipiul-balti\\\/\",\"url\":\"https:\\\/\\\/www.btv.md\\\/ro\\\/zaharul-din-romania-a-ajuns-in-municipiul-balti\\\/\",\"name\":\"ZAH\u0102RUL DIN ROM\u00c2NIA A AJUNS \u00ceN MUNICIPIUL B\u0102L\u021aI - BTV\",\"isPartOf\":{\"@id\":\"https:\\\/\\\/www.btv.md\\\/#website\"},\"primaryImageOfPage\":{\"@id\":\"https:\\\/\\\/www.btv.md\\\/ro\\\/zaharul-din-romania-a-ajuns-in-municipiul-balti\\\/#primaryimage\"},\"image\":{\"@id\":\"https:\\\/\\\/www.btv.md\\\/ro\\\/zaharul-din-romania-a-ajuns-in-municipiul-balti\\\/#primaryimage\"},\"thumbnailUrl\":\"https:\\\/\\\/www.btv.md\\\/wp-content\\\/uploads\\\/2016\\\/04\\\/zahar.png\",\"datePublished\":\"2016-04-05T13:19:44+00:00\",\"author\":{\"@id\":\"https:\\\/\\\/www.btv.md\\\/#\\\/schema\\\/person\\\/8fadce81561b3ce2c34c46dadc4ccbf2\"},\"inLanguage\":\"ro-RO\",\"potentialAction\":[{\"@type\":\"ReadAction\",\"target\":[\"https:\\\/\\\/www.btv.md\\\/ro\\\/zaharul-din-romania-a-ajuns-in-municipiul-balti\\\/\"]}]},{\"@type\":\"ImageObject\",\"inLanguage\":\"ro-RO\",\"@id\":\"https:\\\/\\\/www.btv.md\\\/ro\\\/zaharul-din-romania-a-ajuns-in-municipiul-balti\\\/#primaryimage\",\"url\":\"https:\\\/\\\/www.btv.md\\\/wp-content\\\/uploads\\\/2016\\\/04\\\/zahar.png\",\"contentUrl\":\"https:\\\/\\\/www.btv.md\\\/wp-content\\\/uploads\\\/2016\\\/04\\\/zahar.png\",\"width\":999,\"height\":595},{\"@type\":\"WebSite\",\"@id\":\"https:\\\/\\\/www.btv.md\\\/#website\",\"url\":\"https:\\\/\\\/www.btv.md\\\/\",\"name\":\"BTV\",\"description\":\"\u0411\u0435\u043b\u044c\u0446\u043a\u043e\u0435 \u0442\u0435\u043b\u0435\u0432\u0438\u0434\u0435\u043d\u0438\u0435\",\"potentialAction\":[{\"@type\":\"SearchAction\",\"target\":{\"@type\":\"EntryPoint\",\"urlTemplate\":\"https:\\\/\\\/www.btv.md\\\/?s={search_term_string}\"},\"query-input\":{\"@type\":\"PropertyValueSpecification\",\"valueRequired\":true,\"valueName\":\"search_term_string\"}}],\"inLanguage\":\"ro-RO\"},{\"@type\":\"Person\",\"@id\":\"https:\\\/\\\/www.btv.md\\\/#\\\/schema\\\/person\\\/8fadce81561b3ce2c34c46dadc4ccbf2\",\"name\":\"admin\"}]}<\/script>\n<!-- \/ Yoast SEO plugin. -->","yoast_head_json":{"title":"ZAH\u0102RUL DIN ROM\u00c2NIA A AJUNS \u00ceN MUNICIPIUL B\u0102L\u021aI - BTV","robots":{"index":"index","follow":"follow","max-snippet":"max-snippet:-1","max-image-preview":"max-image-preview:large","max-video-preview":"max-video-preview:-1"},"canonical":"https:\/\/www.btv.md\/ro\/zaharul-din-romania-a-ajuns-in-municipiul-balti\/","og_locale":"ro_RO","og_type":"article","og_title":"ZAH\u0102RUL DIN ROM\u00c2NIA A AJUNS \u00ceN MUNICIPIUL B\u0102L\u021aI - BTV","og_description":"Prima tran\u0219\u0103 din ajutorul umanitar acordat de Rom\u00e2nia a ajuns \u00een municipiul B\u0103l\u021bi. Este vorba de aproximativ 54 de tone de zah\u0103r, cantitate ce urmeaz\u0103 s\u0103 fie distribuit\u0103 \u00een mod prioritar institu\u021biilor de \u00eenv\u0103\u021b\u0103m\u00e2nt \u0219colar \u0219i pre\u0219colar, dar \u0219i persoanelor nevoia\u0219e din municipiul B\u0103l\u021bi. Totodat\u0103, Veronica Munteanu a precizat c\u0103 lista persoanelor care vor beneficia [&hellip;]","og_url":"https:\/\/www.btv.md\/ro\/zaharul-din-romania-a-ajuns-in-municipiul-balti\/","og_site_name":"BTV","article_publisher":"https:\/\/www.facebook.com\/btvmoldova\/","article_published_time":"2016-04-05T13:19:44+00:00","og_image":[{"width":999,"height":595,"url":"https:\/\/www.btv.md\/wp-content\/uploads\/2016\/04\/zahar.png","type":"image\/png"}],"author":"admin","twitter_misc":{"Scris de":"admin","Timp estimat pentru citire":"1 minut"},"schema":{"@context":"https:\/\/schema.org","@graph":[{"@type":"Article","@id":"https:\/\/www.btv.md\/ro\/zaharul-din-romania-a-ajuns-in-municipiul-balti\/#article","isPartOf":{"@id":"https:\/\/www.btv.md\/ro\/zaharul-din-romania-a-ajuns-in-municipiul-balti\/"},"author":{"name":"admin","@id":"https:\/\/www.btv.md\/#\/schema\/person\/8fadce81561b3ce2c34c46dadc4ccbf2"},"headline":"ZAH\u0102RUL DIN ROM\u00c2NIA A AJUNS \u00ceN MUNICIPIUL B\u0102L\u021aI","datePublished":"2016-04-05T13:19:44+00:00","mainEntityOfPage":{"@id":"https:\/\/www.btv.md\/ro\/zaharul-din-romania-a-ajuns-in-municipiul-balti\/"},"wordCount":195,"image":{"@id":"https:\/\/www.btv.md\/ro\/zaharul-din-romania-a-ajuns-in-municipiul-balti\/#primaryimage"},"thumbnailUrl":"https:\/\/www.btv.md\/wp-content\/uploads\/2016\/04\/zahar.png","articleSection":["Ora\u0219"],"inLanguage":"ro-RO"},{"@type":"WebPage","@id":"https:\/\/www.btv.md\/ro\/zaharul-din-romania-a-ajuns-in-municipiul-balti\/","url":"https:\/\/www.btv.md\/ro\/zaharul-din-romania-a-ajuns-in-municipiul-balti\/","name":"ZAH\u0102RUL DIN ROM\u00c2NIA A AJUNS \u00ceN MUNICIPIUL B\u0102L\u021aI - BTV","isPartOf":{"@id":"https:\/\/www.btv.md\/#website"},"primaryImageOfPage":{"@id":"https:\/\/www.btv.md\/ro\/zaharul-din-romania-a-ajuns-in-municipiul-balti\/#primaryimage"},"image":{"@id":"https:\/\/www.btv.md\/ro\/zaharul-din-romania-a-ajuns-in-municipiul-balti\/#primaryimage"},"thumbnailUrl":"https:\/\/www.btv.md\/wp-content\/uploads\/2016\/04\/zahar.png","datePublished":"2016-04-05T13:19:44+00:00","author":{"@id":"https:\/\/www.btv.md\/#\/schema\/person\/8fadce81561b3ce2c34c46dadc4ccbf2"},"inLanguage":"ro-RO","potentialAction":[{"@type":"ReadAction","target":["https:\/\/www.btv.md\/ro\/zaharul-din-romania-a-ajuns-in-municipiul-balti\/"]}]},{"@type":"ImageObject","inLanguage":"ro-RO","@id":"https:\/\/www.btv.md\/ro\/zaharul-din-romania-a-ajuns-in-municipiul-balti\/#primaryimage","url":"https:\/\/www.btv.md\/wp-content\/uploads\/2016\/04\/zahar.png","contentUrl":"https:\/\/www.btv.md\/wp-content\/uploads\/2016\/04\/zahar.png","width":999,"height":595},{"@type":"WebSite","@id":"https:\/\/www.btv.md\/#website","url":"https:\/\/www.btv.md\/","name":"BTV","description":"\u0411\u0435\u043b\u044c\u0446\u043a\u043e\u0435 \u0442\u0435\u043b\u0435\u0432\u0438\u0434\u0435\u043d\u0438\u0435","potentialAction":[{"@type":"SearchAction","target":{"@type":"EntryPoint","urlTemplate":"https:\/\/www.btv.md\/?s={search_term_string}"},"query-input":{"@type":"PropertyValueSpecification","valueRequired":true,"valueName":"search_term_string"}}],"inLanguage":"ro-RO"},{"@type":"Person","@id":"https:\/\/www.btv.md\/#\/schema\/person\/8fadce81561b3ce2c34c46dadc4ccbf2","name":"admin"}]}},"_links":{"self":[{"href":"https:\/\/www.btv.md\/ro\/wp-json\/wp\/v2\/posts\/10224","targetHints":{"allow":["GET"]}}],"collection":[{"href":"https:\/\/www.btv.md\/ro\/wp-json\/wp\/v2\/posts"}],"about":[{"href":"https:\/\/www.btv.md\/ro\/wp-json\/wp\/v2\/types\/post"}],"author":[{"embeddable":true,"href":"https:\/\/www.btv.md\/ro\/wp-json\/wp\/v2\/users\/4"}],"replies":[{"embeddable":true,"href":"https:\/\/www.btv.md\/ro\/wp-json\/wp\/v2\/comments?post=10224"}],"version-history":[{"count":0,"href":"https:\/\/www.btv.md\/ro\/wp-json\/wp\/v2\/posts\/10224\/revisions"}],"wp:featuredmedia":[{"embeddable":true,"href":"https:\/\/www.btv.md\/ro\/wp-json\/wp\/v2\/media\/10225"}],"wp:attachment":[{"href":"https:\/\/www.btv.md\/ro\/wp-json\/wp\/v2\/media?parent=10224"}],"wp:term":[{"taxonomy":"category","embeddable":true,"href":"https:\/\/www.btv.md\/ro\/wp-json\/wp\/v2\/categories?post=10224"},{"taxonomy":"post_tag","embeddable":true,"href":"https:\/\/www.btv.md\/ro\/wp-json\/wp\/v2\/tags?post=10224"}],"curies":[{"name":"wp","href":"https:\/\/api.w.org\/{rel}","templated":true}]}}