{"id":10265,"date":"2016-04-06T11:39:13","date_gmt":"2016-04-06T08:39:13","guid":{"rendered":"http:\/\/btv.md\/?p=10265"},"modified":"2016-04-06T11:39:13","modified_gmt":"2016-04-06T08:39:13","slug":"sef-de-la-parlament-condamnat-pentru-folosirea-unei-diplome-de-studii-false","status":"publish","type":"post","link":"https:\/\/www.btv.md\/ro\/sef-de-la-parlament-condamnat-pentru-folosirea-unei-diplome-de-studii-false\/","title":{"rendered":"\u0218EF  DE  LA  PARLAMENT, CONDAMNAT  PENTRU  FOLOSIREA  UNEI  DIPLOME  DE  STUDII  FALSE"},"content":{"rendered":"<p><strong>Un fost \u015fef de sec\u0163ie de la Parlamentul Republicii Moldova a fost condamnat penal, anun\u0163\u0103 <a href=\"http:\/\/www.procuratura.md\/md\/newslst\/1211\/1\/6600\/\" target=\"_blank\">procuratura<\/a>.<\/strong><\/p>\n<p>Func\u0163ionarul public, potrivit materialelor din dosar, se face vinovat de folosirea unei diplome de studii false.<\/p>\n<p>Procuratura General\u0103 a demonstrat \u00een fa\u0163a Colegiului penal al Cur\u0163ii de Apel Chi\u015fin\u0103u vinov\u0103\u0163ia unui fost \u015fef de sec\u0163ie din cadrul Parlamentului Republicii Moldova, recunoscut culpabil pentru folosirea documentelor oficiale false.<\/p>\n<p>Inculpatul ar fi falsificat o diplom\u0103 de studii superioare, eliberat\u0103 \u00een anul 1996 de Institutul Interna\u0163ional de Management, Busines \u0219i Drept din ora\u015ful Slaveansc, Ucraina.<\/p>\n<p>La 1 februarie curent, prin sentin\u0163a Judec\u0103toriei Botanica, fostul func\u0163ionar a fost recunoscut vinovat de comiterea falsului \u00een acte publice. \u00cens\u0103 acesta a fost eliberat de r\u0103spundere penal\u0103 pe motivul intervenirii termenului prescrip\u0163iei tragerii la r\u0103spundere penal\u0103.<\/p>\n<p>Procurorii au calificat sentin\u0163a drept ilegal\u0103 \u015fi au contestat-o la Curtea de Apel Chi\u015fin\u0103u, care a casat hot\u0103r\u00e2rea primei instan\u0163e, iar inculpatul a fost condamnat la o amend\u0103 penal\u0103.<\/p>\n","protected":false},"excerpt":{"rendered":"<p>Un fost \u015fef de sec\u0163ie de la Parlamentul Republicii Moldova a fost condamnat penal, anun\u0163\u0103 procuratura. Func\u0163ionarul public, potrivit materialelor din dosar, se face vinovat de folosirea unei diplome de studii false. Procuratura General\u0103 a demonstrat \u00een fa\u0163a Colegiului penal al Cur\u0163ii de Apel Chi\u015fin\u0103u vinov\u0103\u0163ia unui fost \u015fef de sec\u0163ie din cadrul Parlamentului Republicii [&hellip;]<\/p>\n","protected":false},"author":4,"featured_media":10266,"comment_status":"closed","ping_status":"closed","sticky":false,"template":"","format":"standard","meta":{"footnotes":""},"categories":[6351],"tags":[],"class_list":["post-10265","post","type-post","status-publish","format-standard","has-post-thumbnail","hentry","category-incidente"],"yoast_head":"<!-- This site is optimized with the Yoast SEO plugin v27.4 - https:\/\/yoast.com\/product\/yoast-seo-wordpress\/ -->\n<title>\u0218EF DE LA PARLAMENT, CONDAMNAT PENTRU FOLOSIREA UNEI DIPLOME DE STUDII FALSE - BTV<\/title>\n<meta name=\"robots\" content=\"index, follow, max-snippet:-1, max-image-preview:large, max-video-preview:-1\" \/>\n<link rel=\"canonical\" href=\"https:\/\/www.btv.md\/ro\/sef-de-la-parlament-condamnat-pentru-folosirea-unei-diplome-de-studii-false\/\" \/>\n<meta property=\"og:locale\" content=\"ro_RO\" \/>\n<meta property=\"og:type\" content=\"article\" \/>\n<meta property=\"og:title\" content=\"\u0218EF DE LA PARLAMENT, CONDAMNAT PENTRU FOLOSIREA UNEI DIPLOME DE STUDII FALSE - BTV\" \/>\n<meta property=\"og:description\" content=\"Un fost \u015fef de sec\u0163ie de la Parlamentul Republicii Moldova a fost condamnat penal, anun\u0163\u0103 procuratura. Func\u0163ionarul public, potrivit materialelor din dosar, se face vinovat de folosirea unei diplome de studii false. Procuratura General\u0103 a demonstrat \u00een fa\u0163a Colegiului penal al Cur\u0163ii de Apel Chi\u015fin\u0103u vinov\u0103\u0163ia unui fost \u015fef de sec\u0163ie din cadrul Parlamentului Republicii [&hellip;]\" \/>\n<meta property=\"og:url\" content=\"https:\/\/www.btv.md\/ro\/sef-de-la-parlament-condamnat-pentru-folosirea-unei-diplome-de-studii-false\/\" \/>\n<meta property=\"og:site_name\" content=\"BTV\" \/>\n<meta property=\"article:publisher\" content=\"https:\/\/www.facebook.com\/btvmoldova\/\" \/>\n<meta property=\"article:published_time\" content=\"2016-04-06T08:39:13+00:00\" \/>\n<meta property=\"og:image\" content=\"https:\/\/www.btv.md\/wp-content\/uploads\/2016\/04\/justitie-lege-magistrat-instanta-judecata-607x420.jpg\" \/>\n\t<meta property=\"og:image:width\" content=\"607\" \/>\n\t<meta property=\"og:image:height\" content=\"420\" \/>\n\t<meta property=\"og:image:type\" content=\"image\/jpeg\" \/>\n<meta name=\"author\" content=\"admin\" \/>\n<meta name=\"twitter:label1\" content=\"Scris de\" \/>\n\t<meta name=\"twitter:data1\" content=\"admin\" \/>\n\t<meta name=\"twitter:label2\" content=\"Timp estimat pentru citire\" \/>\n\t<meta name=\"twitter:data2\" content=\"1 minut\" \/>\n<script type=\"application\/ld+json\" class=\"yoast-schema-graph\">{\"@context\":\"https:\\\/\\\/schema.org\",\"@graph\":[{\"@type\":\"Article\",\"@id\":\"https:\\\/\\\/www.btv.md\\\/ro\\\/sef-de-la-parlament-condamnat-pentru-folosirea-unei-diplome-de-studii-false\\\/#article\",\"isPartOf\":{\"@id\":\"https:\\\/\\\/www.btv.md\\\/ro\\\/sef-de-la-parlament-condamnat-pentru-folosirea-unei-diplome-de-studii-false\\\/\"},\"author\":{\"name\":\"admin\",\"@id\":\"https:\\\/\\\/www.btv.md\\\/#\\\/schema\\\/person\\\/8fadce81561b3ce2c34c46dadc4ccbf2\"},\"headline\":\"\u0218EF DE LA PARLAMENT, CONDAMNAT PENTRU FOLOSIREA UNEI DIPLOME DE STUDII FALSE\",\"datePublished\":\"2016-04-06T08:39:13+00:00\",\"mainEntityOfPage\":{\"@id\":\"https:\\\/\\\/www.btv.md\\\/ro\\\/sef-de-la-parlament-condamnat-pentru-folosirea-unei-diplome-de-studii-false\\\/\"},\"wordCount\":186,\"image\":{\"@id\":\"https:\\\/\\\/www.btv.md\\\/ro\\\/sef-de-la-parlament-condamnat-pentru-folosirea-unei-diplome-de-studii-false\\\/#primaryimage\"},\"thumbnailUrl\":\"https:\\\/\\\/www.btv.md\\\/wp-content\\\/uploads\\\/2016\\\/04\\\/justitie-lege-magistrat-instanta-judecata-607x420.jpg\",\"articleSection\":[\"Incidente\"],\"inLanguage\":\"ro-RO\"},{\"@type\":\"WebPage\",\"@id\":\"https:\\\/\\\/www.btv.md\\\/ro\\\/sef-de-la-parlament-condamnat-pentru-folosirea-unei-diplome-de-studii-false\\\/\",\"url\":\"https:\\\/\\\/www.btv.md\\\/ro\\\/sef-de-la-parlament-condamnat-pentru-folosirea-unei-diplome-de-studii-false\\\/\",\"name\":\"\u0218EF DE LA PARLAMENT, CONDAMNAT PENTRU FOLOSIREA UNEI DIPLOME DE STUDII FALSE - BTV\",\"isPartOf\":{\"@id\":\"https:\\\/\\\/www.btv.md\\\/#website\"},\"primaryImageOfPage\":{\"@id\":\"https:\\\/\\\/www.btv.md\\\/ro\\\/sef-de-la-parlament-condamnat-pentru-folosirea-unei-diplome-de-studii-false\\\/#primaryimage\"},\"image\":{\"@id\":\"https:\\\/\\\/www.btv.md\\\/ro\\\/sef-de-la-parlament-condamnat-pentru-folosirea-unei-diplome-de-studii-false\\\/#primaryimage\"},\"thumbnailUrl\":\"https:\\\/\\\/www.btv.md\\\/wp-content\\\/uploads\\\/2016\\\/04\\\/justitie-lege-magistrat-instanta-judecata-607x420.jpg\",\"datePublished\":\"2016-04-06T08:39:13+00:00\",\"author\":{\"@id\":\"https:\\\/\\\/www.btv.md\\\/#\\\/schema\\\/person\\\/8fadce81561b3ce2c34c46dadc4ccbf2\"},\"inLanguage\":\"ro-RO\",\"potentialAction\":[{\"@type\":\"ReadAction\",\"target\":[\"https:\\\/\\\/www.btv.md\\\/ro\\\/sef-de-la-parlament-condamnat-pentru-folosirea-unei-diplome-de-studii-false\\\/\"]}]},{\"@type\":\"ImageObject\",\"inLanguage\":\"ro-RO\",\"@id\":\"https:\\\/\\\/www.btv.md\\\/ro\\\/sef-de-la-parlament-condamnat-pentru-folosirea-unei-diplome-de-studii-false\\\/#primaryimage\",\"url\":\"https:\\\/\\\/www.btv.md\\\/wp-content\\\/uploads\\\/2016\\\/04\\\/justitie-lege-magistrat-instanta-judecata-607x420.jpg\",\"contentUrl\":\"https:\\\/\\\/www.btv.md\\\/wp-content\\\/uploads\\\/2016\\\/04\\\/justitie-lege-magistrat-instanta-judecata-607x420.jpg\",\"width\":607,\"height\":420,\"caption\":\"www.zdg.md\"},{\"@type\":\"WebSite\",\"@id\":\"https:\\\/\\\/www.btv.md\\\/#website\",\"url\":\"https:\\\/\\\/www.btv.md\\\/\",\"name\":\"BTV\",\"description\":\"\u0411\u0435\u043b\u044c\u0446\u043a\u043e\u0435 \u0442\u0435\u043b\u0435\u0432\u0438\u0434\u0435\u043d\u0438\u0435\",\"potentialAction\":[{\"@type\":\"SearchAction\",\"target\":{\"@type\":\"EntryPoint\",\"urlTemplate\":\"https:\\\/\\\/www.btv.md\\\/?s={search_term_string}\"},\"query-input\":{\"@type\":\"PropertyValueSpecification\",\"valueRequired\":true,\"valueName\":\"search_term_string\"}}],\"inLanguage\":\"ro-RO\"},{\"@type\":\"Person\",\"@id\":\"https:\\\/\\\/www.btv.md\\\/#\\\/schema\\\/person\\\/8fadce81561b3ce2c34c46dadc4ccbf2\",\"name\":\"admin\"}]}<\/script>\n<!-- \/ Yoast SEO plugin. -->","yoast_head_json":{"title":"\u0218EF DE LA PARLAMENT, CONDAMNAT PENTRU FOLOSIREA UNEI DIPLOME DE STUDII FALSE - BTV","robots":{"index":"index","follow":"follow","max-snippet":"max-snippet:-1","max-image-preview":"max-image-preview:large","max-video-preview":"max-video-preview:-1"},"canonical":"https:\/\/www.btv.md\/ro\/sef-de-la-parlament-condamnat-pentru-folosirea-unei-diplome-de-studii-false\/","og_locale":"ro_RO","og_type":"article","og_title":"\u0218EF DE LA PARLAMENT, CONDAMNAT PENTRU FOLOSIREA UNEI DIPLOME DE STUDII FALSE - BTV","og_description":"Un fost \u015fef de sec\u0163ie de la Parlamentul Republicii Moldova a fost condamnat penal, anun\u0163\u0103 procuratura. Func\u0163ionarul public, potrivit materialelor din dosar, se face vinovat de folosirea unei diplome de studii false. Procuratura General\u0103 a demonstrat \u00een fa\u0163a Colegiului penal al Cur\u0163ii de Apel Chi\u015fin\u0103u vinov\u0103\u0163ia unui fost \u015fef de sec\u0163ie din cadrul Parlamentului Republicii [&hellip;]","og_url":"https:\/\/www.btv.md\/ro\/sef-de-la-parlament-condamnat-pentru-folosirea-unei-diplome-de-studii-false\/","og_site_name":"BTV","article_publisher":"https:\/\/www.facebook.com\/btvmoldova\/","article_published_time":"2016-04-06T08:39:13+00:00","og_image":[{"width":607,"height":420,"url":"https:\/\/www.btv.md\/wp-content\/uploads\/2016\/04\/justitie-lege-magistrat-instanta-judecata-607x420.jpg","type":"image\/jpeg"}],"author":"admin","twitter_misc":{"Scris de":"admin","Timp estimat pentru citire":"1 minut"},"schema":{"@context":"https:\/\/schema.org","@graph":[{"@type":"Article","@id":"https:\/\/www.btv.md\/ro\/sef-de-la-parlament-condamnat-pentru-folosirea-unei-diplome-de-studii-false\/#article","isPartOf":{"@id":"https:\/\/www.btv.md\/ro\/sef-de-la-parlament-condamnat-pentru-folosirea-unei-diplome-de-studii-false\/"},"author":{"name":"admin","@id":"https:\/\/www.btv.md\/#\/schema\/person\/8fadce81561b3ce2c34c46dadc4ccbf2"},"headline":"\u0218EF DE LA PARLAMENT, CONDAMNAT PENTRU FOLOSIREA UNEI DIPLOME DE STUDII FALSE","datePublished":"2016-04-06T08:39:13+00:00","mainEntityOfPage":{"@id":"https:\/\/www.btv.md\/ro\/sef-de-la-parlament-condamnat-pentru-folosirea-unei-diplome-de-studii-false\/"},"wordCount":186,"image":{"@id":"https:\/\/www.btv.md\/ro\/sef-de-la-parlament-condamnat-pentru-folosirea-unei-diplome-de-studii-false\/#primaryimage"},"thumbnailUrl":"https:\/\/www.btv.md\/wp-content\/uploads\/2016\/04\/justitie-lege-magistrat-instanta-judecata-607x420.jpg","articleSection":["Incidente"],"inLanguage":"ro-RO"},{"@type":"WebPage","@id":"https:\/\/www.btv.md\/ro\/sef-de-la-parlament-condamnat-pentru-folosirea-unei-diplome-de-studii-false\/","url":"https:\/\/www.btv.md\/ro\/sef-de-la-parlament-condamnat-pentru-folosirea-unei-diplome-de-studii-false\/","name":"\u0218EF DE LA PARLAMENT, CONDAMNAT PENTRU FOLOSIREA UNEI DIPLOME DE STUDII FALSE - BTV","isPartOf":{"@id":"https:\/\/www.btv.md\/#website"},"primaryImageOfPage":{"@id":"https:\/\/www.btv.md\/ro\/sef-de-la-parlament-condamnat-pentru-folosirea-unei-diplome-de-studii-false\/#primaryimage"},"image":{"@id":"https:\/\/www.btv.md\/ro\/sef-de-la-parlament-condamnat-pentru-folosirea-unei-diplome-de-studii-false\/#primaryimage"},"thumbnailUrl":"https:\/\/www.btv.md\/wp-content\/uploads\/2016\/04\/justitie-lege-magistrat-instanta-judecata-607x420.jpg","datePublished":"2016-04-06T08:39:13+00:00","author":{"@id":"https:\/\/www.btv.md\/#\/schema\/person\/8fadce81561b3ce2c34c46dadc4ccbf2"},"inLanguage":"ro-RO","potentialAction":[{"@type":"ReadAction","target":["https:\/\/www.btv.md\/ro\/sef-de-la-parlament-condamnat-pentru-folosirea-unei-diplome-de-studii-false\/"]}]},{"@type":"ImageObject","inLanguage":"ro-RO","@id":"https:\/\/www.btv.md\/ro\/sef-de-la-parlament-condamnat-pentru-folosirea-unei-diplome-de-studii-false\/#primaryimage","url":"https:\/\/www.btv.md\/wp-content\/uploads\/2016\/04\/justitie-lege-magistrat-instanta-judecata-607x420.jpg","contentUrl":"https:\/\/www.btv.md\/wp-content\/uploads\/2016\/04\/justitie-lege-magistrat-instanta-judecata-607x420.jpg","width":607,"height":420,"caption":"www.zdg.md"},{"@type":"WebSite","@id":"https:\/\/www.btv.md\/#website","url":"https:\/\/www.btv.md\/","name":"BTV","description":"\u0411\u0435\u043b\u044c\u0446\u043a\u043e\u0435 \u0442\u0435\u043b\u0435\u0432\u0438\u0434\u0435\u043d\u0438\u0435","potentialAction":[{"@type":"SearchAction","target":{"@type":"EntryPoint","urlTemplate":"https:\/\/www.btv.md\/?s={search_term_string}"},"query-input":{"@type":"PropertyValueSpecification","valueRequired":true,"valueName":"search_term_string"}}],"inLanguage":"ro-RO"},{"@type":"Person","@id":"https:\/\/www.btv.md\/#\/schema\/person\/8fadce81561b3ce2c34c46dadc4ccbf2","name":"admin"}]}},"_links":{"self":[{"href":"https:\/\/www.btv.md\/ro\/wp-json\/wp\/v2\/posts\/10265","targetHints":{"allow":["GET"]}}],"collection":[{"href":"https:\/\/www.btv.md\/ro\/wp-json\/wp\/v2\/posts"}],"about":[{"href":"https:\/\/www.btv.md\/ro\/wp-json\/wp\/v2\/types\/post"}],"author":[{"embeddable":true,"href":"https:\/\/www.btv.md\/ro\/wp-json\/wp\/v2\/users\/4"}],"replies":[{"embeddable":true,"href":"https:\/\/www.btv.md\/ro\/wp-json\/wp\/v2\/comments?post=10265"}],"version-history":[{"count":0,"href":"https:\/\/www.btv.md\/ro\/wp-json\/wp\/v2\/posts\/10265\/revisions"}],"wp:featuredmedia":[{"embeddable":true,"href":"https:\/\/www.btv.md\/ro\/wp-json\/wp\/v2\/media\/10266"}],"wp:attachment":[{"href":"https:\/\/www.btv.md\/ro\/wp-json\/wp\/v2\/media?parent=10265"}],"wp:term":[{"taxonomy":"category","embeddable":true,"href":"https:\/\/www.btv.md\/ro\/wp-json\/wp\/v2\/categories?post=10265"},{"taxonomy":"post_tag","embeddable":true,"href":"https:\/\/www.btv.md\/ro\/wp-json\/wp\/v2\/tags?post=10265"}],"curies":[{"name":"wp","href":"https:\/\/api.w.org\/{rel}","templated":true}]}}