{"id":10309,"date":"2016-04-06T13:45:06","date_gmt":"2016-04-06T10:45:06","guid":{"rendered":"http:\/\/btv.md\/?p=10309"},"modified":"2016-04-06T13:45:06","modified_gmt":"2016-04-06T10:45:06","slug":"constructiile-care-urmeaza-sa-fie-date-in-exploatare-au-ajuns-in-vizorul-primariei","status":"publish","type":"post","link":"https:\/\/www.btv.md\/ro\/constructiile-care-urmeaza-sa-fie-date-in-exploatare-au-ajuns-in-vizorul-primariei\/","title":{"rendered":"CONSTRUC\u021aIILE CARE URMEAZ\u0102 S\u0102 FIE DATE \u00ceN EXPLOATARE AU AJUNS \u00ceN VIZORUL PRIM\u0102RIEI"},"content":{"rendered":"<p><strong>Viceprimarul de B\u0103l\u021bi, Igor \u0218eremet \u0219i Arhitectul \u0218ef, Veaceslav Coad\u0103 au verificat c\u00e2teva construc\u021bii care  urmeaz\u0103 s\u0103 fie date \u00een exploatare de unii agen\u021bi economici. Potrivit regulamentului, avizul primit din partea  autorit\u0103\u021bilor publice locale le va permite agen\u021bilor economici s\u0103-\u0219i desf\u0103\u0219oare activitatea.<\/strong><\/p>\n<p>Primul obiect care a fost supus controlului cu privire la respectarea rigorilor de construc\u021biei, dar \u0219i amenajarea aspa\u021biilor verzi au fost at\u00e2t halele c\u00e2t \u0219i teritorilul unui  complex de v\u00e2nzare a tehnicii agricole. <\/p>\n<p>C\u00e2nd au ajuns s\u0103 verifice ce-a de a dou\u0103 construc\u021bie care urma s\u0103 fie dat\u0103 \u00een exploatare, agentul economic \u00ee\u021bi desf\u0103\u0219ura deja activitatea.   <\/p>\n<p>Este vorba despre un magazin de telefonie mobil\u0103 care se afl\u0103 fa\u021b\u0103 \u00een fa\u021b\u0103 cu pia\u021ba din Cartierul opt. Aici, Igor \u0218eremet \u00eempreun\u0103 cu arhitectul \u0219ef \u0219i-au ar\u0103tat nemul\u021bumirea fa\u021b\u0103 de construc\u021bia \u0219i amenajarea sta\u021biilor de de troleibuze \u0219i microbuze.    <\/p>\n<p>O ac\u021biune similar\u0103 de verificare a avut loc la a\u00eenceputul lunii martie. <\/p>\n<p><iframe width=\"420\" height=\"315\" data-src=\"https:\/\/www.youtube.com\/embed\/LvOwieoLp70\" frameborder=\"0\" allowfullscreen src=\"data:image\/svg+xml;base64,PHN2ZyB3aWR0aD0iMSIgaGVpZ2h0PSIxIiB4bWxucz0iaHR0cDovL3d3dy53My5vcmcvMjAwMC9zdmciPjwvc3ZnPg==\" class=\"lazyload\" data-load-mode=\"1\"><\/iframe><\/p>\n","protected":false},"excerpt":{"rendered":"<p>Viceprimarul de B\u0103l\u021bi, Igor \u0218eremet \u0219i Arhitectul \u0218ef, Veaceslav Coad\u0103 au verificat c\u00e2teva construc\u021bii care urmeaz\u0103 s\u0103 fie date \u00een exploatare de unii agen\u021bi economici. Potrivit regulamentului, avizul primit din partea autorit\u0103\u021bilor publice locale le va permite agen\u021bilor economici s\u0103-\u0219i desf\u0103\u0219oare activitatea. Primul obiect care a fost supus controlului cu privire la respectarea rigorilor de [&hellip;]<\/p>\n","protected":false},"author":4,"featured_media":10310,"comment_status":"closed","ping_status":"closed","sticky":false,"template":"","format":"standard","meta":{"footnotes":""},"categories":[6353],"tags":[],"class_list":["post-10309","post","type-post","status-publish","format-standard","has-post-thumbnail","hentry","category-oras"],"yoast_head":"<!-- This site is optimized with the Yoast SEO plugin v27.4 - https:\/\/yoast.com\/product\/yoast-seo-wordpress\/ -->\n<title>CONSTRUC\u021aIILE CARE URMEAZ\u0102 S\u0102 FIE DATE \u00ceN EXPLOATARE AU AJUNS \u00ceN VIZORUL PRIM\u0102RIEI - BTV<\/title>\n<meta name=\"robots\" content=\"index, follow, max-snippet:-1, max-image-preview:large, max-video-preview:-1\" \/>\n<link rel=\"canonical\" href=\"https:\/\/www.btv.md\/ro\/constructiile-care-urmeaza-sa-fie-date-in-exploatare-au-ajuns-in-vizorul-primariei\/\" \/>\n<meta property=\"og:locale\" content=\"ro_RO\" \/>\n<meta property=\"og:type\" content=\"article\" \/>\n<meta property=\"og:title\" content=\"CONSTRUC\u021aIILE CARE URMEAZ\u0102 S\u0102 FIE DATE \u00ceN EXPLOATARE AU AJUNS \u00ceN VIZORUL PRIM\u0102RIEI - BTV\" \/>\n<meta property=\"og:description\" content=\"Viceprimarul de B\u0103l\u021bi, Igor \u0218eremet \u0219i Arhitectul \u0218ef, Veaceslav Coad\u0103 au verificat c\u00e2teva construc\u021bii care urmeaz\u0103 s\u0103 fie date \u00een exploatare de unii agen\u021bi economici. Potrivit regulamentului, avizul primit din partea autorit\u0103\u021bilor publice locale le va permite agen\u021bilor economici s\u0103-\u0219i desf\u0103\u0219oare activitatea. Primul obiect care a fost supus controlului cu privire la respectarea rigorilor de [&hellip;]\" \/>\n<meta property=\"og:url\" content=\"https:\/\/www.btv.md\/ro\/constructiile-care-urmeaza-sa-fie-date-in-exploatare-au-ajuns-in-vizorul-primariei\/\" \/>\n<meta property=\"og:site_name\" content=\"BTV\" \/>\n<meta property=\"article:publisher\" content=\"https:\/\/www.facebook.com\/btvmoldova\/\" \/>\n<meta property=\"article:published_time\" content=\"2016-04-06T10:45:06+00:00\" \/>\n<meta property=\"og:image\" content=\"https:\/\/www.btv.md\/wp-content\/uploads\/2016\/04\/seremet.png\" \/>\n\t<meta property=\"og:image:width\" content=\"1015\" \/>\n\t<meta property=\"og:image:height\" content=\"583\" \/>\n\t<meta property=\"og:image:type\" content=\"image\/png\" \/>\n<meta name=\"author\" content=\"admin\" \/>\n<meta name=\"twitter:label1\" content=\"Scris de\" \/>\n\t<meta name=\"twitter:data1\" content=\"admin\" \/>\n\t<meta name=\"twitter:label2\" content=\"Timp estimat pentru citire\" \/>\n\t<meta name=\"twitter:data2\" content=\"1 minut\" \/>\n<script type=\"application\/ld+json\" class=\"yoast-schema-graph\">{\"@context\":\"https:\\\/\\\/schema.org\",\"@graph\":[{\"@type\":\"Article\",\"@id\":\"https:\\\/\\\/www.btv.md\\\/ro\\\/constructiile-care-urmeaza-sa-fie-date-in-exploatare-au-ajuns-in-vizorul-primariei\\\/#article\",\"isPartOf\":{\"@id\":\"https:\\\/\\\/www.btv.md\\\/ro\\\/constructiile-care-urmeaza-sa-fie-date-in-exploatare-au-ajuns-in-vizorul-primariei\\\/\"},\"author\":{\"name\":\"admin\",\"@id\":\"https:\\\/\\\/www.btv.md\\\/#\\\/schema\\\/person\\\/8fadce81561b3ce2c34c46dadc4ccbf2\"},\"headline\":\"CONSTRUC\u021aIILE CARE URMEAZ\u0102 S\u0102 FIE DATE \u00ceN EXPLOATARE AU AJUNS \u00ceN VIZORUL PRIM\u0102RIEI\",\"datePublished\":\"2016-04-06T10:45:06+00:00\",\"mainEntityOfPage\":{\"@id\":\"https:\\\/\\\/www.btv.md\\\/ro\\\/constructiile-care-urmeaza-sa-fie-date-in-exploatare-au-ajuns-in-vizorul-primariei\\\/\"},\"wordCount\":190,\"image\":{\"@id\":\"https:\\\/\\\/www.btv.md\\\/ro\\\/constructiile-care-urmeaza-sa-fie-date-in-exploatare-au-ajuns-in-vizorul-primariei\\\/#primaryimage\"},\"thumbnailUrl\":\"https:\\\/\\\/www.btv.md\\\/wp-content\\\/uploads\\\/2016\\\/04\\\/seremet.png\",\"articleSection\":[\"Ora\u0219\"],\"inLanguage\":\"ro-RO\"},{\"@type\":\"WebPage\",\"@id\":\"https:\\\/\\\/www.btv.md\\\/ro\\\/constructiile-care-urmeaza-sa-fie-date-in-exploatare-au-ajuns-in-vizorul-primariei\\\/\",\"url\":\"https:\\\/\\\/www.btv.md\\\/ro\\\/constructiile-care-urmeaza-sa-fie-date-in-exploatare-au-ajuns-in-vizorul-primariei\\\/\",\"name\":\"CONSTRUC\u021aIILE CARE URMEAZ\u0102 S\u0102 FIE DATE \u00ceN EXPLOATARE AU AJUNS \u00ceN VIZORUL PRIM\u0102RIEI - BTV\",\"isPartOf\":{\"@id\":\"https:\\\/\\\/www.btv.md\\\/#website\"},\"primaryImageOfPage\":{\"@id\":\"https:\\\/\\\/www.btv.md\\\/ro\\\/constructiile-care-urmeaza-sa-fie-date-in-exploatare-au-ajuns-in-vizorul-primariei\\\/#primaryimage\"},\"image\":{\"@id\":\"https:\\\/\\\/www.btv.md\\\/ro\\\/constructiile-care-urmeaza-sa-fie-date-in-exploatare-au-ajuns-in-vizorul-primariei\\\/#primaryimage\"},\"thumbnailUrl\":\"https:\\\/\\\/www.btv.md\\\/wp-content\\\/uploads\\\/2016\\\/04\\\/seremet.png\",\"datePublished\":\"2016-04-06T10:45:06+00:00\",\"author\":{\"@id\":\"https:\\\/\\\/www.btv.md\\\/#\\\/schema\\\/person\\\/8fadce81561b3ce2c34c46dadc4ccbf2\"},\"inLanguage\":\"ro-RO\",\"potentialAction\":[{\"@type\":\"ReadAction\",\"target\":[\"https:\\\/\\\/www.btv.md\\\/ro\\\/constructiile-care-urmeaza-sa-fie-date-in-exploatare-au-ajuns-in-vizorul-primariei\\\/\"]}]},{\"@type\":\"ImageObject\",\"inLanguage\":\"ro-RO\",\"@id\":\"https:\\\/\\\/www.btv.md\\\/ro\\\/constructiile-care-urmeaza-sa-fie-date-in-exploatare-au-ajuns-in-vizorul-primariei\\\/#primaryimage\",\"url\":\"https:\\\/\\\/www.btv.md\\\/wp-content\\\/uploads\\\/2016\\\/04\\\/seremet.png\",\"contentUrl\":\"https:\\\/\\\/www.btv.md\\\/wp-content\\\/uploads\\\/2016\\\/04\\\/seremet.png\",\"width\":1015,\"height\":583},{\"@type\":\"WebSite\",\"@id\":\"https:\\\/\\\/www.btv.md\\\/#website\",\"url\":\"https:\\\/\\\/www.btv.md\\\/\",\"name\":\"BTV\",\"description\":\"\u0411\u0435\u043b\u044c\u0446\u043a\u043e\u0435 \u0442\u0435\u043b\u0435\u0432\u0438\u0434\u0435\u043d\u0438\u0435\",\"potentialAction\":[{\"@type\":\"SearchAction\",\"target\":{\"@type\":\"EntryPoint\",\"urlTemplate\":\"https:\\\/\\\/www.btv.md\\\/?s={search_term_string}\"},\"query-input\":{\"@type\":\"PropertyValueSpecification\",\"valueRequired\":true,\"valueName\":\"search_term_string\"}}],\"inLanguage\":\"ro-RO\"},{\"@type\":\"Person\",\"@id\":\"https:\\\/\\\/www.btv.md\\\/#\\\/schema\\\/person\\\/8fadce81561b3ce2c34c46dadc4ccbf2\",\"name\":\"admin\"}]}<\/script>\n<!-- \/ Yoast SEO plugin. -->","yoast_head_json":{"title":"CONSTRUC\u021aIILE CARE URMEAZ\u0102 S\u0102 FIE DATE \u00ceN EXPLOATARE AU AJUNS \u00ceN VIZORUL PRIM\u0102RIEI - BTV","robots":{"index":"index","follow":"follow","max-snippet":"max-snippet:-1","max-image-preview":"max-image-preview:large","max-video-preview":"max-video-preview:-1"},"canonical":"https:\/\/www.btv.md\/ro\/constructiile-care-urmeaza-sa-fie-date-in-exploatare-au-ajuns-in-vizorul-primariei\/","og_locale":"ro_RO","og_type":"article","og_title":"CONSTRUC\u021aIILE CARE URMEAZ\u0102 S\u0102 FIE DATE \u00ceN EXPLOATARE AU AJUNS \u00ceN VIZORUL PRIM\u0102RIEI - BTV","og_description":"Viceprimarul de B\u0103l\u021bi, Igor \u0218eremet \u0219i Arhitectul \u0218ef, Veaceslav Coad\u0103 au verificat c\u00e2teva construc\u021bii care urmeaz\u0103 s\u0103 fie date \u00een exploatare de unii agen\u021bi economici. Potrivit regulamentului, avizul primit din partea autorit\u0103\u021bilor publice locale le va permite agen\u021bilor economici s\u0103-\u0219i desf\u0103\u0219oare activitatea. Primul obiect care a fost supus controlului cu privire la respectarea rigorilor de [&hellip;]","og_url":"https:\/\/www.btv.md\/ro\/constructiile-care-urmeaza-sa-fie-date-in-exploatare-au-ajuns-in-vizorul-primariei\/","og_site_name":"BTV","article_publisher":"https:\/\/www.facebook.com\/btvmoldova\/","article_published_time":"2016-04-06T10:45:06+00:00","og_image":[{"width":1015,"height":583,"url":"https:\/\/www.btv.md\/wp-content\/uploads\/2016\/04\/seremet.png","type":"image\/png"}],"author":"admin","twitter_misc":{"Scris de":"admin","Timp estimat pentru citire":"1 minut"},"schema":{"@context":"https:\/\/schema.org","@graph":[{"@type":"Article","@id":"https:\/\/www.btv.md\/ro\/constructiile-care-urmeaza-sa-fie-date-in-exploatare-au-ajuns-in-vizorul-primariei\/#article","isPartOf":{"@id":"https:\/\/www.btv.md\/ro\/constructiile-care-urmeaza-sa-fie-date-in-exploatare-au-ajuns-in-vizorul-primariei\/"},"author":{"name":"admin","@id":"https:\/\/www.btv.md\/#\/schema\/person\/8fadce81561b3ce2c34c46dadc4ccbf2"},"headline":"CONSTRUC\u021aIILE CARE URMEAZ\u0102 S\u0102 FIE DATE \u00ceN EXPLOATARE AU AJUNS \u00ceN VIZORUL PRIM\u0102RIEI","datePublished":"2016-04-06T10:45:06+00:00","mainEntityOfPage":{"@id":"https:\/\/www.btv.md\/ro\/constructiile-care-urmeaza-sa-fie-date-in-exploatare-au-ajuns-in-vizorul-primariei\/"},"wordCount":190,"image":{"@id":"https:\/\/www.btv.md\/ro\/constructiile-care-urmeaza-sa-fie-date-in-exploatare-au-ajuns-in-vizorul-primariei\/#primaryimage"},"thumbnailUrl":"https:\/\/www.btv.md\/wp-content\/uploads\/2016\/04\/seremet.png","articleSection":["Ora\u0219"],"inLanguage":"ro-RO"},{"@type":"WebPage","@id":"https:\/\/www.btv.md\/ro\/constructiile-care-urmeaza-sa-fie-date-in-exploatare-au-ajuns-in-vizorul-primariei\/","url":"https:\/\/www.btv.md\/ro\/constructiile-care-urmeaza-sa-fie-date-in-exploatare-au-ajuns-in-vizorul-primariei\/","name":"CONSTRUC\u021aIILE CARE URMEAZ\u0102 S\u0102 FIE DATE \u00ceN EXPLOATARE AU AJUNS \u00ceN VIZORUL PRIM\u0102RIEI - BTV","isPartOf":{"@id":"https:\/\/www.btv.md\/#website"},"primaryImageOfPage":{"@id":"https:\/\/www.btv.md\/ro\/constructiile-care-urmeaza-sa-fie-date-in-exploatare-au-ajuns-in-vizorul-primariei\/#primaryimage"},"image":{"@id":"https:\/\/www.btv.md\/ro\/constructiile-care-urmeaza-sa-fie-date-in-exploatare-au-ajuns-in-vizorul-primariei\/#primaryimage"},"thumbnailUrl":"https:\/\/www.btv.md\/wp-content\/uploads\/2016\/04\/seremet.png","datePublished":"2016-04-06T10:45:06+00:00","author":{"@id":"https:\/\/www.btv.md\/#\/schema\/person\/8fadce81561b3ce2c34c46dadc4ccbf2"},"inLanguage":"ro-RO","potentialAction":[{"@type":"ReadAction","target":["https:\/\/www.btv.md\/ro\/constructiile-care-urmeaza-sa-fie-date-in-exploatare-au-ajuns-in-vizorul-primariei\/"]}]},{"@type":"ImageObject","inLanguage":"ro-RO","@id":"https:\/\/www.btv.md\/ro\/constructiile-care-urmeaza-sa-fie-date-in-exploatare-au-ajuns-in-vizorul-primariei\/#primaryimage","url":"https:\/\/www.btv.md\/wp-content\/uploads\/2016\/04\/seremet.png","contentUrl":"https:\/\/www.btv.md\/wp-content\/uploads\/2016\/04\/seremet.png","width":1015,"height":583},{"@type":"WebSite","@id":"https:\/\/www.btv.md\/#website","url":"https:\/\/www.btv.md\/","name":"BTV","description":"\u0411\u0435\u043b\u044c\u0446\u043a\u043e\u0435 \u0442\u0435\u043b\u0435\u0432\u0438\u0434\u0435\u043d\u0438\u0435","potentialAction":[{"@type":"SearchAction","target":{"@type":"EntryPoint","urlTemplate":"https:\/\/www.btv.md\/?s={search_term_string}"},"query-input":{"@type":"PropertyValueSpecification","valueRequired":true,"valueName":"search_term_string"}}],"inLanguage":"ro-RO"},{"@type":"Person","@id":"https:\/\/www.btv.md\/#\/schema\/person\/8fadce81561b3ce2c34c46dadc4ccbf2","name":"admin"}]}},"_links":{"self":[{"href":"https:\/\/www.btv.md\/ro\/wp-json\/wp\/v2\/posts\/10309","targetHints":{"allow":["GET"]}}],"collection":[{"href":"https:\/\/www.btv.md\/ro\/wp-json\/wp\/v2\/posts"}],"about":[{"href":"https:\/\/www.btv.md\/ro\/wp-json\/wp\/v2\/types\/post"}],"author":[{"embeddable":true,"href":"https:\/\/www.btv.md\/ro\/wp-json\/wp\/v2\/users\/4"}],"replies":[{"embeddable":true,"href":"https:\/\/www.btv.md\/ro\/wp-json\/wp\/v2\/comments?post=10309"}],"version-history":[{"count":0,"href":"https:\/\/www.btv.md\/ro\/wp-json\/wp\/v2\/posts\/10309\/revisions"}],"wp:featuredmedia":[{"embeddable":true,"href":"https:\/\/www.btv.md\/ro\/wp-json\/wp\/v2\/media\/10310"}],"wp:attachment":[{"href":"https:\/\/www.btv.md\/ro\/wp-json\/wp\/v2\/media?parent=10309"}],"wp:term":[{"taxonomy":"category","embeddable":true,"href":"https:\/\/www.btv.md\/ro\/wp-json\/wp\/v2\/categories?post=10309"},{"taxonomy":"post_tag","embeddable":true,"href":"https:\/\/www.btv.md\/ro\/wp-json\/wp\/v2\/tags?post=10309"}],"curies":[{"name":"wp","href":"https:\/\/api.w.org\/{rel}","templated":true}]}}