{"id":10341,"date":"2016-04-07T12:24:55","date_gmt":"2016-04-07T09:24:55","guid":{"rendered":"http:\/\/btv.md\/?p=10341"},"modified":"2016-04-07T12:24:55","modified_gmt":"2016-04-07T09:24:55","slug":"victimile-violentelor-din-7-aprilie-2009-comemorate-la-balti","status":"publish","type":"post","link":"https:\/\/www.btv.md\/ro\/victimile-violentelor-din-7-aprilie-2009-comemorate-la-balti\/","title":{"rendered":"VICTIMILE  VIOLEN\u021aELOR  DIN  7  APRILIE  2009, COMEMORATE  LA  B\u0102L\u021aI"},"content":{"rendered":"<p><strong>C\u00e2\u021biva tineri din municipiul B\u0103l\u021bi au aprins o lum\u00e2nare,  miercuri seara, l\u00e2ng\u0103 monumentul lui \u0218tefan cel Mare, pentru ai comemora pe cei  care au avut de suferit de pe urma evenimentelor violente din aprilie 2009. Ei \u0219i-au amintit cu durere \u00een suflet de acele zile c\u00e2nd sute de tineri au fost re\u021binu\u021bi \u0219i maltrata\u021bi de poli\u021bi\u0219ti.<\/strong><\/p>\n<p>Tinerii spun c\u0103 au ales s\u0103 aprind\u0103 lum\u00e2n\u0103rile anume la Monumentul lui \u0218tefan cel Mare deoarece el reprezint\u0103 simbolul libert\u0103\u021bii.<\/p>\n<p>Prezent la comemorare a fost \u0219i conselierul municipal Vlad Ghi\u021bu. Potrivit lui evenimentele tragice din \u0219apte aprilie a furat speran\u021ba  multor tinerii care au ie\u0219it \u00een strad\u0103 pentru a cere o schimbare.<\/p>\n<p>aresta\u0163i, b\u0103tu\u0163i \u015fi maltrata\u0163i \u00een izolatoarele de deten\u0163ie preventiv\u0103 \u00een urma ac\u021biunilor de protest, care, din cauza unor provocatori infiltra\u021bi, au degenerat \u00een acte de vandalizare a sediilor Parlamentului \u0219i Guvernului. Potrivit datelor oficiale, peste 460 de oameni au avut de suferit de pe urma torturii dup\u0103 evenimentele din aprilie 2009. Trei tineri au fost g\u0103si\u0163i mor\u0163i, \u00eentre care \u0219i Valeriu Boboc de 23 de ani.<\/p>\n<p>REPORTER:  IRINA  BAXAN<br \/>\nOPERATOR:  PAVEL  LUCHIAN<br \/>\nMONTARE: CHIRA BATRANAC<\/p>\n<p><iframe width=\"420\" height=\"315\" data-src=\"https:\/\/www.youtube.com\/embed\/KQdITkoSZWA\" frameborder=\"0\" allowfullscreen src=\"data:image\/svg+xml;base64,PHN2ZyB3aWR0aD0iMSIgaGVpZ2h0PSIxIiB4bWxucz0iaHR0cDovL3d3dy53My5vcmcvMjAwMC9zdmciPjwvc3ZnPg==\" class=\"lazyload\" data-load-mode=\"1\"><\/iframe><\/p>\n","protected":false},"excerpt":{"rendered":"<p>C\u00e2\u021biva tineri din municipiul B\u0103l\u021bi au aprins o lum\u00e2nare, miercuri seara, l\u00e2ng\u0103 monumentul lui \u0218tefan cel Mare, pentru ai comemora pe cei care au avut de suferit de pe urma evenimentelor violente din aprilie 2009. Ei \u0219i-au amintit cu durere \u00een suflet de acele zile c\u00e2nd sute de tineri au fost re\u021binu\u021bi \u0219i maltrata\u021bi de [&hellip;]<\/p>\n","protected":false},"author":4,"featured_media":10342,"comment_status":"closed","ping_status":"closed","sticky":false,"template":"","format":"standard","meta":{"footnotes":""},"categories":[12],"tags":[],"class_list":["post-10341","post","type-post","status-publish","format-standard","has-post-thumbnail","hentry","category-balti"],"yoast_head":"<!-- This site is optimized with the Yoast SEO plugin v27.4 - https:\/\/yoast.com\/product\/yoast-seo-wordpress\/ -->\n<title>VICTIMILE VIOLEN\u021aELOR DIN 7 APRILIE 2009, COMEMORATE LA B\u0102L\u021aI - BTV<\/title>\n<meta name=\"robots\" content=\"index, follow, max-snippet:-1, max-image-preview:large, max-video-preview:-1\" \/>\n<link rel=\"canonical\" href=\"https:\/\/www.btv.md\/ro\/victimile-violentelor-din-7-aprilie-2009-comemorate-la-balti\/\" \/>\n<meta property=\"og:locale\" content=\"ro_RO\" \/>\n<meta property=\"og:type\" content=\"article\" \/>\n<meta property=\"og:title\" content=\"VICTIMILE VIOLEN\u021aELOR DIN 7 APRILIE 2009, COMEMORATE LA B\u0102L\u021aI - BTV\" \/>\n<meta property=\"og:description\" content=\"C\u00e2\u021biva tineri din municipiul B\u0103l\u021bi au aprins o lum\u00e2nare, miercuri seara, l\u00e2ng\u0103 monumentul lui \u0218tefan cel Mare, pentru ai comemora pe cei care au avut de suferit de pe urma evenimentelor violente din aprilie 2009. Ei \u0219i-au amintit cu durere \u00een suflet de acele zile c\u00e2nd sute de tineri au fost re\u021binu\u021bi \u0219i maltrata\u021bi de [&hellip;]\" \/>\n<meta property=\"og:url\" content=\"https:\/\/www.btv.md\/ro\/victimile-violentelor-din-7-aprilie-2009-comemorate-la-balti\/\" \/>\n<meta property=\"og:site_name\" content=\"BTV\" \/>\n<meta property=\"article:publisher\" content=\"https:\/\/www.facebook.com\/btvmoldova\/\" \/>\n<meta property=\"article:published_time\" content=\"2016-04-07T09:24:55+00:00\" \/>\n<meta property=\"og:image\" content=\"https:\/\/www.btv.md\/wp-content\/uploads\/2016\/04\/comemorare.png\" \/>\n\t<meta property=\"og:image:width\" content=\"1009\" \/>\n\t<meta property=\"og:image:height\" content=\"603\" \/>\n\t<meta property=\"og:image:type\" content=\"image\/png\" \/>\n<meta name=\"author\" content=\"admin\" \/>\n<meta name=\"twitter:label1\" content=\"Scris de\" \/>\n\t<meta name=\"twitter:data1\" content=\"admin\" \/>\n\t<meta name=\"twitter:label2\" content=\"Timp estimat pentru citire\" \/>\n\t<meta name=\"twitter:data2\" content=\"1 minut\" \/>\n<script type=\"application\/ld+json\" class=\"yoast-schema-graph\">{\"@context\":\"https:\\\/\\\/schema.org\",\"@graph\":[{\"@type\":\"Article\",\"@id\":\"https:\\\/\\\/www.btv.md\\\/ro\\\/victimile-violentelor-din-7-aprilie-2009-comemorate-la-balti\\\/#article\",\"isPartOf\":{\"@id\":\"https:\\\/\\\/www.btv.md\\\/ro\\\/victimile-violentelor-din-7-aprilie-2009-comemorate-la-balti\\\/\"},\"author\":{\"name\":\"admin\",\"@id\":\"https:\\\/\\\/www.btv.md\\\/#\\\/schema\\\/person\\\/8fadce81561b3ce2c34c46dadc4ccbf2\"},\"headline\":\"VICTIMILE VIOLEN\u021aELOR DIN 7 APRILIE 2009, COMEMORATE LA B\u0102L\u021aI\",\"datePublished\":\"2016-04-07T09:24:55+00:00\",\"mainEntityOfPage\":{\"@id\":\"https:\\\/\\\/www.btv.md\\\/ro\\\/victimile-violentelor-din-7-aprilie-2009-comemorate-la-balti\\\/\"},\"wordCount\":216,\"image\":{\"@id\":\"https:\\\/\\\/www.btv.md\\\/ro\\\/victimile-violentelor-din-7-aprilie-2009-comemorate-la-balti\\\/#primaryimage\"},\"thumbnailUrl\":\"https:\\\/\\\/www.btv.md\\\/wp-content\\\/uploads\\\/2016\\\/04\\\/comemorare.png\",\"articleSection\":[\"\u0413\u043e\u0440\u043e\u0434\"],\"inLanguage\":\"ro-RO\"},{\"@type\":\"WebPage\",\"@id\":\"https:\\\/\\\/www.btv.md\\\/ro\\\/victimile-violentelor-din-7-aprilie-2009-comemorate-la-balti\\\/\",\"url\":\"https:\\\/\\\/www.btv.md\\\/ro\\\/victimile-violentelor-din-7-aprilie-2009-comemorate-la-balti\\\/\",\"name\":\"VICTIMILE VIOLEN\u021aELOR DIN 7 APRILIE 2009, COMEMORATE LA B\u0102L\u021aI - BTV\",\"isPartOf\":{\"@id\":\"https:\\\/\\\/www.btv.md\\\/#website\"},\"primaryImageOfPage\":{\"@id\":\"https:\\\/\\\/www.btv.md\\\/ro\\\/victimile-violentelor-din-7-aprilie-2009-comemorate-la-balti\\\/#primaryimage\"},\"image\":{\"@id\":\"https:\\\/\\\/www.btv.md\\\/ro\\\/victimile-violentelor-din-7-aprilie-2009-comemorate-la-balti\\\/#primaryimage\"},\"thumbnailUrl\":\"https:\\\/\\\/www.btv.md\\\/wp-content\\\/uploads\\\/2016\\\/04\\\/comemorare.png\",\"datePublished\":\"2016-04-07T09:24:55+00:00\",\"author\":{\"@id\":\"https:\\\/\\\/www.btv.md\\\/#\\\/schema\\\/person\\\/8fadce81561b3ce2c34c46dadc4ccbf2\"},\"inLanguage\":\"ro-RO\",\"potentialAction\":[{\"@type\":\"ReadAction\",\"target\":[\"https:\\\/\\\/www.btv.md\\\/ro\\\/victimile-violentelor-din-7-aprilie-2009-comemorate-la-balti\\\/\"]}]},{\"@type\":\"ImageObject\",\"inLanguage\":\"ro-RO\",\"@id\":\"https:\\\/\\\/www.btv.md\\\/ro\\\/victimile-violentelor-din-7-aprilie-2009-comemorate-la-balti\\\/#primaryimage\",\"url\":\"https:\\\/\\\/www.btv.md\\\/wp-content\\\/uploads\\\/2016\\\/04\\\/comemorare.png\",\"contentUrl\":\"https:\\\/\\\/www.btv.md\\\/wp-content\\\/uploads\\\/2016\\\/04\\\/comemorare.png\",\"width\":1009,\"height\":603},{\"@type\":\"WebSite\",\"@id\":\"https:\\\/\\\/www.btv.md\\\/#website\",\"url\":\"https:\\\/\\\/www.btv.md\\\/\",\"name\":\"BTV\",\"description\":\"\u0411\u0435\u043b\u044c\u0446\u043a\u043e\u0435 \u0442\u0435\u043b\u0435\u0432\u0438\u0434\u0435\u043d\u0438\u0435\",\"potentialAction\":[{\"@type\":\"SearchAction\",\"target\":{\"@type\":\"EntryPoint\",\"urlTemplate\":\"https:\\\/\\\/www.btv.md\\\/?s={search_term_string}\"},\"query-input\":{\"@type\":\"PropertyValueSpecification\",\"valueRequired\":true,\"valueName\":\"search_term_string\"}}],\"inLanguage\":\"ro-RO\"},{\"@type\":\"Person\",\"@id\":\"https:\\\/\\\/www.btv.md\\\/#\\\/schema\\\/person\\\/8fadce81561b3ce2c34c46dadc4ccbf2\",\"name\":\"admin\"}]}<\/script>\n<!-- \/ Yoast SEO plugin. -->","yoast_head_json":{"title":"VICTIMILE VIOLEN\u021aELOR DIN 7 APRILIE 2009, COMEMORATE LA B\u0102L\u021aI - BTV","robots":{"index":"index","follow":"follow","max-snippet":"max-snippet:-1","max-image-preview":"max-image-preview:large","max-video-preview":"max-video-preview:-1"},"canonical":"https:\/\/www.btv.md\/ro\/victimile-violentelor-din-7-aprilie-2009-comemorate-la-balti\/","og_locale":"ro_RO","og_type":"article","og_title":"VICTIMILE VIOLEN\u021aELOR DIN 7 APRILIE 2009, COMEMORATE LA B\u0102L\u021aI - BTV","og_description":"C\u00e2\u021biva tineri din municipiul B\u0103l\u021bi au aprins o lum\u00e2nare, miercuri seara, l\u00e2ng\u0103 monumentul lui \u0218tefan cel Mare, pentru ai comemora pe cei care au avut de suferit de pe urma evenimentelor violente din aprilie 2009. Ei \u0219i-au amintit cu durere \u00een suflet de acele zile c\u00e2nd sute de tineri au fost re\u021binu\u021bi \u0219i maltrata\u021bi de [&hellip;]","og_url":"https:\/\/www.btv.md\/ro\/victimile-violentelor-din-7-aprilie-2009-comemorate-la-balti\/","og_site_name":"BTV","article_publisher":"https:\/\/www.facebook.com\/btvmoldova\/","article_published_time":"2016-04-07T09:24:55+00:00","og_image":[{"width":1009,"height":603,"url":"https:\/\/www.btv.md\/wp-content\/uploads\/2016\/04\/comemorare.png","type":"image\/png"}],"author":"admin","twitter_misc":{"Scris de":"admin","Timp estimat pentru citire":"1 minut"},"schema":{"@context":"https:\/\/schema.org","@graph":[{"@type":"Article","@id":"https:\/\/www.btv.md\/ro\/victimile-violentelor-din-7-aprilie-2009-comemorate-la-balti\/#article","isPartOf":{"@id":"https:\/\/www.btv.md\/ro\/victimile-violentelor-din-7-aprilie-2009-comemorate-la-balti\/"},"author":{"name":"admin","@id":"https:\/\/www.btv.md\/#\/schema\/person\/8fadce81561b3ce2c34c46dadc4ccbf2"},"headline":"VICTIMILE VIOLEN\u021aELOR DIN 7 APRILIE 2009, COMEMORATE LA B\u0102L\u021aI","datePublished":"2016-04-07T09:24:55+00:00","mainEntityOfPage":{"@id":"https:\/\/www.btv.md\/ro\/victimile-violentelor-din-7-aprilie-2009-comemorate-la-balti\/"},"wordCount":216,"image":{"@id":"https:\/\/www.btv.md\/ro\/victimile-violentelor-din-7-aprilie-2009-comemorate-la-balti\/#primaryimage"},"thumbnailUrl":"https:\/\/www.btv.md\/wp-content\/uploads\/2016\/04\/comemorare.png","articleSection":["\u0413\u043e\u0440\u043e\u0434"],"inLanguage":"ro-RO"},{"@type":"WebPage","@id":"https:\/\/www.btv.md\/ro\/victimile-violentelor-din-7-aprilie-2009-comemorate-la-balti\/","url":"https:\/\/www.btv.md\/ro\/victimile-violentelor-din-7-aprilie-2009-comemorate-la-balti\/","name":"VICTIMILE VIOLEN\u021aELOR DIN 7 APRILIE 2009, COMEMORATE LA B\u0102L\u021aI - BTV","isPartOf":{"@id":"https:\/\/www.btv.md\/#website"},"primaryImageOfPage":{"@id":"https:\/\/www.btv.md\/ro\/victimile-violentelor-din-7-aprilie-2009-comemorate-la-balti\/#primaryimage"},"image":{"@id":"https:\/\/www.btv.md\/ro\/victimile-violentelor-din-7-aprilie-2009-comemorate-la-balti\/#primaryimage"},"thumbnailUrl":"https:\/\/www.btv.md\/wp-content\/uploads\/2016\/04\/comemorare.png","datePublished":"2016-04-07T09:24:55+00:00","author":{"@id":"https:\/\/www.btv.md\/#\/schema\/person\/8fadce81561b3ce2c34c46dadc4ccbf2"},"inLanguage":"ro-RO","potentialAction":[{"@type":"ReadAction","target":["https:\/\/www.btv.md\/ro\/victimile-violentelor-din-7-aprilie-2009-comemorate-la-balti\/"]}]},{"@type":"ImageObject","inLanguage":"ro-RO","@id":"https:\/\/www.btv.md\/ro\/victimile-violentelor-din-7-aprilie-2009-comemorate-la-balti\/#primaryimage","url":"https:\/\/www.btv.md\/wp-content\/uploads\/2016\/04\/comemorare.png","contentUrl":"https:\/\/www.btv.md\/wp-content\/uploads\/2016\/04\/comemorare.png","width":1009,"height":603},{"@type":"WebSite","@id":"https:\/\/www.btv.md\/#website","url":"https:\/\/www.btv.md\/","name":"BTV","description":"\u0411\u0435\u043b\u044c\u0446\u043a\u043e\u0435 \u0442\u0435\u043b\u0435\u0432\u0438\u0434\u0435\u043d\u0438\u0435","potentialAction":[{"@type":"SearchAction","target":{"@type":"EntryPoint","urlTemplate":"https:\/\/www.btv.md\/?s={search_term_string}"},"query-input":{"@type":"PropertyValueSpecification","valueRequired":true,"valueName":"search_term_string"}}],"inLanguage":"ro-RO"},{"@type":"Person","@id":"https:\/\/www.btv.md\/#\/schema\/person\/8fadce81561b3ce2c34c46dadc4ccbf2","name":"admin"}]}},"_links":{"self":[{"href":"https:\/\/www.btv.md\/ro\/wp-json\/wp\/v2\/posts\/10341","targetHints":{"allow":["GET"]}}],"collection":[{"href":"https:\/\/www.btv.md\/ro\/wp-json\/wp\/v2\/posts"}],"about":[{"href":"https:\/\/www.btv.md\/ro\/wp-json\/wp\/v2\/types\/post"}],"author":[{"embeddable":true,"href":"https:\/\/www.btv.md\/ro\/wp-json\/wp\/v2\/users\/4"}],"replies":[{"embeddable":true,"href":"https:\/\/www.btv.md\/ro\/wp-json\/wp\/v2\/comments?post=10341"}],"version-history":[{"count":0,"href":"https:\/\/www.btv.md\/ro\/wp-json\/wp\/v2\/posts\/10341\/revisions"}],"wp:featuredmedia":[{"embeddable":true,"href":"https:\/\/www.btv.md\/ro\/wp-json\/wp\/v2\/media\/10342"}],"wp:attachment":[{"href":"https:\/\/www.btv.md\/ro\/wp-json\/wp\/v2\/media?parent=10341"}],"wp:term":[{"taxonomy":"category","embeddable":true,"href":"https:\/\/www.btv.md\/ro\/wp-json\/wp\/v2\/categories?post=10341"},{"taxonomy":"post_tag","embeddable":true,"href":"https:\/\/www.btv.md\/ro\/wp-json\/wp\/v2\/tags?post=10341"}],"curies":[{"name":"wp","href":"https:\/\/api.w.org\/{rel}","templated":true}]}}