{"id":10375,"date":"2016-04-07T17:21:43","date_gmt":"2016-04-07T14:21:43","guid":{"rendered":"http:\/\/btv.md\/?p=10375"},"modified":"2016-04-07T17:51:05","modified_gmt":"2016-04-07T14:51:05","slug":"prima-expozitie-de-prosoape-traditionale-realizate-de-elevi","status":"publish","type":"post","link":"https:\/\/www.btv.md\/ro\/prima-expozitie-de-prosoape-traditionale-realizate-de-elevi\/","title":{"rendered":"PRIMA  EXPOZI\u021aIE  DE  PROSOAPE  TRADI\u021aIONALE  REALIZATE  DE  ELEVI"},"content":{"rendered":"<p><strong>Au uimit cu talentul \u0219i cu dragostea fa\u021b\u0103 de arta popular\u0103. Elevele clasei a  IX-a de la Liceul Teoretic \u201eMihai Eminescu\u201d din municipiul B\u0103l\u021bi, au prezentat o expozi\u021bie de prosoape tradi\u021bionale. <\/strong><\/p>\n<p>Profesoara de educa\u021bie tehnologic\u0103, Tamara Amoa\u0219ii, spune c\u0103 ideea a ap\u0103rut dup\u0103 o vizit\u0103 la Muzeul de Istorie \u0219i Etnografie.<\/p>\n<p>\u201e<em>Deoarece \u021bes\u0103turile de cas\u0103 le g\u0103sim doar prin muzeele etnografice,  am hot\u0103r\u00e2t s\u0103 confec\u021bion\u0103m \u00eempreun\u0103 cu elevele clesei a IX-a prosoape stilizate \u00een baza celor tradi\u021bionale. A demarat acest proiect cu o excursie la Muzeul de Istorie \u0219i Etnografie din B\u0103l\u021bi, unde fetele au analizat expozi\u021bia \u00abProsoape \u0219i dantele tradi\u021bionale\u00bb<\/em>\u201d.<\/p>\n<p>Tinerele me\u0219teri\u021be cred c\u0103 arta popular\u0103 este prea frumoas\u0103 pentru ca s\u0103 fie dat\u0103 uit\u0103rii.<\/p>\n<p>\u201e<em>\u00cen ultima perioad\u0103 oamenii nu pre\u021buiesc tradi\u021biile. Sunt at\u00e2t de ocupa\u021bi de via\u021ba de zi cu zi, \u00eenc\u00e2t au uitat de obiceiuri. Cred c\u0103 e p\u0103cat<\/em>\u201d.<\/p>\n<p>\u201e<em>Am \u00eenceput cu cro\u0219etarea horb\u0103\u021bic\u0103i \u0219i cu elaborarea schemei personale. Dup\u0103 asta am prelucrat materialul. Mi s-a p\u0103rut un lucru interesant<\/em>\u201d.<\/p>\n<p>\u201e<em>Confec\u021bionarea acestui prosop a durat circa dou\u0103 s\u0103pt\u0103m\u00e2ni. Mai mult a durat confec\u021bionarea horbo\u021belei. Acest lucru se poate face \u0219i \u00eentr-o s\u0103pt\u0103m\u00e2n\u0103, totul depinde de ornament<\/em>\u201d.<\/p>\n<p>\u201e<em>Am luat ornamentul de pe un prosop vechi de-al bunicii. L-am confec\u021bionat timp de dou\u0103 luni muncind foarte mult. Cred c\u0103 \u00eel voi folosi la icoan\u0103 sau la o fotografie<\/em>\u201d.<\/p>\n<p>Dup\u0103 prezentarea expozi\u021biei, elevii au participat la conferin\u021ba \u0219tiin\u021bific\u0103 \u201eProsopul tradi\u021bional\u201d.<\/p>\n<p>REPORTER:  NATA\u0218A  TOCARCIUC<br \/>\nIMAGINE:  CORNELIU  VIERU<br \/>\nMONTARE:  IURIE  BOLD<br \/>\n<iframe width=\"420\" height=\"315\" data-src=\"https:\/\/www.youtube.com\/embed\/XkDD-UxyEyw\" frameborder=\"0\" allowfullscreen src=\"data:image\/svg+xml;base64,PHN2ZyB3aWR0aD0iMSIgaGVpZ2h0PSIxIiB4bWxucz0iaHR0cDovL3d3dy53My5vcmcvMjAwMC9zdmciPjwvc3ZnPg==\" class=\"lazyload\" data-load-mode=\"1\"><\/iframe><\/p>\n","protected":false},"excerpt":{"rendered":"<p>Au uimit cu talentul \u0219i cu dragostea fa\u021b\u0103 de arta popular\u0103. Elevele clasei a IX-a de la Liceul Teoretic \u201eMihai Eminescu\u201d din municipiul B\u0103l\u021bi, au prezentat o expozi\u021bie de prosoape tradi\u021bionale. Profesoara de educa\u021bie tehnologic\u0103, Tamara Amoa\u0219ii, spune c\u0103 ideea a ap\u0103rut dup\u0103 o vizit\u0103 la Muzeul de Istorie \u0219i Etnografie. \u201eDeoarece \u021bes\u0103turile de cas\u0103 [&hellip;]<\/p>\n","protected":false},"author":4,"featured_media":10376,"comment_status":"closed","ping_status":"closed","sticky":false,"template":"","format":"standard","meta":{"footnotes":""},"categories":[6353],"tags":[],"class_list":["post-10375","post","type-post","status-publish","format-standard","has-post-thumbnail","hentry","category-oras"],"yoast_head":"<!-- This site is optimized with the Yoast SEO plugin v27.4 - https:\/\/yoast.com\/product\/yoast-seo-wordpress\/ -->\n<title>PRIMA EXPOZI\u021aIE DE PROSOAPE TRADI\u021aIONALE REALIZATE DE ELEVI - BTV<\/title>\n<meta name=\"robots\" content=\"index, follow, max-snippet:-1, max-image-preview:large, max-video-preview:-1\" \/>\n<link rel=\"canonical\" href=\"https:\/\/www.btv.md\/ro\/amp\/prima-expozitie-de-prosoape-traditionale-realizate-de-elevi\/\" \/>\n<meta property=\"og:locale\" content=\"ro_RO\" \/>\n<meta property=\"og:type\" content=\"article\" \/>\n<meta property=\"og:title\" content=\"PRIMA EXPOZI\u021aIE DE PROSOAPE TRADI\u021aIONALE REALIZATE DE ELEVI - BTV\" \/>\n<meta property=\"og:description\" content=\"Au uimit cu talentul \u0219i cu dragostea fa\u021b\u0103 de arta popular\u0103. Elevele clasei a IX-a de la Liceul Teoretic \u201eMihai Eminescu\u201d din municipiul B\u0103l\u021bi, au prezentat o expozi\u021bie de prosoape tradi\u021bionale. Profesoara de educa\u021bie tehnologic\u0103, Tamara Amoa\u0219ii, spune c\u0103 ideea a ap\u0103rut dup\u0103 o vizit\u0103 la Muzeul de Istorie \u0219i Etnografie. \u201eDeoarece \u021bes\u0103turile de cas\u0103 [&hellip;]\" \/>\n<meta property=\"og:url\" content=\"https:\/\/www.btv.md\/ro\/amp\/prima-expozitie-de-prosoape-traditionale-realizate-de-elevi\/\" \/>\n<meta property=\"og:site_name\" content=\"BTV\" \/>\n<meta property=\"article:publisher\" content=\"https:\/\/www.facebook.com\/btvmoldova\/\" \/>\n<meta property=\"article:published_time\" content=\"2016-04-07T14:21:43+00:00\" \/>\n<meta property=\"article:modified_time\" content=\"2016-04-07T14:51:05+00:00\" \/>\n<meta property=\"og:image\" content=\"https:\/\/www.btv.md\/wp-content\/uploads\/2016\/04\/prosoape.png\" \/>\n\t<meta property=\"og:image:width\" content=\"1023\" \/>\n\t<meta property=\"og:image:height\" content=\"653\" \/>\n\t<meta property=\"og:image:type\" content=\"image\/png\" \/>\n<meta name=\"author\" content=\"admin\" \/>\n<meta name=\"twitter:label1\" content=\"Scris de\" \/>\n\t<meta name=\"twitter:data1\" content=\"admin\" \/>\n\t<meta name=\"twitter:label2\" content=\"Timp estimat pentru citire\" \/>\n\t<meta name=\"twitter:data2\" content=\"1 minut\" \/>\n<script type=\"application\/ld+json\" class=\"yoast-schema-graph\">{\"@context\":\"https:\\\/\\\/schema.org\",\"@graph\":[{\"@type\":\"Article\",\"@id\":\"https:\\\/\\\/www.btv.md\\\/ro\\\/amp\\\/prima-expozitie-de-prosoape-traditionale-realizate-de-elevi\\\/#article\",\"isPartOf\":{\"@id\":\"https:\\\/\\\/www.btv.md\\\/ro\\\/amp\\\/prima-expozitie-de-prosoape-traditionale-realizate-de-elevi\\\/\"},\"author\":{\"name\":\"admin\",\"@id\":\"https:\\\/\\\/www.btv.md\\\/#\\\/schema\\\/person\\\/8fadce81561b3ce2c34c46dadc4ccbf2\"},\"headline\":\"PRIMA EXPOZI\u021aIE DE PROSOAPE TRADI\u021aIONALE REALIZATE DE ELEVI\",\"datePublished\":\"2016-04-07T14:21:43+00:00\",\"dateModified\":\"2016-04-07T14:51:05+00:00\",\"mainEntityOfPage\":{\"@id\":\"https:\\\/\\\/www.btv.md\\\/ro\\\/amp\\\/prima-expozitie-de-prosoape-traditionale-realizate-de-elevi\\\/\"},\"wordCount\":296,\"image\":{\"@id\":\"https:\\\/\\\/www.btv.md\\\/ro\\\/amp\\\/prima-expozitie-de-prosoape-traditionale-realizate-de-elevi\\\/#primaryimage\"},\"thumbnailUrl\":\"https:\\\/\\\/www.btv.md\\\/wp-content\\\/uploads\\\/2016\\\/04\\\/prosoape.png\",\"articleSection\":[\"Ora\u0219\"],\"inLanguage\":\"ro-RO\"},{\"@type\":\"WebPage\",\"@id\":\"https:\\\/\\\/www.btv.md\\\/ro\\\/amp\\\/prima-expozitie-de-prosoape-traditionale-realizate-de-elevi\\\/\",\"url\":\"https:\\\/\\\/www.btv.md\\\/ro\\\/amp\\\/prima-expozitie-de-prosoape-traditionale-realizate-de-elevi\\\/\",\"name\":\"PRIMA EXPOZI\u021aIE DE PROSOAPE TRADI\u021aIONALE REALIZATE DE ELEVI - BTV\",\"isPartOf\":{\"@id\":\"https:\\\/\\\/www.btv.md\\\/#website\"},\"primaryImageOfPage\":{\"@id\":\"https:\\\/\\\/www.btv.md\\\/ro\\\/amp\\\/prima-expozitie-de-prosoape-traditionale-realizate-de-elevi\\\/#primaryimage\"},\"image\":{\"@id\":\"https:\\\/\\\/www.btv.md\\\/ro\\\/amp\\\/prima-expozitie-de-prosoape-traditionale-realizate-de-elevi\\\/#primaryimage\"},\"thumbnailUrl\":\"https:\\\/\\\/www.btv.md\\\/wp-content\\\/uploads\\\/2016\\\/04\\\/prosoape.png\",\"datePublished\":\"2016-04-07T14:21:43+00:00\",\"dateModified\":\"2016-04-07T14:51:05+00:00\",\"author\":{\"@id\":\"https:\\\/\\\/www.btv.md\\\/#\\\/schema\\\/person\\\/8fadce81561b3ce2c34c46dadc4ccbf2\"},\"inLanguage\":\"ro-RO\",\"potentialAction\":[{\"@type\":\"ReadAction\",\"target\":[\"https:\\\/\\\/www.btv.md\\\/ro\\\/amp\\\/prima-expozitie-de-prosoape-traditionale-realizate-de-elevi\\\/\"]}]},{\"@type\":\"ImageObject\",\"inLanguage\":\"ro-RO\",\"@id\":\"https:\\\/\\\/www.btv.md\\\/ro\\\/amp\\\/prima-expozitie-de-prosoape-traditionale-realizate-de-elevi\\\/#primaryimage\",\"url\":\"https:\\\/\\\/www.btv.md\\\/wp-content\\\/uploads\\\/2016\\\/04\\\/prosoape.png\",\"contentUrl\":\"https:\\\/\\\/www.btv.md\\\/wp-content\\\/uploads\\\/2016\\\/04\\\/prosoape.png\",\"width\":1023,\"height\":653},{\"@type\":\"WebSite\",\"@id\":\"https:\\\/\\\/www.btv.md\\\/#website\",\"url\":\"https:\\\/\\\/www.btv.md\\\/\",\"name\":\"BTV\",\"description\":\"\u0411\u0435\u043b\u044c\u0446\u043a\u043e\u0435 \u0442\u0435\u043b\u0435\u0432\u0438\u0434\u0435\u043d\u0438\u0435\",\"potentialAction\":[{\"@type\":\"SearchAction\",\"target\":{\"@type\":\"EntryPoint\",\"urlTemplate\":\"https:\\\/\\\/www.btv.md\\\/?s={search_term_string}\"},\"query-input\":{\"@type\":\"PropertyValueSpecification\",\"valueRequired\":true,\"valueName\":\"search_term_string\"}}],\"inLanguage\":\"ro-RO\"},{\"@type\":\"Person\",\"@id\":\"https:\\\/\\\/www.btv.md\\\/#\\\/schema\\\/person\\\/8fadce81561b3ce2c34c46dadc4ccbf2\",\"name\":\"admin\"}]}<\/script>\n<!-- \/ Yoast SEO plugin. -->","yoast_head_json":{"title":"PRIMA EXPOZI\u021aIE DE PROSOAPE TRADI\u021aIONALE REALIZATE DE ELEVI - BTV","robots":{"index":"index","follow":"follow","max-snippet":"max-snippet:-1","max-image-preview":"max-image-preview:large","max-video-preview":"max-video-preview:-1"},"canonical":"https:\/\/www.btv.md\/ro\/amp\/prima-expozitie-de-prosoape-traditionale-realizate-de-elevi\/","og_locale":"ro_RO","og_type":"article","og_title":"PRIMA EXPOZI\u021aIE DE PROSOAPE TRADI\u021aIONALE REALIZATE DE ELEVI - BTV","og_description":"Au uimit cu talentul \u0219i cu dragostea fa\u021b\u0103 de arta popular\u0103. Elevele clasei a IX-a de la Liceul Teoretic \u201eMihai Eminescu\u201d din municipiul B\u0103l\u021bi, au prezentat o expozi\u021bie de prosoape tradi\u021bionale. Profesoara de educa\u021bie tehnologic\u0103, Tamara Amoa\u0219ii, spune c\u0103 ideea a ap\u0103rut dup\u0103 o vizit\u0103 la Muzeul de Istorie \u0219i Etnografie. \u201eDeoarece \u021bes\u0103turile de cas\u0103 [&hellip;]","og_url":"https:\/\/www.btv.md\/ro\/amp\/prima-expozitie-de-prosoape-traditionale-realizate-de-elevi\/","og_site_name":"BTV","article_publisher":"https:\/\/www.facebook.com\/btvmoldova\/","article_published_time":"2016-04-07T14:21:43+00:00","article_modified_time":"2016-04-07T14:51:05+00:00","og_image":[{"width":1023,"height":653,"url":"https:\/\/www.btv.md\/wp-content\/uploads\/2016\/04\/prosoape.png","type":"image\/png"}],"author":"admin","twitter_misc":{"Scris de":"admin","Timp estimat pentru citire":"1 minut"},"schema":{"@context":"https:\/\/schema.org","@graph":[{"@type":"Article","@id":"https:\/\/www.btv.md\/ro\/amp\/prima-expozitie-de-prosoape-traditionale-realizate-de-elevi\/#article","isPartOf":{"@id":"https:\/\/www.btv.md\/ro\/amp\/prima-expozitie-de-prosoape-traditionale-realizate-de-elevi\/"},"author":{"name":"admin","@id":"https:\/\/www.btv.md\/#\/schema\/person\/8fadce81561b3ce2c34c46dadc4ccbf2"},"headline":"PRIMA EXPOZI\u021aIE DE PROSOAPE TRADI\u021aIONALE REALIZATE DE ELEVI","datePublished":"2016-04-07T14:21:43+00:00","dateModified":"2016-04-07T14:51:05+00:00","mainEntityOfPage":{"@id":"https:\/\/www.btv.md\/ro\/amp\/prima-expozitie-de-prosoape-traditionale-realizate-de-elevi\/"},"wordCount":296,"image":{"@id":"https:\/\/www.btv.md\/ro\/amp\/prima-expozitie-de-prosoape-traditionale-realizate-de-elevi\/#primaryimage"},"thumbnailUrl":"https:\/\/www.btv.md\/wp-content\/uploads\/2016\/04\/prosoape.png","articleSection":["Ora\u0219"],"inLanguage":"ro-RO"},{"@type":"WebPage","@id":"https:\/\/www.btv.md\/ro\/amp\/prima-expozitie-de-prosoape-traditionale-realizate-de-elevi\/","url":"https:\/\/www.btv.md\/ro\/amp\/prima-expozitie-de-prosoape-traditionale-realizate-de-elevi\/","name":"PRIMA EXPOZI\u021aIE DE PROSOAPE TRADI\u021aIONALE REALIZATE DE ELEVI - BTV","isPartOf":{"@id":"https:\/\/www.btv.md\/#website"},"primaryImageOfPage":{"@id":"https:\/\/www.btv.md\/ro\/amp\/prima-expozitie-de-prosoape-traditionale-realizate-de-elevi\/#primaryimage"},"image":{"@id":"https:\/\/www.btv.md\/ro\/amp\/prima-expozitie-de-prosoape-traditionale-realizate-de-elevi\/#primaryimage"},"thumbnailUrl":"https:\/\/www.btv.md\/wp-content\/uploads\/2016\/04\/prosoape.png","datePublished":"2016-04-07T14:21:43+00:00","dateModified":"2016-04-07T14:51:05+00:00","author":{"@id":"https:\/\/www.btv.md\/#\/schema\/person\/8fadce81561b3ce2c34c46dadc4ccbf2"},"inLanguage":"ro-RO","potentialAction":[{"@type":"ReadAction","target":["https:\/\/www.btv.md\/ro\/amp\/prima-expozitie-de-prosoape-traditionale-realizate-de-elevi\/"]}]},{"@type":"ImageObject","inLanguage":"ro-RO","@id":"https:\/\/www.btv.md\/ro\/amp\/prima-expozitie-de-prosoape-traditionale-realizate-de-elevi\/#primaryimage","url":"https:\/\/www.btv.md\/wp-content\/uploads\/2016\/04\/prosoape.png","contentUrl":"https:\/\/www.btv.md\/wp-content\/uploads\/2016\/04\/prosoape.png","width":1023,"height":653},{"@type":"WebSite","@id":"https:\/\/www.btv.md\/#website","url":"https:\/\/www.btv.md\/","name":"BTV","description":"\u0411\u0435\u043b\u044c\u0446\u043a\u043e\u0435 \u0442\u0435\u043b\u0435\u0432\u0438\u0434\u0435\u043d\u0438\u0435","potentialAction":[{"@type":"SearchAction","target":{"@type":"EntryPoint","urlTemplate":"https:\/\/www.btv.md\/?s={search_term_string}"},"query-input":{"@type":"PropertyValueSpecification","valueRequired":true,"valueName":"search_term_string"}}],"inLanguage":"ro-RO"},{"@type":"Person","@id":"https:\/\/www.btv.md\/#\/schema\/person\/8fadce81561b3ce2c34c46dadc4ccbf2","name":"admin"}]}},"_links":{"self":[{"href":"https:\/\/www.btv.md\/ro\/wp-json\/wp\/v2\/posts\/10375","targetHints":{"allow":["GET"]}}],"collection":[{"href":"https:\/\/www.btv.md\/ro\/wp-json\/wp\/v2\/posts"}],"about":[{"href":"https:\/\/www.btv.md\/ro\/wp-json\/wp\/v2\/types\/post"}],"author":[{"embeddable":true,"href":"https:\/\/www.btv.md\/ro\/wp-json\/wp\/v2\/users\/4"}],"replies":[{"embeddable":true,"href":"https:\/\/www.btv.md\/ro\/wp-json\/wp\/v2\/comments?post=10375"}],"version-history":[{"count":0,"href":"https:\/\/www.btv.md\/ro\/wp-json\/wp\/v2\/posts\/10375\/revisions"}],"wp:featuredmedia":[{"embeddable":true,"href":"https:\/\/www.btv.md\/ro\/wp-json\/wp\/v2\/media\/10376"}],"wp:attachment":[{"href":"https:\/\/www.btv.md\/ro\/wp-json\/wp\/v2\/media?parent=10375"}],"wp:term":[{"taxonomy":"category","embeddable":true,"href":"https:\/\/www.btv.md\/ro\/wp-json\/wp\/v2\/categories?post=10375"},{"taxonomy":"post_tag","embeddable":true,"href":"https:\/\/www.btv.md\/ro\/wp-json\/wp\/v2\/tags?post=10375"}],"curies":[{"name":"wp","href":"https:\/\/api.w.org\/{rel}","templated":true}]}}