{"id":10392,"date":"2016-04-07T18:46:26","date_gmt":"2016-04-07T15:46:26","guid":{"rendered":"http:\/\/btv.md\/?p=10392"},"modified":"2016-04-07T18:46:26","modified_gmt":"2016-04-07T15:46:26","slug":"rectorul-universitatii-baltene-despre-colaborarea-cu-universitatile-din-rusia","status":"publish","type":"post","link":"https:\/\/www.btv.md\/ro\/rectorul-universitatii-baltene-despre-colaborarea-cu-universitatile-din-rusia\/","title":{"rendered":"RECTORUL UNIVERSIT\u0102\u021aII B\u0102L\u021aENE, DESPRE COLABORAREA CU UNIVERSIT\u0102\u021aILE DIN RUSIA"},"content":{"rendered":"<p><strong>Universitatea de Stat \u201eAlecu Russo\u201d din B\u0103l\u021bi va \u00eencepe o colaborare str\u00e2ns\u0103 cu univerist\u0103\u021bile din Sankt Petersburg \u0219i Nijni Novgorod. \u00cen cadrul emisiunii \u00ab\u041b\u0438\u0446\u043e\u043c \u043a \u043b\u0438\u0446\u0443\u00bb de la postul de televiziune BTV, rectorul universit\u0103\u021bii b\u0103l\u021bene, Ion Gagim, a afirmat c\u0103 astfel de colabor\u0103ri au devenit deja o tradi\u021bie, iar cea din urm\u0103 deschide posibilit\u0103\u021bi \u0219i mai mari. Primele proiecte de lucru ar putea \u021bine de domeniul IT, agricultur\u0103 sau inginerie.<\/strong><\/p>\n<p>\u201e<em>Domnii rectori de la universitatea din Sankt Petersburg \u0219i Nijni Novgorod \u0219i ministrul educa\u021biei al regiunii Nijni Novgorod ne-au l\u0103sat toate coordonatele. Noi deja colabor\u0103m cu Rusia. Vreau s\u0103 v\u0103 spun c\u0103 avem mai multe acorduri de colaborare cu diferite universit\u0103\u021bi din Rusia. Sunt cadre didactice de la noi care predau chiar \u0219i \u00een Moscova. R\u0103m\u00e2ne s\u0103 vedem pe care specialit\u0103\u021bi am pute s\u0103 colabor\u0103m, de exemplu pe IT, agricultur\u0103 sau inginerie<\/em>\u201d. <\/p>\n<p>Amintim c\u0103 la data de 17 martie curent, primarul municipiului B\u0103l\u021bi Renato Usat\u00eei a semnat un acor de colaborare  \u00eentre Universitatea Agrar\u0103 de Stat din Sankt Petersburg (\u0421\u041f\u0431\u0413\u0410\u0423), Universitatea de Stat de Inginerie \u0219i Economie din Nijnii Novgorod (\u041d\u0413\u0418\u042d\u0423) \u0219i Prim\u0103ria municipiului B\u0103l\u021bi.<\/p>\n<p>AUTOR:  NATA\u0218A  TOCARCIUC<br \/>\nMONTARE:  IURIE  BOLD<\/p>\n<p><iframe width=\"420\" height=\"315\" data-src=\"https:\/\/www.youtube.com\/embed\/0e26gE_wNv8\" frameborder=\"0\" allowfullscreen src=\"data:image\/svg+xml;base64,PHN2ZyB3aWR0aD0iMSIgaGVpZ2h0PSIxIiB4bWxucz0iaHR0cDovL3d3dy53My5vcmcvMjAwMC9zdmciPjwvc3ZnPg==\" class=\"lazyload\" data-load-mode=\"1\"><\/iframe><\/p>\n","protected":false},"excerpt":{"rendered":"<p>Universitatea de Stat \u201eAlecu Russo\u201d din B\u0103l\u021bi va \u00eencepe o colaborare str\u00e2ns\u0103 cu univerist\u0103\u021bile din Sankt Petersburg \u0219i Nijni Novgorod. \u00cen cadrul emisiunii \u00ab\u041b\u0438\u0446\u043e\u043c \u043a \u043b\u0438\u0446\u0443\u00bb de la postul de televiziune BTV, rectorul universit\u0103\u021bii b\u0103l\u021bene, Ion Gagim, a afirmat c\u0103 astfel de colabor\u0103ri au devenit deja o tradi\u021bie, iar cea din urm\u0103 deschide posibilit\u0103\u021bi \u0219i [&hellip;]<\/p>\n","protected":false},"author":4,"featured_media":10393,"comment_status":"closed","ping_status":"closed","sticky":false,"template":"","format":"standard","meta":{"footnotes":""},"categories":[6353],"tags":[],"class_list":["post-10392","post","type-post","status-publish","format-standard","has-post-thumbnail","hentry","category-oras"],"yoast_head":"<!-- This site is optimized with the Yoast SEO plugin v27.4 - https:\/\/yoast.com\/product\/yoast-seo-wordpress\/ -->\n<title>RECTORUL UNIVERSIT\u0102\u021aII B\u0102L\u021aENE, DESPRE COLABORAREA CU UNIVERSIT\u0102\u021aILE DIN RUSIA - BTV<\/title>\n<meta name=\"robots\" content=\"index, follow, max-snippet:-1, max-image-preview:large, max-video-preview:-1\" \/>\n<link rel=\"canonical\" href=\"https:\/\/www.btv.md\/ro\/rectorul-universitatii-baltene-despre-colaborarea-cu-universitatile-din-rusia\/\" \/>\n<meta property=\"og:locale\" content=\"ro_RO\" \/>\n<meta property=\"og:type\" content=\"article\" \/>\n<meta property=\"og:title\" content=\"RECTORUL UNIVERSIT\u0102\u021aII B\u0102L\u021aENE, DESPRE COLABORAREA CU UNIVERSIT\u0102\u021aILE DIN RUSIA - BTV\" \/>\n<meta property=\"og:description\" content=\"Universitatea de Stat \u201eAlecu Russo\u201d din B\u0103l\u021bi va \u00eencepe o colaborare str\u00e2ns\u0103 cu univerist\u0103\u021bile din Sankt Petersburg \u0219i Nijni Novgorod. \u00cen cadrul emisiunii \u00ab\u041b\u0438\u0446\u043e\u043c \u043a \u043b\u0438\u0446\u0443\u00bb de la postul de televiziune BTV, rectorul universit\u0103\u021bii b\u0103l\u021bene, Ion Gagim, a afirmat c\u0103 astfel de colabor\u0103ri au devenit deja o tradi\u021bie, iar cea din urm\u0103 deschide posibilit\u0103\u021bi \u0219i [&hellip;]\" \/>\n<meta property=\"og:url\" content=\"https:\/\/www.btv.md\/ro\/rectorul-universitatii-baltene-despre-colaborarea-cu-universitatile-din-rusia\/\" \/>\n<meta property=\"og:site_name\" content=\"BTV\" \/>\n<meta property=\"article:publisher\" content=\"https:\/\/www.facebook.com\/btvmoldova\/\" \/>\n<meta property=\"article:published_time\" content=\"2016-04-07T15:46:26+00:00\" \/>\n<meta property=\"og:image\" content=\"https:\/\/www.btv.md\/wp-content\/uploads\/2016\/04\/rector.png\" \/>\n\t<meta property=\"og:image:width\" content=\"1005\" \/>\n\t<meta property=\"og:image:height\" content=\"491\" \/>\n\t<meta property=\"og:image:type\" content=\"image\/png\" \/>\n<meta name=\"author\" content=\"admin\" \/>\n<meta name=\"twitter:label1\" content=\"Scris de\" \/>\n\t<meta name=\"twitter:data1\" content=\"admin\" \/>\n\t<meta name=\"twitter:label2\" content=\"Timp estimat pentru citire\" \/>\n\t<meta name=\"twitter:data2\" content=\"1 minut\" \/>\n<script type=\"application\/ld+json\" class=\"yoast-schema-graph\">{\"@context\":\"https:\\\/\\\/schema.org\",\"@graph\":[{\"@type\":\"Article\",\"@id\":\"https:\\\/\\\/www.btv.md\\\/ro\\\/rectorul-universitatii-baltene-despre-colaborarea-cu-universitatile-din-rusia\\\/#article\",\"isPartOf\":{\"@id\":\"https:\\\/\\\/www.btv.md\\\/ro\\\/rectorul-universitatii-baltene-despre-colaborarea-cu-universitatile-din-rusia\\\/\"},\"author\":{\"name\":\"admin\",\"@id\":\"https:\\\/\\\/www.btv.md\\\/#\\\/schema\\\/person\\\/8fadce81561b3ce2c34c46dadc4ccbf2\"},\"headline\":\"RECTORUL UNIVERSIT\u0102\u021aII B\u0102L\u021aENE, DESPRE COLABORAREA CU UNIVERSIT\u0102\u021aILE DIN RUSIA\",\"datePublished\":\"2016-04-07T15:46:26+00:00\",\"mainEntityOfPage\":{\"@id\":\"https:\\\/\\\/www.btv.md\\\/ro\\\/rectorul-universitatii-baltene-despre-colaborarea-cu-universitatile-din-rusia\\\/\"},\"wordCount\":247,\"image\":{\"@id\":\"https:\\\/\\\/www.btv.md\\\/ro\\\/rectorul-universitatii-baltene-despre-colaborarea-cu-universitatile-din-rusia\\\/#primaryimage\"},\"thumbnailUrl\":\"https:\\\/\\\/www.btv.md\\\/wp-content\\\/uploads\\\/2016\\\/04\\\/rector.png\",\"articleSection\":[\"Ora\u0219\"],\"inLanguage\":\"ro-RO\"},{\"@type\":\"WebPage\",\"@id\":\"https:\\\/\\\/www.btv.md\\\/ro\\\/rectorul-universitatii-baltene-despre-colaborarea-cu-universitatile-din-rusia\\\/\",\"url\":\"https:\\\/\\\/www.btv.md\\\/ro\\\/rectorul-universitatii-baltene-despre-colaborarea-cu-universitatile-din-rusia\\\/\",\"name\":\"RECTORUL UNIVERSIT\u0102\u021aII B\u0102L\u021aENE, DESPRE COLABORAREA CU UNIVERSIT\u0102\u021aILE DIN RUSIA - BTV\",\"isPartOf\":{\"@id\":\"https:\\\/\\\/www.btv.md\\\/#website\"},\"primaryImageOfPage\":{\"@id\":\"https:\\\/\\\/www.btv.md\\\/ro\\\/rectorul-universitatii-baltene-despre-colaborarea-cu-universitatile-din-rusia\\\/#primaryimage\"},\"image\":{\"@id\":\"https:\\\/\\\/www.btv.md\\\/ro\\\/rectorul-universitatii-baltene-despre-colaborarea-cu-universitatile-din-rusia\\\/#primaryimage\"},\"thumbnailUrl\":\"https:\\\/\\\/www.btv.md\\\/wp-content\\\/uploads\\\/2016\\\/04\\\/rector.png\",\"datePublished\":\"2016-04-07T15:46:26+00:00\",\"author\":{\"@id\":\"https:\\\/\\\/www.btv.md\\\/#\\\/schema\\\/person\\\/8fadce81561b3ce2c34c46dadc4ccbf2\"},\"inLanguage\":\"ro-RO\",\"potentialAction\":[{\"@type\":\"ReadAction\",\"target\":[\"https:\\\/\\\/www.btv.md\\\/ro\\\/rectorul-universitatii-baltene-despre-colaborarea-cu-universitatile-din-rusia\\\/\"]}]},{\"@type\":\"ImageObject\",\"inLanguage\":\"ro-RO\",\"@id\":\"https:\\\/\\\/www.btv.md\\\/ro\\\/rectorul-universitatii-baltene-despre-colaborarea-cu-universitatile-din-rusia\\\/#primaryimage\",\"url\":\"https:\\\/\\\/www.btv.md\\\/wp-content\\\/uploads\\\/2016\\\/04\\\/rector.png\",\"contentUrl\":\"https:\\\/\\\/www.btv.md\\\/wp-content\\\/uploads\\\/2016\\\/04\\\/rector.png\",\"width\":1005,\"height\":491},{\"@type\":\"WebSite\",\"@id\":\"https:\\\/\\\/www.btv.md\\\/#website\",\"url\":\"https:\\\/\\\/www.btv.md\\\/\",\"name\":\"BTV\",\"description\":\"\u0411\u0435\u043b\u044c\u0446\u043a\u043e\u0435 \u0442\u0435\u043b\u0435\u0432\u0438\u0434\u0435\u043d\u0438\u0435\",\"potentialAction\":[{\"@type\":\"SearchAction\",\"target\":{\"@type\":\"EntryPoint\",\"urlTemplate\":\"https:\\\/\\\/www.btv.md\\\/?s={search_term_string}\"},\"query-input\":{\"@type\":\"PropertyValueSpecification\",\"valueRequired\":true,\"valueName\":\"search_term_string\"}}],\"inLanguage\":\"ro-RO\"},{\"@type\":\"Person\",\"@id\":\"https:\\\/\\\/www.btv.md\\\/#\\\/schema\\\/person\\\/8fadce81561b3ce2c34c46dadc4ccbf2\",\"name\":\"admin\"}]}<\/script>\n<!-- \/ Yoast SEO plugin. -->","yoast_head_json":{"title":"RECTORUL UNIVERSIT\u0102\u021aII B\u0102L\u021aENE, DESPRE COLABORAREA CU UNIVERSIT\u0102\u021aILE DIN RUSIA - BTV","robots":{"index":"index","follow":"follow","max-snippet":"max-snippet:-1","max-image-preview":"max-image-preview:large","max-video-preview":"max-video-preview:-1"},"canonical":"https:\/\/www.btv.md\/ro\/rectorul-universitatii-baltene-despre-colaborarea-cu-universitatile-din-rusia\/","og_locale":"ro_RO","og_type":"article","og_title":"RECTORUL UNIVERSIT\u0102\u021aII B\u0102L\u021aENE, DESPRE COLABORAREA CU UNIVERSIT\u0102\u021aILE DIN RUSIA - BTV","og_description":"Universitatea de Stat \u201eAlecu Russo\u201d din B\u0103l\u021bi va \u00eencepe o colaborare str\u00e2ns\u0103 cu univerist\u0103\u021bile din Sankt Petersburg \u0219i Nijni Novgorod. \u00cen cadrul emisiunii \u00ab\u041b\u0438\u0446\u043e\u043c \u043a \u043b\u0438\u0446\u0443\u00bb de la postul de televiziune BTV, rectorul universit\u0103\u021bii b\u0103l\u021bene, Ion Gagim, a afirmat c\u0103 astfel de colabor\u0103ri au devenit deja o tradi\u021bie, iar cea din urm\u0103 deschide posibilit\u0103\u021bi \u0219i [&hellip;]","og_url":"https:\/\/www.btv.md\/ro\/rectorul-universitatii-baltene-despre-colaborarea-cu-universitatile-din-rusia\/","og_site_name":"BTV","article_publisher":"https:\/\/www.facebook.com\/btvmoldova\/","article_published_time":"2016-04-07T15:46:26+00:00","og_image":[{"width":1005,"height":491,"url":"https:\/\/www.btv.md\/wp-content\/uploads\/2016\/04\/rector.png","type":"image\/png"}],"author":"admin","twitter_misc":{"Scris de":"admin","Timp estimat pentru citire":"1 minut"},"schema":{"@context":"https:\/\/schema.org","@graph":[{"@type":"Article","@id":"https:\/\/www.btv.md\/ro\/rectorul-universitatii-baltene-despre-colaborarea-cu-universitatile-din-rusia\/#article","isPartOf":{"@id":"https:\/\/www.btv.md\/ro\/rectorul-universitatii-baltene-despre-colaborarea-cu-universitatile-din-rusia\/"},"author":{"name":"admin","@id":"https:\/\/www.btv.md\/#\/schema\/person\/8fadce81561b3ce2c34c46dadc4ccbf2"},"headline":"RECTORUL UNIVERSIT\u0102\u021aII B\u0102L\u021aENE, DESPRE COLABORAREA CU UNIVERSIT\u0102\u021aILE DIN RUSIA","datePublished":"2016-04-07T15:46:26+00:00","mainEntityOfPage":{"@id":"https:\/\/www.btv.md\/ro\/rectorul-universitatii-baltene-despre-colaborarea-cu-universitatile-din-rusia\/"},"wordCount":247,"image":{"@id":"https:\/\/www.btv.md\/ro\/rectorul-universitatii-baltene-despre-colaborarea-cu-universitatile-din-rusia\/#primaryimage"},"thumbnailUrl":"https:\/\/www.btv.md\/wp-content\/uploads\/2016\/04\/rector.png","articleSection":["Ora\u0219"],"inLanguage":"ro-RO"},{"@type":"WebPage","@id":"https:\/\/www.btv.md\/ro\/rectorul-universitatii-baltene-despre-colaborarea-cu-universitatile-din-rusia\/","url":"https:\/\/www.btv.md\/ro\/rectorul-universitatii-baltene-despre-colaborarea-cu-universitatile-din-rusia\/","name":"RECTORUL UNIVERSIT\u0102\u021aII B\u0102L\u021aENE, DESPRE COLABORAREA CU UNIVERSIT\u0102\u021aILE DIN RUSIA - BTV","isPartOf":{"@id":"https:\/\/www.btv.md\/#website"},"primaryImageOfPage":{"@id":"https:\/\/www.btv.md\/ro\/rectorul-universitatii-baltene-despre-colaborarea-cu-universitatile-din-rusia\/#primaryimage"},"image":{"@id":"https:\/\/www.btv.md\/ro\/rectorul-universitatii-baltene-despre-colaborarea-cu-universitatile-din-rusia\/#primaryimage"},"thumbnailUrl":"https:\/\/www.btv.md\/wp-content\/uploads\/2016\/04\/rector.png","datePublished":"2016-04-07T15:46:26+00:00","author":{"@id":"https:\/\/www.btv.md\/#\/schema\/person\/8fadce81561b3ce2c34c46dadc4ccbf2"},"inLanguage":"ro-RO","potentialAction":[{"@type":"ReadAction","target":["https:\/\/www.btv.md\/ro\/rectorul-universitatii-baltene-despre-colaborarea-cu-universitatile-din-rusia\/"]}]},{"@type":"ImageObject","inLanguage":"ro-RO","@id":"https:\/\/www.btv.md\/ro\/rectorul-universitatii-baltene-despre-colaborarea-cu-universitatile-din-rusia\/#primaryimage","url":"https:\/\/www.btv.md\/wp-content\/uploads\/2016\/04\/rector.png","contentUrl":"https:\/\/www.btv.md\/wp-content\/uploads\/2016\/04\/rector.png","width":1005,"height":491},{"@type":"WebSite","@id":"https:\/\/www.btv.md\/#website","url":"https:\/\/www.btv.md\/","name":"BTV","description":"\u0411\u0435\u043b\u044c\u0446\u043a\u043e\u0435 \u0442\u0435\u043b\u0435\u0432\u0438\u0434\u0435\u043d\u0438\u0435","potentialAction":[{"@type":"SearchAction","target":{"@type":"EntryPoint","urlTemplate":"https:\/\/www.btv.md\/?s={search_term_string}"},"query-input":{"@type":"PropertyValueSpecification","valueRequired":true,"valueName":"search_term_string"}}],"inLanguage":"ro-RO"},{"@type":"Person","@id":"https:\/\/www.btv.md\/#\/schema\/person\/8fadce81561b3ce2c34c46dadc4ccbf2","name":"admin"}]}},"_links":{"self":[{"href":"https:\/\/www.btv.md\/ro\/wp-json\/wp\/v2\/posts\/10392","targetHints":{"allow":["GET"]}}],"collection":[{"href":"https:\/\/www.btv.md\/ro\/wp-json\/wp\/v2\/posts"}],"about":[{"href":"https:\/\/www.btv.md\/ro\/wp-json\/wp\/v2\/types\/post"}],"author":[{"embeddable":true,"href":"https:\/\/www.btv.md\/ro\/wp-json\/wp\/v2\/users\/4"}],"replies":[{"embeddable":true,"href":"https:\/\/www.btv.md\/ro\/wp-json\/wp\/v2\/comments?post=10392"}],"version-history":[{"count":0,"href":"https:\/\/www.btv.md\/ro\/wp-json\/wp\/v2\/posts\/10392\/revisions"}],"wp:featuredmedia":[{"embeddable":true,"href":"https:\/\/www.btv.md\/ro\/wp-json\/wp\/v2\/media\/10393"}],"wp:attachment":[{"href":"https:\/\/www.btv.md\/ro\/wp-json\/wp\/v2\/media?parent=10392"}],"wp:term":[{"taxonomy":"category","embeddable":true,"href":"https:\/\/www.btv.md\/ro\/wp-json\/wp\/v2\/categories?post=10392"},{"taxonomy":"post_tag","embeddable":true,"href":"https:\/\/www.btv.md\/ro\/wp-json\/wp\/v2\/tags?post=10392"}],"curies":[{"name":"wp","href":"https:\/\/api.w.org\/{rel}","templated":true}]}}