{"id":10411,"date":"2016-04-08T13:13:55","date_gmt":"2016-04-08T10:13:55","guid":{"rendered":"http:\/\/btv.md\/?p=10411"},"modified":"2016-04-08T13:13:55","modified_gmt":"2016-04-08T10:13:55","slug":"ue-vrea-desfiintarea-vizelor-impuse-de-sua-si-canada-romanilor","status":"publish","type":"post","link":"https:\/\/www.btv.md\/ro\/ue-vrea-desfiintarea-vizelor-impuse-de-sua-si-canada-romanilor\/","title":{"rendered":"UE VREA DESFIIN\u021aAREA VIZELOR IMPUSE DE SUA \u0218I CANADA ROM\u00c2NILOR"},"content":{"rendered":"<p><strong>UE  VREA  DESFIIN\u021aAREA  VIZELOR  IMPUSE  DE  SUA  \u0218I  CANADA ROM\u00c2NILOR<\/strong><\/p>\n<p><strong>Comisia European\u0103 recurge la \u015fantaj pentru a elimina vizele de Statele Unite \u015fi Canada pentru cet\u0103\u0163enii unor state membre. <\/strong><\/p>\n<p>Potrivit Reuters, Bruxellesul ar amenin\u0163a cu impunerea unui regim de vize pentru cet\u0103\u0163enii americani \u015fi canadieni dornici s\u0103 c\u0103l\u0103toreasc\u0103 sau s\u0103 lucreze \u00een statele Uniunii Europene. Ar fi o m\u0103sur\u0103 de retorsiune.<\/p>\n<p>Aceast\u0103 propunere ar urma s\u0103 se discute pe 12 aprilie, deci \u00een c\u00e2teva zile. Amenin\u0163area va cre\u015fte \u015fi mai tare tensiunile, \u00een contextul \u00een care se negociaz\u0103 pe acordul de liber schimb dintre Uniunea European\u0103 \u015fi Statele Unite, negocieri care oricum sunt \u00eengreunate de multe disensiuni \u00eentre cele dou\u0103 p\u0103r\u0163i.<\/p>\n<p>Aceste dezbateri la nivel european ar urma s\u0103 aib\u0103 loc cu o s\u0103pt\u0103m\u00e2n\u0103 \u00eenaintea unei vizite a lui Barack Obama pe continent, vizit\u0103 la care ar urma s\u0103 discute inclusiv de acordul transatlantic de liber-schimb.<\/p>\n<p>\u00cen Uniunea European\u0103 sunt cinci state ai c\u0103ror cet\u0103\u0163eni au nevoie de viz\u0103 pentru a c\u0103l\u0103tori \u00een Statele Unite \u015fi Canada. \u00cen aceea\u015fi situa\u0163ie ca a Rom\u00e2niei mai sunt Polonia, Bulgaria, Cipru \u015fi Croa\u0163ia.<\/p>\n<p><a href=\"http:\/\/www.digi24.ro\/\" target=\"_blank\">digi24.ro<\/a><\/p>\n<p><strong>FRANCEZII  PUN  BAZELE  UNEI  MI\u0218C\u0102RI  UNICE  \u00ceN   LUME<\/strong><\/p>\n<p><strong>Francezii par s\u0103 se fi s\u0103turat de tot ce \u00eenseamn\u0103 clasa politic\u0103, indiferent c\u0103 este vorba despre partidele de st\u00e2nga sau de dreapta, \u0219i \u00ee\u0219i exprim\u0103 de o s\u0103pt\u0103m\u00e2n\u0103 dorin\u021ba pentru un nou tip de politic\u0103 printr-o mi\u0219care \u00eenceput\u0103 la Paris \u0219i care se extinde c\u0103tre ora\u0219ele din provincie, relateaz\u0103 joi AFP.<\/strong><\/p>\n<p>\u00cen fiecare sear\u0103, sute de persoane se adun\u0103 \u00een Pia\u021ba Republicii din Paris pentru a-\u0219i manifesta toate nemul\u021bumirile, cum ar fi cele legate de corup\u021bie, nivelul de trai, violen\u021bele poli\u021biei, c\u00e2rd\u0103\u0219ia elitelor, dificultatea de a g\u0103si o locuin\u021b\u0103, etc.<\/p>\n<p>C\u00e2teva sute de kilometri la nord de acest ora\u0219, ministrul economiei, Emmanuel Macron, \u00een v\u00e2rst\u0103 de 38 de ani, a anun\u021bat la o &#8216;reuniune cet\u0103\u021beneasc\u0103&#8217; lansarea unei noi mi\u0219c\u0103ri &#8216;nici de dreapta, nici de st\u00e2nga&#8217;, pe care a denumit-o &#8216;En Marche&#8217; (&#8216;\u00cen mar\u0219&#8217; sau &#8216;\u00cen mers&#8217;).<\/p>\n<p>Acest ministru, un &#8216;freelancer&#8217; care \u00eencarneaz\u0103 virajul &#8216;social-liberal&#8217; al guvernului socialist, &#8216;este singurul politician care propune ceva transpartizan, iar atunci c\u00e2nd e\u0219ti t\u00e2n\u0103r este greu s\u0103 te conformezi criteriilor de dreapta sau st\u00e2nga&#8217;, remarc\u0103 un comentator local.<\/p>\n<p>Ini\u021biativa lui Macron a fost primit\u0103 cu o aparent\u0103 indiferen\u021b\u0103 de pre\u0219edintele Francois Hollande. &#8216;Un ministru vrea s\u0103 dialogheze cu cet\u0103\u021benii; aceasta \u00eenseamn\u0103 s\u0103 faci politic\u0103 \u0219i s\u0103 faci \u00een a\u0219a fel \u00eenc\u00e2t convingerile s\u0103 poat\u0103 fi auzite&#8217;, a spus liderul de la Elysee, miercuri, cu o zi \u00eenainte ca un sondaj publicat de agen\u021bia EFE s\u0103 arate c\u0103 el mai este apreciat doar de 13% din electorat.<\/p>\n<p><a href=\"http:\/\/www.agerpres.ro\/\" target=\"_blank\">agerpres.ro<\/a><\/p>\n<p><strong>DESCINDERI  \u00ceN  MAI  MULTE  \u021a\u0102RI  \u00ceMPOTRIVA  HACKERILOR<\/strong><\/p>\n<p><strong>Procurori germani au anun\u021bat joi c\u0103 for\u021bele de poli\u021bie au desf\u0103\u0219urat raiduri \u00een mai multe \u021b\u0103ri \u00eempotriva a 170 de suspec\u021bi de implicare \u00eentr-o grupare interna\u021bional\u0103 specializat\u0103 \u00een atacuri cibernetice, dou\u0103 persoane fiind arestate \u00een Germania, scrie agen\u021bia DPA.<\/strong><\/p>\n<p>Cei doi b\u0103rba\u021bi au fost aresta\u021bi \u00een landurile Rhineland-Palatinate \u0219i Saarland, poli\u021bia confisc\u00e2nd circa 300 de computere \u0219i unit\u0103\u021bi de stocare hard disk \u00een timpul raidurilor de mar\u021bi.<\/p>\n<p>Circa 700 de ofi\u021beri de poli\u021bie au luat parte la raidurile efectuate simultan \u00een loca\u021bii din Germania, Olanda, Luxemburg, Fran\u021ba \u0219i Canada.<\/p>\n<p>Procurorii din ora\u0219ul german Koblenz au declarat c\u0103 gruparea criminal\u0103 este acuzat\u0103 de v\u00e2nzarea unor programe de calculator ce ascund viru\u0219i \u0219i de furtul de parole \u0219i date bancare.<\/p>\n<p>\u00cencerc\u0103rile de a fura informa\u021bii \u0219i de a \u0219antaja oameni au devenit o practic\u0103 obi\u0219nuit\u0103 \u00een anii recen\u021bi. \u00cen 2015, portalul de internet canadian Ashley Madison a fost \u021binta unui atac al hackerilor care au distribuit ulterior informa\u021biile ob\u021binute din conturile a peste 36 de milioane de clien\u021bi ai respectivei platforme online.<\/p>\n<p><a href=\"http:\/\/www.agerpres.ro\/\" target=\"_blank\">agerpres.ro<\/a><\/p>\n<p><strong>NUM\u0102R  RECORD  DE  EXECU\u021aII  \u00ceN  2015<\/strong><\/p>\n<p><strong>\u00cen anul 2015 s-a \u00eenregistrat o cre\u015ftere semnificativ\u0103 a num\u0103rului de execu\u0163ii la nivel mondial, aproape 90% dintre acestea av\u00e2nd loc \u00een Iran, Arabia Saudit\u0103 \u015fi Pakistan, se arat\u0103 \u00eentr-un raport al organiza\u0163iei pentru drepturile omului Amnesty International, citat de Reuters.<\/strong><\/p>\n<p>Cel pu\u0163in 1.634 de persoane au fost executate anul trecut, a precizat organiza\u0163ia, ad\u0103ug\u00e2nd c\u0103 num\u0103rul real este probabil mai mare, \u00een condi\u0163iile \u00een care nu exist\u0103 cifre exacte \u00een cazul Chinei.   <\/p>\n<p>\u201e<em>Num\u0103rul execu\u0163iilor cunoscute a crescut cu peste 50% comparativ cu 2014. Aceast\u0103 cre\u015ftere este tulbur\u0103toare \u015fi alarmant\u0103<\/em>\u201c, a afirmat Oliver Hendrich, expert privind pedeapsa capital\u0103 al Amnesty International din Germania.   <\/p>\n<p>Potrivit organiza\u0163iei pentru drepturile omului, anul trecut, cel pu\u0163in 977 de persoane au fost executate \u00een Iran, majoritatea pentru infrac\u0163iuni legate de droguri. De asemenea, peste 320 de execu\u0163ii au avut loc \u00een Pakistan \u015fi cel pu\u0163in 158 de persoane au fost executate \u00een Arabia Saudit\u0103.   <\/p>\n<p>\u00cen Statele Unite, au fost executate anul trecut 28 de persoane &#8211; cel mai mic num\u0103r \u00eencep\u00e2nd cu 1991.   <\/p>\n<p>China este considerat\u0103 \u0163ara \u00een care au loc cele mai multe execu\u0163ii din lume, num\u0103rul persoanelor executate anual fiind de ordinul miilor, de\u015fi datele exacte \u00een acest sens sunt secret de stat, a afirmat Amnesty International.   <\/p>\n<p>Chestionat\u0103 cu privire la acest raport, purt\u0103toarea de cuv\u00e2nt a Ministerului chinez de Externe, Lu Kang, a declarat c\u0103 Amnesty a publicat deseori informa\u0163ii incorecte despre China \u015fi a acuzat organiza\u0163ia de lips\u0103 de obiectivitate.<br \/>\n\u201e<em>Ca urmare, nu suntem interesa\u0163i s\u0103 facem comentarii pe marginea acestui subiect<\/em>\u201c, a afirmat ea.    <\/p>\n<p>Pe de alt\u0103 parte, potrivit Amnesty International, num\u0103rul \u0163\u0103rilor care recurg la pedeapsa cu moartea este mai mic \u00een prezent, \u00een contextul \u00een care 102 \u0163\u0103ri au renun\u0163at la pedeapsa capital\u0103 p\u00e2n\u0103 la sf\u00e2r\u015fitul anului 2015, comparativ cu 60 de \u0163\u0103ri \u00een 1996.<\/p>\n<p><a href=\"http:\/\/adevarul.ro\/\" target=\"_blank\">adevarul.ro<\/a><\/p>\n<p><iframe width=\"420\" height=\"315\" data-src=\"https:\/\/www.youtube.com\/embed\/POqd0aFwZZo\" frameborder=\"0\" allowfullscreen src=\"data:image\/svg+xml;base64,PHN2ZyB3aWR0aD0iMSIgaGVpZ2h0PSIxIiB4bWxucz0iaHR0cDovL3d3dy53My5vcmcvMjAwMC9zdmciPjwvc3ZnPg==\" class=\"lazyload\" data-load-mode=\"1\"><\/iframe><\/p>\n","protected":false},"excerpt":{"rendered":"<p>UE VREA DESFIIN\u021aAREA VIZELOR IMPUSE DE SUA \u0218I CANADA ROM\u00c2NILOR Comisia European\u0103 recurge la \u015fantaj pentru a elimina vizele de Statele Unite \u015fi Canada pentru cet\u0103\u0163enii unor state membre. Potrivit Reuters, Bruxellesul ar amenin\u0163a cu impunerea unui regim de vize pentru cet\u0103\u0163enii americani \u015fi canadieni dornici s\u0103 c\u0103l\u0103toreasc\u0103 sau s\u0103 lucreze \u00een statele Uniunii Europene. [&hellip;]<\/p>\n","protected":false},"author":4,"featured_media":10412,"comment_status":"closed","ping_status":"closed","sticky":false,"template":"","format":"standard","meta":{"footnotes":""},"categories":[6354],"tags":[],"class_list":["post-10411","post","type-post","status-publish","format-standard","has-post-thumbnail","hentry","category-externe-ro"],"yoast_head":"<!-- This site is optimized with the Yoast SEO plugin v27.4 - https:\/\/yoast.com\/product\/yoast-seo-wordpress\/ -->\n<title>UE VREA DESFIIN\u021aAREA VIZELOR IMPUSE DE SUA \u0218I CANADA ROM\u00c2NILOR - BTV<\/title>\n<meta name=\"robots\" content=\"index, follow, max-snippet:-1, max-image-preview:large, max-video-preview:-1\" \/>\n<link rel=\"canonical\" href=\"https:\/\/www.btv.md\/ro\/ue-vrea-desfiintarea-vizelor-impuse-de-sua-si-canada-romanilor\/\" \/>\n<meta property=\"og:locale\" content=\"ro_RO\" \/>\n<meta property=\"og:type\" content=\"article\" \/>\n<meta property=\"og:title\" content=\"UE VREA DESFIIN\u021aAREA VIZELOR IMPUSE DE SUA \u0218I CANADA ROM\u00c2NILOR - BTV\" \/>\n<meta property=\"og:description\" content=\"UE VREA DESFIIN\u021aAREA VIZELOR IMPUSE DE SUA \u0218I CANADA ROM\u00c2NILOR Comisia European\u0103 recurge la \u015fantaj pentru a elimina vizele de Statele Unite \u015fi Canada pentru cet\u0103\u0163enii unor state membre. Potrivit Reuters, Bruxellesul ar amenin\u0163a cu impunerea unui regim de vize pentru cet\u0103\u0163enii americani \u015fi canadieni dornici s\u0103 c\u0103l\u0103toreasc\u0103 sau s\u0103 lucreze \u00een statele Uniunii Europene. [&hellip;]\" \/>\n<meta property=\"og:url\" content=\"https:\/\/www.btv.md\/ro\/ue-vrea-desfiintarea-vizelor-impuse-de-sua-si-canada-romanilor\/\" \/>\n<meta property=\"og:site_name\" content=\"BTV\" \/>\n<meta property=\"article:publisher\" content=\"https:\/\/www.facebook.com\/btvmoldova\/\" \/>\n<meta property=\"article:published_time\" content=\"2016-04-08T10:13:55+00:00\" \/>\n<meta property=\"og:image\" content=\"https:\/\/www.btv.md\/wp-content\/uploads\/2016\/04\/VIZA-400x200.jpg\" \/>\n\t<meta property=\"og:image:width\" content=\"400\" \/>\n\t<meta property=\"og:image:height\" content=\"200\" \/>\n\t<meta property=\"og:image:type\" content=\"image\/jpeg\" \/>\n<meta name=\"author\" content=\"admin\" \/>\n<meta name=\"twitter:label1\" content=\"Scris de\" \/>\n\t<meta name=\"twitter:data1\" content=\"admin\" \/>\n\t<meta name=\"twitter:label2\" content=\"Timp estimat pentru citire\" \/>\n\t<meta name=\"twitter:data2\" content=\"5 minute\" \/>\n<script type=\"application\/ld+json\" class=\"yoast-schema-graph\">{\"@context\":\"https:\\\/\\\/schema.org\",\"@graph\":[{\"@type\":\"Article\",\"@id\":\"https:\\\/\\\/www.btv.md\\\/ro\\\/ue-vrea-desfiintarea-vizelor-impuse-de-sua-si-canada-romanilor\\\/#article\",\"isPartOf\":{\"@id\":\"https:\\\/\\\/www.btv.md\\\/ro\\\/ue-vrea-desfiintarea-vizelor-impuse-de-sua-si-canada-romanilor\\\/\"},\"author\":{\"name\":\"admin\",\"@id\":\"https:\\\/\\\/www.btv.md\\\/#\\\/schema\\\/person\\\/8fadce81561b3ce2c34c46dadc4ccbf2\"},\"headline\":\"UE VREA DESFIIN\u021aAREA VIZELOR IMPUSE DE SUA \u0218I CANADA ROM\u00c2NILOR\",\"datePublished\":\"2016-04-08T10:13:55+00:00\",\"mainEntityOfPage\":{\"@id\":\"https:\\\/\\\/www.btv.md\\\/ro\\\/ue-vrea-desfiintarea-vizelor-impuse-de-sua-si-canada-romanilor\\\/\"},\"wordCount\":1034,\"image\":{\"@id\":\"https:\\\/\\\/www.btv.md\\\/ro\\\/ue-vrea-desfiintarea-vizelor-impuse-de-sua-si-canada-romanilor\\\/#primaryimage\"},\"thumbnailUrl\":\"https:\\\/\\\/www.btv.md\\\/wp-content\\\/uploads\\\/2016\\\/04\\\/VIZA-400x200.jpg\",\"articleSection\":[\"Externe\"],\"inLanguage\":\"ro-RO\"},{\"@type\":\"WebPage\",\"@id\":\"https:\\\/\\\/www.btv.md\\\/ro\\\/ue-vrea-desfiintarea-vizelor-impuse-de-sua-si-canada-romanilor\\\/\",\"url\":\"https:\\\/\\\/www.btv.md\\\/ro\\\/ue-vrea-desfiintarea-vizelor-impuse-de-sua-si-canada-romanilor\\\/\",\"name\":\"UE VREA DESFIIN\u021aAREA VIZELOR IMPUSE DE SUA \u0218I CANADA ROM\u00c2NILOR - BTV\",\"isPartOf\":{\"@id\":\"https:\\\/\\\/www.btv.md\\\/#website\"},\"primaryImageOfPage\":{\"@id\":\"https:\\\/\\\/www.btv.md\\\/ro\\\/ue-vrea-desfiintarea-vizelor-impuse-de-sua-si-canada-romanilor\\\/#primaryimage\"},\"image\":{\"@id\":\"https:\\\/\\\/www.btv.md\\\/ro\\\/ue-vrea-desfiintarea-vizelor-impuse-de-sua-si-canada-romanilor\\\/#primaryimage\"},\"thumbnailUrl\":\"https:\\\/\\\/www.btv.md\\\/wp-content\\\/uploads\\\/2016\\\/04\\\/VIZA-400x200.jpg\",\"datePublished\":\"2016-04-08T10:13:55+00:00\",\"author\":{\"@id\":\"https:\\\/\\\/www.btv.md\\\/#\\\/schema\\\/person\\\/8fadce81561b3ce2c34c46dadc4ccbf2\"},\"inLanguage\":\"ro-RO\",\"potentialAction\":[{\"@type\":\"ReadAction\",\"target\":[\"https:\\\/\\\/www.btv.md\\\/ro\\\/ue-vrea-desfiintarea-vizelor-impuse-de-sua-si-canada-romanilor\\\/\"]}]},{\"@type\":\"ImageObject\",\"inLanguage\":\"ro-RO\",\"@id\":\"https:\\\/\\\/www.btv.md\\\/ro\\\/ue-vrea-desfiintarea-vizelor-impuse-de-sua-si-canada-romanilor\\\/#primaryimage\",\"url\":\"https:\\\/\\\/www.btv.md\\\/wp-content\\\/uploads\\\/2016\\\/04\\\/VIZA-400x200.jpg\",\"contentUrl\":\"https:\\\/\\\/www.btv.md\\\/wp-content\\\/uploads\\\/2016\\\/04\\\/VIZA-400x200.jpg\",\"width\":400,\"height\":200,\"caption\":\"www.livearad.ro\"},{\"@type\":\"WebSite\",\"@id\":\"https:\\\/\\\/www.btv.md\\\/#website\",\"url\":\"https:\\\/\\\/www.btv.md\\\/\",\"name\":\"BTV\",\"description\":\"\u0411\u0435\u043b\u044c\u0446\u043a\u043e\u0435 \u0442\u0435\u043b\u0435\u0432\u0438\u0434\u0435\u043d\u0438\u0435\",\"potentialAction\":[{\"@type\":\"SearchAction\",\"target\":{\"@type\":\"EntryPoint\",\"urlTemplate\":\"https:\\\/\\\/www.btv.md\\\/?s={search_term_string}\"},\"query-input\":{\"@type\":\"PropertyValueSpecification\",\"valueRequired\":true,\"valueName\":\"search_term_string\"}}],\"inLanguage\":\"ro-RO\"},{\"@type\":\"Person\",\"@id\":\"https:\\\/\\\/www.btv.md\\\/#\\\/schema\\\/person\\\/8fadce81561b3ce2c34c46dadc4ccbf2\",\"name\":\"admin\"}]}<\/script>\n<!-- \/ Yoast SEO plugin. -->","yoast_head_json":{"title":"UE VREA DESFIIN\u021aAREA VIZELOR IMPUSE DE SUA \u0218I CANADA ROM\u00c2NILOR - BTV","robots":{"index":"index","follow":"follow","max-snippet":"max-snippet:-1","max-image-preview":"max-image-preview:large","max-video-preview":"max-video-preview:-1"},"canonical":"https:\/\/www.btv.md\/ro\/ue-vrea-desfiintarea-vizelor-impuse-de-sua-si-canada-romanilor\/","og_locale":"ro_RO","og_type":"article","og_title":"UE VREA DESFIIN\u021aAREA VIZELOR IMPUSE DE SUA \u0218I CANADA ROM\u00c2NILOR - BTV","og_description":"UE VREA DESFIIN\u021aAREA VIZELOR IMPUSE DE SUA \u0218I CANADA ROM\u00c2NILOR Comisia European\u0103 recurge la \u015fantaj pentru a elimina vizele de Statele Unite \u015fi Canada pentru cet\u0103\u0163enii unor state membre. Potrivit Reuters, Bruxellesul ar amenin\u0163a cu impunerea unui regim de vize pentru cet\u0103\u0163enii americani \u015fi canadieni dornici s\u0103 c\u0103l\u0103toreasc\u0103 sau s\u0103 lucreze \u00een statele Uniunii Europene. [&hellip;]","og_url":"https:\/\/www.btv.md\/ro\/ue-vrea-desfiintarea-vizelor-impuse-de-sua-si-canada-romanilor\/","og_site_name":"BTV","article_publisher":"https:\/\/www.facebook.com\/btvmoldova\/","article_published_time":"2016-04-08T10:13:55+00:00","og_image":[{"width":400,"height":200,"url":"https:\/\/www.btv.md\/wp-content\/uploads\/2016\/04\/VIZA-400x200.jpg","type":"image\/jpeg"}],"author":"admin","twitter_misc":{"Scris de":"admin","Timp estimat pentru citire":"5 minute"},"schema":{"@context":"https:\/\/schema.org","@graph":[{"@type":"Article","@id":"https:\/\/www.btv.md\/ro\/ue-vrea-desfiintarea-vizelor-impuse-de-sua-si-canada-romanilor\/#article","isPartOf":{"@id":"https:\/\/www.btv.md\/ro\/ue-vrea-desfiintarea-vizelor-impuse-de-sua-si-canada-romanilor\/"},"author":{"name":"admin","@id":"https:\/\/www.btv.md\/#\/schema\/person\/8fadce81561b3ce2c34c46dadc4ccbf2"},"headline":"UE VREA DESFIIN\u021aAREA VIZELOR IMPUSE DE SUA \u0218I CANADA ROM\u00c2NILOR","datePublished":"2016-04-08T10:13:55+00:00","mainEntityOfPage":{"@id":"https:\/\/www.btv.md\/ro\/ue-vrea-desfiintarea-vizelor-impuse-de-sua-si-canada-romanilor\/"},"wordCount":1034,"image":{"@id":"https:\/\/www.btv.md\/ro\/ue-vrea-desfiintarea-vizelor-impuse-de-sua-si-canada-romanilor\/#primaryimage"},"thumbnailUrl":"https:\/\/www.btv.md\/wp-content\/uploads\/2016\/04\/VIZA-400x200.jpg","articleSection":["Externe"],"inLanguage":"ro-RO"},{"@type":"WebPage","@id":"https:\/\/www.btv.md\/ro\/ue-vrea-desfiintarea-vizelor-impuse-de-sua-si-canada-romanilor\/","url":"https:\/\/www.btv.md\/ro\/ue-vrea-desfiintarea-vizelor-impuse-de-sua-si-canada-romanilor\/","name":"UE VREA DESFIIN\u021aAREA VIZELOR IMPUSE DE SUA \u0218I CANADA ROM\u00c2NILOR - BTV","isPartOf":{"@id":"https:\/\/www.btv.md\/#website"},"primaryImageOfPage":{"@id":"https:\/\/www.btv.md\/ro\/ue-vrea-desfiintarea-vizelor-impuse-de-sua-si-canada-romanilor\/#primaryimage"},"image":{"@id":"https:\/\/www.btv.md\/ro\/ue-vrea-desfiintarea-vizelor-impuse-de-sua-si-canada-romanilor\/#primaryimage"},"thumbnailUrl":"https:\/\/www.btv.md\/wp-content\/uploads\/2016\/04\/VIZA-400x200.jpg","datePublished":"2016-04-08T10:13:55+00:00","author":{"@id":"https:\/\/www.btv.md\/#\/schema\/person\/8fadce81561b3ce2c34c46dadc4ccbf2"},"inLanguage":"ro-RO","potentialAction":[{"@type":"ReadAction","target":["https:\/\/www.btv.md\/ro\/ue-vrea-desfiintarea-vizelor-impuse-de-sua-si-canada-romanilor\/"]}]},{"@type":"ImageObject","inLanguage":"ro-RO","@id":"https:\/\/www.btv.md\/ro\/ue-vrea-desfiintarea-vizelor-impuse-de-sua-si-canada-romanilor\/#primaryimage","url":"https:\/\/www.btv.md\/wp-content\/uploads\/2016\/04\/VIZA-400x200.jpg","contentUrl":"https:\/\/www.btv.md\/wp-content\/uploads\/2016\/04\/VIZA-400x200.jpg","width":400,"height":200,"caption":"www.livearad.ro"},{"@type":"WebSite","@id":"https:\/\/www.btv.md\/#website","url":"https:\/\/www.btv.md\/","name":"BTV","description":"\u0411\u0435\u043b\u044c\u0446\u043a\u043e\u0435 \u0442\u0435\u043b\u0435\u0432\u0438\u0434\u0435\u043d\u0438\u0435","potentialAction":[{"@type":"SearchAction","target":{"@type":"EntryPoint","urlTemplate":"https:\/\/www.btv.md\/?s={search_term_string}"},"query-input":{"@type":"PropertyValueSpecification","valueRequired":true,"valueName":"search_term_string"}}],"inLanguage":"ro-RO"},{"@type":"Person","@id":"https:\/\/www.btv.md\/#\/schema\/person\/8fadce81561b3ce2c34c46dadc4ccbf2","name":"admin"}]}},"_links":{"self":[{"href":"https:\/\/www.btv.md\/ro\/wp-json\/wp\/v2\/posts\/10411","targetHints":{"allow":["GET"]}}],"collection":[{"href":"https:\/\/www.btv.md\/ro\/wp-json\/wp\/v2\/posts"}],"about":[{"href":"https:\/\/www.btv.md\/ro\/wp-json\/wp\/v2\/types\/post"}],"author":[{"embeddable":true,"href":"https:\/\/www.btv.md\/ro\/wp-json\/wp\/v2\/users\/4"}],"replies":[{"embeddable":true,"href":"https:\/\/www.btv.md\/ro\/wp-json\/wp\/v2\/comments?post=10411"}],"version-history":[{"count":0,"href":"https:\/\/www.btv.md\/ro\/wp-json\/wp\/v2\/posts\/10411\/revisions"}],"wp:featuredmedia":[{"embeddable":true,"href":"https:\/\/www.btv.md\/ro\/wp-json\/wp\/v2\/media\/10412"}],"wp:attachment":[{"href":"https:\/\/www.btv.md\/ro\/wp-json\/wp\/v2\/media?parent=10411"}],"wp:term":[{"taxonomy":"category","embeddable":true,"href":"https:\/\/www.btv.md\/ro\/wp-json\/wp\/v2\/categories?post=10411"},{"taxonomy":"post_tag","embeddable":true,"href":"https:\/\/www.btv.md\/ro\/wp-json\/wp\/v2\/tags?post=10411"}],"curies":[{"name":"wp","href":"https:\/\/api.w.org\/{rel}","templated":true}]}}