{"id":10420,"date":"2016-04-08T13:21:49","date_gmt":"2016-04-08T10:21:49","guid":{"rendered":"http:\/\/btv.md\/?p=10420"},"modified":"2016-04-08T13:21:49","modified_gmt":"2016-04-08T10:21:49","slug":"o-echipa-de-experti-nato-evalueaza-republica-moldova","status":"publish","type":"post","link":"https:\/\/www.btv.md\/ro\/o-echipa-de-experti-nato-evalueaza-republica-moldova\/","title":{"rendered":"O ECHIP\u0102 DE EXPER\u0162I NATO EVALUEAZ\u0102 REPUBLICA MOLDOVA"},"content":{"rendered":"<p><strong>O echip\u0103 de exper\u0163i NATO efectueaz\u0103 o vizit\u0103 \u00een Republica Moldova pentru a evalua obiectivele de parteneriat asumate \u00een cadrul Procesului de Revizuire \u015fi Planificare a Parteneriatului, scrie <a href=\"http:\/\/infoprut.ro\/43662-o-echipa-de-experti-nato-evalueaza-rep-moldova.html\" target=\"_blank\">infoprut.ro<\/a>.<\/strong><\/p>\n<p>Grupul de exper\u0163i, condus de Paul Savereux, directorul Departamentului Planificare a Ap\u0103r\u0103rii al NATO, are planificate \u00een perioada 6-8 aprilie o \u00eentrevederi cu viceministrul Ap\u0103r\u0103rii, Alexandru Cimbriciuc, reprezentan\u0163i ai Ministerului Ap\u0103r\u0103rii, Ministerului Afacerilor Externe \u015fi Integr\u0103rii Europene, Serviciului de Informa\u0163ii \u015fi Securitate, Ministerului Finan\u0163elor, Poli\u0163iei de Frontier\u0103 \u015fi Departamentului Trupelor de Carabinieri, pentru a analiza realiz\u0103rile \u015fi deficien\u0163ele implement\u0103rii PARP, se arat\u0103 \u00eentr-un comunicat de pres\u0103 al autorit\u0103\u0163ii ministeriale de ap\u0103rare de la Chi\u015fin\u0103u.<\/p>\n<p>Potrivit lui Andrew Cullen, responsabil PARP pentru Republica Moldova, Departamentul Planificare a Ap\u0103r\u0103rii, Direc\u0163ia politici \u015fi planificare a ap\u0103r\u0103rii a NATO, un aspect important al PARP-ului este stabilirea \u015fi formularea corect\u0103 a obiectivelor. Aceste obiective constituie un reper pentru elaborarea foii de parcurs \u015fi trebuie s\u0103 corespund\u0103 realit\u0103\u0163ii din Republica Moldova, adic\u0103 s\u0103 fie transparente, realizabile \u015fi logice.<\/p>\n<p>\u201e<em>Ne afl\u0103m aici pentru a continua procesul de planificare \u015fi a revizui rezultatele, obiectivele exacte ale procesului PARP fiind: dezvoltarea de c\u0103tre \u0163\u0103rile partenere a unor for\u0163e interoperabile pentru participarea la opera\u0163iuni NATO, UE \u015fi ONU, iar Moldova, \u00een acest sens, este un exemplu prin contribu\u0163ia substan\u0163ial\u0103 la opera\u0163iunea KFOR din Kosovo \u015fi alte misiuni. Al doilea aspect vizeaz\u0103 reforma For\u0163elor Armate \u015fi a altor institu\u0163ii din domeniul securit\u0103\u0163ii \u015fi ap\u0103r\u0103rii, iar pentru Republica Moldova aceasta \u00eenseamn\u0103 implementarea Ini\u0163iativei Consolid\u0103rii Capacit\u0103\u0163ilor de Ap\u0103rare (DCBI). Al treilea aspect este contribu\u0163ia la elaborarea structurii for\u0163elor \u015fi dezvoltarea capabilit\u0103\u0163ilor acestora<\/em>\u201d, a men\u0163ionat Andrew Cullen.<\/p>\n<p>Procesul de Revizuire \u015fi Planificare a Parteneriatului este o metodologie de planificare a ap\u0103r\u0103rii elaborat\u0103 de Alian\u0163a Nord-Atlantic\u0103 pentru parteneri \u00een baza sistemului de planificare a ap\u0103r\u0103rii utilizat \u00een prezent \u00een toate \u0163\u0103rile occidentale.<\/p>\n<p>Republica Moldova a aderat la PARP \u00een 1997.<\/p>\n","protected":false},"excerpt":{"rendered":"<p>O echip\u0103 de exper\u0163i NATO efectueaz\u0103 o vizit\u0103 \u00een Republica Moldova pentru a evalua obiectivele de parteneriat asumate \u00een cadrul Procesului de Revizuire \u015fi Planificare a Parteneriatului, scrie infoprut.ro. Grupul de exper\u0163i, condus de Paul Savereux, directorul Departamentului Planificare a Ap\u0103r\u0103rii al NATO, are planificate \u00een perioada 6-8 aprilie o \u00eentrevederi cu viceministrul Ap\u0103r\u0103rii, Alexandru [&hellip;]<\/p>\n","protected":false},"author":4,"featured_media":10421,"comment_status":"closed","ping_status":"closed","sticky":false,"template":"","format":"standard","meta":{"footnotes":""},"categories":[6349],"tags":[],"class_list":["post-10420","post","type-post","status-publish","format-standard","has-post-thumbnail","hentry","category-social"],"yoast_head":"<!-- This site is optimized with the Yoast SEO plugin v27.4 - https:\/\/yoast.com\/product\/yoast-seo-wordpress\/ -->\n<title>O ECHIP\u0102 DE EXPER\u0162I NATO EVALUEAZ\u0102 REPUBLICA MOLDOVA - BTV<\/title>\n<meta name=\"robots\" content=\"index, follow, max-snippet:-1, max-image-preview:large, max-video-preview:-1\" \/>\n<link rel=\"canonical\" href=\"https:\/\/www.btv.md\/ro\/o-echipa-de-experti-nato-evalueaza-republica-moldova\/\" \/>\n<meta property=\"og:locale\" content=\"ro_RO\" \/>\n<meta property=\"og:type\" content=\"article\" \/>\n<meta property=\"og:title\" content=\"O ECHIP\u0102 DE EXPER\u0162I NATO EVALUEAZ\u0102 REPUBLICA MOLDOVA - BTV\" \/>\n<meta property=\"og:description\" content=\"O echip\u0103 de exper\u0163i NATO efectueaz\u0103 o vizit\u0103 \u00een Republica Moldova pentru a evalua obiectivele de parteneriat asumate \u00een cadrul Procesului de Revizuire \u015fi Planificare a Parteneriatului, scrie infoprut.ro. Grupul de exper\u0163i, condus de Paul Savereux, directorul Departamentului Planificare a Ap\u0103r\u0103rii al NATO, are planificate \u00een perioada 6-8 aprilie o \u00eentrevederi cu viceministrul Ap\u0103r\u0103rii, Alexandru [&hellip;]\" \/>\n<meta property=\"og:url\" content=\"https:\/\/www.btv.md\/ro\/o-echipa-de-experti-nato-evalueaza-republica-moldova\/\" \/>\n<meta property=\"og:site_name\" content=\"BTV\" \/>\n<meta property=\"article:publisher\" content=\"https:\/\/www.facebook.com\/btvmoldova\/\" \/>\n<meta property=\"article:published_time\" content=\"2016-04-08T10:21:49+00:00\" \/>\n<meta property=\"og:image\" content=\"https:\/\/www.btv.md\/wp-content\/uploads\/2016\/04\/image-03.jpg\" \/>\n\t<meta property=\"og:image:width\" content=\"600\" \/>\n\t<meta property=\"og:image:height\" content=\"398\" \/>\n\t<meta property=\"og:image:type\" content=\"image\/jpeg\" \/>\n<meta name=\"author\" content=\"admin\" \/>\n<meta name=\"twitter:label1\" content=\"Scris de\" \/>\n\t<meta name=\"twitter:data1\" content=\"admin\" \/>\n\t<meta name=\"twitter:label2\" content=\"Timp estimat pentru citire\" \/>\n\t<meta name=\"twitter:data2\" content=\"2 minute\" \/>\n<script type=\"application\/ld+json\" class=\"yoast-schema-graph\">{\"@context\":\"https:\\\/\\\/schema.org\",\"@graph\":[{\"@type\":\"Article\",\"@id\":\"https:\\\/\\\/www.btv.md\\\/ro\\\/o-echipa-de-experti-nato-evalueaza-republica-moldova\\\/#article\",\"isPartOf\":{\"@id\":\"https:\\\/\\\/www.btv.md\\\/ro\\\/o-echipa-de-experti-nato-evalueaza-republica-moldova\\\/\"},\"author\":{\"name\":\"admin\",\"@id\":\"https:\\\/\\\/www.btv.md\\\/#\\\/schema\\\/person\\\/8fadce81561b3ce2c34c46dadc4ccbf2\"},\"headline\":\"O ECHIP\u0102 DE EXPER\u0162I NATO EVALUEAZ\u0102 REPUBLICA MOLDOVA\",\"datePublished\":\"2016-04-08T10:21:49+00:00\",\"mainEntityOfPage\":{\"@id\":\"https:\\\/\\\/www.btv.md\\\/ro\\\/o-echipa-de-experti-nato-evalueaza-republica-moldova\\\/\"},\"wordCount\":364,\"image\":{\"@id\":\"https:\\\/\\\/www.btv.md\\\/ro\\\/o-echipa-de-experti-nato-evalueaza-republica-moldova\\\/#primaryimage\"},\"thumbnailUrl\":\"https:\\\/\\\/www.btv.md\\\/wp-content\\\/uploads\\\/2016\\\/04\\\/image-03.jpg\",\"articleSection\":[\"Social\"],\"inLanguage\":\"ro-RO\"},{\"@type\":\"WebPage\",\"@id\":\"https:\\\/\\\/www.btv.md\\\/ro\\\/o-echipa-de-experti-nato-evalueaza-republica-moldova\\\/\",\"url\":\"https:\\\/\\\/www.btv.md\\\/ro\\\/o-echipa-de-experti-nato-evalueaza-republica-moldova\\\/\",\"name\":\"O ECHIP\u0102 DE EXPER\u0162I NATO EVALUEAZ\u0102 REPUBLICA MOLDOVA - BTV\",\"isPartOf\":{\"@id\":\"https:\\\/\\\/www.btv.md\\\/#website\"},\"primaryImageOfPage\":{\"@id\":\"https:\\\/\\\/www.btv.md\\\/ro\\\/o-echipa-de-experti-nato-evalueaza-republica-moldova\\\/#primaryimage\"},\"image\":{\"@id\":\"https:\\\/\\\/www.btv.md\\\/ro\\\/o-echipa-de-experti-nato-evalueaza-republica-moldova\\\/#primaryimage\"},\"thumbnailUrl\":\"https:\\\/\\\/www.btv.md\\\/wp-content\\\/uploads\\\/2016\\\/04\\\/image-03.jpg\",\"datePublished\":\"2016-04-08T10:21:49+00:00\",\"author\":{\"@id\":\"https:\\\/\\\/www.btv.md\\\/#\\\/schema\\\/person\\\/8fadce81561b3ce2c34c46dadc4ccbf2\"},\"inLanguage\":\"ro-RO\",\"potentialAction\":[{\"@type\":\"ReadAction\",\"target\":[\"https:\\\/\\\/www.btv.md\\\/ro\\\/o-echipa-de-experti-nato-evalueaza-republica-moldova\\\/\"]}]},{\"@type\":\"ImageObject\",\"inLanguage\":\"ro-RO\",\"@id\":\"https:\\\/\\\/www.btv.md\\\/ro\\\/o-echipa-de-experti-nato-evalueaza-republica-moldova\\\/#primaryimage\",\"url\":\"https:\\\/\\\/www.btv.md\\\/wp-content\\\/uploads\\\/2016\\\/04\\\/image-03.jpg\",\"contentUrl\":\"https:\\\/\\\/www.btv.md\\\/wp-content\\\/uploads\\\/2016\\\/04\\\/image-03.jpg\",\"width\":600,\"height\":398,\"caption\":\"infoprut.ro\"},{\"@type\":\"WebSite\",\"@id\":\"https:\\\/\\\/www.btv.md\\\/#website\",\"url\":\"https:\\\/\\\/www.btv.md\\\/\",\"name\":\"BTV\",\"description\":\"\u0411\u0435\u043b\u044c\u0446\u043a\u043e\u0435 \u0442\u0435\u043b\u0435\u0432\u0438\u0434\u0435\u043d\u0438\u0435\",\"potentialAction\":[{\"@type\":\"SearchAction\",\"target\":{\"@type\":\"EntryPoint\",\"urlTemplate\":\"https:\\\/\\\/www.btv.md\\\/?s={search_term_string}\"},\"query-input\":{\"@type\":\"PropertyValueSpecification\",\"valueRequired\":true,\"valueName\":\"search_term_string\"}}],\"inLanguage\":\"ro-RO\"},{\"@type\":\"Person\",\"@id\":\"https:\\\/\\\/www.btv.md\\\/#\\\/schema\\\/person\\\/8fadce81561b3ce2c34c46dadc4ccbf2\",\"name\":\"admin\"}]}<\/script>\n<!-- \/ Yoast SEO plugin. -->","yoast_head_json":{"title":"O ECHIP\u0102 DE EXPER\u0162I NATO EVALUEAZ\u0102 REPUBLICA MOLDOVA - BTV","robots":{"index":"index","follow":"follow","max-snippet":"max-snippet:-1","max-image-preview":"max-image-preview:large","max-video-preview":"max-video-preview:-1"},"canonical":"https:\/\/www.btv.md\/ro\/o-echipa-de-experti-nato-evalueaza-republica-moldova\/","og_locale":"ro_RO","og_type":"article","og_title":"O ECHIP\u0102 DE EXPER\u0162I NATO EVALUEAZ\u0102 REPUBLICA MOLDOVA - BTV","og_description":"O echip\u0103 de exper\u0163i NATO efectueaz\u0103 o vizit\u0103 \u00een Republica Moldova pentru a evalua obiectivele de parteneriat asumate \u00een cadrul Procesului de Revizuire \u015fi Planificare a Parteneriatului, scrie infoprut.ro. Grupul de exper\u0163i, condus de Paul Savereux, directorul Departamentului Planificare a Ap\u0103r\u0103rii al NATO, are planificate \u00een perioada 6-8 aprilie o \u00eentrevederi cu viceministrul Ap\u0103r\u0103rii, Alexandru [&hellip;]","og_url":"https:\/\/www.btv.md\/ro\/o-echipa-de-experti-nato-evalueaza-republica-moldova\/","og_site_name":"BTV","article_publisher":"https:\/\/www.facebook.com\/btvmoldova\/","article_published_time":"2016-04-08T10:21:49+00:00","og_image":[{"width":600,"height":398,"url":"https:\/\/www.btv.md\/wp-content\/uploads\/2016\/04\/image-03.jpg","type":"image\/jpeg"}],"author":"admin","twitter_misc":{"Scris de":"admin","Timp estimat pentru citire":"2 minute"},"schema":{"@context":"https:\/\/schema.org","@graph":[{"@type":"Article","@id":"https:\/\/www.btv.md\/ro\/o-echipa-de-experti-nato-evalueaza-republica-moldova\/#article","isPartOf":{"@id":"https:\/\/www.btv.md\/ro\/o-echipa-de-experti-nato-evalueaza-republica-moldova\/"},"author":{"name":"admin","@id":"https:\/\/www.btv.md\/#\/schema\/person\/8fadce81561b3ce2c34c46dadc4ccbf2"},"headline":"O ECHIP\u0102 DE EXPER\u0162I NATO EVALUEAZ\u0102 REPUBLICA MOLDOVA","datePublished":"2016-04-08T10:21:49+00:00","mainEntityOfPage":{"@id":"https:\/\/www.btv.md\/ro\/o-echipa-de-experti-nato-evalueaza-republica-moldova\/"},"wordCount":364,"image":{"@id":"https:\/\/www.btv.md\/ro\/o-echipa-de-experti-nato-evalueaza-republica-moldova\/#primaryimage"},"thumbnailUrl":"https:\/\/www.btv.md\/wp-content\/uploads\/2016\/04\/image-03.jpg","articleSection":["Social"],"inLanguage":"ro-RO"},{"@type":"WebPage","@id":"https:\/\/www.btv.md\/ro\/o-echipa-de-experti-nato-evalueaza-republica-moldova\/","url":"https:\/\/www.btv.md\/ro\/o-echipa-de-experti-nato-evalueaza-republica-moldova\/","name":"O ECHIP\u0102 DE EXPER\u0162I NATO EVALUEAZ\u0102 REPUBLICA MOLDOVA - BTV","isPartOf":{"@id":"https:\/\/www.btv.md\/#website"},"primaryImageOfPage":{"@id":"https:\/\/www.btv.md\/ro\/o-echipa-de-experti-nato-evalueaza-republica-moldova\/#primaryimage"},"image":{"@id":"https:\/\/www.btv.md\/ro\/o-echipa-de-experti-nato-evalueaza-republica-moldova\/#primaryimage"},"thumbnailUrl":"https:\/\/www.btv.md\/wp-content\/uploads\/2016\/04\/image-03.jpg","datePublished":"2016-04-08T10:21:49+00:00","author":{"@id":"https:\/\/www.btv.md\/#\/schema\/person\/8fadce81561b3ce2c34c46dadc4ccbf2"},"inLanguage":"ro-RO","potentialAction":[{"@type":"ReadAction","target":["https:\/\/www.btv.md\/ro\/o-echipa-de-experti-nato-evalueaza-republica-moldova\/"]}]},{"@type":"ImageObject","inLanguage":"ro-RO","@id":"https:\/\/www.btv.md\/ro\/o-echipa-de-experti-nato-evalueaza-republica-moldova\/#primaryimage","url":"https:\/\/www.btv.md\/wp-content\/uploads\/2016\/04\/image-03.jpg","contentUrl":"https:\/\/www.btv.md\/wp-content\/uploads\/2016\/04\/image-03.jpg","width":600,"height":398,"caption":"infoprut.ro"},{"@type":"WebSite","@id":"https:\/\/www.btv.md\/#website","url":"https:\/\/www.btv.md\/","name":"BTV","description":"\u0411\u0435\u043b\u044c\u0446\u043a\u043e\u0435 \u0442\u0435\u043b\u0435\u0432\u0438\u0434\u0435\u043d\u0438\u0435","potentialAction":[{"@type":"SearchAction","target":{"@type":"EntryPoint","urlTemplate":"https:\/\/www.btv.md\/?s={search_term_string}"},"query-input":{"@type":"PropertyValueSpecification","valueRequired":true,"valueName":"search_term_string"}}],"inLanguage":"ro-RO"},{"@type":"Person","@id":"https:\/\/www.btv.md\/#\/schema\/person\/8fadce81561b3ce2c34c46dadc4ccbf2","name":"admin"}]}},"_links":{"self":[{"href":"https:\/\/www.btv.md\/ro\/wp-json\/wp\/v2\/posts\/10420","targetHints":{"allow":["GET"]}}],"collection":[{"href":"https:\/\/www.btv.md\/ro\/wp-json\/wp\/v2\/posts"}],"about":[{"href":"https:\/\/www.btv.md\/ro\/wp-json\/wp\/v2\/types\/post"}],"author":[{"embeddable":true,"href":"https:\/\/www.btv.md\/ro\/wp-json\/wp\/v2\/users\/4"}],"replies":[{"embeddable":true,"href":"https:\/\/www.btv.md\/ro\/wp-json\/wp\/v2\/comments?post=10420"}],"version-history":[{"count":0,"href":"https:\/\/www.btv.md\/ro\/wp-json\/wp\/v2\/posts\/10420\/revisions"}],"wp:featuredmedia":[{"embeddable":true,"href":"https:\/\/www.btv.md\/ro\/wp-json\/wp\/v2\/media\/10421"}],"wp:attachment":[{"href":"https:\/\/www.btv.md\/ro\/wp-json\/wp\/v2\/media?parent=10420"}],"wp:term":[{"taxonomy":"category","embeddable":true,"href":"https:\/\/www.btv.md\/ro\/wp-json\/wp\/v2\/categories?post=10420"},{"taxonomy":"post_tag","embeddable":true,"href":"https:\/\/www.btv.md\/ro\/wp-json\/wp\/v2\/tags?post=10420"}],"curies":[{"name":"wp","href":"https:\/\/api.w.org\/{rel}","templated":true}]}}