{"id":10423,"date":"2016-04-08T13:24:02","date_gmt":"2016-04-08T10:24:02","guid":{"rendered":"http:\/\/btv.md\/?p=10423"},"modified":"2016-04-08T13:24:02","modified_gmt":"2016-04-08T10:24:02","slug":"stefan-uritu-alegerile-locale-au-fost-fraudate","status":"publish","type":"post","link":"https:\/\/www.btv.md\/ro\/stefan-uritu-alegerile-locale-au-fost-fraudate\/","title":{"rendered":"\u015eTEFAN UR\u00ceTU: ALEGERILE LOCALE AU FOST FRAUDATE"},"content":{"rendered":"<p><strong>Vicepre\u015fedintele Comisiei Electorale Centrale, \u015etefan Ur\u00eetu afirm\u0103 c\u0103 alegerile locale din 2015 au fost fraudate. Potrivit lui, acest lucru a fost demonstrat prin listele \u00eentocmite de CEC, \u00een care o persoan\u0103 figura \u00een maxim trei loocalit\u0103\u0163i. Afirma\u0163iile au fost f\u0103cute \u00een cadrul emisiunii \u201dInterpol\u201d de la <a href=\"http:\/\/tv7.md\/ro\/interpol\/07-04-2016-interpol-cu-tefan-uritu\/\" target=\"_blank\">TV7<\/a>.<\/strong><\/p>\n<p>\u00cen cadrul emisiunii, \u015etefan Ur\u00eetu a prezentat \u015fi acte care confirm\u0103 c\u0103 alegerile ar fi fost fraudate.<\/p>\n<p>\u201d<em>Pot s\u0103 v\u0103 comunic cu siguran\u0163\u0103 c\u0103 alegerile locale, pe localit\u0103\u0163i, au fost fraudate de la 5 la 20 de procente. Schema era c\u0103 o persoan\u0103 putea figura pe liste \u00een maxim  trei localit\u0103\u0163i. Listele practic au fost dublate. Este vorba de sute de mii de persoane care au fost incluse \u00een listele electorale de dou\u0103 ori. O adres\u0103 a domiciliului unei persoane, spre exemplu, putea fi g\u0103sit\u0103 \u00een dou\u0103 localit\u0103\u0163i. Un alt exemplu, o persoan\u0103 cu numele Vasili, \u00een alt\u0103 localitate putea fi g\u0103sit\u0103 cu aceea\u015fi familie, doar c\u0103 avea prenumele Vasile. \u00cen acest proces de fraudate a jucat rolul \u015fi Inspectoratul General de Poli\u0163ie. Mul\u0163i oameni ai legii au putut vota \u00een mai multe localit\u0103\u0163i concomitent, pentru c\u0103 ei au dreptul s\u0103 voteze \u00een raza \u00een care se afl\u0103<\/em>\u201d.<\/p>\n<p>Totodat\u0103, \u015etefan Ur\u00eetu afirm\u0103 c\u0103 s-a adresat \u00een instan\u0163\u0103 ca s\u0103 aib\u0103 acces la listele electorale, \u00eens\u0103 f\u0103r\u0103 succes, deocamdat\u0103.<\/p>\n<p>\u201d<em>Dup\u0103 ce am observat aceste nereguli, m-am adresat \u00een instan\u0163\u0103. Eu nu pot avea acces direct la listele electorale. Pentru prima dat\u0103, Procuratura General\u0103 s-a ar\u0103tat interesat\u0103, apoi am \u00een\u0163eles c\u0103 nu vor \u00eentreprinde nimic. \u00cen instan\u0163a de judecat\u0103 mi s-a spus c\u0103 nu pot vedea aceste liste deoarece sunt date cu caracter personal \u015fi este interzis legii<\/em>\u201d.<\/p>\n<p>\u015etefan Ur\u00eetu este singurul membru CEC care a vorbit \u00een nenum\u0103rate r\u00e2nduri despre neregulile din timpul organiz\u0103rii alegerilor. De fiecare dat\u0103, pre\u015fedintele CEC, Iurie Ciocan a negat acuza\u0163iile \u015fi calific\u0103 declara\u0163iile ca fiind nefondate.<\/p>\n","protected":false},"excerpt":{"rendered":"<p>Vicepre\u015fedintele Comisiei Electorale Centrale, \u015etefan Ur\u00eetu afirm\u0103 c\u0103 alegerile locale din 2015 au fost fraudate. Potrivit lui, acest lucru a fost demonstrat prin listele \u00eentocmite de CEC, \u00een care o persoan\u0103 figura \u00een maxim trei loocalit\u0103\u0163i. Afirma\u0163iile au fost f\u0103cute \u00een cadrul emisiunii \u201dInterpol\u201d de la TV7. \u00cen cadrul emisiunii, \u015etefan Ur\u00eetu a prezentat \u015fi [&hellip;]<\/p>\n","protected":false},"author":4,"featured_media":10424,"comment_status":"closed","ping_status":"closed","sticky":false,"template":"","format":"standard","meta":{"footnotes":""},"categories":[6349],"tags":[],"class_list":["post-10423","post","type-post","status-publish","format-standard","has-post-thumbnail","hentry","category-social"],"yoast_head":"<!-- This site is optimized with the Yoast SEO plugin v27.4 - https:\/\/yoast.com\/product\/yoast-seo-wordpress\/ -->\n<title>\u015eTEFAN UR\u00ceTU: ALEGERILE LOCALE AU FOST FRAUDATE - BTV<\/title>\n<meta name=\"robots\" content=\"index, follow, max-snippet:-1, max-image-preview:large, max-video-preview:-1\" \/>\n<link rel=\"canonical\" href=\"https:\/\/www.btv.md\/ro\/stefan-uritu-alegerile-locale-au-fost-fraudate\/\" \/>\n<meta property=\"og:locale\" content=\"ro_RO\" \/>\n<meta property=\"og:type\" content=\"article\" \/>\n<meta property=\"og:title\" content=\"\u015eTEFAN UR\u00ceTU: ALEGERILE LOCALE AU FOST FRAUDATE - BTV\" \/>\n<meta property=\"og:description\" content=\"Vicepre\u015fedintele Comisiei Electorale Centrale, \u015etefan Ur\u00eetu afirm\u0103 c\u0103 alegerile locale din 2015 au fost fraudate. Potrivit lui, acest lucru a fost demonstrat prin listele \u00eentocmite de CEC, \u00een care o persoan\u0103 figura \u00een maxim trei loocalit\u0103\u0163i. Afirma\u0163iile au fost f\u0103cute \u00een cadrul emisiunii \u201dInterpol\u201d de la TV7. \u00cen cadrul emisiunii, \u015etefan Ur\u00eetu a prezentat \u015fi [&hellip;]\" \/>\n<meta property=\"og:url\" content=\"https:\/\/www.btv.md\/ro\/stefan-uritu-alegerile-locale-au-fost-fraudate\/\" \/>\n<meta property=\"og:site_name\" content=\"BTV\" \/>\n<meta property=\"article:publisher\" content=\"https:\/\/www.facebook.com\/btvmoldova\/\" \/>\n<meta property=\"article:published_time\" content=\"2016-04-08T10:24:02+00:00\" \/>\n<meta property=\"og:image\" content=\"https:\/\/www.btv.md\/wp-content\/uploads\/2016\/04\/38966-600x360.jpg\" \/>\n\t<meta property=\"og:image:width\" content=\"600\" \/>\n\t<meta property=\"og:image:height\" content=\"360\" \/>\n\t<meta property=\"og:image:type\" content=\"image\/jpeg\" \/>\n<meta name=\"author\" content=\"admin\" \/>\n<meta name=\"twitter:label1\" content=\"Scris de\" \/>\n\t<meta name=\"twitter:data1\" content=\"admin\" \/>\n\t<meta name=\"twitter:label2\" content=\"Timp estimat pentru citire\" \/>\n\t<meta name=\"twitter:data2\" content=\"2 minute\" \/>\n<script type=\"application\/ld+json\" class=\"yoast-schema-graph\">{\"@context\":\"https:\\\/\\\/schema.org\",\"@graph\":[{\"@type\":\"Article\",\"@id\":\"https:\\\/\\\/www.btv.md\\\/ro\\\/stefan-uritu-alegerile-locale-au-fost-fraudate\\\/#article\",\"isPartOf\":{\"@id\":\"https:\\\/\\\/www.btv.md\\\/ro\\\/stefan-uritu-alegerile-locale-au-fost-fraudate\\\/\"},\"author\":{\"name\":\"admin\",\"@id\":\"https:\\\/\\\/www.btv.md\\\/#\\\/schema\\\/person\\\/8fadce81561b3ce2c34c46dadc4ccbf2\"},\"headline\":\"\u015eTEFAN UR\u00ceTU: ALEGERILE LOCALE AU FOST FRAUDATE\",\"datePublished\":\"2016-04-08T10:24:02+00:00\",\"mainEntityOfPage\":{\"@id\":\"https:\\\/\\\/www.btv.md\\\/ro\\\/stefan-uritu-alegerile-locale-au-fost-fraudate\\\/\"},\"wordCount\":339,\"image\":{\"@id\":\"https:\\\/\\\/www.btv.md\\\/ro\\\/stefan-uritu-alegerile-locale-au-fost-fraudate\\\/#primaryimage\"},\"thumbnailUrl\":\"https:\\\/\\\/www.btv.md\\\/wp-content\\\/uploads\\\/2016\\\/04\\\/38966-600x360.jpg\",\"articleSection\":[\"Social\"],\"inLanguage\":\"ro-RO\"},{\"@type\":\"WebPage\",\"@id\":\"https:\\\/\\\/www.btv.md\\\/ro\\\/stefan-uritu-alegerile-locale-au-fost-fraudate\\\/\",\"url\":\"https:\\\/\\\/www.btv.md\\\/ro\\\/stefan-uritu-alegerile-locale-au-fost-fraudate\\\/\",\"name\":\"\u015eTEFAN UR\u00ceTU: ALEGERILE LOCALE AU FOST FRAUDATE - BTV\",\"isPartOf\":{\"@id\":\"https:\\\/\\\/www.btv.md\\\/#website\"},\"primaryImageOfPage\":{\"@id\":\"https:\\\/\\\/www.btv.md\\\/ro\\\/stefan-uritu-alegerile-locale-au-fost-fraudate\\\/#primaryimage\"},\"image\":{\"@id\":\"https:\\\/\\\/www.btv.md\\\/ro\\\/stefan-uritu-alegerile-locale-au-fost-fraudate\\\/#primaryimage\"},\"thumbnailUrl\":\"https:\\\/\\\/www.btv.md\\\/wp-content\\\/uploads\\\/2016\\\/04\\\/38966-600x360.jpg\",\"datePublished\":\"2016-04-08T10:24:02+00:00\",\"author\":{\"@id\":\"https:\\\/\\\/www.btv.md\\\/#\\\/schema\\\/person\\\/8fadce81561b3ce2c34c46dadc4ccbf2\"},\"inLanguage\":\"ro-RO\",\"potentialAction\":[{\"@type\":\"ReadAction\",\"target\":[\"https:\\\/\\\/www.btv.md\\\/ro\\\/stefan-uritu-alegerile-locale-au-fost-fraudate\\\/\"]}]},{\"@type\":\"ImageObject\",\"inLanguage\":\"ro-RO\",\"@id\":\"https:\\\/\\\/www.btv.md\\\/ro\\\/stefan-uritu-alegerile-locale-au-fost-fraudate\\\/#primaryimage\",\"url\":\"https:\\\/\\\/www.btv.md\\\/wp-content\\\/uploads\\\/2016\\\/04\\\/38966-600x360.jpg\",\"contentUrl\":\"https:\\\/\\\/www.btv.md\\\/wp-content\\\/uploads\\\/2016\\\/04\\\/38966-600x360.jpg\",\"width\":600,\"height\":360,\"caption\":\"www.basarabia.md\"},{\"@type\":\"WebSite\",\"@id\":\"https:\\\/\\\/www.btv.md\\\/#website\",\"url\":\"https:\\\/\\\/www.btv.md\\\/\",\"name\":\"BTV\",\"description\":\"\u0411\u0435\u043b\u044c\u0446\u043a\u043e\u0435 \u0442\u0435\u043b\u0435\u0432\u0438\u0434\u0435\u043d\u0438\u0435\",\"potentialAction\":[{\"@type\":\"SearchAction\",\"target\":{\"@type\":\"EntryPoint\",\"urlTemplate\":\"https:\\\/\\\/www.btv.md\\\/?s={search_term_string}\"},\"query-input\":{\"@type\":\"PropertyValueSpecification\",\"valueRequired\":true,\"valueName\":\"search_term_string\"}}],\"inLanguage\":\"ro-RO\"},{\"@type\":\"Person\",\"@id\":\"https:\\\/\\\/www.btv.md\\\/#\\\/schema\\\/person\\\/8fadce81561b3ce2c34c46dadc4ccbf2\",\"name\":\"admin\"}]}<\/script>\n<!-- \/ Yoast SEO plugin. -->","yoast_head_json":{"title":"\u015eTEFAN UR\u00ceTU: ALEGERILE LOCALE AU FOST FRAUDATE - BTV","robots":{"index":"index","follow":"follow","max-snippet":"max-snippet:-1","max-image-preview":"max-image-preview:large","max-video-preview":"max-video-preview:-1"},"canonical":"https:\/\/www.btv.md\/ro\/stefan-uritu-alegerile-locale-au-fost-fraudate\/","og_locale":"ro_RO","og_type":"article","og_title":"\u015eTEFAN UR\u00ceTU: ALEGERILE LOCALE AU FOST FRAUDATE - BTV","og_description":"Vicepre\u015fedintele Comisiei Electorale Centrale, \u015etefan Ur\u00eetu afirm\u0103 c\u0103 alegerile locale din 2015 au fost fraudate. Potrivit lui, acest lucru a fost demonstrat prin listele \u00eentocmite de CEC, \u00een care o persoan\u0103 figura \u00een maxim trei loocalit\u0103\u0163i. Afirma\u0163iile au fost f\u0103cute \u00een cadrul emisiunii \u201dInterpol\u201d de la TV7. \u00cen cadrul emisiunii, \u015etefan Ur\u00eetu a prezentat \u015fi [&hellip;]","og_url":"https:\/\/www.btv.md\/ro\/stefan-uritu-alegerile-locale-au-fost-fraudate\/","og_site_name":"BTV","article_publisher":"https:\/\/www.facebook.com\/btvmoldova\/","article_published_time":"2016-04-08T10:24:02+00:00","og_image":[{"width":600,"height":360,"url":"https:\/\/www.btv.md\/wp-content\/uploads\/2016\/04\/38966-600x360.jpg","type":"image\/jpeg"}],"author":"admin","twitter_misc":{"Scris de":"admin","Timp estimat pentru citire":"2 minute"},"schema":{"@context":"https:\/\/schema.org","@graph":[{"@type":"Article","@id":"https:\/\/www.btv.md\/ro\/stefan-uritu-alegerile-locale-au-fost-fraudate\/#article","isPartOf":{"@id":"https:\/\/www.btv.md\/ro\/stefan-uritu-alegerile-locale-au-fost-fraudate\/"},"author":{"name":"admin","@id":"https:\/\/www.btv.md\/#\/schema\/person\/8fadce81561b3ce2c34c46dadc4ccbf2"},"headline":"\u015eTEFAN UR\u00ceTU: ALEGERILE LOCALE AU FOST FRAUDATE","datePublished":"2016-04-08T10:24:02+00:00","mainEntityOfPage":{"@id":"https:\/\/www.btv.md\/ro\/stefan-uritu-alegerile-locale-au-fost-fraudate\/"},"wordCount":339,"image":{"@id":"https:\/\/www.btv.md\/ro\/stefan-uritu-alegerile-locale-au-fost-fraudate\/#primaryimage"},"thumbnailUrl":"https:\/\/www.btv.md\/wp-content\/uploads\/2016\/04\/38966-600x360.jpg","articleSection":["Social"],"inLanguage":"ro-RO"},{"@type":"WebPage","@id":"https:\/\/www.btv.md\/ro\/stefan-uritu-alegerile-locale-au-fost-fraudate\/","url":"https:\/\/www.btv.md\/ro\/stefan-uritu-alegerile-locale-au-fost-fraudate\/","name":"\u015eTEFAN UR\u00ceTU: ALEGERILE LOCALE AU FOST FRAUDATE - BTV","isPartOf":{"@id":"https:\/\/www.btv.md\/#website"},"primaryImageOfPage":{"@id":"https:\/\/www.btv.md\/ro\/stefan-uritu-alegerile-locale-au-fost-fraudate\/#primaryimage"},"image":{"@id":"https:\/\/www.btv.md\/ro\/stefan-uritu-alegerile-locale-au-fost-fraudate\/#primaryimage"},"thumbnailUrl":"https:\/\/www.btv.md\/wp-content\/uploads\/2016\/04\/38966-600x360.jpg","datePublished":"2016-04-08T10:24:02+00:00","author":{"@id":"https:\/\/www.btv.md\/#\/schema\/person\/8fadce81561b3ce2c34c46dadc4ccbf2"},"inLanguage":"ro-RO","potentialAction":[{"@type":"ReadAction","target":["https:\/\/www.btv.md\/ro\/stefan-uritu-alegerile-locale-au-fost-fraudate\/"]}]},{"@type":"ImageObject","inLanguage":"ro-RO","@id":"https:\/\/www.btv.md\/ro\/stefan-uritu-alegerile-locale-au-fost-fraudate\/#primaryimage","url":"https:\/\/www.btv.md\/wp-content\/uploads\/2016\/04\/38966-600x360.jpg","contentUrl":"https:\/\/www.btv.md\/wp-content\/uploads\/2016\/04\/38966-600x360.jpg","width":600,"height":360,"caption":"www.basarabia.md"},{"@type":"WebSite","@id":"https:\/\/www.btv.md\/#website","url":"https:\/\/www.btv.md\/","name":"BTV","description":"\u0411\u0435\u043b\u044c\u0446\u043a\u043e\u0435 \u0442\u0435\u043b\u0435\u0432\u0438\u0434\u0435\u043d\u0438\u0435","potentialAction":[{"@type":"SearchAction","target":{"@type":"EntryPoint","urlTemplate":"https:\/\/www.btv.md\/?s={search_term_string}"},"query-input":{"@type":"PropertyValueSpecification","valueRequired":true,"valueName":"search_term_string"}}],"inLanguage":"ro-RO"},{"@type":"Person","@id":"https:\/\/www.btv.md\/#\/schema\/person\/8fadce81561b3ce2c34c46dadc4ccbf2","name":"admin"}]}},"_links":{"self":[{"href":"https:\/\/www.btv.md\/ro\/wp-json\/wp\/v2\/posts\/10423","targetHints":{"allow":["GET"]}}],"collection":[{"href":"https:\/\/www.btv.md\/ro\/wp-json\/wp\/v2\/posts"}],"about":[{"href":"https:\/\/www.btv.md\/ro\/wp-json\/wp\/v2\/types\/post"}],"author":[{"embeddable":true,"href":"https:\/\/www.btv.md\/ro\/wp-json\/wp\/v2\/users\/4"}],"replies":[{"embeddable":true,"href":"https:\/\/www.btv.md\/ro\/wp-json\/wp\/v2\/comments?post=10423"}],"version-history":[{"count":0,"href":"https:\/\/www.btv.md\/ro\/wp-json\/wp\/v2\/posts\/10423\/revisions"}],"wp:featuredmedia":[{"embeddable":true,"href":"https:\/\/www.btv.md\/ro\/wp-json\/wp\/v2\/media\/10424"}],"wp:attachment":[{"href":"https:\/\/www.btv.md\/ro\/wp-json\/wp\/v2\/media?parent=10423"}],"wp:term":[{"taxonomy":"category","embeddable":true,"href":"https:\/\/www.btv.md\/ro\/wp-json\/wp\/v2\/categories?post=10423"},{"taxonomy":"post_tag","embeddable":true,"href":"https:\/\/www.btv.md\/ro\/wp-json\/wp\/v2\/tags?post=10423"}],"curies":[{"name":"wp","href":"https:\/\/api.w.org\/{rel}","templated":true}]}}