{"id":10429,"date":"2016-04-08T13:28:49","date_gmt":"2016-04-08T10:28:49","guid":{"rendered":"http:\/\/btv.md\/?p=10429"},"modified":"2016-04-08T13:28:49","modified_gmt":"2016-04-08T10:28:49","slug":"un-oras-din-moldova-vrea-sa-bata-un-record-si-sa-ajunga-in-guiness-book","status":"publish","type":"post","link":"https:\/\/www.btv.md\/ro\/un-oras-din-moldova-vrea-sa-bata-un-record-si-sa-ajunga-in-guiness-book\/","title":{"rendered":"UN ORA\u0218 DIN MOLDOVA VREA S\u0102 BAT\u0102 UN RECORD \u0218I S\u0102 AJUNG\u0102 \u00ceN GUINESS BOOK"},"content":{"rendered":"<p><strong>Prima localitate din Republica Moldova care ar putea intra \u00een Cartea Recordurilor este ora\u0219ul Edine\u021b.<\/p>\n<p>Autorit\u0103\u021bile de aici inten\u021bioneaz\u0103 s\u0103 prezinte un prosop gigantic, de 4,6 kilometri, pe care s\u0103-l \u00eentind\u0103 dintr-un cap\u0103t \u00eentr-altul al ora\u0219ului, exact lungimea Edine\u021bului.<\/strong><\/p>\n<p>Recordul ar putea fi omologat \u00een 2019, sus\u021bine primarul de Edine\u021b, Constantin Cojocaru.<\/p>\n<p>Primarul a declarat pentru Ziarul NA\u021aIONAL c\u0103 startul \u201eCaravanei Prosopului\u201d a fost dat deja \u00een c\u00e2teva \u0219coli \u0219i, p\u00e2n\u0103 acum, au fost colectate c\u00e2teva sute de metri de prosop de la localnici. Acestea sunt p\u0103strate la prim\u0103rie, pe un val asem\u0103n\u0103tor celor de la f\u00e2nt\u00e2ni.<\/p>\n<p>\u201e<em>Deocamdat\u0103, localnicii ofer\u0103 gratuit prosoapele, pentru fiecare \u00een parte se face o anchet\u0103, omul poveste\u0219te cine l-a \u021besut, cum a intrat \u00een posesia lui, la nunt\u0103, \u00eenmorm\u00e2ntare etc., iar ulterior vom publica o bro\u0219ur\u0103 cu aceste anchete. Prosoapele vor fi cusute \u00eentre ele cu o panglic\u0103 tricolor. \u00cen 2019, c\u00e2nd vom \u00eentinde cei 4,6 km de prosop, fiecare proprietar va sta \u00een dreptul prosopului s\u0103u \u0219i vom invita reprezentan\u021bii de la Guiness Book<\/em>\u201d, ne-a spus Constantin Cojocaru.<\/p>\n<p>\u00centrebat cum i-a venit aceast\u0103 idee, primarul spune c\u0103 a v\u0103zut ceva similar \u00een Letonia, unde a fost \u00eentr-o deplasare. Acolo, o comunitate face un lucru asem\u0103n\u0103tor, numai c\u0103 din covoare, \u0219i vor s\u0103 le \u00eentind\u0103 peste r\u00e2ul Daugava, cel mai mare r\u00e2u din Letonia.<\/p>\n<p>\u201e<em>M-am g\u00e2ndit de ce s\u0103 facem \u0219i noi ceva care s\u0103 promoveze Moldova, un brand al ora\u0219ului nostru. Era o simpl\u0103 idee, dar v\u0103d c\u0103 ia foc. Vrem s-o extindem la nivel raional \u0219i chiar pentru toat\u0103 regiunea de nord a Republicii Moldova<\/em>\u201d, \u00eencheie primarul de Edine\u021b.<\/p>\n<p><a href=\"http:\/\/ziarulnational.md\/un-oras-din-r-moldova-vrea-sa-bata-un-record-si-sa-ajunga-in-guiness-book-iata-ce-ne-ar-face-mandri\" target=\"_blank\">ziarulnational<\/a><\/p>\n","protected":false},"excerpt":{"rendered":"<p>Prima localitate din Republica Moldova care ar putea intra \u00een Cartea Recordurilor este ora\u0219ul Edine\u021b. Autorit\u0103\u021bile de aici inten\u021bioneaz\u0103 s\u0103 prezinte un prosop gigantic, de 4,6 kilometri, pe care s\u0103-l \u00eentind\u0103 dintr-un cap\u0103t \u00eentr-altul al ora\u0219ului, exact lungimea Edine\u021bului. Recordul ar putea fi omologat \u00een 2019, sus\u021bine primarul de Edine\u021b, Constantin Cojocaru. Primarul a declarat [&hellip;]<\/p>\n","protected":false},"author":4,"featured_media":10430,"comment_status":"closed","ping_status":"closed","sticky":false,"template":"","format":"standard","meta":{"footnotes":""},"categories":[8],"tags":[],"class_list":["post-10429","post","type-post","status-publish","format-standard","has-post-thumbnail","hentry","category-obshestvo"],"yoast_head":"<!-- This site is optimized with the Yoast SEO plugin v27.4 - https:\/\/yoast.com\/product\/yoast-seo-wordpress\/ -->\n<title>UN ORA\u0218 DIN MOLDOVA VREA S\u0102 BAT\u0102 UN RECORD \u0218I S\u0102 AJUNG\u0102 \u00ceN GUINESS BOOK - BTV<\/title>\n<meta name=\"robots\" content=\"index, follow, max-snippet:-1, max-image-preview:large, max-video-preview:-1\" \/>\n<link rel=\"canonical\" href=\"https:\/\/www.btv.md\/ro\/un-oras-din-moldova-vrea-sa-bata-un-record-si-sa-ajunga-in-guiness-book\/\" \/>\n<meta property=\"og:locale\" content=\"ro_RO\" \/>\n<meta property=\"og:type\" content=\"article\" \/>\n<meta property=\"og:title\" content=\"UN ORA\u0218 DIN MOLDOVA VREA S\u0102 BAT\u0102 UN RECORD \u0218I S\u0102 AJUNG\u0102 \u00ceN GUINESS BOOK - BTV\" \/>\n<meta property=\"og:description\" content=\"Prima localitate din Republica Moldova care ar putea intra \u00een Cartea Recordurilor este ora\u0219ul Edine\u021b. Autorit\u0103\u021bile de aici inten\u021bioneaz\u0103 s\u0103 prezinte un prosop gigantic, de 4,6 kilometri, pe care s\u0103-l \u00eentind\u0103 dintr-un cap\u0103t \u00eentr-altul al ora\u0219ului, exact lungimea Edine\u021bului. Recordul ar putea fi omologat \u00een 2019, sus\u021bine primarul de Edine\u021b, Constantin Cojocaru. Primarul a declarat [&hellip;]\" \/>\n<meta property=\"og:url\" content=\"https:\/\/www.btv.md\/ro\/un-oras-din-moldova-vrea-sa-bata-un-record-si-sa-ajunga-in-guiness-book\/\" \/>\n<meta property=\"og:site_name\" content=\"BTV\" \/>\n<meta property=\"article:publisher\" content=\"https:\/\/www.facebook.com\/btvmoldova\/\" \/>\n<meta property=\"article:published_time\" content=\"2016-04-08T10:28:49+00:00\" \/>\n<meta property=\"og:image\" content=\"https:\/\/www.btv.md\/wp-content\/uploads\/2016\/04\/7ca788f48a7a45c9050e82b55d5f91ff.jpg\" \/>\n\t<meta property=\"og:image:width\" content=\"620\" \/>\n\t<meta property=\"og:image:height\" content=\"465\" \/>\n\t<meta property=\"og:image:type\" content=\"image\/jpeg\" \/>\n<meta name=\"author\" content=\"admin\" \/>\n<meta name=\"twitter:label1\" content=\"Scris de\" \/>\n\t<meta name=\"twitter:data1\" content=\"admin\" \/>\n\t<meta name=\"twitter:label2\" content=\"Timp estimat pentru citire\" \/>\n\t<meta name=\"twitter:data2\" content=\"1 minut\" \/>\n<script type=\"application\/ld+json\" class=\"yoast-schema-graph\">{\"@context\":\"https:\\\/\\\/schema.org\",\"@graph\":[{\"@type\":\"Article\",\"@id\":\"https:\\\/\\\/www.btv.md\\\/ro\\\/un-oras-din-moldova-vrea-sa-bata-un-record-si-sa-ajunga-in-guiness-book\\\/#article\",\"isPartOf\":{\"@id\":\"https:\\\/\\\/www.btv.md\\\/ro\\\/un-oras-din-moldova-vrea-sa-bata-un-record-si-sa-ajunga-in-guiness-book\\\/\"},\"author\":{\"name\":\"admin\",\"@id\":\"https:\\\/\\\/www.btv.md\\\/#\\\/schema\\\/person\\\/8fadce81561b3ce2c34c46dadc4ccbf2\"},\"headline\":\"UN ORA\u0218 DIN MOLDOVA VREA S\u0102 BAT\u0102 UN RECORD \u0218I S\u0102 AJUNG\u0102 \u00ceN GUINESS BOOK\",\"datePublished\":\"2016-04-08T10:28:49+00:00\",\"mainEntityOfPage\":{\"@id\":\"https:\\\/\\\/www.btv.md\\\/ro\\\/un-oras-din-moldova-vrea-sa-bata-un-record-si-sa-ajunga-in-guiness-book\\\/\"},\"wordCount\":310,\"image\":{\"@id\":\"https:\\\/\\\/www.btv.md\\\/ro\\\/un-oras-din-moldova-vrea-sa-bata-un-record-si-sa-ajunga-in-guiness-book\\\/#primaryimage\"},\"thumbnailUrl\":\"https:\\\/\\\/www.btv.md\\\/wp-content\\\/uploads\\\/2016\\\/04\\\/7ca788f48a7a45c9050e82b55d5f91ff.jpg\",\"articleSection\":[\"\u041e\u0431\u0449\u0435\u0441\u0442\u0432\u043e\"],\"inLanguage\":\"ro-RO\"},{\"@type\":\"WebPage\",\"@id\":\"https:\\\/\\\/www.btv.md\\\/ro\\\/un-oras-din-moldova-vrea-sa-bata-un-record-si-sa-ajunga-in-guiness-book\\\/\",\"url\":\"https:\\\/\\\/www.btv.md\\\/ro\\\/un-oras-din-moldova-vrea-sa-bata-un-record-si-sa-ajunga-in-guiness-book\\\/\",\"name\":\"UN ORA\u0218 DIN MOLDOVA VREA S\u0102 BAT\u0102 UN RECORD \u0218I S\u0102 AJUNG\u0102 \u00ceN GUINESS BOOK - BTV\",\"isPartOf\":{\"@id\":\"https:\\\/\\\/www.btv.md\\\/#website\"},\"primaryImageOfPage\":{\"@id\":\"https:\\\/\\\/www.btv.md\\\/ro\\\/un-oras-din-moldova-vrea-sa-bata-un-record-si-sa-ajunga-in-guiness-book\\\/#primaryimage\"},\"image\":{\"@id\":\"https:\\\/\\\/www.btv.md\\\/ro\\\/un-oras-din-moldova-vrea-sa-bata-un-record-si-sa-ajunga-in-guiness-book\\\/#primaryimage\"},\"thumbnailUrl\":\"https:\\\/\\\/www.btv.md\\\/wp-content\\\/uploads\\\/2016\\\/04\\\/7ca788f48a7a45c9050e82b55d5f91ff.jpg\",\"datePublished\":\"2016-04-08T10:28:49+00:00\",\"author\":{\"@id\":\"https:\\\/\\\/www.btv.md\\\/#\\\/schema\\\/person\\\/8fadce81561b3ce2c34c46dadc4ccbf2\"},\"inLanguage\":\"ro-RO\",\"potentialAction\":[{\"@type\":\"ReadAction\",\"target\":[\"https:\\\/\\\/www.btv.md\\\/ro\\\/un-oras-din-moldova-vrea-sa-bata-un-record-si-sa-ajunga-in-guiness-book\\\/\"]}]},{\"@type\":\"ImageObject\",\"inLanguage\":\"ro-RO\",\"@id\":\"https:\\\/\\\/www.btv.md\\\/ro\\\/un-oras-din-moldova-vrea-sa-bata-un-record-si-sa-ajunga-in-guiness-book\\\/#primaryimage\",\"url\":\"https:\\\/\\\/www.btv.md\\\/wp-content\\\/uploads\\\/2016\\\/04\\\/7ca788f48a7a45c9050e82b55d5f91ff.jpg\",\"contentUrl\":\"https:\\\/\\\/www.btv.md\\\/wp-content\\\/uploads\\\/2016\\\/04\\\/7ca788f48a7a45c9050e82b55d5f91ff.jpg\",\"width\":620,\"height\":465,\"caption\":\"http:\\\/\\\/ziarulnational.md\\\/\"},{\"@type\":\"WebSite\",\"@id\":\"https:\\\/\\\/www.btv.md\\\/#website\",\"url\":\"https:\\\/\\\/www.btv.md\\\/\",\"name\":\"BTV\",\"description\":\"\u0411\u0435\u043b\u044c\u0446\u043a\u043e\u0435 \u0442\u0435\u043b\u0435\u0432\u0438\u0434\u0435\u043d\u0438\u0435\",\"potentialAction\":[{\"@type\":\"SearchAction\",\"target\":{\"@type\":\"EntryPoint\",\"urlTemplate\":\"https:\\\/\\\/www.btv.md\\\/?s={search_term_string}\"},\"query-input\":{\"@type\":\"PropertyValueSpecification\",\"valueRequired\":true,\"valueName\":\"search_term_string\"}}],\"inLanguage\":\"ro-RO\"},{\"@type\":\"Person\",\"@id\":\"https:\\\/\\\/www.btv.md\\\/#\\\/schema\\\/person\\\/8fadce81561b3ce2c34c46dadc4ccbf2\",\"name\":\"admin\"}]}<\/script>\n<!-- \/ Yoast SEO plugin. -->","yoast_head_json":{"title":"UN ORA\u0218 DIN MOLDOVA VREA S\u0102 BAT\u0102 UN RECORD \u0218I S\u0102 AJUNG\u0102 \u00ceN GUINESS BOOK - BTV","robots":{"index":"index","follow":"follow","max-snippet":"max-snippet:-1","max-image-preview":"max-image-preview:large","max-video-preview":"max-video-preview:-1"},"canonical":"https:\/\/www.btv.md\/ro\/un-oras-din-moldova-vrea-sa-bata-un-record-si-sa-ajunga-in-guiness-book\/","og_locale":"ro_RO","og_type":"article","og_title":"UN ORA\u0218 DIN MOLDOVA VREA S\u0102 BAT\u0102 UN RECORD \u0218I S\u0102 AJUNG\u0102 \u00ceN GUINESS BOOK - BTV","og_description":"Prima localitate din Republica Moldova care ar putea intra \u00een Cartea Recordurilor este ora\u0219ul Edine\u021b. Autorit\u0103\u021bile de aici inten\u021bioneaz\u0103 s\u0103 prezinte un prosop gigantic, de 4,6 kilometri, pe care s\u0103-l \u00eentind\u0103 dintr-un cap\u0103t \u00eentr-altul al ora\u0219ului, exact lungimea Edine\u021bului. Recordul ar putea fi omologat \u00een 2019, sus\u021bine primarul de Edine\u021b, Constantin Cojocaru. Primarul a declarat [&hellip;]","og_url":"https:\/\/www.btv.md\/ro\/un-oras-din-moldova-vrea-sa-bata-un-record-si-sa-ajunga-in-guiness-book\/","og_site_name":"BTV","article_publisher":"https:\/\/www.facebook.com\/btvmoldova\/","article_published_time":"2016-04-08T10:28:49+00:00","og_image":[{"width":620,"height":465,"url":"https:\/\/www.btv.md\/wp-content\/uploads\/2016\/04\/7ca788f48a7a45c9050e82b55d5f91ff.jpg","type":"image\/jpeg"}],"author":"admin","twitter_misc":{"Scris de":"admin","Timp estimat pentru citire":"1 minut"},"schema":{"@context":"https:\/\/schema.org","@graph":[{"@type":"Article","@id":"https:\/\/www.btv.md\/ro\/un-oras-din-moldova-vrea-sa-bata-un-record-si-sa-ajunga-in-guiness-book\/#article","isPartOf":{"@id":"https:\/\/www.btv.md\/ro\/un-oras-din-moldova-vrea-sa-bata-un-record-si-sa-ajunga-in-guiness-book\/"},"author":{"name":"admin","@id":"https:\/\/www.btv.md\/#\/schema\/person\/8fadce81561b3ce2c34c46dadc4ccbf2"},"headline":"UN ORA\u0218 DIN MOLDOVA VREA S\u0102 BAT\u0102 UN RECORD \u0218I S\u0102 AJUNG\u0102 \u00ceN GUINESS BOOK","datePublished":"2016-04-08T10:28:49+00:00","mainEntityOfPage":{"@id":"https:\/\/www.btv.md\/ro\/un-oras-din-moldova-vrea-sa-bata-un-record-si-sa-ajunga-in-guiness-book\/"},"wordCount":310,"image":{"@id":"https:\/\/www.btv.md\/ro\/un-oras-din-moldova-vrea-sa-bata-un-record-si-sa-ajunga-in-guiness-book\/#primaryimage"},"thumbnailUrl":"https:\/\/www.btv.md\/wp-content\/uploads\/2016\/04\/7ca788f48a7a45c9050e82b55d5f91ff.jpg","articleSection":["\u041e\u0431\u0449\u0435\u0441\u0442\u0432\u043e"],"inLanguage":"ro-RO"},{"@type":"WebPage","@id":"https:\/\/www.btv.md\/ro\/un-oras-din-moldova-vrea-sa-bata-un-record-si-sa-ajunga-in-guiness-book\/","url":"https:\/\/www.btv.md\/ro\/un-oras-din-moldova-vrea-sa-bata-un-record-si-sa-ajunga-in-guiness-book\/","name":"UN ORA\u0218 DIN MOLDOVA VREA S\u0102 BAT\u0102 UN RECORD \u0218I S\u0102 AJUNG\u0102 \u00ceN GUINESS BOOK - BTV","isPartOf":{"@id":"https:\/\/www.btv.md\/#website"},"primaryImageOfPage":{"@id":"https:\/\/www.btv.md\/ro\/un-oras-din-moldova-vrea-sa-bata-un-record-si-sa-ajunga-in-guiness-book\/#primaryimage"},"image":{"@id":"https:\/\/www.btv.md\/ro\/un-oras-din-moldova-vrea-sa-bata-un-record-si-sa-ajunga-in-guiness-book\/#primaryimage"},"thumbnailUrl":"https:\/\/www.btv.md\/wp-content\/uploads\/2016\/04\/7ca788f48a7a45c9050e82b55d5f91ff.jpg","datePublished":"2016-04-08T10:28:49+00:00","author":{"@id":"https:\/\/www.btv.md\/#\/schema\/person\/8fadce81561b3ce2c34c46dadc4ccbf2"},"inLanguage":"ro-RO","potentialAction":[{"@type":"ReadAction","target":["https:\/\/www.btv.md\/ro\/un-oras-din-moldova-vrea-sa-bata-un-record-si-sa-ajunga-in-guiness-book\/"]}]},{"@type":"ImageObject","inLanguage":"ro-RO","@id":"https:\/\/www.btv.md\/ro\/un-oras-din-moldova-vrea-sa-bata-un-record-si-sa-ajunga-in-guiness-book\/#primaryimage","url":"https:\/\/www.btv.md\/wp-content\/uploads\/2016\/04\/7ca788f48a7a45c9050e82b55d5f91ff.jpg","contentUrl":"https:\/\/www.btv.md\/wp-content\/uploads\/2016\/04\/7ca788f48a7a45c9050e82b55d5f91ff.jpg","width":620,"height":465,"caption":"http:\/\/ziarulnational.md\/"},{"@type":"WebSite","@id":"https:\/\/www.btv.md\/#website","url":"https:\/\/www.btv.md\/","name":"BTV","description":"\u0411\u0435\u043b\u044c\u0446\u043a\u043e\u0435 \u0442\u0435\u043b\u0435\u0432\u0438\u0434\u0435\u043d\u0438\u0435","potentialAction":[{"@type":"SearchAction","target":{"@type":"EntryPoint","urlTemplate":"https:\/\/www.btv.md\/?s={search_term_string}"},"query-input":{"@type":"PropertyValueSpecification","valueRequired":true,"valueName":"search_term_string"}}],"inLanguage":"ro-RO"},{"@type":"Person","@id":"https:\/\/www.btv.md\/#\/schema\/person\/8fadce81561b3ce2c34c46dadc4ccbf2","name":"admin"}]}},"_links":{"self":[{"href":"https:\/\/www.btv.md\/ro\/wp-json\/wp\/v2\/posts\/10429","targetHints":{"allow":["GET"]}}],"collection":[{"href":"https:\/\/www.btv.md\/ro\/wp-json\/wp\/v2\/posts"}],"about":[{"href":"https:\/\/www.btv.md\/ro\/wp-json\/wp\/v2\/types\/post"}],"author":[{"embeddable":true,"href":"https:\/\/www.btv.md\/ro\/wp-json\/wp\/v2\/users\/4"}],"replies":[{"embeddable":true,"href":"https:\/\/www.btv.md\/ro\/wp-json\/wp\/v2\/comments?post=10429"}],"version-history":[{"count":0,"href":"https:\/\/www.btv.md\/ro\/wp-json\/wp\/v2\/posts\/10429\/revisions"}],"wp:featuredmedia":[{"embeddable":true,"href":"https:\/\/www.btv.md\/ro\/wp-json\/wp\/v2\/media\/10430"}],"wp:attachment":[{"href":"https:\/\/www.btv.md\/ro\/wp-json\/wp\/v2\/media?parent=10429"}],"wp:term":[{"taxonomy":"category","embeddable":true,"href":"https:\/\/www.btv.md\/ro\/wp-json\/wp\/v2\/categories?post=10429"},{"taxonomy":"post_tag","embeddable":true,"href":"https:\/\/www.btv.md\/ro\/wp-json\/wp\/v2\/tags?post=10429"}],"curies":[{"name":"wp","href":"https:\/\/api.w.org\/{rel}","templated":true}]}}