{"id":104577,"date":"2020-11-20T09:36:44","date_gmt":"2020-11-20T07:36:44","guid":{"rendered":"http:\/\/www.btv.md\/?p=104577"},"modified":"2020-11-20T09:36:44","modified_gmt":"2020-11-20T07:36:44","slug":"grigorisin-catre-transportatori-oamenii-nu-trebuie-sa-inghete-in-statii","status":"publish","type":"post","link":"https:\/\/www.btv.md\/ro\/grigorisin-catre-transportatori-oamenii-nu-trebuie-sa-inghete-in-statii\/","title":{"rendered":"Grigori\u0219in c\u0103tre transportatori: \u201eOamenii nu trebuie s\u0103 \u00eenghe\u021be \u00een sta\u021bii\u201d"},"content":{"rendered":"<p><strong>Administra\u021bia local\u0103 solicit\u0103 transportatorilor s\u0103 respecte cu stricte\u021be orarul rutelor de transport public. Pasagerii nu trebuie s\u0103 \u00eenghe\u021be \u00een sta\u021bii \u00een a\u0219teaptare unui microbuz, autobuz sau troleibuz. Declara\u021biile au fost f\u0103cute de viceprimarul Nicolai Grigori\u0219in \u00een cadrul unei \u0219edin\u021be e primariei. Potrivit acestuia cel mai mare num\u0103r de pl\u00e2ngeri a parvenit la activitatea rutei nr.21. B\u0103l\u021benii spun c\u0103 sunt nevoi\u021bi s\u0103 a\u0219tepte \u0219i c\u00e2te o or\u0103 jum\u0103tate.<\/strong><\/p>\n<p>Nicolai Grigori\u0219in a men\u021bionat c\u0103 va verifica personal activitatea transportului public, deoarece num\u0103rul reclama\u021biilor a crescut \u00een ultima perioad\u0103. Pe c\u00e2nd conform rapoartelor, transportul public circul\u0103 f\u0103r\u0103 a \u00eenc\u0103lca graficul.<\/p>\n<p>Amintim, c\u0103 anterior, viceprimarul a declarat c\u0103 transportul public din B\u0103l\u021bi ar trebui s\u0103 apar\u021bin\u0103 municipalit\u0103\u021bii. Acest lucru, consider\u0103 Grogori\u0219in va duce la \u00eembun\u0103t\u0103\u021birea calit\u0103\u021bii serviciilor de transportare a c\u0103l\u0103torilor. \u00cen a\u0219a mod a comentat Nicolai Grigori\u0219in apelurile oamenilor \u00een privin\u021ba microbuzelor, care nu respect\u0103 graficul. \u00cendeosebi, seara c\u00e2nd majoritatea b\u0103l\u021benilor se \u00eentorc de la serviciu.<\/p>\n<p><a href=\"http:\/\/iframe%20src=https:\/\/www.facebook.com\/plugins\/video.php?href=https%3A%2F%2Fwww.facebook.com%2Fbtvmoldova%2Fvideos%2F1251809015194109%2F&amp;show_text=0&amp;width=560%20width=560%20height=315%20style=border:none;overflow:hidden%20scrolling=no%20frameborder=0%20allowfullscreen=true%20allow=autoplay;%20clipboard-write;%20encrypted-media;%20picture-in-picture;%20web-share%20allowFullScreen=true\/iframe\"><iframe style=\"border: none; overflow: hidden;\" data-src=\"https:\/\/www.facebook.com\/plugins\/video.php?href=https%3A%2F%2Fwww.facebook.com%2Fbtvmoldova%2Fvideos%2F1251809015194109%2F&amp;show_text=0&amp;width=560\" width=\"560\" height=\"315\" frameborder=\"0\" scrolling=\"no\" allowfullscreen=\"allowfullscreen\" src=\"data:image\/svg+xml;base64,PHN2ZyB3aWR0aD0iMSIgaGVpZ2h0PSIxIiB4bWxucz0iaHR0cDovL3d3dy53My5vcmcvMjAwMC9zdmciPjwvc3ZnPg==\" class=\"lazyload\" data-load-mode=\"1\"><\/iframe><\/a><\/p>\n","protected":false},"excerpt":{"rendered":"<p>Administra\u021bia local\u0103 solicit\u0103 transportatorilor s\u0103 respecte cu stricte\u021be orarul rutelor de transport public. Pasagerii nu trebuie s\u0103 \u00eenghe\u021be \u00een sta\u021bii \u00een a\u0219teaptare unui microbuz, autobuz sau troleibuz. Declara\u021biile au fost f\u0103cute de viceprimarul Nicolai Grigori\u0219in \u00een cadrul unei \u0219edin\u021be e primariei. Potrivit acestuia cel mai mare num\u0103r de pl\u00e2ngeri a parvenit la activitatea rutei nr.21. [&hellip;]<\/p>\n","protected":false},"author":4,"featured_media":104571,"comment_status":"closed","ping_status":"closed","sticky":false,"template":"","format":"standard","meta":{"footnotes":""},"categories":[6353,6377],"tags":[19812,19811,13566],"class_list":["post-104577","post","type-post","status-publish","format-standard","has-post-thumbnail","hentry","category-oras","category-stiri","tag-calatori","tag-orarul-rutelor-de-transport-public","tag-transportatori"],"yoast_head":"<!-- This site is optimized with the Yoast SEO plugin v27.4 - https:\/\/yoast.com\/product\/yoast-seo-wordpress\/ -->\n<title>Grigori\u0219in c\u0103tre transportatori: \u201eOamenii nu trebuie s\u0103 \u00eenghe\u021be \u00een sta\u021bii\u201d - BTV<\/title>\n<meta name=\"robots\" content=\"index, follow, max-snippet:-1, max-image-preview:large, max-video-preview:-1\" \/>\n<link rel=\"canonical\" href=\"https:\/\/www.btv.md\/ro\/grigorisin-catre-transportatori-oamenii-nu-trebuie-sa-inghete-in-statii\/\" \/>\n<meta property=\"og:locale\" content=\"ro_RO\" \/>\n<meta property=\"og:type\" content=\"article\" \/>\n<meta property=\"og:title\" content=\"Grigori\u0219in c\u0103tre transportatori: \u201eOamenii nu trebuie s\u0103 \u00eenghe\u021be \u00een sta\u021bii\u201d - BTV\" \/>\n<meta property=\"og:description\" content=\"Administra\u021bia local\u0103 solicit\u0103 transportatorilor s\u0103 respecte cu stricte\u021be orarul rutelor de transport public. Pasagerii nu trebuie s\u0103 \u00eenghe\u021be \u00een sta\u021bii \u00een a\u0219teaptare unui microbuz, autobuz sau troleibuz. Declara\u021biile au fost f\u0103cute de viceprimarul Nicolai Grigori\u0219in \u00een cadrul unei \u0219edin\u021be e primariei. Potrivit acestuia cel mai mare num\u0103r de pl\u00e2ngeri a parvenit la activitatea rutei nr.21. [&hellip;]\" \/>\n<meta property=\"og:url\" content=\"https:\/\/www.btv.md\/ro\/grigorisin-catre-transportatori-oamenii-nu-trebuie-sa-inghete-in-statii\/\" \/>\n<meta property=\"og:site_name\" content=\"BTV\" \/>\n<meta property=\"article:publisher\" content=\"https:\/\/www.facebook.com\/btvmoldova\/\" \/>\n<meta property=\"article:published_time\" content=\"2020-11-20T07:36:44+00:00\" \/>\n<meta property=\"og:image\" content=\"https:\/\/www.btv.md\/wp-content\/uploads\/2020\/11\/116339103_1633840376776709_8143177723901232444_n.jpg\" \/>\n\t<meta property=\"og:image:width\" content=\"1280\" \/>\n\t<meta property=\"og:image:height\" content=\"800\" \/>\n\t<meta property=\"og:image:type\" content=\"image\/jpeg\" \/>\n<meta name=\"author\" content=\"admin\" \/>\n<meta name=\"twitter:label1\" content=\"Scris de\" \/>\n\t<meta name=\"twitter:data1\" content=\"admin\" \/>\n\t<meta name=\"twitter:label2\" content=\"Timp estimat pentru citire\" \/>\n\t<meta name=\"twitter:data2\" content=\"1 minut\" \/>\n<script type=\"application\/ld+json\" class=\"yoast-schema-graph\">{\"@context\":\"https:\\\/\\\/schema.org\",\"@graph\":[{\"@type\":\"Article\",\"@id\":\"https:\\\/\\\/www.btv.md\\\/ro\\\/grigorisin-catre-transportatori-oamenii-nu-trebuie-sa-inghete-in-statii\\\/#article\",\"isPartOf\":{\"@id\":\"https:\\\/\\\/www.btv.md\\\/ro\\\/grigorisin-catre-transportatori-oamenii-nu-trebuie-sa-inghete-in-statii\\\/\"},\"author\":{\"name\":\"admin\",\"@id\":\"https:\\\/\\\/www.btv.md\\\/#\\\/schema\\\/person\\\/8fadce81561b3ce2c34c46dadc4ccbf2\"},\"headline\":\"Grigori\u0219in c\u0103tre transportatori: \u201eOamenii nu trebuie s\u0103 \u00eenghe\u021be \u00een sta\u021bii\u201d\",\"datePublished\":\"2020-11-20T07:36:44+00:00\",\"mainEntityOfPage\":{\"@id\":\"https:\\\/\\\/www.btv.md\\\/ro\\\/grigorisin-catre-transportatori-oamenii-nu-trebuie-sa-inghete-in-statii\\\/\"},\"wordCount\":207,\"image\":{\"@id\":\"https:\\\/\\\/www.btv.md\\\/ro\\\/grigorisin-catre-transportatori-oamenii-nu-trebuie-sa-inghete-in-statii\\\/#primaryimage\"},\"thumbnailUrl\":\"https:\\\/\\\/www.btv.md\\\/wp-content\\\/uploads\\\/2020\\\/11\\\/116339103_1633840376776709_8143177723901232444_n.jpg\",\"keywords\":[\"c\u0103l\u0103tori\",\"orarul rutelor de transport public\",\"transportatori\"],\"articleSection\":[\"Ora\u0219\",\"\u0218tiri\"],\"inLanguage\":\"ro-RO\"},{\"@type\":\"WebPage\",\"@id\":\"https:\\\/\\\/www.btv.md\\\/ro\\\/grigorisin-catre-transportatori-oamenii-nu-trebuie-sa-inghete-in-statii\\\/\",\"url\":\"https:\\\/\\\/www.btv.md\\\/ro\\\/grigorisin-catre-transportatori-oamenii-nu-trebuie-sa-inghete-in-statii\\\/\",\"name\":\"Grigori\u0219in c\u0103tre transportatori: \u201eOamenii nu trebuie s\u0103 \u00eenghe\u021be \u00een sta\u021bii\u201d - BTV\",\"isPartOf\":{\"@id\":\"https:\\\/\\\/www.btv.md\\\/#website\"},\"primaryImageOfPage\":{\"@id\":\"https:\\\/\\\/www.btv.md\\\/ro\\\/grigorisin-catre-transportatori-oamenii-nu-trebuie-sa-inghete-in-statii\\\/#primaryimage\"},\"image\":{\"@id\":\"https:\\\/\\\/www.btv.md\\\/ro\\\/grigorisin-catre-transportatori-oamenii-nu-trebuie-sa-inghete-in-statii\\\/#primaryimage\"},\"thumbnailUrl\":\"https:\\\/\\\/www.btv.md\\\/wp-content\\\/uploads\\\/2020\\\/11\\\/116339103_1633840376776709_8143177723901232444_n.jpg\",\"datePublished\":\"2020-11-20T07:36:44+00:00\",\"author\":{\"@id\":\"https:\\\/\\\/www.btv.md\\\/#\\\/schema\\\/person\\\/8fadce81561b3ce2c34c46dadc4ccbf2\"},\"inLanguage\":\"ro-RO\",\"potentialAction\":[{\"@type\":\"ReadAction\",\"target\":[\"https:\\\/\\\/www.btv.md\\\/ro\\\/grigorisin-catre-transportatori-oamenii-nu-trebuie-sa-inghete-in-statii\\\/\"]}]},{\"@type\":\"ImageObject\",\"inLanguage\":\"ro-RO\",\"@id\":\"https:\\\/\\\/www.btv.md\\\/ro\\\/grigorisin-catre-transportatori-oamenii-nu-trebuie-sa-inghete-in-statii\\\/#primaryimage\",\"url\":\"https:\\\/\\\/www.btv.md\\\/wp-content\\\/uploads\\\/2020\\\/11\\\/116339103_1633840376776709_8143177723901232444_n.jpg\",\"contentUrl\":\"https:\\\/\\\/www.btv.md\\\/wp-content\\\/uploads\\\/2020\\\/11\\\/116339103_1633840376776709_8143177723901232444_n.jpg\",\"width\":1280,\"height\":800},{\"@type\":\"WebSite\",\"@id\":\"https:\\\/\\\/www.btv.md\\\/#website\",\"url\":\"https:\\\/\\\/www.btv.md\\\/\",\"name\":\"BTV\",\"description\":\"\u0411\u0435\u043b\u044c\u0446\u043a\u043e\u0435 \u0442\u0435\u043b\u0435\u0432\u0438\u0434\u0435\u043d\u0438\u0435\",\"potentialAction\":[{\"@type\":\"SearchAction\",\"target\":{\"@type\":\"EntryPoint\",\"urlTemplate\":\"https:\\\/\\\/www.btv.md\\\/?s={search_term_string}\"},\"query-input\":{\"@type\":\"PropertyValueSpecification\",\"valueRequired\":true,\"valueName\":\"search_term_string\"}}],\"inLanguage\":\"ro-RO\"},{\"@type\":\"Person\",\"@id\":\"https:\\\/\\\/www.btv.md\\\/#\\\/schema\\\/person\\\/8fadce81561b3ce2c34c46dadc4ccbf2\",\"name\":\"admin\"}]}<\/script>\n<!-- \/ Yoast SEO plugin. -->","yoast_head_json":{"title":"Grigori\u0219in c\u0103tre transportatori: \u201eOamenii nu trebuie s\u0103 \u00eenghe\u021be \u00een sta\u021bii\u201d - BTV","robots":{"index":"index","follow":"follow","max-snippet":"max-snippet:-1","max-image-preview":"max-image-preview:large","max-video-preview":"max-video-preview:-1"},"canonical":"https:\/\/www.btv.md\/ro\/grigorisin-catre-transportatori-oamenii-nu-trebuie-sa-inghete-in-statii\/","og_locale":"ro_RO","og_type":"article","og_title":"Grigori\u0219in c\u0103tre transportatori: \u201eOamenii nu trebuie s\u0103 \u00eenghe\u021be \u00een sta\u021bii\u201d - BTV","og_description":"Administra\u021bia local\u0103 solicit\u0103 transportatorilor s\u0103 respecte cu stricte\u021be orarul rutelor de transport public. Pasagerii nu trebuie s\u0103 \u00eenghe\u021be \u00een sta\u021bii \u00een a\u0219teaptare unui microbuz, autobuz sau troleibuz. Declara\u021biile au fost f\u0103cute de viceprimarul Nicolai Grigori\u0219in \u00een cadrul unei \u0219edin\u021be e primariei. Potrivit acestuia cel mai mare num\u0103r de pl\u00e2ngeri a parvenit la activitatea rutei nr.21. [&hellip;]","og_url":"https:\/\/www.btv.md\/ro\/grigorisin-catre-transportatori-oamenii-nu-trebuie-sa-inghete-in-statii\/","og_site_name":"BTV","article_publisher":"https:\/\/www.facebook.com\/btvmoldova\/","article_published_time":"2020-11-20T07:36:44+00:00","og_image":[{"width":1280,"height":800,"url":"https:\/\/www.btv.md\/wp-content\/uploads\/2020\/11\/116339103_1633840376776709_8143177723901232444_n.jpg","type":"image\/jpeg"}],"author":"admin","twitter_misc":{"Scris de":"admin","Timp estimat pentru citire":"1 minut"},"schema":{"@context":"https:\/\/schema.org","@graph":[{"@type":"Article","@id":"https:\/\/www.btv.md\/ro\/grigorisin-catre-transportatori-oamenii-nu-trebuie-sa-inghete-in-statii\/#article","isPartOf":{"@id":"https:\/\/www.btv.md\/ro\/grigorisin-catre-transportatori-oamenii-nu-trebuie-sa-inghete-in-statii\/"},"author":{"name":"admin","@id":"https:\/\/www.btv.md\/#\/schema\/person\/8fadce81561b3ce2c34c46dadc4ccbf2"},"headline":"Grigori\u0219in c\u0103tre transportatori: \u201eOamenii nu trebuie s\u0103 \u00eenghe\u021be \u00een sta\u021bii\u201d","datePublished":"2020-11-20T07:36:44+00:00","mainEntityOfPage":{"@id":"https:\/\/www.btv.md\/ro\/grigorisin-catre-transportatori-oamenii-nu-trebuie-sa-inghete-in-statii\/"},"wordCount":207,"image":{"@id":"https:\/\/www.btv.md\/ro\/grigorisin-catre-transportatori-oamenii-nu-trebuie-sa-inghete-in-statii\/#primaryimage"},"thumbnailUrl":"https:\/\/www.btv.md\/wp-content\/uploads\/2020\/11\/116339103_1633840376776709_8143177723901232444_n.jpg","keywords":["c\u0103l\u0103tori","orarul rutelor de transport public","transportatori"],"articleSection":["Ora\u0219","\u0218tiri"],"inLanguage":"ro-RO"},{"@type":"WebPage","@id":"https:\/\/www.btv.md\/ro\/grigorisin-catre-transportatori-oamenii-nu-trebuie-sa-inghete-in-statii\/","url":"https:\/\/www.btv.md\/ro\/grigorisin-catre-transportatori-oamenii-nu-trebuie-sa-inghete-in-statii\/","name":"Grigori\u0219in c\u0103tre transportatori: \u201eOamenii nu trebuie s\u0103 \u00eenghe\u021be \u00een sta\u021bii\u201d - BTV","isPartOf":{"@id":"https:\/\/www.btv.md\/#website"},"primaryImageOfPage":{"@id":"https:\/\/www.btv.md\/ro\/grigorisin-catre-transportatori-oamenii-nu-trebuie-sa-inghete-in-statii\/#primaryimage"},"image":{"@id":"https:\/\/www.btv.md\/ro\/grigorisin-catre-transportatori-oamenii-nu-trebuie-sa-inghete-in-statii\/#primaryimage"},"thumbnailUrl":"https:\/\/www.btv.md\/wp-content\/uploads\/2020\/11\/116339103_1633840376776709_8143177723901232444_n.jpg","datePublished":"2020-11-20T07:36:44+00:00","author":{"@id":"https:\/\/www.btv.md\/#\/schema\/person\/8fadce81561b3ce2c34c46dadc4ccbf2"},"inLanguage":"ro-RO","potentialAction":[{"@type":"ReadAction","target":["https:\/\/www.btv.md\/ro\/grigorisin-catre-transportatori-oamenii-nu-trebuie-sa-inghete-in-statii\/"]}]},{"@type":"ImageObject","inLanguage":"ro-RO","@id":"https:\/\/www.btv.md\/ro\/grigorisin-catre-transportatori-oamenii-nu-trebuie-sa-inghete-in-statii\/#primaryimage","url":"https:\/\/www.btv.md\/wp-content\/uploads\/2020\/11\/116339103_1633840376776709_8143177723901232444_n.jpg","contentUrl":"https:\/\/www.btv.md\/wp-content\/uploads\/2020\/11\/116339103_1633840376776709_8143177723901232444_n.jpg","width":1280,"height":800},{"@type":"WebSite","@id":"https:\/\/www.btv.md\/#website","url":"https:\/\/www.btv.md\/","name":"BTV","description":"\u0411\u0435\u043b\u044c\u0446\u043a\u043e\u0435 \u0442\u0435\u043b\u0435\u0432\u0438\u0434\u0435\u043d\u0438\u0435","potentialAction":[{"@type":"SearchAction","target":{"@type":"EntryPoint","urlTemplate":"https:\/\/www.btv.md\/?s={search_term_string}"},"query-input":{"@type":"PropertyValueSpecification","valueRequired":true,"valueName":"search_term_string"}}],"inLanguage":"ro-RO"},{"@type":"Person","@id":"https:\/\/www.btv.md\/#\/schema\/person\/8fadce81561b3ce2c34c46dadc4ccbf2","name":"admin"}]}},"_links":{"self":[{"href":"https:\/\/www.btv.md\/ro\/wp-json\/wp\/v2\/posts\/104577","targetHints":{"allow":["GET"]}}],"collection":[{"href":"https:\/\/www.btv.md\/ro\/wp-json\/wp\/v2\/posts"}],"about":[{"href":"https:\/\/www.btv.md\/ro\/wp-json\/wp\/v2\/types\/post"}],"author":[{"embeddable":true,"href":"https:\/\/www.btv.md\/ro\/wp-json\/wp\/v2\/users\/4"}],"replies":[{"embeddable":true,"href":"https:\/\/www.btv.md\/ro\/wp-json\/wp\/v2\/comments?post=104577"}],"version-history":[{"count":0,"href":"https:\/\/www.btv.md\/ro\/wp-json\/wp\/v2\/posts\/104577\/revisions"}],"wp:featuredmedia":[{"embeddable":true,"href":"https:\/\/www.btv.md\/ro\/wp-json\/wp\/v2\/media\/104571"}],"wp:attachment":[{"href":"https:\/\/www.btv.md\/ro\/wp-json\/wp\/v2\/media?parent=104577"}],"wp:term":[{"taxonomy":"category","embeddable":true,"href":"https:\/\/www.btv.md\/ro\/wp-json\/wp\/v2\/categories?post=104577"},{"taxonomy":"post_tag","embeddable":true,"href":"https:\/\/www.btv.md\/ro\/wp-json\/wp\/v2\/tags?post=104577"}],"curies":[{"name":"wp","href":"https:\/\/api.w.org\/{rel}","templated":true}]}}