{"id":10468,"date":"2016-04-08T17:10:08","date_gmt":"2016-04-08T14:10:08","guid":{"rendered":"http:\/\/btv.md\/?p=10468"},"modified":"2016-04-08T17:10:08","modified_gmt":"2016-04-08T14:10:08","slug":"expozitii-de-zile-mari-la-pinacoteca-din-balti","status":"publish","type":"post","link":"https:\/\/www.btv.md\/ro\/expozitii-de-zile-mari-la-pinacoteca-din-balti\/","title":{"rendered":"EXPOZI\u021aII  DE  ZILE  MARI  LA  PINACOTECA  DIN  B\u0102L\u021aI"},"content":{"rendered":"<p><strong>Expozi\u021bii de zile mari la pinacoteca \u201eAntioh Cantemir\u201d din B\u0103l\u021bi. Cunoscutul sculptor Iurii Terehov \u0219i pictorul Veaceslav Baki\u021bkii, au bucurat iubitorii frumosului cu lucr\u0103ri originale, de la clopote \u0219i statuete, p\u00e2n\u0103 la tablouri inspirate din natur\u0103.<\/strong><\/p>\n<p>Iurii Terehov spune c\u0103 a confec\u0163ionat sute de busturi, a restaurat zeci de icoane, sfe\u015fnice \u015fi cruci \u015fi a dat via\u0163\u0103 a o mie de clopote, care r\u0103sun\u0103 \u00een sute de biserici \u015fi m\u0103n\u0103stiri din Moldova \u015fi din str\u0103in\u0103tate. Clopotele sale au ajuns \u0219i la B\u0103l\u021bi.<\/p>\n<p>Iurii Terehov este primul sculptor restaurator \u00een Republica Moldova, care are sf\u00e2ntul dar de a turna clopote, \u00een bronz, aram\u0103, plumb \u015fi zinc. Acesta recunoa\u0219te c\u0103 tot ce este mai greu de realizat \u00eel tenteaz\u0103.<\/p>\n<p>\u0218i pictorul Veaceslav Baki\u021bkii se poate m\u00e2ndri cu peste o mie de lucr\u0103ri. La B\u0103l\u021bi, artistul a venit cu o colec\u021bie de 20 de tablouri, majoritatea dintre ele inspirate din natur\u0103.<\/p>\n<p>Lucr\u0103rile lui Veaceslav Baki\u021bkii sunt cunoscute nu doar \u00een \u021bara noastr\u0103, dar \u0219i peste hotarele ei. Acesta este m\u00e2ndru de faptul c\u0103 tablourile sale au trezit interes pentru mai mul\u021bi iubitori de art\u0103 din \u021b\u0103ri str\u0103ine, precum Rusia \u0219i Fran\u021ba.<\/p>\n<p>B\u0103l\u021benii au r\u0103mas impresiona\u021bi de lucr\u0103rile expuse.<\/p>\n<p>Expozi\u021biile vor r\u0103m\u00e2ne deschise publicului p\u00e2n\u0103 la sf\u00e2r\u0219itul lunii aprilie.<\/p>\n<p>REPORTER:  NATA\u0218A  TOCARCIUC<br \/>\nIMAGINE:  VLADIMIR  TATARCIUC<br \/>\nMONTARE:  IURIE  BOLD<\/p>\n<p><iframe width=\"420\" height=\"315\" data-src=\"https:\/\/www.youtube.com\/embed\/Kl3IwcxRcko\" frameborder=\"0\" allowfullscreen src=\"data:image\/svg+xml;base64,PHN2ZyB3aWR0aD0iMSIgaGVpZ2h0PSIxIiB4bWxucz0iaHR0cDovL3d3dy53My5vcmcvMjAwMC9zdmciPjwvc3ZnPg==\" class=\"lazyload\" data-load-mode=\"1\"><\/iframe><\/p>\n","protected":false},"excerpt":{"rendered":"<p>Expozi\u021bii de zile mari la pinacoteca \u201eAntioh Cantemir\u201d din B\u0103l\u021bi. Cunoscutul sculptor Iurii Terehov \u0219i pictorul Veaceslav Baki\u021bkii, au bucurat iubitorii frumosului cu lucr\u0103ri originale, de la clopote \u0219i statuete, p\u00e2n\u0103 la tablouri inspirate din natur\u0103. Iurii Terehov spune c\u0103 a confec\u0163ionat sute de busturi, a restaurat zeci de icoane, sfe\u015fnice \u015fi cruci \u015fi a [&hellip;]<\/p>\n","protected":false},"author":4,"featured_media":10469,"comment_status":"closed","ping_status":"closed","sticky":false,"template":"","format":"standard","meta":{"footnotes":""},"categories":[6353],"tags":[],"class_list":["post-10468","post","type-post","status-publish","format-standard","has-post-thumbnail","hentry","category-oras"],"yoast_head":"<!-- This site is optimized with the Yoast SEO plugin v27.4 - https:\/\/yoast.com\/product\/yoast-seo-wordpress\/ -->\n<title>EXPOZI\u021aII DE ZILE MARI LA PINACOTECA DIN B\u0102L\u021aI - BTV<\/title>\n<meta name=\"robots\" content=\"index, follow, max-snippet:-1, max-image-preview:large, max-video-preview:-1\" \/>\n<link rel=\"canonical\" href=\"https:\/\/www.btv.md\/ro\/expozitii-de-zile-mari-la-pinacoteca-din-balti\/\" \/>\n<meta property=\"og:locale\" content=\"ro_RO\" \/>\n<meta property=\"og:type\" content=\"article\" \/>\n<meta property=\"og:title\" content=\"EXPOZI\u021aII DE ZILE MARI LA PINACOTECA DIN B\u0102L\u021aI - BTV\" \/>\n<meta property=\"og:description\" content=\"Expozi\u021bii de zile mari la pinacoteca \u201eAntioh Cantemir\u201d din B\u0103l\u021bi. Cunoscutul sculptor Iurii Terehov \u0219i pictorul Veaceslav Baki\u021bkii, au bucurat iubitorii frumosului cu lucr\u0103ri originale, de la clopote \u0219i statuete, p\u00e2n\u0103 la tablouri inspirate din natur\u0103. Iurii Terehov spune c\u0103 a confec\u0163ionat sute de busturi, a restaurat zeci de icoane, sfe\u015fnice \u015fi cruci \u015fi a [&hellip;]\" \/>\n<meta property=\"og:url\" content=\"https:\/\/www.btv.md\/ro\/expozitii-de-zile-mari-la-pinacoteca-din-balti\/\" \/>\n<meta property=\"og:site_name\" content=\"BTV\" \/>\n<meta property=\"article:publisher\" content=\"https:\/\/www.facebook.com\/btvmoldova\/\" \/>\n<meta property=\"article:published_time\" content=\"2016-04-08T14:10:08+00:00\" \/>\n<meta property=\"og:image\" content=\"https:\/\/www.btv.md\/wp-content\/uploads\/2016\/04\/galerie.png\" \/>\n\t<meta property=\"og:image:width\" content=\"993\" \/>\n\t<meta property=\"og:image:height\" content=\"577\" \/>\n\t<meta property=\"og:image:type\" content=\"image\/png\" \/>\n<meta name=\"author\" content=\"admin\" \/>\n<meta name=\"twitter:label1\" content=\"Scris de\" \/>\n\t<meta name=\"twitter:data1\" content=\"admin\" \/>\n\t<meta name=\"twitter:label2\" content=\"Timp estimat pentru citire\" \/>\n\t<meta name=\"twitter:data2\" content=\"1 minut\" \/>\n<script type=\"application\/ld+json\" class=\"yoast-schema-graph\">{\"@context\":\"https:\\\/\\\/schema.org\",\"@graph\":[{\"@type\":\"Article\",\"@id\":\"https:\\\/\\\/www.btv.md\\\/ro\\\/expozitii-de-zile-mari-la-pinacoteca-din-balti\\\/#article\",\"isPartOf\":{\"@id\":\"https:\\\/\\\/www.btv.md\\\/ro\\\/expozitii-de-zile-mari-la-pinacoteca-din-balti\\\/\"},\"author\":{\"name\":\"admin\",\"@id\":\"https:\\\/\\\/www.btv.md\\\/#\\\/schema\\\/person\\\/8fadce81561b3ce2c34c46dadc4ccbf2\"},\"headline\":\"EXPOZI\u021aII DE ZILE MARI LA PINACOTECA DIN B\u0102L\u021aI\",\"datePublished\":\"2016-04-08T14:10:08+00:00\",\"mainEntityOfPage\":{\"@id\":\"https:\\\/\\\/www.btv.md\\\/ro\\\/expozitii-de-zile-mari-la-pinacoteca-din-balti\\\/\"},\"wordCount\":265,\"image\":{\"@id\":\"https:\\\/\\\/www.btv.md\\\/ro\\\/expozitii-de-zile-mari-la-pinacoteca-din-balti\\\/#primaryimage\"},\"thumbnailUrl\":\"https:\\\/\\\/www.btv.md\\\/wp-content\\\/uploads\\\/2016\\\/04\\\/galerie.png\",\"articleSection\":[\"Ora\u0219\"],\"inLanguage\":\"ro-RO\"},{\"@type\":\"WebPage\",\"@id\":\"https:\\\/\\\/www.btv.md\\\/ro\\\/expozitii-de-zile-mari-la-pinacoteca-din-balti\\\/\",\"url\":\"https:\\\/\\\/www.btv.md\\\/ro\\\/expozitii-de-zile-mari-la-pinacoteca-din-balti\\\/\",\"name\":\"EXPOZI\u021aII DE ZILE MARI LA PINACOTECA DIN B\u0102L\u021aI - BTV\",\"isPartOf\":{\"@id\":\"https:\\\/\\\/www.btv.md\\\/#website\"},\"primaryImageOfPage\":{\"@id\":\"https:\\\/\\\/www.btv.md\\\/ro\\\/expozitii-de-zile-mari-la-pinacoteca-din-balti\\\/#primaryimage\"},\"image\":{\"@id\":\"https:\\\/\\\/www.btv.md\\\/ro\\\/expozitii-de-zile-mari-la-pinacoteca-din-balti\\\/#primaryimage\"},\"thumbnailUrl\":\"https:\\\/\\\/www.btv.md\\\/wp-content\\\/uploads\\\/2016\\\/04\\\/galerie.png\",\"datePublished\":\"2016-04-08T14:10:08+00:00\",\"author\":{\"@id\":\"https:\\\/\\\/www.btv.md\\\/#\\\/schema\\\/person\\\/8fadce81561b3ce2c34c46dadc4ccbf2\"},\"inLanguage\":\"ro-RO\",\"potentialAction\":[{\"@type\":\"ReadAction\",\"target\":[\"https:\\\/\\\/www.btv.md\\\/ro\\\/expozitii-de-zile-mari-la-pinacoteca-din-balti\\\/\"]}]},{\"@type\":\"ImageObject\",\"inLanguage\":\"ro-RO\",\"@id\":\"https:\\\/\\\/www.btv.md\\\/ro\\\/expozitii-de-zile-mari-la-pinacoteca-din-balti\\\/#primaryimage\",\"url\":\"https:\\\/\\\/www.btv.md\\\/wp-content\\\/uploads\\\/2016\\\/04\\\/galerie.png\",\"contentUrl\":\"https:\\\/\\\/www.btv.md\\\/wp-content\\\/uploads\\\/2016\\\/04\\\/galerie.png\",\"width\":993,\"height\":577},{\"@type\":\"WebSite\",\"@id\":\"https:\\\/\\\/www.btv.md\\\/#website\",\"url\":\"https:\\\/\\\/www.btv.md\\\/\",\"name\":\"BTV\",\"description\":\"\u0411\u0435\u043b\u044c\u0446\u043a\u043e\u0435 \u0442\u0435\u043b\u0435\u0432\u0438\u0434\u0435\u043d\u0438\u0435\",\"potentialAction\":[{\"@type\":\"SearchAction\",\"target\":{\"@type\":\"EntryPoint\",\"urlTemplate\":\"https:\\\/\\\/www.btv.md\\\/?s={search_term_string}\"},\"query-input\":{\"@type\":\"PropertyValueSpecification\",\"valueRequired\":true,\"valueName\":\"search_term_string\"}}],\"inLanguage\":\"ro-RO\"},{\"@type\":\"Person\",\"@id\":\"https:\\\/\\\/www.btv.md\\\/#\\\/schema\\\/person\\\/8fadce81561b3ce2c34c46dadc4ccbf2\",\"name\":\"admin\"}]}<\/script>\n<!-- \/ Yoast SEO plugin. -->","yoast_head_json":{"title":"EXPOZI\u021aII DE ZILE MARI LA PINACOTECA DIN B\u0102L\u021aI - BTV","robots":{"index":"index","follow":"follow","max-snippet":"max-snippet:-1","max-image-preview":"max-image-preview:large","max-video-preview":"max-video-preview:-1"},"canonical":"https:\/\/www.btv.md\/ro\/expozitii-de-zile-mari-la-pinacoteca-din-balti\/","og_locale":"ro_RO","og_type":"article","og_title":"EXPOZI\u021aII DE ZILE MARI LA PINACOTECA DIN B\u0102L\u021aI - BTV","og_description":"Expozi\u021bii de zile mari la pinacoteca \u201eAntioh Cantemir\u201d din B\u0103l\u021bi. Cunoscutul sculptor Iurii Terehov \u0219i pictorul Veaceslav Baki\u021bkii, au bucurat iubitorii frumosului cu lucr\u0103ri originale, de la clopote \u0219i statuete, p\u00e2n\u0103 la tablouri inspirate din natur\u0103. Iurii Terehov spune c\u0103 a confec\u0163ionat sute de busturi, a restaurat zeci de icoane, sfe\u015fnice \u015fi cruci \u015fi a [&hellip;]","og_url":"https:\/\/www.btv.md\/ro\/expozitii-de-zile-mari-la-pinacoteca-din-balti\/","og_site_name":"BTV","article_publisher":"https:\/\/www.facebook.com\/btvmoldova\/","article_published_time":"2016-04-08T14:10:08+00:00","og_image":[{"width":993,"height":577,"url":"https:\/\/www.btv.md\/wp-content\/uploads\/2016\/04\/galerie.png","type":"image\/png"}],"author":"admin","twitter_misc":{"Scris de":"admin","Timp estimat pentru citire":"1 minut"},"schema":{"@context":"https:\/\/schema.org","@graph":[{"@type":"Article","@id":"https:\/\/www.btv.md\/ro\/expozitii-de-zile-mari-la-pinacoteca-din-balti\/#article","isPartOf":{"@id":"https:\/\/www.btv.md\/ro\/expozitii-de-zile-mari-la-pinacoteca-din-balti\/"},"author":{"name":"admin","@id":"https:\/\/www.btv.md\/#\/schema\/person\/8fadce81561b3ce2c34c46dadc4ccbf2"},"headline":"EXPOZI\u021aII DE ZILE MARI LA PINACOTECA DIN B\u0102L\u021aI","datePublished":"2016-04-08T14:10:08+00:00","mainEntityOfPage":{"@id":"https:\/\/www.btv.md\/ro\/expozitii-de-zile-mari-la-pinacoteca-din-balti\/"},"wordCount":265,"image":{"@id":"https:\/\/www.btv.md\/ro\/expozitii-de-zile-mari-la-pinacoteca-din-balti\/#primaryimage"},"thumbnailUrl":"https:\/\/www.btv.md\/wp-content\/uploads\/2016\/04\/galerie.png","articleSection":["Ora\u0219"],"inLanguage":"ro-RO"},{"@type":"WebPage","@id":"https:\/\/www.btv.md\/ro\/expozitii-de-zile-mari-la-pinacoteca-din-balti\/","url":"https:\/\/www.btv.md\/ro\/expozitii-de-zile-mari-la-pinacoteca-din-balti\/","name":"EXPOZI\u021aII DE ZILE MARI LA PINACOTECA DIN B\u0102L\u021aI - BTV","isPartOf":{"@id":"https:\/\/www.btv.md\/#website"},"primaryImageOfPage":{"@id":"https:\/\/www.btv.md\/ro\/expozitii-de-zile-mari-la-pinacoteca-din-balti\/#primaryimage"},"image":{"@id":"https:\/\/www.btv.md\/ro\/expozitii-de-zile-mari-la-pinacoteca-din-balti\/#primaryimage"},"thumbnailUrl":"https:\/\/www.btv.md\/wp-content\/uploads\/2016\/04\/galerie.png","datePublished":"2016-04-08T14:10:08+00:00","author":{"@id":"https:\/\/www.btv.md\/#\/schema\/person\/8fadce81561b3ce2c34c46dadc4ccbf2"},"inLanguage":"ro-RO","potentialAction":[{"@type":"ReadAction","target":["https:\/\/www.btv.md\/ro\/expozitii-de-zile-mari-la-pinacoteca-din-balti\/"]}]},{"@type":"ImageObject","inLanguage":"ro-RO","@id":"https:\/\/www.btv.md\/ro\/expozitii-de-zile-mari-la-pinacoteca-din-balti\/#primaryimage","url":"https:\/\/www.btv.md\/wp-content\/uploads\/2016\/04\/galerie.png","contentUrl":"https:\/\/www.btv.md\/wp-content\/uploads\/2016\/04\/galerie.png","width":993,"height":577},{"@type":"WebSite","@id":"https:\/\/www.btv.md\/#website","url":"https:\/\/www.btv.md\/","name":"BTV","description":"\u0411\u0435\u043b\u044c\u0446\u043a\u043e\u0435 \u0442\u0435\u043b\u0435\u0432\u0438\u0434\u0435\u043d\u0438\u0435","potentialAction":[{"@type":"SearchAction","target":{"@type":"EntryPoint","urlTemplate":"https:\/\/www.btv.md\/?s={search_term_string}"},"query-input":{"@type":"PropertyValueSpecification","valueRequired":true,"valueName":"search_term_string"}}],"inLanguage":"ro-RO"},{"@type":"Person","@id":"https:\/\/www.btv.md\/#\/schema\/person\/8fadce81561b3ce2c34c46dadc4ccbf2","name":"admin"}]}},"_links":{"self":[{"href":"https:\/\/www.btv.md\/ro\/wp-json\/wp\/v2\/posts\/10468","targetHints":{"allow":["GET"]}}],"collection":[{"href":"https:\/\/www.btv.md\/ro\/wp-json\/wp\/v2\/posts"}],"about":[{"href":"https:\/\/www.btv.md\/ro\/wp-json\/wp\/v2\/types\/post"}],"author":[{"embeddable":true,"href":"https:\/\/www.btv.md\/ro\/wp-json\/wp\/v2\/users\/4"}],"replies":[{"embeddable":true,"href":"https:\/\/www.btv.md\/ro\/wp-json\/wp\/v2\/comments?post=10468"}],"version-history":[{"count":0,"href":"https:\/\/www.btv.md\/ro\/wp-json\/wp\/v2\/posts\/10468\/revisions"}],"wp:featuredmedia":[{"embeddable":true,"href":"https:\/\/www.btv.md\/ro\/wp-json\/wp\/v2\/media\/10469"}],"wp:attachment":[{"href":"https:\/\/www.btv.md\/ro\/wp-json\/wp\/v2\/media?parent=10468"}],"wp:term":[{"taxonomy":"category","embeddable":true,"href":"https:\/\/www.btv.md\/ro\/wp-json\/wp\/v2\/categories?post=10468"},{"taxonomy":"post_tag","embeddable":true,"href":"https:\/\/www.btv.md\/ro\/wp-json\/wp\/v2\/tags?post=10468"}],"curies":[{"name":"wp","href":"https:\/\/api.w.org\/{rel}","templated":true}]}}