{"id":10522,"date":"2016-04-11T11:34:40","date_gmt":"2016-04-11T08:34:40","guid":{"rendered":"http:\/\/btv.md\/?p=10522"},"modified":"2016-04-11T13:08:08","modified_gmt":"2016-04-11T10:08:08","slug":"o-mie-de-lei-amenda-pentru-agentii-economici-care-nu-au-trecut-la-ora-de-vara","status":"publish","type":"post","link":"https:\/\/www.btv.md\/ro\/o-mie-de-lei-amenda-pentru-agentii-economici-care-nu-au-trecut-la-ora-de-vara\/","title":{"rendered":"O MIE DE LEI AMEND\u0102 PENTRU AGEN\u021aII ECONOMICI CARE NU AU TRECUT LA ORA DE VAR\u0102"},"content":{"rendered":"<p><strong>Inspectoratul Fiscal Principal de Stat aten\u021bioneaz\u0103 agen\u021bii economici care nu au reu\u0219it s\u0103-\u0219i treac\u0103 ma\u0219inilor de cas\u0103 \u0219i control la ora de var\u0103 s-o fac\u0103 c\u00e2t mai rapid. Potrivit unui comunicat al Fisc-lui, antreprenorii sunt ruga\u021bi s\u0103 respecte Regulamentul cu privire la aplicarea ma\u0219inilor de cas\u0103 \u015fi control.<\/strong><\/p>\n<p>Una din cerin\u0163ele \u00een care MCC-urile func\u021bioneaz\u0103 bine este imprimarea pe bonurile eliberate a d\u0103\u021bii calendaristice curente cu o deviere de 15 minute. <\/p>\n<p>\u0162in\u00e2nd cont de considerentul c\u0103 la 27 martie 2016 Republica Moldova a trecut la ora de var\u0103, p\u00e2n\u0103 la 20 aprilie curent urmeaz\u0103 s\u0103 v\u0103 conforma\u0163i prevederilor legale, prin modificarea orei la ma\u0219inile de cas\u0103 \u0219i control conform orei de var\u0103, \u00een caz contrar Ma\u0219ina de calcul \u0219i control se va considera defectat\u0103.<\/p>\n<p>Inspectoraul Principal de Stat informeaz\u0103 c\u0103 \u00eenc\u0103lcarea regulilor de exploatare a ma\u015finilor de cas\u0103 \u015fi control se sanc\u0163ioneaz\u0103 cu o amend\u0103 \u00een valoare de o mie de lei.  <\/p>\n","protected":false},"excerpt":{"rendered":"<p>Inspectoratul Fiscal Principal de Stat aten\u021bioneaz\u0103 agen\u021bii economici care nu au reu\u0219it s\u0103-\u0219i treac\u0103 ma\u0219inilor de cas\u0103 \u0219i control la ora de var\u0103 s-o fac\u0103 c\u00e2t mai rapid. Potrivit unui comunicat al Fisc-lui, antreprenorii sunt ruga\u021bi s\u0103 respecte Regulamentul cu privire la aplicarea ma\u0219inilor de cas\u0103 \u015fi control. Una din cerin\u0163ele \u00een care MCC-urile func\u021bioneaz\u0103 [&hellip;]<\/p>\n","protected":false},"author":4,"featured_media":10523,"comment_status":"closed","ping_status":"closed","sticky":false,"template":"","format":"standard","meta":{"footnotes":""},"categories":[6349],"tags":[],"class_list":["post-10522","post","type-post","status-publish","format-standard","has-post-thumbnail","hentry","category-social"],"yoast_head":"<!-- This site is optimized with the Yoast SEO plugin v27.4 - https:\/\/yoast.com\/product\/yoast-seo-wordpress\/ -->\n<title>O MIE DE LEI AMEND\u0102 PENTRU AGEN\u021aII ECONOMICI CARE NU AU TRECUT LA ORA DE VAR\u0102 - BTV<\/title>\n<meta name=\"robots\" content=\"index, follow, max-snippet:-1, max-image-preview:large, max-video-preview:-1\" \/>\n<link rel=\"canonical\" href=\"https:\/\/www.btv.md\/ro\/o-mie-de-lei-amenda-pentru-agentii-economici-care-nu-au-trecut-la-ora-de-vara\/\" \/>\n<meta property=\"og:locale\" content=\"ro_RO\" \/>\n<meta property=\"og:type\" content=\"article\" \/>\n<meta property=\"og:title\" content=\"O MIE DE LEI AMEND\u0102 PENTRU AGEN\u021aII ECONOMICI CARE NU AU TRECUT LA ORA DE VAR\u0102 - BTV\" \/>\n<meta property=\"og:description\" content=\"Inspectoratul Fiscal Principal de Stat aten\u021bioneaz\u0103 agen\u021bii economici care nu au reu\u0219it s\u0103-\u0219i treac\u0103 ma\u0219inilor de cas\u0103 \u0219i control la ora de var\u0103 s-o fac\u0103 c\u00e2t mai rapid. Potrivit unui comunicat al Fisc-lui, antreprenorii sunt ruga\u021bi s\u0103 respecte Regulamentul cu privire la aplicarea ma\u0219inilor de cas\u0103 \u015fi control. Una din cerin\u0163ele \u00een care MCC-urile func\u021bioneaz\u0103 [&hellip;]\" \/>\n<meta property=\"og:url\" content=\"https:\/\/www.btv.md\/ro\/o-mie-de-lei-amenda-pentru-agentii-economici-care-nu-au-trecut-la-ora-de-vara\/\" \/>\n<meta property=\"og:site_name\" content=\"BTV\" \/>\n<meta property=\"article:publisher\" content=\"https:\/\/www.facebook.com\/btvmoldova\/\" \/>\n<meta property=\"article:published_time\" content=\"2016-04-11T08:34:40+00:00\" \/>\n<meta property=\"article:modified_time\" content=\"2016-04-11T10:08:08+00:00\" \/>\n<meta property=\"og:image\" content=\"https:\/\/www.btv.md\/wp-content\/uploads\/2016\/04\/media_143504529663457200.jpg\" \/>\n\t<meta property=\"og:image:width\" content=\"620\" \/>\n\t<meta property=\"og:image:height\" content=\"348\" \/>\n\t<meta property=\"og:image:type\" content=\"image\/jpeg\" \/>\n<meta name=\"author\" content=\"admin\" \/>\n<meta name=\"twitter:label1\" content=\"Scris de\" \/>\n\t<meta name=\"twitter:data1\" content=\"admin\" \/>\n\t<meta name=\"twitter:label2\" content=\"Timp estimat pentru citire\" \/>\n\t<meta name=\"twitter:data2\" content=\"1 minut\" \/>\n<script type=\"application\/ld+json\" class=\"yoast-schema-graph\">{\"@context\":\"https:\\\/\\\/schema.org\",\"@graph\":[{\"@type\":\"Article\",\"@id\":\"https:\\\/\\\/www.btv.md\\\/ro\\\/o-mie-de-lei-amenda-pentru-agentii-economici-care-nu-au-trecut-la-ora-de-vara\\\/#article\",\"isPartOf\":{\"@id\":\"https:\\\/\\\/www.btv.md\\\/ro\\\/o-mie-de-lei-amenda-pentru-agentii-economici-care-nu-au-trecut-la-ora-de-vara\\\/\"},\"author\":{\"name\":\"admin\",\"@id\":\"https:\\\/\\\/www.btv.md\\\/#\\\/schema\\\/person\\\/8fadce81561b3ce2c34c46dadc4ccbf2\"},\"headline\":\"O MIE DE LEI AMEND\u0102 PENTRU AGEN\u021aII ECONOMICI CARE NU AU TRECUT LA ORA DE VAR\u0102\",\"datePublished\":\"2016-04-11T08:34:40+00:00\",\"dateModified\":\"2016-04-11T10:08:08+00:00\",\"mainEntityOfPage\":{\"@id\":\"https:\\\/\\\/www.btv.md\\\/ro\\\/o-mie-de-lei-amenda-pentru-agentii-economici-care-nu-au-trecut-la-ora-de-vara\\\/\"},\"wordCount\":185,\"image\":{\"@id\":\"https:\\\/\\\/www.btv.md\\\/ro\\\/o-mie-de-lei-amenda-pentru-agentii-economici-care-nu-au-trecut-la-ora-de-vara\\\/#primaryimage\"},\"thumbnailUrl\":\"https:\\\/\\\/www.btv.md\\\/wp-content\\\/uploads\\\/2016\\\/04\\\/media_143504529663457200.jpg\",\"articleSection\":[\"Social\"],\"inLanguage\":\"ro-RO\"},{\"@type\":\"WebPage\",\"@id\":\"https:\\\/\\\/www.btv.md\\\/ro\\\/o-mie-de-lei-amenda-pentru-agentii-economici-care-nu-au-trecut-la-ora-de-vara\\\/\",\"url\":\"https:\\\/\\\/www.btv.md\\\/ro\\\/o-mie-de-lei-amenda-pentru-agentii-economici-care-nu-au-trecut-la-ora-de-vara\\\/\",\"name\":\"O MIE DE LEI AMEND\u0102 PENTRU AGEN\u021aII ECONOMICI CARE NU AU TRECUT LA ORA DE VAR\u0102 - BTV\",\"isPartOf\":{\"@id\":\"https:\\\/\\\/www.btv.md\\\/#website\"},\"primaryImageOfPage\":{\"@id\":\"https:\\\/\\\/www.btv.md\\\/ro\\\/o-mie-de-lei-amenda-pentru-agentii-economici-care-nu-au-trecut-la-ora-de-vara\\\/#primaryimage\"},\"image\":{\"@id\":\"https:\\\/\\\/www.btv.md\\\/ro\\\/o-mie-de-lei-amenda-pentru-agentii-economici-care-nu-au-trecut-la-ora-de-vara\\\/#primaryimage\"},\"thumbnailUrl\":\"https:\\\/\\\/www.btv.md\\\/wp-content\\\/uploads\\\/2016\\\/04\\\/media_143504529663457200.jpg\",\"datePublished\":\"2016-04-11T08:34:40+00:00\",\"dateModified\":\"2016-04-11T10:08:08+00:00\",\"author\":{\"@id\":\"https:\\\/\\\/www.btv.md\\\/#\\\/schema\\\/person\\\/8fadce81561b3ce2c34c46dadc4ccbf2\"},\"inLanguage\":\"ro-RO\",\"potentialAction\":[{\"@type\":\"ReadAction\",\"target\":[\"https:\\\/\\\/www.btv.md\\\/ro\\\/o-mie-de-lei-amenda-pentru-agentii-economici-care-nu-au-trecut-la-ora-de-vara\\\/\"]}]},{\"@type\":\"ImageObject\",\"inLanguage\":\"ro-RO\",\"@id\":\"https:\\\/\\\/www.btv.md\\\/ro\\\/o-mie-de-lei-amenda-pentru-agentii-economici-care-nu-au-trecut-la-ora-de-vara\\\/#primaryimage\",\"url\":\"https:\\\/\\\/www.btv.md\\\/wp-content\\\/uploads\\\/2016\\\/04\\\/media_143504529663457200.jpg\",\"contentUrl\":\"https:\\\/\\\/www.btv.md\\\/wp-content\\\/uploads\\\/2016\\\/04\\\/media_143504529663457200.jpg\",\"width\":620,\"height\":348,\"caption\":\"www.realitatea.md\"},{\"@type\":\"WebSite\",\"@id\":\"https:\\\/\\\/www.btv.md\\\/#website\",\"url\":\"https:\\\/\\\/www.btv.md\\\/\",\"name\":\"BTV\",\"description\":\"\u0411\u0435\u043b\u044c\u0446\u043a\u043e\u0435 \u0442\u0435\u043b\u0435\u0432\u0438\u0434\u0435\u043d\u0438\u0435\",\"potentialAction\":[{\"@type\":\"SearchAction\",\"target\":{\"@type\":\"EntryPoint\",\"urlTemplate\":\"https:\\\/\\\/www.btv.md\\\/?s={search_term_string}\"},\"query-input\":{\"@type\":\"PropertyValueSpecification\",\"valueRequired\":true,\"valueName\":\"search_term_string\"}}],\"inLanguage\":\"ro-RO\"},{\"@type\":\"Person\",\"@id\":\"https:\\\/\\\/www.btv.md\\\/#\\\/schema\\\/person\\\/8fadce81561b3ce2c34c46dadc4ccbf2\",\"name\":\"admin\"}]}<\/script>\n<!-- \/ Yoast SEO plugin. -->","yoast_head_json":{"title":"O MIE DE LEI AMEND\u0102 PENTRU AGEN\u021aII ECONOMICI CARE NU AU TRECUT LA ORA DE VAR\u0102 - BTV","robots":{"index":"index","follow":"follow","max-snippet":"max-snippet:-1","max-image-preview":"max-image-preview:large","max-video-preview":"max-video-preview:-1"},"canonical":"https:\/\/www.btv.md\/ro\/o-mie-de-lei-amenda-pentru-agentii-economici-care-nu-au-trecut-la-ora-de-vara\/","og_locale":"ro_RO","og_type":"article","og_title":"O MIE DE LEI AMEND\u0102 PENTRU AGEN\u021aII ECONOMICI CARE NU AU TRECUT LA ORA DE VAR\u0102 - BTV","og_description":"Inspectoratul Fiscal Principal de Stat aten\u021bioneaz\u0103 agen\u021bii economici care nu au reu\u0219it s\u0103-\u0219i treac\u0103 ma\u0219inilor de cas\u0103 \u0219i control la ora de var\u0103 s-o fac\u0103 c\u00e2t mai rapid. Potrivit unui comunicat al Fisc-lui, antreprenorii sunt ruga\u021bi s\u0103 respecte Regulamentul cu privire la aplicarea ma\u0219inilor de cas\u0103 \u015fi control. Una din cerin\u0163ele \u00een care MCC-urile func\u021bioneaz\u0103 [&hellip;]","og_url":"https:\/\/www.btv.md\/ro\/o-mie-de-lei-amenda-pentru-agentii-economici-care-nu-au-trecut-la-ora-de-vara\/","og_site_name":"BTV","article_publisher":"https:\/\/www.facebook.com\/btvmoldova\/","article_published_time":"2016-04-11T08:34:40+00:00","article_modified_time":"2016-04-11T10:08:08+00:00","og_image":[{"width":620,"height":348,"url":"https:\/\/www.btv.md\/wp-content\/uploads\/2016\/04\/media_143504529663457200.jpg","type":"image\/jpeg"}],"author":"admin","twitter_misc":{"Scris de":"admin","Timp estimat pentru citire":"1 minut"},"schema":{"@context":"https:\/\/schema.org","@graph":[{"@type":"Article","@id":"https:\/\/www.btv.md\/ro\/o-mie-de-lei-amenda-pentru-agentii-economici-care-nu-au-trecut-la-ora-de-vara\/#article","isPartOf":{"@id":"https:\/\/www.btv.md\/ro\/o-mie-de-lei-amenda-pentru-agentii-economici-care-nu-au-trecut-la-ora-de-vara\/"},"author":{"name":"admin","@id":"https:\/\/www.btv.md\/#\/schema\/person\/8fadce81561b3ce2c34c46dadc4ccbf2"},"headline":"O MIE DE LEI AMEND\u0102 PENTRU AGEN\u021aII ECONOMICI CARE NU AU TRECUT LA ORA DE VAR\u0102","datePublished":"2016-04-11T08:34:40+00:00","dateModified":"2016-04-11T10:08:08+00:00","mainEntityOfPage":{"@id":"https:\/\/www.btv.md\/ro\/o-mie-de-lei-amenda-pentru-agentii-economici-care-nu-au-trecut-la-ora-de-vara\/"},"wordCount":185,"image":{"@id":"https:\/\/www.btv.md\/ro\/o-mie-de-lei-amenda-pentru-agentii-economici-care-nu-au-trecut-la-ora-de-vara\/#primaryimage"},"thumbnailUrl":"https:\/\/www.btv.md\/wp-content\/uploads\/2016\/04\/media_143504529663457200.jpg","articleSection":["Social"],"inLanguage":"ro-RO"},{"@type":"WebPage","@id":"https:\/\/www.btv.md\/ro\/o-mie-de-lei-amenda-pentru-agentii-economici-care-nu-au-trecut-la-ora-de-vara\/","url":"https:\/\/www.btv.md\/ro\/o-mie-de-lei-amenda-pentru-agentii-economici-care-nu-au-trecut-la-ora-de-vara\/","name":"O MIE DE LEI AMEND\u0102 PENTRU AGEN\u021aII ECONOMICI CARE NU AU TRECUT LA ORA DE VAR\u0102 - BTV","isPartOf":{"@id":"https:\/\/www.btv.md\/#website"},"primaryImageOfPage":{"@id":"https:\/\/www.btv.md\/ro\/o-mie-de-lei-amenda-pentru-agentii-economici-care-nu-au-trecut-la-ora-de-vara\/#primaryimage"},"image":{"@id":"https:\/\/www.btv.md\/ro\/o-mie-de-lei-amenda-pentru-agentii-economici-care-nu-au-trecut-la-ora-de-vara\/#primaryimage"},"thumbnailUrl":"https:\/\/www.btv.md\/wp-content\/uploads\/2016\/04\/media_143504529663457200.jpg","datePublished":"2016-04-11T08:34:40+00:00","dateModified":"2016-04-11T10:08:08+00:00","author":{"@id":"https:\/\/www.btv.md\/#\/schema\/person\/8fadce81561b3ce2c34c46dadc4ccbf2"},"inLanguage":"ro-RO","potentialAction":[{"@type":"ReadAction","target":["https:\/\/www.btv.md\/ro\/o-mie-de-lei-amenda-pentru-agentii-economici-care-nu-au-trecut-la-ora-de-vara\/"]}]},{"@type":"ImageObject","inLanguage":"ro-RO","@id":"https:\/\/www.btv.md\/ro\/o-mie-de-lei-amenda-pentru-agentii-economici-care-nu-au-trecut-la-ora-de-vara\/#primaryimage","url":"https:\/\/www.btv.md\/wp-content\/uploads\/2016\/04\/media_143504529663457200.jpg","contentUrl":"https:\/\/www.btv.md\/wp-content\/uploads\/2016\/04\/media_143504529663457200.jpg","width":620,"height":348,"caption":"www.realitatea.md"},{"@type":"WebSite","@id":"https:\/\/www.btv.md\/#website","url":"https:\/\/www.btv.md\/","name":"BTV","description":"\u0411\u0435\u043b\u044c\u0446\u043a\u043e\u0435 \u0442\u0435\u043b\u0435\u0432\u0438\u0434\u0435\u043d\u0438\u0435","potentialAction":[{"@type":"SearchAction","target":{"@type":"EntryPoint","urlTemplate":"https:\/\/www.btv.md\/?s={search_term_string}"},"query-input":{"@type":"PropertyValueSpecification","valueRequired":true,"valueName":"search_term_string"}}],"inLanguage":"ro-RO"},{"@type":"Person","@id":"https:\/\/www.btv.md\/#\/schema\/person\/8fadce81561b3ce2c34c46dadc4ccbf2","name":"admin"}]}},"_links":{"self":[{"href":"https:\/\/www.btv.md\/ro\/wp-json\/wp\/v2\/posts\/10522","targetHints":{"allow":["GET"]}}],"collection":[{"href":"https:\/\/www.btv.md\/ro\/wp-json\/wp\/v2\/posts"}],"about":[{"href":"https:\/\/www.btv.md\/ro\/wp-json\/wp\/v2\/types\/post"}],"author":[{"embeddable":true,"href":"https:\/\/www.btv.md\/ro\/wp-json\/wp\/v2\/users\/4"}],"replies":[{"embeddable":true,"href":"https:\/\/www.btv.md\/ro\/wp-json\/wp\/v2\/comments?post=10522"}],"version-history":[{"count":0,"href":"https:\/\/www.btv.md\/ro\/wp-json\/wp\/v2\/posts\/10522\/revisions"}],"wp:featuredmedia":[{"embeddable":true,"href":"https:\/\/www.btv.md\/ro\/wp-json\/wp\/v2\/media\/10523"}],"wp:attachment":[{"href":"https:\/\/www.btv.md\/ro\/wp-json\/wp\/v2\/media?parent=10522"}],"wp:term":[{"taxonomy":"category","embeddable":true,"href":"https:\/\/www.btv.md\/ro\/wp-json\/wp\/v2\/categories?post=10522"},{"taxonomy":"post_tag","embeddable":true,"href":"https:\/\/www.btv.md\/ro\/wp-json\/wp\/v2\/tags?post=10522"}],"curies":[{"name":"wp","href":"https:\/\/api.w.org\/{rel}","templated":true}]}}