{"id":10550,"date":"2016-04-11T15:24:27","date_gmt":"2016-04-11T12:24:27","guid":{"rendered":"http:\/\/btv.md\/?p=10550"},"modified":"2016-04-11T15:24:27","modified_gmt":"2016-04-11T12:24:27","slug":"dupa-o-pauza-de-40-de-ani-au-revenit-pe-bancile-scolii","status":"publish","type":"post","link":"https:\/\/www.btv.md\/ro\/dupa-o-pauza-de-40-de-ani-au-revenit-pe-bancile-scolii\/","title":{"rendered":"DUP\u0102 O PAUZ\u0102 DE 40 DE ANI AU REVENIT PE B\u0102NCILE \u0218COLII"},"content":{"rendered":"<p><strong>S-au rev\u0103zut dup\u0103 40 de ani. Absolven\u021bii promo\u021biei anului 1976, a \u0218colii nr.1 din B\u0103l\u021bi, \u00een prezent Liceul Teoretic \u201eMihai Eminescu\u201d s-au \u00eent\u00e2lnit s\u00e2mb\u0103t\u0103, \u00een curtea liceului. Fo\u0219tii colegii, cu nostalgie \u00een suflet \u0219i-au amintit de anii de \u0219coal\u0103.<\/strong><\/p>\n<p>Fo\u0219tii absolven\u021bi au dep\u0103nat cu mare drag clipele frumoase petrecute pe b\u0103ncile \u0219colii. Totodat\u0103 ei au \u021binut s\u0103 le mul\u021bumeasc\u0103 profesorilor pentru cuno\u0219tin\u021bele ob\u021binute.<\/p>\n<p>La r\u00e2ndul lor profesorii \u0219i-au r\u0103v\u0103\u0219it analel memoria din care au scos momentele de glorii ale acelor ani. <\/p>\n<p>Directorul Liceului Teoretic \u201eMihai Eminescu\u201d, Leonid Amoa\u0219ii a precizat c\u0103 ini\u021biativa de a se revedea cu fo\u0219tii colegi a venit din partea absolven\u021bilor.<\/p>\n<p>\u00cen cadrul revederii, fo\u0219tii absolven\u021bi \u00eempreun\u0103 cu profesorii au depus flori la bustul lui Mihai Eminescu din curtea liceului.<\/p>\n<p>\u00cen anul 1976 au absolvit peste 50 de elevi aceast\u0103 institu\u021bie de \u00eenv\u0103\u021b\u0103m\u00e2nt.<\/p>\n<p>REPORTER: IRINA BAXAN<br \/>\nOPERATOR: CORNELIU  VIERU<br \/>\nMONTAJ: IURIE  BOLD<\/p>\n<p><iframe width=\"420\" height=\"315\" data-src=\"https:\/\/www.youtube.com\/embed\/nS3Z4GXbBrk\" frameborder=\"0\" allowfullscreen src=\"data:image\/svg+xml;base64,PHN2ZyB3aWR0aD0iMSIgaGVpZ2h0PSIxIiB4bWxucz0iaHR0cDovL3d3dy53My5vcmcvMjAwMC9zdmciPjwvc3ZnPg==\" class=\"lazyload\" data-load-mode=\"1\"><\/iframe><\/p>\n","protected":false},"excerpt":{"rendered":"<p>S-au rev\u0103zut dup\u0103 40 de ani. Absolven\u021bii promo\u021biei anului 1976, a \u0218colii nr.1 din B\u0103l\u021bi, \u00een prezent Liceul Teoretic \u201eMihai Eminescu\u201d s-au \u00eent\u00e2lnit s\u00e2mb\u0103t\u0103, \u00een curtea liceului. Fo\u0219tii colegii, cu nostalgie \u00een suflet \u0219i-au amintit de anii de \u0219coal\u0103. Fo\u0219tii absolven\u021bi au dep\u0103nat cu mare drag clipele frumoase petrecute pe b\u0103ncile \u0219colii. Totodat\u0103 ei au [&hellip;]<\/p>\n","protected":false},"author":4,"featured_media":10551,"comment_status":"closed","ping_status":"closed","sticky":false,"template":"","format":"standard","meta":{"footnotes":""},"categories":[6353],"tags":[],"class_list":["post-10550","post","type-post","status-publish","format-standard","has-post-thumbnail","hentry","category-oras"],"yoast_head":"<!-- This site is optimized with the Yoast SEO plugin v27.4 - https:\/\/yoast.com\/product\/yoast-seo-wordpress\/ -->\n<title>DUP\u0102 O PAUZ\u0102 DE 40 DE ANI AU REVENIT PE B\u0102NCILE \u0218COLII - BTV<\/title>\n<meta name=\"robots\" content=\"index, follow, max-snippet:-1, max-image-preview:large, max-video-preview:-1\" \/>\n<link rel=\"canonical\" href=\"https:\/\/www.btv.md\/ro\/dupa-o-pauza-de-40-de-ani-au-revenit-pe-bancile-scolii\/\" \/>\n<meta property=\"og:locale\" content=\"ro_RO\" \/>\n<meta property=\"og:type\" content=\"article\" \/>\n<meta property=\"og:title\" content=\"DUP\u0102 O PAUZ\u0102 DE 40 DE ANI AU REVENIT PE B\u0102NCILE \u0218COLII - BTV\" \/>\n<meta property=\"og:description\" content=\"S-au rev\u0103zut dup\u0103 40 de ani. Absolven\u021bii promo\u021biei anului 1976, a \u0218colii nr.1 din B\u0103l\u021bi, \u00een prezent Liceul Teoretic \u201eMihai Eminescu\u201d s-au \u00eent\u00e2lnit s\u00e2mb\u0103t\u0103, \u00een curtea liceului. Fo\u0219tii colegii, cu nostalgie \u00een suflet \u0219i-au amintit de anii de \u0219coal\u0103. Fo\u0219tii absolven\u021bi au dep\u0103nat cu mare drag clipele frumoase petrecute pe b\u0103ncile \u0219colii. Totodat\u0103 ei au [&hellip;]\" \/>\n<meta property=\"og:url\" content=\"https:\/\/www.btv.md\/ro\/dupa-o-pauza-de-40-de-ani-au-revenit-pe-bancile-scolii\/\" \/>\n<meta property=\"og:site_name\" content=\"BTV\" \/>\n<meta property=\"article:publisher\" content=\"https:\/\/www.facebook.com\/btvmoldova\/\" \/>\n<meta property=\"article:published_time\" content=\"2016-04-11T12:24:27+00:00\" \/>\n<meta property=\"og:image\" content=\"https:\/\/www.btv.md\/wp-content\/uploads\/2016\/04\/absolventi.png\" \/>\n\t<meta property=\"og:image:width\" content=\"1013\" \/>\n\t<meta property=\"og:image:height\" content=\"585\" \/>\n\t<meta property=\"og:image:type\" content=\"image\/png\" \/>\n<meta name=\"author\" content=\"admin\" \/>\n<meta name=\"twitter:label1\" content=\"Scris de\" \/>\n\t<meta name=\"twitter:data1\" content=\"admin\" \/>\n\t<meta name=\"twitter:label2\" content=\"Timp estimat pentru citire\" \/>\n\t<meta name=\"twitter:data2\" content=\"1 minut\" \/>\n<script type=\"application\/ld+json\" class=\"yoast-schema-graph\">{\"@context\":\"https:\\\/\\\/schema.org\",\"@graph\":[{\"@type\":\"Article\",\"@id\":\"https:\\\/\\\/www.btv.md\\\/ro\\\/dupa-o-pauza-de-40-de-ani-au-revenit-pe-bancile-scolii\\\/#article\",\"isPartOf\":{\"@id\":\"https:\\\/\\\/www.btv.md\\\/ro\\\/dupa-o-pauza-de-40-de-ani-au-revenit-pe-bancile-scolii\\\/\"},\"author\":{\"name\":\"admin\",\"@id\":\"https:\\\/\\\/www.btv.md\\\/#\\\/schema\\\/person\\\/8fadce81561b3ce2c34c46dadc4ccbf2\"},\"headline\":\"DUP\u0102 O PAUZ\u0102 DE 40 DE ANI AU REVENIT PE B\u0102NCILE \u0218COLII\",\"datePublished\":\"2016-04-11T12:24:27+00:00\",\"mainEntityOfPage\":{\"@id\":\"https:\\\/\\\/www.btv.md\\\/ro\\\/dupa-o-pauza-de-40-de-ani-au-revenit-pe-bancile-scolii\\\/\"},\"wordCount\":182,\"image\":{\"@id\":\"https:\\\/\\\/www.btv.md\\\/ro\\\/dupa-o-pauza-de-40-de-ani-au-revenit-pe-bancile-scolii\\\/#primaryimage\"},\"thumbnailUrl\":\"https:\\\/\\\/www.btv.md\\\/wp-content\\\/uploads\\\/2016\\\/04\\\/absolventi.png\",\"articleSection\":[\"Ora\u0219\"],\"inLanguage\":\"ro-RO\"},{\"@type\":\"WebPage\",\"@id\":\"https:\\\/\\\/www.btv.md\\\/ro\\\/dupa-o-pauza-de-40-de-ani-au-revenit-pe-bancile-scolii\\\/\",\"url\":\"https:\\\/\\\/www.btv.md\\\/ro\\\/dupa-o-pauza-de-40-de-ani-au-revenit-pe-bancile-scolii\\\/\",\"name\":\"DUP\u0102 O PAUZ\u0102 DE 40 DE ANI AU REVENIT PE B\u0102NCILE \u0218COLII - BTV\",\"isPartOf\":{\"@id\":\"https:\\\/\\\/www.btv.md\\\/#website\"},\"primaryImageOfPage\":{\"@id\":\"https:\\\/\\\/www.btv.md\\\/ro\\\/dupa-o-pauza-de-40-de-ani-au-revenit-pe-bancile-scolii\\\/#primaryimage\"},\"image\":{\"@id\":\"https:\\\/\\\/www.btv.md\\\/ro\\\/dupa-o-pauza-de-40-de-ani-au-revenit-pe-bancile-scolii\\\/#primaryimage\"},\"thumbnailUrl\":\"https:\\\/\\\/www.btv.md\\\/wp-content\\\/uploads\\\/2016\\\/04\\\/absolventi.png\",\"datePublished\":\"2016-04-11T12:24:27+00:00\",\"author\":{\"@id\":\"https:\\\/\\\/www.btv.md\\\/#\\\/schema\\\/person\\\/8fadce81561b3ce2c34c46dadc4ccbf2\"},\"inLanguage\":\"ro-RO\",\"potentialAction\":[{\"@type\":\"ReadAction\",\"target\":[\"https:\\\/\\\/www.btv.md\\\/ro\\\/dupa-o-pauza-de-40-de-ani-au-revenit-pe-bancile-scolii\\\/\"]}]},{\"@type\":\"ImageObject\",\"inLanguage\":\"ro-RO\",\"@id\":\"https:\\\/\\\/www.btv.md\\\/ro\\\/dupa-o-pauza-de-40-de-ani-au-revenit-pe-bancile-scolii\\\/#primaryimage\",\"url\":\"https:\\\/\\\/www.btv.md\\\/wp-content\\\/uploads\\\/2016\\\/04\\\/absolventi.png\",\"contentUrl\":\"https:\\\/\\\/www.btv.md\\\/wp-content\\\/uploads\\\/2016\\\/04\\\/absolventi.png\",\"width\":1013,\"height\":585},{\"@type\":\"WebSite\",\"@id\":\"https:\\\/\\\/www.btv.md\\\/#website\",\"url\":\"https:\\\/\\\/www.btv.md\\\/\",\"name\":\"BTV\",\"description\":\"\u0411\u0435\u043b\u044c\u0446\u043a\u043e\u0435 \u0442\u0435\u043b\u0435\u0432\u0438\u0434\u0435\u043d\u0438\u0435\",\"potentialAction\":[{\"@type\":\"SearchAction\",\"target\":{\"@type\":\"EntryPoint\",\"urlTemplate\":\"https:\\\/\\\/www.btv.md\\\/?s={search_term_string}\"},\"query-input\":{\"@type\":\"PropertyValueSpecification\",\"valueRequired\":true,\"valueName\":\"search_term_string\"}}],\"inLanguage\":\"ro-RO\"},{\"@type\":\"Person\",\"@id\":\"https:\\\/\\\/www.btv.md\\\/#\\\/schema\\\/person\\\/8fadce81561b3ce2c34c46dadc4ccbf2\",\"name\":\"admin\"}]}<\/script>\n<!-- \/ Yoast SEO plugin. -->","yoast_head_json":{"title":"DUP\u0102 O PAUZ\u0102 DE 40 DE ANI AU REVENIT PE B\u0102NCILE \u0218COLII - BTV","robots":{"index":"index","follow":"follow","max-snippet":"max-snippet:-1","max-image-preview":"max-image-preview:large","max-video-preview":"max-video-preview:-1"},"canonical":"https:\/\/www.btv.md\/ro\/dupa-o-pauza-de-40-de-ani-au-revenit-pe-bancile-scolii\/","og_locale":"ro_RO","og_type":"article","og_title":"DUP\u0102 O PAUZ\u0102 DE 40 DE ANI AU REVENIT PE B\u0102NCILE \u0218COLII - BTV","og_description":"S-au rev\u0103zut dup\u0103 40 de ani. Absolven\u021bii promo\u021biei anului 1976, a \u0218colii nr.1 din B\u0103l\u021bi, \u00een prezent Liceul Teoretic \u201eMihai Eminescu\u201d s-au \u00eent\u00e2lnit s\u00e2mb\u0103t\u0103, \u00een curtea liceului. Fo\u0219tii colegii, cu nostalgie \u00een suflet \u0219i-au amintit de anii de \u0219coal\u0103. Fo\u0219tii absolven\u021bi au dep\u0103nat cu mare drag clipele frumoase petrecute pe b\u0103ncile \u0219colii. Totodat\u0103 ei au [&hellip;]","og_url":"https:\/\/www.btv.md\/ro\/dupa-o-pauza-de-40-de-ani-au-revenit-pe-bancile-scolii\/","og_site_name":"BTV","article_publisher":"https:\/\/www.facebook.com\/btvmoldova\/","article_published_time":"2016-04-11T12:24:27+00:00","og_image":[{"width":1013,"height":585,"url":"https:\/\/www.btv.md\/wp-content\/uploads\/2016\/04\/absolventi.png","type":"image\/png"}],"author":"admin","twitter_misc":{"Scris de":"admin","Timp estimat pentru citire":"1 minut"},"schema":{"@context":"https:\/\/schema.org","@graph":[{"@type":"Article","@id":"https:\/\/www.btv.md\/ro\/dupa-o-pauza-de-40-de-ani-au-revenit-pe-bancile-scolii\/#article","isPartOf":{"@id":"https:\/\/www.btv.md\/ro\/dupa-o-pauza-de-40-de-ani-au-revenit-pe-bancile-scolii\/"},"author":{"name":"admin","@id":"https:\/\/www.btv.md\/#\/schema\/person\/8fadce81561b3ce2c34c46dadc4ccbf2"},"headline":"DUP\u0102 O PAUZ\u0102 DE 40 DE ANI AU REVENIT PE B\u0102NCILE \u0218COLII","datePublished":"2016-04-11T12:24:27+00:00","mainEntityOfPage":{"@id":"https:\/\/www.btv.md\/ro\/dupa-o-pauza-de-40-de-ani-au-revenit-pe-bancile-scolii\/"},"wordCount":182,"image":{"@id":"https:\/\/www.btv.md\/ro\/dupa-o-pauza-de-40-de-ani-au-revenit-pe-bancile-scolii\/#primaryimage"},"thumbnailUrl":"https:\/\/www.btv.md\/wp-content\/uploads\/2016\/04\/absolventi.png","articleSection":["Ora\u0219"],"inLanguage":"ro-RO"},{"@type":"WebPage","@id":"https:\/\/www.btv.md\/ro\/dupa-o-pauza-de-40-de-ani-au-revenit-pe-bancile-scolii\/","url":"https:\/\/www.btv.md\/ro\/dupa-o-pauza-de-40-de-ani-au-revenit-pe-bancile-scolii\/","name":"DUP\u0102 O PAUZ\u0102 DE 40 DE ANI AU REVENIT PE B\u0102NCILE \u0218COLII - BTV","isPartOf":{"@id":"https:\/\/www.btv.md\/#website"},"primaryImageOfPage":{"@id":"https:\/\/www.btv.md\/ro\/dupa-o-pauza-de-40-de-ani-au-revenit-pe-bancile-scolii\/#primaryimage"},"image":{"@id":"https:\/\/www.btv.md\/ro\/dupa-o-pauza-de-40-de-ani-au-revenit-pe-bancile-scolii\/#primaryimage"},"thumbnailUrl":"https:\/\/www.btv.md\/wp-content\/uploads\/2016\/04\/absolventi.png","datePublished":"2016-04-11T12:24:27+00:00","author":{"@id":"https:\/\/www.btv.md\/#\/schema\/person\/8fadce81561b3ce2c34c46dadc4ccbf2"},"inLanguage":"ro-RO","potentialAction":[{"@type":"ReadAction","target":["https:\/\/www.btv.md\/ro\/dupa-o-pauza-de-40-de-ani-au-revenit-pe-bancile-scolii\/"]}]},{"@type":"ImageObject","inLanguage":"ro-RO","@id":"https:\/\/www.btv.md\/ro\/dupa-o-pauza-de-40-de-ani-au-revenit-pe-bancile-scolii\/#primaryimage","url":"https:\/\/www.btv.md\/wp-content\/uploads\/2016\/04\/absolventi.png","contentUrl":"https:\/\/www.btv.md\/wp-content\/uploads\/2016\/04\/absolventi.png","width":1013,"height":585},{"@type":"WebSite","@id":"https:\/\/www.btv.md\/#website","url":"https:\/\/www.btv.md\/","name":"BTV","description":"\u0411\u0435\u043b\u044c\u0446\u043a\u043e\u0435 \u0442\u0435\u043b\u0435\u0432\u0438\u0434\u0435\u043d\u0438\u0435","potentialAction":[{"@type":"SearchAction","target":{"@type":"EntryPoint","urlTemplate":"https:\/\/www.btv.md\/?s={search_term_string}"},"query-input":{"@type":"PropertyValueSpecification","valueRequired":true,"valueName":"search_term_string"}}],"inLanguage":"ro-RO"},{"@type":"Person","@id":"https:\/\/www.btv.md\/#\/schema\/person\/8fadce81561b3ce2c34c46dadc4ccbf2","name":"admin"}]}},"_links":{"self":[{"href":"https:\/\/www.btv.md\/ro\/wp-json\/wp\/v2\/posts\/10550","targetHints":{"allow":["GET"]}}],"collection":[{"href":"https:\/\/www.btv.md\/ro\/wp-json\/wp\/v2\/posts"}],"about":[{"href":"https:\/\/www.btv.md\/ro\/wp-json\/wp\/v2\/types\/post"}],"author":[{"embeddable":true,"href":"https:\/\/www.btv.md\/ro\/wp-json\/wp\/v2\/users\/4"}],"replies":[{"embeddable":true,"href":"https:\/\/www.btv.md\/ro\/wp-json\/wp\/v2\/comments?post=10550"}],"version-history":[{"count":0,"href":"https:\/\/www.btv.md\/ro\/wp-json\/wp\/v2\/posts\/10550\/revisions"}],"wp:featuredmedia":[{"embeddable":true,"href":"https:\/\/www.btv.md\/ro\/wp-json\/wp\/v2\/media\/10551"}],"wp:attachment":[{"href":"https:\/\/www.btv.md\/ro\/wp-json\/wp\/v2\/media?parent=10550"}],"wp:term":[{"taxonomy":"category","embeddable":true,"href":"https:\/\/www.btv.md\/ro\/wp-json\/wp\/v2\/categories?post=10550"},{"taxonomy":"post_tag","embeddable":true,"href":"https:\/\/www.btv.md\/ro\/wp-json\/wp\/v2\/tags?post=10550"}],"curies":[{"name":"wp","href":"https:\/\/api.w.org\/{rel}","templated":true}]}}