{"id":10570,"date":"2016-04-11T17:06:17","date_gmt":"2016-04-11T14:06:17","guid":{"rendered":"http:\/\/btv.md\/?p=10570"},"modified":"2016-04-11T17:06:17","modified_gmt":"2016-04-11T14:06:17","slug":"au-evadat-pentru-o-ora-in-lumea-teatrului","status":"publish","type":"post","link":"https:\/\/www.btv.md\/ro\/au-evadat-pentru-o-ora-in-lumea-teatrului\/","title":{"rendered":"AU EVADAT PENTRU O OR\u0102 \u00ceN LUMEA TEATRULUI"},"content":{"rendered":"<p><strong>Actorii Teatrului Na\u021bional \u201e Vasile Alecsandri\u201d din B\u0103l\u021bi au avut vineri 8 aprilie 15 spectatori speciali. Este vorba despre de\u0163inu\u0163ii Penitenciarului num\u0103rul 11 din ora\u0219,  care s-au bucurat de spectacolul \u201eUltima \u0219ans\u0103\u201d. Reprezentan\u021bii institu\u021biei de deten\u021bie spun c\u0103 aceast\u0103 vizit\u0103 la teatru  are drept scop promovarea integr\u0103rii sociale a persoanelor private de libertate.<\/strong><\/p>\n<p>Unele persoane care au urm\u0103rit piesa au men\u021bionat c\u0103 au p\u0103\u0219it pentru a doua oar\u0103 pragul institu\u021biei de cultur\u0103. Printre acestea este \u0219i Bahna Olga, care se afl\u0103 \u00een deten\u021bie de trei ani. <\/p>\n<p>Dup\u0103 ce a urm\u0103rit cu mult\u0103 aten\u021bie piesa \u201e Ultima \u0219ans\u0103\u201d, Olga a r\u0103mas cople\u0219it\u0103 de emo\u021bii.   <\/p>\n<p>Un alt de\u021binut care a fost impresionat de aceast\u0103 pies\u0103 este \u0219i Ion Rusu. El spune c\u0103 datorit\u0103 comportamentului s\u0103u exemplar, a reu\u0219it s\u0103 evadeze din celul\u0103 pentru a da ochii cu lumea teatrului. <\/p>\n<p>Aceasta nu este prima ie\u0219ire a de\u021binu\u021bilor din penitenciar. Acum o s\u0103pt\u0103m\u00e2na, \u0219ase de\u021binu\u021bi au avut parte de o excursie \u00een incinta Muzeului de Istorie \u0219i Etnografie, unde s-au familiarizat cu istoria ora\u0219ului.<\/p>\n<p>REPORTER:  IRINA  BAXAN<br \/>\nOPERATOR:  VLADIMIR  TATARCIUC<br \/>\nMONTAJ:  IURIE  BOLD<\/p>\n<p><iframe width=\"420\" height=\"315\" data-src=\"https:\/\/www.youtube.com\/embed\/in6-gDnJe84\" frameborder=\"0\" allowfullscreen src=\"data:image\/svg+xml;base64,PHN2ZyB3aWR0aD0iMSIgaGVpZ2h0PSIxIiB4bWxucz0iaHR0cDovL3d3dy53My5vcmcvMjAwMC9zdmciPjwvc3ZnPg==\" class=\"lazyload\" data-load-mode=\"1\"><\/iframe><\/p>\n","protected":false},"excerpt":{"rendered":"<p>Actorii Teatrului Na\u021bional \u201e Vasile Alecsandri\u201d din B\u0103l\u021bi au avut vineri 8 aprilie 15 spectatori speciali. Este vorba despre de\u0163inu\u0163ii Penitenciarului num\u0103rul 11 din ora\u0219, care s-au bucurat de spectacolul \u201eUltima \u0219ans\u0103\u201d. Reprezentan\u021bii institu\u021biei de deten\u021bie spun c\u0103 aceast\u0103 vizit\u0103 la teatru are drept scop promovarea integr\u0103rii sociale a persoanelor private de libertate. Unele persoane [&hellip;]<\/p>\n","protected":false},"author":4,"featured_media":10571,"comment_status":"closed","ping_status":"closed","sticky":false,"template":"","format":"standard","meta":{"footnotes":""},"categories":[6353],"tags":[],"class_list":["post-10570","post","type-post","status-publish","format-standard","has-post-thumbnail","hentry","category-oras"],"yoast_head":"<!-- This site is optimized with the Yoast SEO plugin v27.4 - https:\/\/yoast.com\/product\/yoast-seo-wordpress\/ -->\n<title>AU EVADAT PENTRU O OR\u0102 \u00ceN LUMEA TEATRULUI  - BTV<\/title>\n<meta name=\"robots\" content=\"index, follow, max-snippet:-1, max-image-preview:large, max-video-preview:-1\" \/>\n<link rel=\"canonical\" href=\"https:\/\/www.btv.md\/ro\/au-evadat-pentru-o-ora-in-lumea-teatrului\/\" \/>\n<meta property=\"og:locale\" content=\"ro_RO\" \/>\n<meta property=\"og:type\" content=\"article\" \/>\n<meta property=\"og:title\" content=\"AU EVADAT PENTRU O OR\u0102 \u00ceN LUMEA TEATRULUI  - BTV\" \/>\n<meta property=\"og:description\" content=\"Actorii Teatrului Na\u021bional \u201e Vasile Alecsandri\u201d din B\u0103l\u021bi au avut vineri 8 aprilie 15 spectatori speciali. Este vorba despre de\u0163inu\u0163ii Penitenciarului num\u0103rul 11 din ora\u0219, care s-au bucurat de spectacolul \u201eUltima \u0219ans\u0103\u201d. Reprezentan\u021bii institu\u021biei de deten\u021bie spun c\u0103 aceast\u0103 vizit\u0103 la teatru are drept scop promovarea integr\u0103rii sociale a persoanelor private de libertate. Unele persoane [&hellip;]\" \/>\n<meta property=\"og:url\" content=\"https:\/\/www.btv.md\/ro\/au-evadat-pentru-o-ora-in-lumea-teatrului\/\" \/>\n<meta property=\"og:site_name\" content=\"BTV\" \/>\n<meta property=\"article:publisher\" content=\"https:\/\/www.facebook.com\/btvmoldova\/\" \/>\n<meta property=\"article:published_time\" content=\"2016-04-11T14:06:17+00:00\" \/>\n<meta property=\"og:image\" content=\"https:\/\/www.btv.md\/wp-content\/uploads\/2016\/04\/detinuti.png\" \/>\n\t<meta property=\"og:image:width\" content=\"1015\" \/>\n\t<meta property=\"og:image:height\" content=\"595\" \/>\n\t<meta property=\"og:image:type\" content=\"image\/png\" \/>\n<meta name=\"author\" content=\"admin\" \/>\n<meta name=\"twitter:label1\" content=\"Scris de\" \/>\n\t<meta name=\"twitter:data1\" content=\"admin\" \/>\n\t<meta name=\"twitter:label2\" content=\"Timp estimat pentru citire\" \/>\n\t<meta name=\"twitter:data2\" content=\"1 minut\" \/>\n<script type=\"application\/ld+json\" class=\"yoast-schema-graph\">{\"@context\":\"https:\\\/\\\/schema.org\",\"@graph\":[{\"@type\":\"Article\",\"@id\":\"https:\\\/\\\/www.btv.md\\\/ro\\\/au-evadat-pentru-o-ora-in-lumea-teatrului\\\/#article\",\"isPartOf\":{\"@id\":\"https:\\\/\\\/www.btv.md\\\/ro\\\/au-evadat-pentru-o-ora-in-lumea-teatrului\\\/\"},\"author\":{\"name\":\"admin\",\"@id\":\"https:\\\/\\\/www.btv.md\\\/#\\\/schema\\\/person\\\/8fadce81561b3ce2c34c46dadc4ccbf2\"},\"headline\":\"AU EVADAT PENTRU O OR\u0102 \u00ceN LUMEA TEATRULUI\",\"datePublished\":\"2016-04-11T14:06:17+00:00\",\"mainEntityOfPage\":{\"@id\":\"https:\\\/\\\/www.btv.md\\\/ro\\\/au-evadat-pentru-o-ora-in-lumea-teatrului\\\/\"},\"wordCount\":214,\"image\":{\"@id\":\"https:\\\/\\\/www.btv.md\\\/ro\\\/au-evadat-pentru-o-ora-in-lumea-teatrului\\\/#primaryimage\"},\"thumbnailUrl\":\"https:\\\/\\\/www.btv.md\\\/wp-content\\\/uploads\\\/2016\\\/04\\\/detinuti.png\",\"articleSection\":[\"Ora\u0219\"],\"inLanguage\":\"ro-RO\"},{\"@type\":\"WebPage\",\"@id\":\"https:\\\/\\\/www.btv.md\\\/ro\\\/au-evadat-pentru-o-ora-in-lumea-teatrului\\\/\",\"url\":\"https:\\\/\\\/www.btv.md\\\/ro\\\/au-evadat-pentru-o-ora-in-lumea-teatrului\\\/\",\"name\":\"AU EVADAT PENTRU O OR\u0102 \u00ceN LUMEA TEATRULUI - BTV\",\"isPartOf\":{\"@id\":\"https:\\\/\\\/www.btv.md\\\/#website\"},\"primaryImageOfPage\":{\"@id\":\"https:\\\/\\\/www.btv.md\\\/ro\\\/au-evadat-pentru-o-ora-in-lumea-teatrului\\\/#primaryimage\"},\"image\":{\"@id\":\"https:\\\/\\\/www.btv.md\\\/ro\\\/au-evadat-pentru-o-ora-in-lumea-teatrului\\\/#primaryimage\"},\"thumbnailUrl\":\"https:\\\/\\\/www.btv.md\\\/wp-content\\\/uploads\\\/2016\\\/04\\\/detinuti.png\",\"datePublished\":\"2016-04-11T14:06:17+00:00\",\"author\":{\"@id\":\"https:\\\/\\\/www.btv.md\\\/#\\\/schema\\\/person\\\/8fadce81561b3ce2c34c46dadc4ccbf2\"},\"inLanguage\":\"ro-RO\",\"potentialAction\":[{\"@type\":\"ReadAction\",\"target\":[\"https:\\\/\\\/www.btv.md\\\/ro\\\/au-evadat-pentru-o-ora-in-lumea-teatrului\\\/\"]}]},{\"@type\":\"ImageObject\",\"inLanguage\":\"ro-RO\",\"@id\":\"https:\\\/\\\/www.btv.md\\\/ro\\\/au-evadat-pentru-o-ora-in-lumea-teatrului\\\/#primaryimage\",\"url\":\"https:\\\/\\\/www.btv.md\\\/wp-content\\\/uploads\\\/2016\\\/04\\\/detinuti.png\",\"contentUrl\":\"https:\\\/\\\/www.btv.md\\\/wp-content\\\/uploads\\\/2016\\\/04\\\/detinuti.png\",\"width\":1015,\"height\":595},{\"@type\":\"WebSite\",\"@id\":\"https:\\\/\\\/www.btv.md\\\/#website\",\"url\":\"https:\\\/\\\/www.btv.md\\\/\",\"name\":\"BTV\",\"description\":\"\u0411\u0435\u043b\u044c\u0446\u043a\u043e\u0435 \u0442\u0435\u043b\u0435\u0432\u0438\u0434\u0435\u043d\u0438\u0435\",\"potentialAction\":[{\"@type\":\"SearchAction\",\"target\":{\"@type\":\"EntryPoint\",\"urlTemplate\":\"https:\\\/\\\/www.btv.md\\\/?s={search_term_string}\"},\"query-input\":{\"@type\":\"PropertyValueSpecification\",\"valueRequired\":true,\"valueName\":\"search_term_string\"}}],\"inLanguage\":\"ro-RO\"},{\"@type\":\"Person\",\"@id\":\"https:\\\/\\\/www.btv.md\\\/#\\\/schema\\\/person\\\/8fadce81561b3ce2c34c46dadc4ccbf2\",\"name\":\"admin\"}]}<\/script>\n<!-- \/ Yoast SEO plugin. -->","yoast_head_json":{"title":"AU EVADAT PENTRU O OR\u0102 \u00ceN LUMEA TEATRULUI  - BTV","robots":{"index":"index","follow":"follow","max-snippet":"max-snippet:-1","max-image-preview":"max-image-preview:large","max-video-preview":"max-video-preview:-1"},"canonical":"https:\/\/www.btv.md\/ro\/au-evadat-pentru-o-ora-in-lumea-teatrului\/","og_locale":"ro_RO","og_type":"article","og_title":"AU EVADAT PENTRU O OR\u0102 \u00ceN LUMEA TEATRULUI  - BTV","og_description":"Actorii Teatrului Na\u021bional \u201e Vasile Alecsandri\u201d din B\u0103l\u021bi au avut vineri 8 aprilie 15 spectatori speciali. Este vorba despre de\u0163inu\u0163ii Penitenciarului num\u0103rul 11 din ora\u0219, care s-au bucurat de spectacolul \u201eUltima \u0219ans\u0103\u201d. Reprezentan\u021bii institu\u021biei de deten\u021bie spun c\u0103 aceast\u0103 vizit\u0103 la teatru are drept scop promovarea integr\u0103rii sociale a persoanelor private de libertate. Unele persoane [&hellip;]","og_url":"https:\/\/www.btv.md\/ro\/au-evadat-pentru-o-ora-in-lumea-teatrului\/","og_site_name":"BTV","article_publisher":"https:\/\/www.facebook.com\/btvmoldova\/","article_published_time":"2016-04-11T14:06:17+00:00","og_image":[{"width":1015,"height":595,"url":"https:\/\/www.btv.md\/wp-content\/uploads\/2016\/04\/detinuti.png","type":"image\/png"}],"author":"admin","twitter_misc":{"Scris de":"admin","Timp estimat pentru citire":"1 minut"},"schema":{"@context":"https:\/\/schema.org","@graph":[{"@type":"Article","@id":"https:\/\/www.btv.md\/ro\/au-evadat-pentru-o-ora-in-lumea-teatrului\/#article","isPartOf":{"@id":"https:\/\/www.btv.md\/ro\/au-evadat-pentru-o-ora-in-lumea-teatrului\/"},"author":{"name":"admin","@id":"https:\/\/www.btv.md\/#\/schema\/person\/8fadce81561b3ce2c34c46dadc4ccbf2"},"headline":"AU EVADAT PENTRU O OR\u0102 \u00ceN LUMEA TEATRULUI","datePublished":"2016-04-11T14:06:17+00:00","mainEntityOfPage":{"@id":"https:\/\/www.btv.md\/ro\/au-evadat-pentru-o-ora-in-lumea-teatrului\/"},"wordCount":214,"image":{"@id":"https:\/\/www.btv.md\/ro\/au-evadat-pentru-o-ora-in-lumea-teatrului\/#primaryimage"},"thumbnailUrl":"https:\/\/www.btv.md\/wp-content\/uploads\/2016\/04\/detinuti.png","articleSection":["Ora\u0219"],"inLanguage":"ro-RO"},{"@type":"WebPage","@id":"https:\/\/www.btv.md\/ro\/au-evadat-pentru-o-ora-in-lumea-teatrului\/","url":"https:\/\/www.btv.md\/ro\/au-evadat-pentru-o-ora-in-lumea-teatrului\/","name":"AU EVADAT PENTRU O OR\u0102 \u00ceN LUMEA TEATRULUI - BTV","isPartOf":{"@id":"https:\/\/www.btv.md\/#website"},"primaryImageOfPage":{"@id":"https:\/\/www.btv.md\/ro\/au-evadat-pentru-o-ora-in-lumea-teatrului\/#primaryimage"},"image":{"@id":"https:\/\/www.btv.md\/ro\/au-evadat-pentru-o-ora-in-lumea-teatrului\/#primaryimage"},"thumbnailUrl":"https:\/\/www.btv.md\/wp-content\/uploads\/2016\/04\/detinuti.png","datePublished":"2016-04-11T14:06:17+00:00","author":{"@id":"https:\/\/www.btv.md\/#\/schema\/person\/8fadce81561b3ce2c34c46dadc4ccbf2"},"inLanguage":"ro-RO","potentialAction":[{"@type":"ReadAction","target":["https:\/\/www.btv.md\/ro\/au-evadat-pentru-o-ora-in-lumea-teatrului\/"]}]},{"@type":"ImageObject","inLanguage":"ro-RO","@id":"https:\/\/www.btv.md\/ro\/au-evadat-pentru-o-ora-in-lumea-teatrului\/#primaryimage","url":"https:\/\/www.btv.md\/wp-content\/uploads\/2016\/04\/detinuti.png","contentUrl":"https:\/\/www.btv.md\/wp-content\/uploads\/2016\/04\/detinuti.png","width":1015,"height":595},{"@type":"WebSite","@id":"https:\/\/www.btv.md\/#website","url":"https:\/\/www.btv.md\/","name":"BTV","description":"\u0411\u0435\u043b\u044c\u0446\u043a\u043e\u0435 \u0442\u0435\u043b\u0435\u0432\u0438\u0434\u0435\u043d\u0438\u0435","potentialAction":[{"@type":"SearchAction","target":{"@type":"EntryPoint","urlTemplate":"https:\/\/www.btv.md\/?s={search_term_string}"},"query-input":{"@type":"PropertyValueSpecification","valueRequired":true,"valueName":"search_term_string"}}],"inLanguage":"ro-RO"},{"@type":"Person","@id":"https:\/\/www.btv.md\/#\/schema\/person\/8fadce81561b3ce2c34c46dadc4ccbf2","name":"admin"}]}},"_links":{"self":[{"href":"https:\/\/www.btv.md\/ro\/wp-json\/wp\/v2\/posts\/10570","targetHints":{"allow":["GET"]}}],"collection":[{"href":"https:\/\/www.btv.md\/ro\/wp-json\/wp\/v2\/posts"}],"about":[{"href":"https:\/\/www.btv.md\/ro\/wp-json\/wp\/v2\/types\/post"}],"author":[{"embeddable":true,"href":"https:\/\/www.btv.md\/ro\/wp-json\/wp\/v2\/users\/4"}],"replies":[{"embeddable":true,"href":"https:\/\/www.btv.md\/ro\/wp-json\/wp\/v2\/comments?post=10570"}],"version-history":[{"count":0,"href":"https:\/\/www.btv.md\/ro\/wp-json\/wp\/v2\/posts\/10570\/revisions"}],"wp:featuredmedia":[{"embeddable":true,"href":"https:\/\/www.btv.md\/ro\/wp-json\/wp\/v2\/media\/10571"}],"wp:attachment":[{"href":"https:\/\/www.btv.md\/ro\/wp-json\/wp\/v2\/media?parent=10570"}],"wp:term":[{"taxonomy":"category","embeddable":true,"href":"https:\/\/www.btv.md\/ro\/wp-json\/wp\/v2\/categories?post=10570"},{"taxonomy":"post_tag","embeddable":true,"href":"https:\/\/www.btv.md\/ro\/wp-json\/wp\/v2\/tags?post=10570"}],"curies":[{"name":"wp","href":"https:\/\/api.w.org\/{rel}","templated":true}]}}