{"id":10582,"date":"2016-04-11T18:17:47","date_gmt":"2016-04-11T15:17:47","guid":{"rendered":"http:\/\/btv.md\/?p=10582"},"modified":"2016-04-11T18:17:47","modified_gmt":"2016-04-11T15:17:47","slug":"renato-usatii-amenintat-cu-amenzi-de-mii-de-lei-de-ministrul-mediului","status":"publish","type":"post","link":"https:\/\/www.btv.md\/ro\/renato-usatii-amenintat-cu-amenzi-de-mii-de-lei-de-ministrul-mediului\/","title":{"rendered":"RENATO USAT\u00ceI AMENIN\u021aAT CU AMENZI DE MII DE LEI DE MINISTRUL MEDIULUI"},"content":{"rendered":"<p><strong>Ministrul Mediului, Valeriu Munteanu \u00eel amenin\u021b\u0103 pe Renato Ust\u00e2ii cu amenzi de mii de lei, dac\u0103 \u00een Pia\u021ba Marii Adun\u0103ri Na\u021bionale din Chi\u0219in\u0103u vor fi arse pneuri \u00een ziua protestului din 24 aprilie. Mesajul de avertizare a fost postat de ministru pe pagina sa de facebook. <\/strong><\/p>\n<p>Nelini\u0219tea lui Munteanu vine dup\u0103 ce liderul Partidului Nostru, Renato Usat\u00eei s-a adresat c\u0103tre sus\u021bin\u0103torii s\u0103i s\u0103-\u0219i i-a \u0219i haine de schimb \u00een ziua manifesta\u021biilor. Asta pentru c\u0103 protestul, \u00een caz de necesitate, va fi unul non-stop. De asemenea Usat\u00eei i-a \u00eendemnat pe protestari s-a vin\u0103 cu anvelope care vor fi folosite \u00een loc de scaune sau vor fi aprinse, dac\u0103 protestul va deveni unul nocturn.<\/p>\n<p><iframe width=\"420\" height=\"315\" data-src=\"https:\/\/www.youtube.com\/embed\/2GdEUIzvxjw\" frameborder=\"0\" allowfullscreen src=\"data:image\/svg+xml;base64,PHN2ZyB3aWR0aD0iMSIgaGVpZ2h0PSIxIiB4bWxucz0iaHR0cDovL3d3dy53My5vcmcvMjAwMC9zdmciPjwvc3ZnPg==\" class=\"lazyload\" data-load-mode=\"1\"><\/iframe><\/p>\n","protected":false},"excerpt":{"rendered":"<p>Ministrul Mediului, Valeriu Munteanu \u00eel amenin\u021b\u0103 pe Renato Ust\u00e2ii cu amenzi de mii de lei, dac\u0103 \u00een Pia\u021ba Marii Adun\u0103ri Na\u021bionale din Chi\u0219in\u0103u vor fi arse pneuri \u00een ziua protestului din 24 aprilie. Mesajul de avertizare a fost postat de ministru pe pagina sa de facebook. Nelini\u0219tea lui Munteanu vine dup\u0103 ce liderul Partidului Nostru, [&hellip;]<\/p>\n","protected":false},"author":4,"featured_media":10583,"comment_status":"closed","ping_status":"closed","sticky":false,"template":"","format":"standard","meta":{"footnotes":""},"categories":[6349],"tags":[],"class_list":["post-10582","post","type-post","status-publish","format-standard","has-post-thumbnail","hentry","category-social"],"yoast_head":"<!-- This site is optimized with the Yoast SEO plugin v27.4 - https:\/\/yoast.com\/product\/yoast-seo-wordpress\/ -->\n<title>RENATO USAT\u00ceI AMENIN\u021aAT CU AMENZI DE MII DE LEI DE MINISTRUL MEDIULUI - BTV<\/title>\n<meta name=\"robots\" content=\"index, follow, max-snippet:-1, max-image-preview:large, max-video-preview:-1\" \/>\n<link rel=\"canonical\" href=\"https:\/\/www.btv.md\/ro\/renato-usatii-amenintat-cu-amenzi-de-mii-de-lei-de-ministrul-mediului\/\" \/>\n<meta property=\"og:locale\" content=\"ro_RO\" \/>\n<meta property=\"og:type\" content=\"article\" \/>\n<meta property=\"og:title\" content=\"RENATO USAT\u00ceI AMENIN\u021aAT CU AMENZI DE MII DE LEI DE MINISTRUL MEDIULUI - BTV\" \/>\n<meta property=\"og:description\" content=\"Ministrul Mediului, Valeriu Munteanu \u00eel amenin\u021b\u0103 pe Renato Ust\u00e2ii cu amenzi de mii de lei, dac\u0103 \u00een Pia\u021ba Marii Adun\u0103ri Na\u021bionale din Chi\u0219in\u0103u vor fi arse pneuri \u00een ziua protestului din 24 aprilie. Mesajul de avertizare a fost postat de ministru pe pagina sa de facebook. Nelini\u0219tea lui Munteanu vine dup\u0103 ce liderul Partidului Nostru, [&hellip;]\" \/>\n<meta property=\"og:url\" content=\"https:\/\/www.btv.md\/ro\/renato-usatii-amenintat-cu-amenzi-de-mii-de-lei-de-ministrul-mediului\/\" \/>\n<meta property=\"og:site_name\" content=\"BTV\" \/>\n<meta property=\"article:publisher\" content=\"https:\/\/www.facebook.com\/btvmoldova\/\" \/>\n<meta property=\"article:published_time\" content=\"2016-04-11T15:17:47+00:00\" \/>\n<meta property=\"og:image\" content=\"https:\/\/www.btv.md\/wp-content\/uploads\/2016\/04\/646x404-2.jpg\" \/>\n\t<meta property=\"og:image:width\" content=\"646\" \/>\n\t<meta property=\"og:image:height\" content=\"404\" \/>\n\t<meta property=\"og:image:type\" content=\"image\/jpeg\" \/>\n<meta name=\"author\" content=\"admin\" \/>\n<meta name=\"twitter:label1\" content=\"Scris de\" \/>\n\t<meta name=\"twitter:data1\" content=\"admin\" \/>\n\t<meta name=\"twitter:label2\" content=\"Timp estimat pentru citire\" \/>\n\t<meta name=\"twitter:data2\" content=\"1 minut\" \/>\n<script type=\"application\/ld+json\" class=\"yoast-schema-graph\">{\"@context\":\"https:\\\/\\\/schema.org\",\"@graph\":[{\"@type\":\"Article\",\"@id\":\"https:\\\/\\\/www.btv.md\\\/ro\\\/renato-usatii-amenintat-cu-amenzi-de-mii-de-lei-de-ministrul-mediului\\\/#article\",\"isPartOf\":{\"@id\":\"https:\\\/\\\/www.btv.md\\\/ro\\\/renato-usatii-amenintat-cu-amenzi-de-mii-de-lei-de-ministrul-mediului\\\/\"},\"author\":{\"name\":\"admin\",\"@id\":\"https:\\\/\\\/www.btv.md\\\/#\\\/schema\\\/person\\\/8fadce81561b3ce2c34c46dadc4ccbf2\"},\"headline\":\"RENATO USAT\u00ceI AMENIN\u021aAT CU AMENZI DE MII DE LEI DE MINISTRUL MEDIULUI\",\"datePublished\":\"2016-04-11T15:17:47+00:00\",\"mainEntityOfPage\":{\"@id\":\"https:\\\/\\\/www.btv.md\\\/ro\\\/renato-usatii-amenintat-cu-amenzi-de-mii-de-lei-de-ministrul-mediului\\\/\"},\"wordCount\":141,\"image\":{\"@id\":\"https:\\\/\\\/www.btv.md\\\/ro\\\/renato-usatii-amenintat-cu-amenzi-de-mii-de-lei-de-ministrul-mediului\\\/#primaryimage\"},\"thumbnailUrl\":\"https:\\\/\\\/www.btv.md\\\/wp-content\\\/uploads\\\/2016\\\/04\\\/646x404-2.jpg\",\"articleSection\":[\"Social\"],\"inLanguage\":\"ro-RO\"},{\"@type\":\"WebPage\",\"@id\":\"https:\\\/\\\/www.btv.md\\\/ro\\\/renato-usatii-amenintat-cu-amenzi-de-mii-de-lei-de-ministrul-mediului\\\/\",\"url\":\"https:\\\/\\\/www.btv.md\\\/ro\\\/renato-usatii-amenintat-cu-amenzi-de-mii-de-lei-de-ministrul-mediului\\\/\",\"name\":\"RENATO USAT\u00ceI AMENIN\u021aAT CU AMENZI DE MII DE LEI DE MINISTRUL MEDIULUI - BTV\",\"isPartOf\":{\"@id\":\"https:\\\/\\\/www.btv.md\\\/#website\"},\"primaryImageOfPage\":{\"@id\":\"https:\\\/\\\/www.btv.md\\\/ro\\\/renato-usatii-amenintat-cu-amenzi-de-mii-de-lei-de-ministrul-mediului\\\/#primaryimage\"},\"image\":{\"@id\":\"https:\\\/\\\/www.btv.md\\\/ro\\\/renato-usatii-amenintat-cu-amenzi-de-mii-de-lei-de-ministrul-mediului\\\/#primaryimage\"},\"thumbnailUrl\":\"https:\\\/\\\/www.btv.md\\\/wp-content\\\/uploads\\\/2016\\\/04\\\/646x404-2.jpg\",\"datePublished\":\"2016-04-11T15:17:47+00:00\",\"author\":{\"@id\":\"https:\\\/\\\/www.btv.md\\\/#\\\/schema\\\/person\\\/8fadce81561b3ce2c34c46dadc4ccbf2\"},\"inLanguage\":\"ro-RO\",\"potentialAction\":[{\"@type\":\"ReadAction\",\"target\":[\"https:\\\/\\\/www.btv.md\\\/ro\\\/renato-usatii-amenintat-cu-amenzi-de-mii-de-lei-de-ministrul-mediului\\\/\"]}]},{\"@type\":\"ImageObject\",\"inLanguage\":\"ro-RO\",\"@id\":\"https:\\\/\\\/www.btv.md\\\/ro\\\/renato-usatii-amenintat-cu-amenzi-de-mii-de-lei-de-ministrul-mediului\\\/#primaryimage\",\"url\":\"https:\\\/\\\/www.btv.md\\\/wp-content\\\/uploads\\\/2016\\\/04\\\/646x404-2.jpg\",\"contentUrl\":\"https:\\\/\\\/www.btv.md\\\/wp-content\\\/uploads\\\/2016\\\/04\\\/646x404-2.jpg\",\"width\":646,\"height\":404,\"caption\":\"adevarul.ro\"},{\"@type\":\"WebSite\",\"@id\":\"https:\\\/\\\/www.btv.md\\\/#website\",\"url\":\"https:\\\/\\\/www.btv.md\\\/\",\"name\":\"BTV\",\"description\":\"\u0411\u0435\u043b\u044c\u0446\u043a\u043e\u0435 \u0442\u0435\u043b\u0435\u0432\u0438\u0434\u0435\u043d\u0438\u0435\",\"potentialAction\":[{\"@type\":\"SearchAction\",\"target\":{\"@type\":\"EntryPoint\",\"urlTemplate\":\"https:\\\/\\\/www.btv.md\\\/?s={search_term_string}\"},\"query-input\":{\"@type\":\"PropertyValueSpecification\",\"valueRequired\":true,\"valueName\":\"search_term_string\"}}],\"inLanguage\":\"ro-RO\"},{\"@type\":\"Person\",\"@id\":\"https:\\\/\\\/www.btv.md\\\/#\\\/schema\\\/person\\\/8fadce81561b3ce2c34c46dadc4ccbf2\",\"name\":\"admin\"}]}<\/script>\n<!-- \/ Yoast SEO plugin. -->","yoast_head_json":{"title":"RENATO USAT\u00ceI AMENIN\u021aAT CU AMENZI DE MII DE LEI DE MINISTRUL MEDIULUI - BTV","robots":{"index":"index","follow":"follow","max-snippet":"max-snippet:-1","max-image-preview":"max-image-preview:large","max-video-preview":"max-video-preview:-1"},"canonical":"https:\/\/www.btv.md\/ro\/renato-usatii-amenintat-cu-amenzi-de-mii-de-lei-de-ministrul-mediului\/","og_locale":"ro_RO","og_type":"article","og_title":"RENATO USAT\u00ceI AMENIN\u021aAT CU AMENZI DE MII DE LEI DE MINISTRUL MEDIULUI - BTV","og_description":"Ministrul Mediului, Valeriu Munteanu \u00eel amenin\u021b\u0103 pe Renato Ust\u00e2ii cu amenzi de mii de lei, dac\u0103 \u00een Pia\u021ba Marii Adun\u0103ri Na\u021bionale din Chi\u0219in\u0103u vor fi arse pneuri \u00een ziua protestului din 24 aprilie. Mesajul de avertizare a fost postat de ministru pe pagina sa de facebook. Nelini\u0219tea lui Munteanu vine dup\u0103 ce liderul Partidului Nostru, [&hellip;]","og_url":"https:\/\/www.btv.md\/ro\/renato-usatii-amenintat-cu-amenzi-de-mii-de-lei-de-ministrul-mediului\/","og_site_name":"BTV","article_publisher":"https:\/\/www.facebook.com\/btvmoldova\/","article_published_time":"2016-04-11T15:17:47+00:00","og_image":[{"width":646,"height":404,"url":"https:\/\/www.btv.md\/wp-content\/uploads\/2016\/04\/646x404-2.jpg","type":"image\/jpeg"}],"author":"admin","twitter_misc":{"Scris de":"admin","Timp estimat pentru citire":"1 minut"},"schema":{"@context":"https:\/\/schema.org","@graph":[{"@type":"Article","@id":"https:\/\/www.btv.md\/ro\/renato-usatii-amenintat-cu-amenzi-de-mii-de-lei-de-ministrul-mediului\/#article","isPartOf":{"@id":"https:\/\/www.btv.md\/ro\/renato-usatii-amenintat-cu-amenzi-de-mii-de-lei-de-ministrul-mediului\/"},"author":{"name":"admin","@id":"https:\/\/www.btv.md\/#\/schema\/person\/8fadce81561b3ce2c34c46dadc4ccbf2"},"headline":"RENATO USAT\u00ceI AMENIN\u021aAT CU AMENZI DE MII DE LEI DE MINISTRUL MEDIULUI","datePublished":"2016-04-11T15:17:47+00:00","mainEntityOfPage":{"@id":"https:\/\/www.btv.md\/ro\/renato-usatii-amenintat-cu-amenzi-de-mii-de-lei-de-ministrul-mediului\/"},"wordCount":141,"image":{"@id":"https:\/\/www.btv.md\/ro\/renato-usatii-amenintat-cu-amenzi-de-mii-de-lei-de-ministrul-mediului\/#primaryimage"},"thumbnailUrl":"https:\/\/www.btv.md\/wp-content\/uploads\/2016\/04\/646x404-2.jpg","articleSection":["Social"],"inLanguage":"ro-RO"},{"@type":"WebPage","@id":"https:\/\/www.btv.md\/ro\/renato-usatii-amenintat-cu-amenzi-de-mii-de-lei-de-ministrul-mediului\/","url":"https:\/\/www.btv.md\/ro\/renato-usatii-amenintat-cu-amenzi-de-mii-de-lei-de-ministrul-mediului\/","name":"RENATO USAT\u00ceI AMENIN\u021aAT CU AMENZI DE MII DE LEI DE MINISTRUL MEDIULUI - BTV","isPartOf":{"@id":"https:\/\/www.btv.md\/#website"},"primaryImageOfPage":{"@id":"https:\/\/www.btv.md\/ro\/renato-usatii-amenintat-cu-amenzi-de-mii-de-lei-de-ministrul-mediului\/#primaryimage"},"image":{"@id":"https:\/\/www.btv.md\/ro\/renato-usatii-amenintat-cu-amenzi-de-mii-de-lei-de-ministrul-mediului\/#primaryimage"},"thumbnailUrl":"https:\/\/www.btv.md\/wp-content\/uploads\/2016\/04\/646x404-2.jpg","datePublished":"2016-04-11T15:17:47+00:00","author":{"@id":"https:\/\/www.btv.md\/#\/schema\/person\/8fadce81561b3ce2c34c46dadc4ccbf2"},"inLanguage":"ro-RO","potentialAction":[{"@type":"ReadAction","target":["https:\/\/www.btv.md\/ro\/renato-usatii-amenintat-cu-amenzi-de-mii-de-lei-de-ministrul-mediului\/"]}]},{"@type":"ImageObject","inLanguage":"ro-RO","@id":"https:\/\/www.btv.md\/ro\/renato-usatii-amenintat-cu-amenzi-de-mii-de-lei-de-ministrul-mediului\/#primaryimage","url":"https:\/\/www.btv.md\/wp-content\/uploads\/2016\/04\/646x404-2.jpg","contentUrl":"https:\/\/www.btv.md\/wp-content\/uploads\/2016\/04\/646x404-2.jpg","width":646,"height":404,"caption":"adevarul.ro"},{"@type":"WebSite","@id":"https:\/\/www.btv.md\/#website","url":"https:\/\/www.btv.md\/","name":"BTV","description":"\u0411\u0435\u043b\u044c\u0446\u043a\u043e\u0435 \u0442\u0435\u043b\u0435\u0432\u0438\u0434\u0435\u043d\u0438\u0435","potentialAction":[{"@type":"SearchAction","target":{"@type":"EntryPoint","urlTemplate":"https:\/\/www.btv.md\/?s={search_term_string}"},"query-input":{"@type":"PropertyValueSpecification","valueRequired":true,"valueName":"search_term_string"}}],"inLanguage":"ro-RO"},{"@type":"Person","@id":"https:\/\/www.btv.md\/#\/schema\/person\/8fadce81561b3ce2c34c46dadc4ccbf2","name":"admin"}]}},"_links":{"self":[{"href":"https:\/\/www.btv.md\/ro\/wp-json\/wp\/v2\/posts\/10582","targetHints":{"allow":["GET"]}}],"collection":[{"href":"https:\/\/www.btv.md\/ro\/wp-json\/wp\/v2\/posts"}],"about":[{"href":"https:\/\/www.btv.md\/ro\/wp-json\/wp\/v2\/types\/post"}],"author":[{"embeddable":true,"href":"https:\/\/www.btv.md\/ro\/wp-json\/wp\/v2\/users\/4"}],"replies":[{"embeddable":true,"href":"https:\/\/www.btv.md\/ro\/wp-json\/wp\/v2\/comments?post=10582"}],"version-history":[{"count":0,"href":"https:\/\/www.btv.md\/ro\/wp-json\/wp\/v2\/posts\/10582\/revisions"}],"wp:featuredmedia":[{"embeddable":true,"href":"https:\/\/www.btv.md\/ro\/wp-json\/wp\/v2\/media\/10583"}],"wp:attachment":[{"href":"https:\/\/www.btv.md\/ro\/wp-json\/wp\/v2\/media?parent=10582"}],"wp:term":[{"taxonomy":"category","embeddable":true,"href":"https:\/\/www.btv.md\/ro\/wp-json\/wp\/v2\/categories?post=10582"},{"taxonomy":"post_tag","embeddable":true,"href":"https:\/\/www.btv.md\/ro\/wp-json\/wp\/v2\/tags?post=10582"}],"curies":[{"name":"wp","href":"https:\/\/api.w.org\/{rel}","templated":true}]}}