{"id":10664,"date":"2016-04-13T11:36:21","date_gmt":"2016-04-13T08:36:21","guid":{"rendered":"http:\/\/btv.md\/?p=10664"},"modified":"2016-04-13T11:36:21","modified_gmt":"2016-04-13T08:36:21","slug":"ionita-jaful-secolului-inca-nu-s-a-terminat","status":"publish","type":"post","link":"https:\/\/www.btv.md\/ro\/ionita-jaful-secolului-inca-nu-s-a-terminat\/","title":{"rendered":"IONI\u021a\u0102:  JAFUL  SECOLULUI   \u00ceNC\u0102  NU  S-A  TERMINAT"},"content":{"rendered":"<p><strong>Republica Moldova ar putea fi zguduit\u0103 de un alt \u015foc bancar, care ar putea fi provocat de un eventual atac raider la una dintre cele mai mari institu\u0163ii bancare, scrie <a href=\"https:\/\/point.md\/ro\/noutati\/economic\/veaceslav-ionia58-jaful-secolului-inca-nu-s-a-terminat-la-cea-mai-mare-banca-din-moldova-se-produce-un-atac-raider-1\" target=\"_blank\">point.md<\/a>.<\/strong><\/p>\n<p>Despre aceasta a declarat fostul deputat \u015fi pre\u015fedinte al Comisiei parlamentare Economie, Buget \u015fi Finan\u0163e, Veaceslav Ioni\u0163\u0103, care spune c\u0103 v\u00e2nzarea a 30 la sut\u0103 din ac\u0163iunile unei b\u0103nci mari nu este altceva dec\u00e2t un atac raider. Opiniile au fost exprimate \u00een cadrul unei emisiunii  de la un post privat din \u021bar\u0103.<\/p>\n<p>\u201e<em>\u015ei \u00een trei luni de zile se cere s\u0103-\u015fi v\u00e2nd\u0103 la burs\u0103, avem o burs\u0103 le\u015finat\u0103 \u015fi moart\u0103. \u015ei nu \u00eemi imaginez cum s\u0103 vinzi 30 de procente din cea mai mare banc\u0103 din Moldova, \u00een trei luni la burs\u0103. Deci asta \u00een Rusia se nume\u015fte atac raider, cotizarea institu\u0163iilor statului, la noi cred c\u0103 altfel se cheam\u0103<\/em>\u201d, a declarat Veaceslav Ioni\u0163\u0103.<\/p>\n<p>La r\u00e2ndul s\u0103u, directorul executiv al Centrului \u201eExpert-Grup\u201d, Adrian Lupu\u015for, a men\u0163ionat c\u0103 Banca Na\u0163ional\u0103 ar trebui s\u0103 evite toate \u015focurile bancare similare jafului secolului. \u201e<em>BNM ar trebui s\u0103 fie dotat\u0103 mai bine cu instrumente pentru a face fa\u0163\u0103 unor \u015focuri similare\u201d, a continuat Lupu\u015for. \u00cen context, analistul Victor Ciobanu a men\u0163ionat c\u0103 un astfel de \u015foc deja s-a produs \u00eentr-o banc\u0103 din \u0163ar\u0103. \u201eDeja este, \u00een MAIB nu se observ\u0103, atunci c\u00e2nd sunt exclu\u015fi mai mul\u0163i ac\u0163ionari. Jum\u0103tate din ac\u0163ionari care au fost anterior aproba\u0163i<\/em>\u201d, a completat Ciobanu.<\/p>\n<p>Totodat\u0103, Ioni\u0163\u0103 a men\u0163ionat c\u0103 \u00een condi\u0163iile actuale s-ar mai putea produce un furt similar jafului secolului. \u201e<em>Furtul sau jaful \u00eenc\u0103 nu s-a terminat. Eu vreau s\u0103 \u015ftiu \u015fi domnul Cioclea, \u00een calitate de guvernator, \u00eentr-un termen rezonabil, trei luni, activele care sunt acum, la ce pre\u0163uri se v\u00e2nd? Eu am foarte mari b\u0103nuieli c\u0103 acum este posibil s\u0103 mai jefuie\u015fti \u00eenc\u0103 o dat\u0103<\/em>\u201d, a mai declarat Ioni\u0163\u0103.<\/p>\n","protected":false},"excerpt":{"rendered":"<p>Republica Moldova ar putea fi zguduit\u0103 de un alt \u015foc bancar, care ar putea fi provocat de un eventual atac raider la una dintre cele mai mari institu\u0163ii bancare, scrie point.md. Despre aceasta a declarat fostul deputat \u015fi pre\u015fedinte al Comisiei parlamentare Economie, Buget \u015fi Finan\u0163e, Veaceslav Ioni\u0163\u0103, care spune c\u0103 v\u00e2nzarea a 30 la [&hellip;]<\/p>\n","protected":false},"author":4,"featured_media":10665,"comment_status":"closed","ping_status":"closed","sticky":false,"template":"","format":"standard","meta":{"footnotes":""},"categories":[8],"tags":[],"class_list":["post-10664","post","type-post","status-publish","format-standard","has-post-thumbnail","hentry","category-obshestvo"],"yoast_head":"<!-- This site is optimized with the Yoast SEO plugin v27.4 - https:\/\/yoast.com\/product\/yoast-seo-wordpress\/ -->\n<title>IONI\u021a\u0102: JAFUL SECOLULUI  \u00ceNC\u0102 NU S-A TERMINAT - BTV<\/title>\n<meta name=\"robots\" content=\"index, follow, max-snippet:-1, max-image-preview:large, max-video-preview:-1\" \/>\n<link rel=\"canonical\" href=\"https:\/\/www.btv.md\/ro\/ionita-jaful-secolului-inca-nu-s-a-terminat\/\" \/>\n<meta property=\"og:locale\" content=\"ro_RO\" \/>\n<meta property=\"og:type\" content=\"article\" \/>\n<meta property=\"og:title\" content=\"IONI\u021a\u0102: JAFUL SECOLULUI  \u00ceNC\u0102 NU S-A TERMINAT - BTV\" \/>\n<meta property=\"og:description\" content=\"Republica Moldova ar putea fi zguduit\u0103 de un alt \u015foc bancar, care ar putea fi provocat de un eventual atac raider la una dintre cele mai mari institu\u0163ii bancare, scrie point.md. Despre aceasta a declarat fostul deputat \u015fi pre\u015fedinte al Comisiei parlamentare Economie, Buget \u015fi Finan\u0163e, Veaceslav Ioni\u0163\u0103, care spune c\u0103 v\u00e2nzarea a 30 la [&hellip;]\" \/>\n<meta property=\"og:url\" content=\"https:\/\/www.btv.md\/ro\/ionita-jaful-secolului-inca-nu-s-a-terminat\/\" \/>\n<meta property=\"og:site_name\" content=\"BTV\" \/>\n<meta property=\"article:publisher\" content=\"https:\/\/www.facebook.com\/btvmoldova\/\" \/>\n<meta property=\"article:published_time\" content=\"2016-04-13T08:36:21+00:00\" \/>\n<meta property=\"og:image\" content=\"https:\/\/www.btv.md\/wp-content\/uploads\/2016\/04\/6b8b65a2f047e3a69ad8d7bbf25761b6.jpg\" \/>\n\t<meta property=\"og:image:width\" content=\"370\" \/>\n\t<meta property=\"og:image:height\" content=\"220\" \/>\n\t<meta property=\"og:image:type\" content=\"image\/jpeg\" \/>\n<meta name=\"author\" content=\"admin\" \/>\n<meta name=\"twitter:label1\" content=\"Scris de\" \/>\n\t<meta name=\"twitter:data1\" content=\"admin\" \/>\n\t<meta name=\"twitter:label2\" content=\"Timp estimat pentru citire\" \/>\n\t<meta name=\"twitter:data2\" content=\"2 minute\" \/>\n<script type=\"application\/ld+json\" class=\"yoast-schema-graph\">{\"@context\":\"https:\\\/\\\/schema.org\",\"@graph\":[{\"@type\":\"Article\",\"@id\":\"https:\\\/\\\/www.btv.md\\\/ro\\\/ionita-jaful-secolului-inca-nu-s-a-terminat\\\/#article\",\"isPartOf\":{\"@id\":\"https:\\\/\\\/www.btv.md\\\/ro\\\/ionita-jaful-secolului-inca-nu-s-a-terminat\\\/\"},\"author\":{\"name\":\"admin\",\"@id\":\"https:\\\/\\\/www.btv.md\\\/#\\\/schema\\\/person\\\/8fadce81561b3ce2c34c46dadc4ccbf2\"},\"headline\":\"IONI\u021a\u0102: JAFUL SECOLULUI \u00ceNC\u0102 NU S-A TERMINAT\",\"datePublished\":\"2016-04-13T08:36:21+00:00\",\"mainEntityOfPage\":{\"@id\":\"https:\\\/\\\/www.btv.md\\\/ro\\\/ionita-jaful-secolului-inca-nu-s-a-terminat\\\/\"},\"wordCount\":341,\"image\":{\"@id\":\"https:\\\/\\\/www.btv.md\\\/ro\\\/ionita-jaful-secolului-inca-nu-s-a-terminat\\\/#primaryimage\"},\"thumbnailUrl\":\"https:\\\/\\\/www.btv.md\\\/wp-content\\\/uploads\\\/2016\\\/04\\\/6b8b65a2f047e3a69ad8d7bbf25761b6.jpg\",\"articleSection\":[\"\u041e\u0431\u0449\u0435\u0441\u0442\u0432\u043e\"],\"inLanguage\":\"ro-RO\"},{\"@type\":\"WebPage\",\"@id\":\"https:\\\/\\\/www.btv.md\\\/ro\\\/ionita-jaful-secolului-inca-nu-s-a-terminat\\\/\",\"url\":\"https:\\\/\\\/www.btv.md\\\/ro\\\/ionita-jaful-secolului-inca-nu-s-a-terminat\\\/\",\"name\":\"IONI\u021a\u0102: JAFUL SECOLULUI \u00ceNC\u0102 NU S-A TERMINAT - BTV\",\"isPartOf\":{\"@id\":\"https:\\\/\\\/www.btv.md\\\/#website\"},\"primaryImageOfPage\":{\"@id\":\"https:\\\/\\\/www.btv.md\\\/ro\\\/ionita-jaful-secolului-inca-nu-s-a-terminat\\\/#primaryimage\"},\"image\":{\"@id\":\"https:\\\/\\\/www.btv.md\\\/ro\\\/ionita-jaful-secolului-inca-nu-s-a-terminat\\\/#primaryimage\"},\"thumbnailUrl\":\"https:\\\/\\\/www.btv.md\\\/wp-content\\\/uploads\\\/2016\\\/04\\\/6b8b65a2f047e3a69ad8d7bbf25761b6.jpg\",\"datePublished\":\"2016-04-13T08:36:21+00:00\",\"author\":{\"@id\":\"https:\\\/\\\/www.btv.md\\\/#\\\/schema\\\/person\\\/8fadce81561b3ce2c34c46dadc4ccbf2\"},\"inLanguage\":\"ro-RO\",\"potentialAction\":[{\"@type\":\"ReadAction\",\"target\":[\"https:\\\/\\\/www.btv.md\\\/ro\\\/ionita-jaful-secolului-inca-nu-s-a-terminat\\\/\"]}]},{\"@type\":\"ImageObject\",\"inLanguage\":\"ro-RO\",\"@id\":\"https:\\\/\\\/www.btv.md\\\/ro\\\/ionita-jaful-secolului-inca-nu-s-a-terminat\\\/#primaryimage\",\"url\":\"https:\\\/\\\/www.btv.md\\\/wp-content\\\/uploads\\\/2016\\\/04\\\/6b8b65a2f047e3a69ad8d7bbf25761b6.jpg\",\"contentUrl\":\"https:\\\/\\\/www.btv.md\\\/wp-content\\\/uploads\\\/2016\\\/04\\\/6b8b65a2f047e3a69ad8d7bbf25761b6.jpg\",\"width\":370,\"height\":220,\"caption\":\"point.md\"},{\"@type\":\"WebSite\",\"@id\":\"https:\\\/\\\/www.btv.md\\\/#website\",\"url\":\"https:\\\/\\\/www.btv.md\\\/\",\"name\":\"BTV\",\"description\":\"\u0411\u0435\u043b\u044c\u0446\u043a\u043e\u0435 \u0442\u0435\u043b\u0435\u0432\u0438\u0434\u0435\u043d\u0438\u0435\",\"potentialAction\":[{\"@type\":\"SearchAction\",\"target\":{\"@type\":\"EntryPoint\",\"urlTemplate\":\"https:\\\/\\\/www.btv.md\\\/?s={search_term_string}\"},\"query-input\":{\"@type\":\"PropertyValueSpecification\",\"valueRequired\":true,\"valueName\":\"search_term_string\"}}],\"inLanguage\":\"ro-RO\"},{\"@type\":\"Person\",\"@id\":\"https:\\\/\\\/www.btv.md\\\/#\\\/schema\\\/person\\\/8fadce81561b3ce2c34c46dadc4ccbf2\",\"name\":\"admin\"}]}<\/script>\n<!-- \/ Yoast SEO plugin. -->","yoast_head_json":{"title":"IONI\u021a\u0102: JAFUL SECOLULUI  \u00ceNC\u0102 NU S-A TERMINAT - BTV","robots":{"index":"index","follow":"follow","max-snippet":"max-snippet:-1","max-image-preview":"max-image-preview:large","max-video-preview":"max-video-preview:-1"},"canonical":"https:\/\/www.btv.md\/ro\/ionita-jaful-secolului-inca-nu-s-a-terminat\/","og_locale":"ro_RO","og_type":"article","og_title":"IONI\u021a\u0102: JAFUL SECOLULUI  \u00ceNC\u0102 NU S-A TERMINAT - BTV","og_description":"Republica Moldova ar putea fi zguduit\u0103 de un alt \u015foc bancar, care ar putea fi provocat de un eventual atac raider la una dintre cele mai mari institu\u0163ii bancare, scrie point.md. Despre aceasta a declarat fostul deputat \u015fi pre\u015fedinte al Comisiei parlamentare Economie, Buget \u015fi Finan\u0163e, Veaceslav Ioni\u0163\u0103, care spune c\u0103 v\u00e2nzarea a 30 la [&hellip;]","og_url":"https:\/\/www.btv.md\/ro\/ionita-jaful-secolului-inca-nu-s-a-terminat\/","og_site_name":"BTV","article_publisher":"https:\/\/www.facebook.com\/btvmoldova\/","article_published_time":"2016-04-13T08:36:21+00:00","og_image":[{"width":370,"height":220,"url":"https:\/\/www.btv.md\/wp-content\/uploads\/2016\/04\/6b8b65a2f047e3a69ad8d7bbf25761b6.jpg","type":"image\/jpeg"}],"author":"admin","twitter_misc":{"Scris de":"admin","Timp estimat pentru citire":"2 minute"},"schema":{"@context":"https:\/\/schema.org","@graph":[{"@type":"Article","@id":"https:\/\/www.btv.md\/ro\/ionita-jaful-secolului-inca-nu-s-a-terminat\/#article","isPartOf":{"@id":"https:\/\/www.btv.md\/ro\/ionita-jaful-secolului-inca-nu-s-a-terminat\/"},"author":{"name":"admin","@id":"https:\/\/www.btv.md\/#\/schema\/person\/8fadce81561b3ce2c34c46dadc4ccbf2"},"headline":"IONI\u021a\u0102: JAFUL SECOLULUI \u00ceNC\u0102 NU S-A TERMINAT","datePublished":"2016-04-13T08:36:21+00:00","mainEntityOfPage":{"@id":"https:\/\/www.btv.md\/ro\/ionita-jaful-secolului-inca-nu-s-a-terminat\/"},"wordCount":341,"image":{"@id":"https:\/\/www.btv.md\/ro\/ionita-jaful-secolului-inca-nu-s-a-terminat\/#primaryimage"},"thumbnailUrl":"https:\/\/www.btv.md\/wp-content\/uploads\/2016\/04\/6b8b65a2f047e3a69ad8d7bbf25761b6.jpg","articleSection":["\u041e\u0431\u0449\u0435\u0441\u0442\u0432\u043e"],"inLanguage":"ro-RO"},{"@type":"WebPage","@id":"https:\/\/www.btv.md\/ro\/ionita-jaful-secolului-inca-nu-s-a-terminat\/","url":"https:\/\/www.btv.md\/ro\/ionita-jaful-secolului-inca-nu-s-a-terminat\/","name":"IONI\u021a\u0102: JAFUL SECOLULUI \u00ceNC\u0102 NU S-A TERMINAT - BTV","isPartOf":{"@id":"https:\/\/www.btv.md\/#website"},"primaryImageOfPage":{"@id":"https:\/\/www.btv.md\/ro\/ionita-jaful-secolului-inca-nu-s-a-terminat\/#primaryimage"},"image":{"@id":"https:\/\/www.btv.md\/ro\/ionita-jaful-secolului-inca-nu-s-a-terminat\/#primaryimage"},"thumbnailUrl":"https:\/\/www.btv.md\/wp-content\/uploads\/2016\/04\/6b8b65a2f047e3a69ad8d7bbf25761b6.jpg","datePublished":"2016-04-13T08:36:21+00:00","author":{"@id":"https:\/\/www.btv.md\/#\/schema\/person\/8fadce81561b3ce2c34c46dadc4ccbf2"},"inLanguage":"ro-RO","potentialAction":[{"@type":"ReadAction","target":["https:\/\/www.btv.md\/ro\/ionita-jaful-secolului-inca-nu-s-a-terminat\/"]}]},{"@type":"ImageObject","inLanguage":"ro-RO","@id":"https:\/\/www.btv.md\/ro\/ionita-jaful-secolului-inca-nu-s-a-terminat\/#primaryimage","url":"https:\/\/www.btv.md\/wp-content\/uploads\/2016\/04\/6b8b65a2f047e3a69ad8d7bbf25761b6.jpg","contentUrl":"https:\/\/www.btv.md\/wp-content\/uploads\/2016\/04\/6b8b65a2f047e3a69ad8d7bbf25761b6.jpg","width":370,"height":220,"caption":"point.md"},{"@type":"WebSite","@id":"https:\/\/www.btv.md\/#website","url":"https:\/\/www.btv.md\/","name":"BTV","description":"\u0411\u0435\u043b\u044c\u0446\u043a\u043e\u0435 \u0442\u0435\u043b\u0435\u0432\u0438\u0434\u0435\u043d\u0438\u0435","potentialAction":[{"@type":"SearchAction","target":{"@type":"EntryPoint","urlTemplate":"https:\/\/www.btv.md\/?s={search_term_string}"},"query-input":{"@type":"PropertyValueSpecification","valueRequired":true,"valueName":"search_term_string"}}],"inLanguage":"ro-RO"},{"@type":"Person","@id":"https:\/\/www.btv.md\/#\/schema\/person\/8fadce81561b3ce2c34c46dadc4ccbf2","name":"admin"}]}},"_links":{"self":[{"href":"https:\/\/www.btv.md\/ro\/wp-json\/wp\/v2\/posts\/10664","targetHints":{"allow":["GET"]}}],"collection":[{"href":"https:\/\/www.btv.md\/ro\/wp-json\/wp\/v2\/posts"}],"about":[{"href":"https:\/\/www.btv.md\/ro\/wp-json\/wp\/v2\/types\/post"}],"author":[{"embeddable":true,"href":"https:\/\/www.btv.md\/ro\/wp-json\/wp\/v2\/users\/4"}],"replies":[{"embeddable":true,"href":"https:\/\/www.btv.md\/ro\/wp-json\/wp\/v2\/comments?post=10664"}],"version-history":[{"count":0,"href":"https:\/\/www.btv.md\/ro\/wp-json\/wp\/v2\/posts\/10664\/revisions"}],"wp:featuredmedia":[{"embeddable":true,"href":"https:\/\/www.btv.md\/ro\/wp-json\/wp\/v2\/media\/10665"}],"wp:attachment":[{"href":"https:\/\/www.btv.md\/ro\/wp-json\/wp\/v2\/media?parent=10664"}],"wp:term":[{"taxonomy":"category","embeddable":true,"href":"https:\/\/www.btv.md\/ro\/wp-json\/wp\/v2\/categories?post=10664"},{"taxonomy":"post_tag","embeddable":true,"href":"https:\/\/www.btv.md\/ro\/wp-json\/wp\/v2\/tags?post=10664"}],"curies":[{"name":"wp","href":"https:\/\/api.w.org\/{rel}","templated":true}]}}