{"id":10667,"date":"2016-04-13T11:39:43","date_gmt":"2016-04-13T08:39:43","guid":{"rendered":"http:\/\/btv.md\/?p=10667"},"modified":"2016-04-13T11:39:43","modified_gmt":"2016-04-13T08:39:43","slug":"risca-sa-ramana-fara-doua-degete","status":"publish","type":"post","link":"https:\/\/www.btv.md\/ro\/risca-sa-ramana-fara-doua-degete\/","title":{"rendered":"RISC\u0102  S\u0102  R\u0102M\u00c2N\u0102  F\u0102R\u0102  DOU\u0102  DEGETE"},"content":{"rendered":"<p><strong>O feti\u0163\u0103 de cinci ani din raionul S\u00e2ngerei risc\u0103 s\u0103 r\u0103m\u00e2n\u0103 f\u0103r\u0103 dou\u0103 degete la m\u00e2na st\u00e2ng\u0103 dup\u0103 ce a b\u0103gat m\u00e2na \u00eentr-un aparat de m\u0103run\u0163it furaje, scrie <a href=\"http:\/\/jurnal.md\/ro\/social\/2016\/4\/12\/o-fetita-de-cinci-ani-risca-sa-ramana-fara-doua-degete-dupa-ce-a-bagat-mana-intr-un-utilaj-de-maruntit-furaj\/\" target=\"_blank\">jurnal.md<\/a>.<\/strong><\/p>\n<p>Accidentul s-a produs ieri, \u00een timp ce feti\u0163a \u015fi fratele ei mai mare se afla la ni\u015fte vecini. Profit\u00e2nd de neaten\u0163ia vecinilor, copila \u015fi-a b\u0103gat m\u00e2na \u00een utilajul care era pornit.<\/p>\n<p>Fata a fost transportat\u0103 de urgen\u0163\u0103 la spital.<\/p>\n<p>Potrivit medicilor, copilul a fost supus unei interven\u0163ii chirurgicale de restabilire a falangelor. Dac\u0103 \u00een decursul a dou\u0103 zile degetele nu se vor recupera, acestea vor fi amputate.<\/p>\n","protected":false},"excerpt":{"rendered":"<p>O feti\u0163\u0103 de cinci ani din raionul S\u00e2ngerei risc\u0103 s\u0103 r\u0103m\u00e2n\u0103 f\u0103r\u0103 dou\u0103 degete la m\u00e2na st\u00e2ng\u0103 dup\u0103 ce a b\u0103gat m\u00e2na \u00eentr-un aparat de m\u0103run\u0163it furaje, scrie jurnal.md. Accidentul s-a produs ieri, \u00een timp ce feti\u0163a \u015fi fratele ei mai mare se afla la ni\u015fte vecini. Profit\u00e2nd de neaten\u0163ia vecinilor, copila \u015fi-a b\u0103gat m\u00e2na [&hellip;]<\/p>\n","protected":false},"author":4,"featured_media":10668,"comment_status":"closed","ping_status":"closed","sticky":false,"template":"","format":"standard","meta":{"footnotes":""},"categories":[6351],"tags":[],"class_list":["post-10667","post","type-post","status-publish","format-standard","has-post-thumbnail","hentry","category-incidente"],"yoast_head":"<!-- This site is optimized with the Yoast SEO plugin v27.4 - https:\/\/yoast.com\/product\/yoast-seo-wordpress\/ -->\n<title>RISC\u0102 S\u0102 R\u0102M\u00c2N\u0102 F\u0102R\u0102 DOU\u0102 DEGETE  - BTV<\/title>\n<meta name=\"robots\" content=\"index, follow, max-snippet:-1, max-image-preview:large, max-video-preview:-1\" \/>\n<link rel=\"canonical\" href=\"https:\/\/www.btv.md\/ro\/risca-sa-ramana-fara-doua-degete\/\" \/>\n<meta property=\"og:locale\" content=\"ro_RO\" \/>\n<meta property=\"og:type\" content=\"article\" \/>\n<meta property=\"og:title\" content=\"RISC\u0102 S\u0102 R\u0102M\u00c2N\u0102 F\u0102R\u0102 DOU\u0102 DEGETE  - BTV\" \/>\n<meta property=\"og:description\" content=\"O feti\u0163\u0103 de cinci ani din raionul S\u00e2ngerei risc\u0103 s\u0103 r\u0103m\u00e2n\u0103 f\u0103r\u0103 dou\u0103 degete la m\u00e2na st\u00e2ng\u0103 dup\u0103 ce a b\u0103gat m\u00e2na \u00eentr-un aparat de m\u0103run\u0163it furaje, scrie jurnal.md. Accidentul s-a produs ieri, \u00een timp ce feti\u0163a \u015fi fratele ei mai mare se afla la ni\u015fte vecini. Profit\u00e2nd de neaten\u0163ia vecinilor, copila \u015fi-a b\u0103gat m\u00e2na [&hellip;]\" \/>\n<meta property=\"og:url\" content=\"https:\/\/www.btv.md\/ro\/risca-sa-ramana-fara-doua-degete\/\" \/>\n<meta property=\"og:site_name\" content=\"BTV\" \/>\n<meta property=\"article:publisher\" content=\"https:\/\/www.facebook.com\/btvmoldova\/\" \/>\n<meta property=\"article:published_time\" content=\"2016-04-13T08:39:43+00:00\" \/>\n<meta property=\"og:image\" content=\"https:\/\/www.btv.md\/wp-content\/uploads\/2016\/04\/pompieri-salvatori-smurd.jpg\" \/>\n\t<meta property=\"og:image:width\" content=\"960\" \/>\n\t<meta property=\"og:image:height\" content=\"640\" \/>\n\t<meta property=\"og:image:type\" content=\"image\/jpeg\" \/>\n<meta name=\"author\" content=\"admin\" \/>\n<meta name=\"twitter:label1\" content=\"Scris de\" \/>\n\t<meta name=\"twitter:data1\" content=\"admin\" \/>\n\t<meta name=\"twitter:label2\" content=\"Timp estimat pentru citire\" \/>\n\t<meta name=\"twitter:data2\" content=\"1 minut\" \/>\n<script type=\"application\/ld+json\" class=\"yoast-schema-graph\">{\"@context\":\"https:\\\/\\\/schema.org\",\"@graph\":[{\"@type\":\"Article\",\"@id\":\"https:\\\/\\\/www.btv.md\\\/ro\\\/risca-sa-ramana-fara-doua-degete\\\/#article\",\"isPartOf\":{\"@id\":\"https:\\\/\\\/www.btv.md\\\/ro\\\/risca-sa-ramana-fara-doua-degete\\\/\"},\"author\":{\"name\":\"admin\",\"@id\":\"https:\\\/\\\/www.btv.md\\\/#\\\/schema\\\/person\\\/8fadce81561b3ce2c34c46dadc4ccbf2\"},\"headline\":\"RISC\u0102 S\u0102 R\u0102M\u00c2N\u0102 F\u0102R\u0102 DOU\u0102 DEGETE\",\"datePublished\":\"2016-04-13T08:39:43+00:00\",\"mainEntityOfPage\":{\"@id\":\"https:\\\/\\\/www.btv.md\\\/ro\\\/risca-sa-ramana-fara-doua-degete\\\/\"},\"wordCount\":123,\"image\":{\"@id\":\"https:\\\/\\\/www.btv.md\\\/ro\\\/risca-sa-ramana-fara-doua-degete\\\/#primaryimage\"},\"thumbnailUrl\":\"https:\\\/\\\/www.btv.md\\\/wp-content\\\/uploads\\\/2016\\\/04\\\/pompieri-salvatori-smurd.jpg\",\"articleSection\":[\"Incidente\"],\"inLanguage\":\"ro-RO\"},{\"@type\":\"WebPage\",\"@id\":\"https:\\\/\\\/www.btv.md\\\/ro\\\/risca-sa-ramana-fara-doua-degete\\\/\",\"url\":\"https:\\\/\\\/www.btv.md\\\/ro\\\/risca-sa-ramana-fara-doua-degete\\\/\",\"name\":\"RISC\u0102 S\u0102 R\u0102M\u00c2N\u0102 F\u0102R\u0102 DOU\u0102 DEGETE - BTV\",\"isPartOf\":{\"@id\":\"https:\\\/\\\/www.btv.md\\\/#website\"},\"primaryImageOfPage\":{\"@id\":\"https:\\\/\\\/www.btv.md\\\/ro\\\/risca-sa-ramana-fara-doua-degete\\\/#primaryimage\"},\"image\":{\"@id\":\"https:\\\/\\\/www.btv.md\\\/ro\\\/risca-sa-ramana-fara-doua-degete\\\/#primaryimage\"},\"thumbnailUrl\":\"https:\\\/\\\/www.btv.md\\\/wp-content\\\/uploads\\\/2016\\\/04\\\/pompieri-salvatori-smurd.jpg\",\"datePublished\":\"2016-04-13T08:39:43+00:00\",\"author\":{\"@id\":\"https:\\\/\\\/www.btv.md\\\/#\\\/schema\\\/person\\\/8fadce81561b3ce2c34c46dadc4ccbf2\"},\"inLanguage\":\"ro-RO\",\"potentialAction\":[{\"@type\":\"ReadAction\",\"target\":[\"https:\\\/\\\/www.btv.md\\\/ro\\\/risca-sa-ramana-fara-doua-degete\\\/\"]}]},{\"@type\":\"ImageObject\",\"inLanguage\":\"ro-RO\",\"@id\":\"https:\\\/\\\/www.btv.md\\\/ro\\\/risca-sa-ramana-fara-doua-degete\\\/#primaryimage\",\"url\":\"https:\\\/\\\/www.btv.md\\\/wp-content\\\/uploads\\\/2016\\\/04\\\/pompieri-salvatori-smurd.jpg\",\"contentUrl\":\"https:\\\/\\\/www.btv.md\\\/wp-content\\\/uploads\\\/2016\\\/04\\\/pompieri-salvatori-smurd.jpg\",\"width\":960,\"height\":640,\"caption\":\"www.moldova.org\"},{\"@type\":\"WebSite\",\"@id\":\"https:\\\/\\\/www.btv.md\\\/#website\",\"url\":\"https:\\\/\\\/www.btv.md\\\/\",\"name\":\"BTV\",\"description\":\"\u0411\u0435\u043b\u044c\u0446\u043a\u043e\u0435 \u0442\u0435\u043b\u0435\u0432\u0438\u0434\u0435\u043d\u0438\u0435\",\"potentialAction\":[{\"@type\":\"SearchAction\",\"target\":{\"@type\":\"EntryPoint\",\"urlTemplate\":\"https:\\\/\\\/www.btv.md\\\/?s={search_term_string}\"},\"query-input\":{\"@type\":\"PropertyValueSpecification\",\"valueRequired\":true,\"valueName\":\"search_term_string\"}}],\"inLanguage\":\"ro-RO\"},{\"@type\":\"Person\",\"@id\":\"https:\\\/\\\/www.btv.md\\\/#\\\/schema\\\/person\\\/8fadce81561b3ce2c34c46dadc4ccbf2\",\"name\":\"admin\"}]}<\/script>\n<!-- \/ Yoast SEO plugin. -->","yoast_head_json":{"title":"RISC\u0102 S\u0102 R\u0102M\u00c2N\u0102 F\u0102R\u0102 DOU\u0102 DEGETE  - BTV","robots":{"index":"index","follow":"follow","max-snippet":"max-snippet:-1","max-image-preview":"max-image-preview:large","max-video-preview":"max-video-preview:-1"},"canonical":"https:\/\/www.btv.md\/ro\/risca-sa-ramana-fara-doua-degete\/","og_locale":"ro_RO","og_type":"article","og_title":"RISC\u0102 S\u0102 R\u0102M\u00c2N\u0102 F\u0102R\u0102 DOU\u0102 DEGETE  - BTV","og_description":"O feti\u0163\u0103 de cinci ani din raionul S\u00e2ngerei risc\u0103 s\u0103 r\u0103m\u00e2n\u0103 f\u0103r\u0103 dou\u0103 degete la m\u00e2na st\u00e2ng\u0103 dup\u0103 ce a b\u0103gat m\u00e2na \u00eentr-un aparat de m\u0103run\u0163it furaje, scrie jurnal.md. Accidentul s-a produs ieri, \u00een timp ce feti\u0163a \u015fi fratele ei mai mare se afla la ni\u015fte vecini. Profit\u00e2nd de neaten\u0163ia vecinilor, copila \u015fi-a b\u0103gat m\u00e2na [&hellip;]","og_url":"https:\/\/www.btv.md\/ro\/risca-sa-ramana-fara-doua-degete\/","og_site_name":"BTV","article_publisher":"https:\/\/www.facebook.com\/btvmoldova\/","article_published_time":"2016-04-13T08:39:43+00:00","og_image":[{"width":960,"height":640,"url":"https:\/\/www.btv.md\/wp-content\/uploads\/2016\/04\/pompieri-salvatori-smurd.jpg","type":"image\/jpeg"}],"author":"admin","twitter_misc":{"Scris de":"admin","Timp estimat pentru citire":"1 minut"},"schema":{"@context":"https:\/\/schema.org","@graph":[{"@type":"Article","@id":"https:\/\/www.btv.md\/ro\/risca-sa-ramana-fara-doua-degete\/#article","isPartOf":{"@id":"https:\/\/www.btv.md\/ro\/risca-sa-ramana-fara-doua-degete\/"},"author":{"name":"admin","@id":"https:\/\/www.btv.md\/#\/schema\/person\/8fadce81561b3ce2c34c46dadc4ccbf2"},"headline":"RISC\u0102 S\u0102 R\u0102M\u00c2N\u0102 F\u0102R\u0102 DOU\u0102 DEGETE","datePublished":"2016-04-13T08:39:43+00:00","mainEntityOfPage":{"@id":"https:\/\/www.btv.md\/ro\/risca-sa-ramana-fara-doua-degete\/"},"wordCount":123,"image":{"@id":"https:\/\/www.btv.md\/ro\/risca-sa-ramana-fara-doua-degete\/#primaryimage"},"thumbnailUrl":"https:\/\/www.btv.md\/wp-content\/uploads\/2016\/04\/pompieri-salvatori-smurd.jpg","articleSection":["Incidente"],"inLanguage":"ro-RO"},{"@type":"WebPage","@id":"https:\/\/www.btv.md\/ro\/risca-sa-ramana-fara-doua-degete\/","url":"https:\/\/www.btv.md\/ro\/risca-sa-ramana-fara-doua-degete\/","name":"RISC\u0102 S\u0102 R\u0102M\u00c2N\u0102 F\u0102R\u0102 DOU\u0102 DEGETE - BTV","isPartOf":{"@id":"https:\/\/www.btv.md\/#website"},"primaryImageOfPage":{"@id":"https:\/\/www.btv.md\/ro\/risca-sa-ramana-fara-doua-degete\/#primaryimage"},"image":{"@id":"https:\/\/www.btv.md\/ro\/risca-sa-ramana-fara-doua-degete\/#primaryimage"},"thumbnailUrl":"https:\/\/www.btv.md\/wp-content\/uploads\/2016\/04\/pompieri-salvatori-smurd.jpg","datePublished":"2016-04-13T08:39:43+00:00","author":{"@id":"https:\/\/www.btv.md\/#\/schema\/person\/8fadce81561b3ce2c34c46dadc4ccbf2"},"inLanguage":"ro-RO","potentialAction":[{"@type":"ReadAction","target":["https:\/\/www.btv.md\/ro\/risca-sa-ramana-fara-doua-degete\/"]}]},{"@type":"ImageObject","inLanguage":"ro-RO","@id":"https:\/\/www.btv.md\/ro\/risca-sa-ramana-fara-doua-degete\/#primaryimage","url":"https:\/\/www.btv.md\/wp-content\/uploads\/2016\/04\/pompieri-salvatori-smurd.jpg","contentUrl":"https:\/\/www.btv.md\/wp-content\/uploads\/2016\/04\/pompieri-salvatori-smurd.jpg","width":960,"height":640,"caption":"www.moldova.org"},{"@type":"WebSite","@id":"https:\/\/www.btv.md\/#website","url":"https:\/\/www.btv.md\/","name":"BTV","description":"\u0411\u0435\u043b\u044c\u0446\u043a\u043e\u0435 \u0442\u0435\u043b\u0435\u0432\u0438\u0434\u0435\u043d\u0438\u0435","potentialAction":[{"@type":"SearchAction","target":{"@type":"EntryPoint","urlTemplate":"https:\/\/www.btv.md\/?s={search_term_string}"},"query-input":{"@type":"PropertyValueSpecification","valueRequired":true,"valueName":"search_term_string"}}],"inLanguage":"ro-RO"},{"@type":"Person","@id":"https:\/\/www.btv.md\/#\/schema\/person\/8fadce81561b3ce2c34c46dadc4ccbf2","name":"admin"}]}},"_links":{"self":[{"href":"https:\/\/www.btv.md\/ro\/wp-json\/wp\/v2\/posts\/10667","targetHints":{"allow":["GET"]}}],"collection":[{"href":"https:\/\/www.btv.md\/ro\/wp-json\/wp\/v2\/posts"}],"about":[{"href":"https:\/\/www.btv.md\/ro\/wp-json\/wp\/v2\/types\/post"}],"author":[{"embeddable":true,"href":"https:\/\/www.btv.md\/ro\/wp-json\/wp\/v2\/users\/4"}],"replies":[{"embeddable":true,"href":"https:\/\/www.btv.md\/ro\/wp-json\/wp\/v2\/comments?post=10667"}],"version-history":[{"count":0,"href":"https:\/\/www.btv.md\/ro\/wp-json\/wp\/v2\/posts\/10667\/revisions"}],"wp:featuredmedia":[{"embeddable":true,"href":"https:\/\/www.btv.md\/ro\/wp-json\/wp\/v2\/media\/10668"}],"wp:attachment":[{"href":"https:\/\/www.btv.md\/ro\/wp-json\/wp\/v2\/media?parent=10667"}],"wp:term":[{"taxonomy":"category","embeddable":true,"href":"https:\/\/www.btv.md\/ro\/wp-json\/wp\/v2\/categories?post=10667"},{"taxonomy":"post_tag","embeddable":true,"href":"https:\/\/www.btv.md\/ro\/wp-json\/wp\/v2\/tags?post=10667"}],"curies":[{"name":"wp","href":"https:\/\/api.w.org\/{rel}","templated":true}]}}