{"id":10758,"date":"2016-04-14T11:29:22","date_gmt":"2016-04-14T08:29:22","guid":{"rendered":"http:\/\/btv.md\/?p=10758"},"modified":"2016-04-14T11:29:22","modified_gmt":"2016-04-14T08:29:22","slug":"alegerile-rectorului-universitatii-de-stat-din-balti-au-fost-fraudate","status":"publish","type":"post","link":"https:\/\/www.btv.md\/ro\/alegerile-rectorului-universitatii-de-stat-din-balti-au-fost-fraudate\/","title":{"rendered":"ALEGERILE RECTORULUI UNIVERSIT\u0102\u021aII DE STAT DIN B\u0102L\u021aI AU FOST FRAUDATE"},"content":{"rendered":"<p><strong>Actualul Rector al Universit\u0103\u021bii de Stat \u201eAlecu Russo\u201d din B\u0103l\u021bi a fost ales \u00een baza intereselor de partid. Declara\u021biile au fost  f\u0103cut\u0103 de decanul facult\u0103\u021bii \u0218tiin\u021be Reale, Economice \u0219i ale Mediului a acelia\u0219i universit\u0103\u021bi \u00een cadrul emisiunii \u201e\u041b\u0418\u0426\u041e\u041c \u041a \u041b\u0418\u0426\u0423\u201d de la BTV.<\/strong><\/p>\n<p>Decanul facult\u0103\u021bii \u0218tiin\u021be Reale, Pavel Topal\u0103 a men\u021bionat c\u0103 Ion Gagim a fost ales \u00een func\u021bia de rector \u00eentr-un scrutin  fraudat. Potrivit lui, astfel de f\u0103r\u0103delegi au fost f\u0103cute cu suportul unor partide politice care se afl\u0103 la  guvernarea. Topal\u0103 a mai ad\u0103ugat c\u0103 a depus la fel  dosarul de participare \u00een competi\u021bia elector\u0103, \u00eens\u0103 din varii motive dosrul s\u0103u a fost retras.  <\/p>\n<p>Ion Gagim a fost ales la func\u021bia de rector a Universit\u0103\u021bii de Stat \u201eAlecu Russo\u201d \u00een data de 22 decembrie, 2015 cu votul a 276 de persoane. <\/p>\n<p><iframe width=\"420\" height=\"315\" data-src=\"https:\/\/www.youtube.com\/embed\/EYx9emN5-Sw\" frameborder=\"0\" allowfullscreen src=\"data:image\/svg+xml;base64,PHN2ZyB3aWR0aD0iMSIgaGVpZ2h0PSIxIiB4bWxucz0iaHR0cDovL3d3dy53My5vcmcvMjAwMC9zdmciPjwvc3ZnPg==\" class=\"lazyload\" data-load-mode=\"1\"><\/iframe><\/p>\n","protected":false},"excerpt":{"rendered":"<p>Actualul Rector al Universit\u0103\u021bii de Stat \u201eAlecu Russo\u201d din B\u0103l\u021bi a fost ales \u00een baza intereselor de partid. Declara\u021biile au fost f\u0103cut\u0103 de decanul facult\u0103\u021bii \u0218tiin\u021be Reale, Economice \u0219i ale Mediului a acelia\u0219i universit\u0103\u021bi \u00een cadrul emisiunii \u201e\u041b\u0418\u0426\u041e\u041c \u041a \u041b\u0418\u0426\u0423\u201d de la BTV. Decanul facult\u0103\u021bii \u0218tiin\u021be Reale, Pavel Topal\u0103 a men\u021bionat c\u0103 Ion Gagim a [&hellip;]<\/p>\n","protected":false},"author":4,"featured_media":10759,"comment_status":"closed","ping_status":"closed","sticky":false,"template":"","format":"standard","meta":{"footnotes":""},"categories":[6353],"tags":[],"class_list":["post-10758","post","type-post","status-publish","format-standard","has-post-thumbnail","hentry","category-oras"],"yoast_head":"<!-- This site is optimized with the Yoast SEO plugin v27.4 - https:\/\/yoast.com\/product\/yoast-seo-wordpress\/ -->\n<title>ALEGERILE RECTORULUI UNIVERSIT\u0102\u021aII DE STAT DIN B\u0102L\u021aI AU FOST FRAUDATE  - BTV<\/title>\n<meta name=\"robots\" content=\"index, follow, max-snippet:-1, max-image-preview:large, max-video-preview:-1\" \/>\n<link rel=\"canonical\" href=\"https:\/\/www.btv.md\/ro\/alegerile-rectorului-universitatii-de-stat-din-balti-au-fost-fraudate\/\" \/>\n<meta property=\"og:locale\" content=\"ro_RO\" \/>\n<meta property=\"og:type\" content=\"article\" \/>\n<meta property=\"og:title\" content=\"ALEGERILE RECTORULUI UNIVERSIT\u0102\u021aII DE STAT DIN B\u0102L\u021aI AU FOST FRAUDATE  - BTV\" \/>\n<meta property=\"og:description\" content=\"Actualul Rector al Universit\u0103\u021bii de Stat \u201eAlecu Russo\u201d din B\u0103l\u021bi a fost ales \u00een baza intereselor de partid. Declara\u021biile au fost f\u0103cut\u0103 de decanul facult\u0103\u021bii \u0218tiin\u021be Reale, Economice \u0219i ale Mediului a acelia\u0219i universit\u0103\u021bi \u00een cadrul emisiunii \u201e\u041b\u0418\u0426\u041e\u041c \u041a \u041b\u0418\u0426\u0423\u201d de la BTV. Decanul facult\u0103\u021bii \u0218tiin\u021be Reale, Pavel Topal\u0103 a men\u021bionat c\u0103 Ion Gagim a [&hellip;]\" \/>\n<meta property=\"og:url\" content=\"https:\/\/www.btv.md\/ro\/alegerile-rectorului-universitatii-de-stat-din-balti-au-fost-fraudate\/\" \/>\n<meta property=\"og:site_name\" content=\"BTV\" \/>\n<meta property=\"article:publisher\" content=\"https:\/\/www.facebook.com\/btvmoldova\/\" \/>\n<meta property=\"article:published_time\" content=\"2016-04-14T08:29:22+00:00\" \/>\n<meta property=\"og:image\" content=\"https:\/\/www.btv.md\/wp-content\/uploads\/2016\/04\/rector-alegirile.png\" \/>\n\t<meta property=\"og:image:width\" content=\"895\" \/>\n\t<meta property=\"og:image:height\" content=\"443\" \/>\n\t<meta property=\"og:image:type\" content=\"image\/png\" \/>\n<meta name=\"author\" content=\"admin\" \/>\n<meta name=\"twitter:label1\" content=\"Scris de\" \/>\n\t<meta name=\"twitter:data1\" content=\"admin\" \/>\n\t<meta name=\"twitter:label2\" content=\"Timp estimat pentru citire\" \/>\n\t<meta name=\"twitter:data2\" content=\"1 minut\" \/>\n<script type=\"application\/ld+json\" class=\"yoast-schema-graph\">{\"@context\":\"https:\\\/\\\/schema.org\",\"@graph\":[{\"@type\":\"Article\",\"@id\":\"https:\\\/\\\/www.btv.md\\\/ro\\\/alegerile-rectorului-universitatii-de-stat-din-balti-au-fost-fraudate\\\/#article\",\"isPartOf\":{\"@id\":\"https:\\\/\\\/www.btv.md\\\/ro\\\/alegerile-rectorului-universitatii-de-stat-din-balti-au-fost-fraudate\\\/\"},\"author\":{\"name\":\"admin\",\"@id\":\"https:\\\/\\\/www.btv.md\\\/#\\\/schema\\\/person\\\/8fadce81561b3ce2c34c46dadc4ccbf2\"},\"headline\":\"ALEGERILE RECTORULUI UNIVERSIT\u0102\u021aII DE STAT DIN B\u0102L\u021aI AU FOST FRAUDATE\",\"datePublished\":\"2016-04-14T08:29:22+00:00\",\"mainEntityOfPage\":{\"@id\":\"https:\\\/\\\/www.btv.md\\\/ro\\\/alegerile-rectorului-universitatii-de-stat-din-balti-au-fost-fraudate\\\/\"},\"wordCount\":178,\"image\":{\"@id\":\"https:\\\/\\\/www.btv.md\\\/ro\\\/alegerile-rectorului-universitatii-de-stat-din-balti-au-fost-fraudate\\\/#primaryimage\"},\"thumbnailUrl\":\"https:\\\/\\\/www.btv.md\\\/wp-content\\\/uploads\\\/2016\\\/04\\\/rector-alegirile.png\",\"articleSection\":[\"Ora\u0219\"],\"inLanguage\":\"ro-RO\"},{\"@type\":\"WebPage\",\"@id\":\"https:\\\/\\\/www.btv.md\\\/ro\\\/alegerile-rectorului-universitatii-de-stat-din-balti-au-fost-fraudate\\\/\",\"url\":\"https:\\\/\\\/www.btv.md\\\/ro\\\/alegerile-rectorului-universitatii-de-stat-din-balti-au-fost-fraudate\\\/\",\"name\":\"ALEGERILE RECTORULUI UNIVERSIT\u0102\u021aII DE STAT DIN B\u0102L\u021aI AU FOST FRAUDATE - BTV\",\"isPartOf\":{\"@id\":\"https:\\\/\\\/www.btv.md\\\/#website\"},\"primaryImageOfPage\":{\"@id\":\"https:\\\/\\\/www.btv.md\\\/ro\\\/alegerile-rectorului-universitatii-de-stat-din-balti-au-fost-fraudate\\\/#primaryimage\"},\"image\":{\"@id\":\"https:\\\/\\\/www.btv.md\\\/ro\\\/alegerile-rectorului-universitatii-de-stat-din-balti-au-fost-fraudate\\\/#primaryimage\"},\"thumbnailUrl\":\"https:\\\/\\\/www.btv.md\\\/wp-content\\\/uploads\\\/2016\\\/04\\\/rector-alegirile.png\",\"datePublished\":\"2016-04-14T08:29:22+00:00\",\"author\":{\"@id\":\"https:\\\/\\\/www.btv.md\\\/#\\\/schema\\\/person\\\/8fadce81561b3ce2c34c46dadc4ccbf2\"},\"inLanguage\":\"ro-RO\",\"potentialAction\":[{\"@type\":\"ReadAction\",\"target\":[\"https:\\\/\\\/www.btv.md\\\/ro\\\/alegerile-rectorului-universitatii-de-stat-din-balti-au-fost-fraudate\\\/\"]}]},{\"@type\":\"ImageObject\",\"inLanguage\":\"ro-RO\",\"@id\":\"https:\\\/\\\/www.btv.md\\\/ro\\\/alegerile-rectorului-universitatii-de-stat-din-balti-au-fost-fraudate\\\/#primaryimage\",\"url\":\"https:\\\/\\\/www.btv.md\\\/wp-content\\\/uploads\\\/2016\\\/04\\\/rector-alegirile.png\",\"contentUrl\":\"https:\\\/\\\/www.btv.md\\\/wp-content\\\/uploads\\\/2016\\\/04\\\/rector-alegirile.png\",\"width\":895,\"height\":443},{\"@type\":\"WebSite\",\"@id\":\"https:\\\/\\\/www.btv.md\\\/#website\",\"url\":\"https:\\\/\\\/www.btv.md\\\/\",\"name\":\"BTV\",\"description\":\"\u0411\u0435\u043b\u044c\u0446\u043a\u043e\u0435 \u0442\u0435\u043b\u0435\u0432\u0438\u0434\u0435\u043d\u0438\u0435\",\"potentialAction\":[{\"@type\":\"SearchAction\",\"target\":{\"@type\":\"EntryPoint\",\"urlTemplate\":\"https:\\\/\\\/www.btv.md\\\/?s={search_term_string}\"},\"query-input\":{\"@type\":\"PropertyValueSpecification\",\"valueRequired\":true,\"valueName\":\"search_term_string\"}}],\"inLanguage\":\"ro-RO\"},{\"@type\":\"Person\",\"@id\":\"https:\\\/\\\/www.btv.md\\\/#\\\/schema\\\/person\\\/8fadce81561b3ce2c34c46dadc4ccbf2\",\"name\":\"admin\"}]}<\/script>\n<!-- \/ Yoast SEO plugin. -->","yoast_head_json":{"title":"ALEGERILE RECTORULUI UNIVERSIT\u0102\u021aII DE STAT DIN B\u0102L\u021aI AU FOST FRAUDATE  - BTV","robots":{"index":"index","follow":"follow","max-snippet":"max-snippet:-1","max-image-preview":"max-image-preview:large","max-video-preview":"max-video-preview:-1"},"canonical":"https:\/\/www.btv.md\/ro\/alegerile-rectorului-universitatii-de-stat-din-balti-au-fost-fraudate\/","og_locale":"ro_RO","og_type":"article","og_title":"ALEGERILE RECTORULUI UNIVERSIT\u0102\u021aII DE STAT DIN B\u0102L\u021aI AU FOST FRAUDATE  - BTV","og_description":"Actualul Rector al Universit\u0103\u021bii de Stat \u201eAlecu Russo\u201d din B\u0103l\u021bi a fost ales \u00een baza intereselor de partid. Declara\u021biile au fost f\u0103cut\u0103 de decanul facult\u0103\u021bii \u0218tiin\u021be Reale, Economice \u0219i ale Mediului a acelia\u0219i universit\u0103\u021bi \u00een cadrul emisiunii \u201e\u041b\u0418\u0426\u041e\u041c \u041a \u041b\u0418\u0426\u0423\u201d de la BTV. Decanul facult\u0103\u021bii \u0218tiin\u021be Reale, Pavel Topal\u0103 a men\u021bionat c\u0103 Ion Gagim a [&hellip;]","og_url":"https:\/\/www.btv.md\/ro\/alegerile-rectorului-universitatii-de-stat-din-balti-au-fost-fraudate\/","og_site_name":"BTV","article_publisher":"https:\/\/www.facebook.com\/btvmoldova\/","article_published_time":"2016-04-14T08:29:22+00:00","og_image":[{"width":895,"height":443,"url":"https:\/\/www.btv.md\/wp-content\/uploads\/2016\/04\/rector-alegirile.png","type":"image\/png"}],"author":"admin","twitter_misc":{"Scris de":"admin","Timp estimat pentru citire":"1 minut"},"schema":{"@context":"https:\/\/schema.org","@graph":[{"@type":"Article","@id":"https:\/\/www.btv.md\/ro\/alegerile-rectorului-universitatii-de-stat-din-balti-au-fost-fraudate\/#article","isPartOf":{"@id":"https:\/\/www.btv.md\/ro\/alegerile-rectorului-universitatii-de-stat-din-balti-au-fost-fraudate\/"},"author":{"name":"admin","@id":"https:\/\/www.btv.md\/#\/schema\/person\/8fadce81561b3ce2c34c46dadc4ccbf2"},"headline":"ALEGERILE RECTORULUI UNIVERSIT\u0102\u021aII DE STAT DIN B\u0102L\u021aI AU FOST FRAUDATE","datePublished":"2016-04-14T08:29:22+00:00","mainEntityOfPage":{"@id":"https:\/\/www.btv.md\/ro\/alegerile-rectorului-universitatii-de-stat-din-balti-au-fost-fraudate\/"},"wordCount":178,"image":{"@id":"https:\/\/www.btv.md\/ro\/alegerile-rectorului-universitatii-de-stat-din-balti-au-fost-fraudate\/#primaryimage"},"thumbnailUrl":"https:\/\/www.btv.md\/wp-content\/uploads\/2016\/04\/rector-alegirile.png","articleSection":["Ora\u0219"],"inLanguage":"ro-RO"},{"@type":"WebPage","@id":"https:\/\/www.btv.md\/ro\/alegerile-rectorului-universitatii-de-stat-din-balti-au-fost-fraudate\/","url":"https:\/\/www.btv.md\/ro\/alegerile-rectorului-universitatii-de-stat-din-balti-au-fost-fraudate\/","name":"ALEGERILE RECTORULUI UNIVERSIT\u0102\u021aII DE STAT DIN B\u0102L\u021aI AU FOST FRAUDATE - BTV","isPartOf":{"@id":"https:\/\/www.btv.md\/#website"},"primaryImageOfPage":{"@id":"https:\/\/www.btv.md\/ro\/alegerile-rectorului-universitatii-de-stat-din-balti-au-fost-fraudate\/#primaryimage"},"image":{"@id":"https:\/\/www.btv.md\/ro\/alegerile-rectorului-universitatii-de-stat-din-balti-au-fost-fraudate\/#primaryimage"},"thumbnailUrl":"https:\/\/www.btv.md\/wp-content\/uploads\/2016\/04\/rector-alegirile.png","datePublished":"2016-04-14T08:29:22+00:00","author":{"@id":"https:\/\/www.btv.md\/#\/schema\/person\/8fadce81561b3ce2c34c46dadc4ccbf2"},"inLanguage":"ro-RO","potentialAction":[{"@type":"ReadAction","target":["https:\/\/www.btv.md\/ro\/alegerile-rectorului-universitatii-de-stat-din-balti-au-fost-fraudate\/"]}]},{"@type":"ImageObject","inLanguage":"ro-RO","@id":"https:\/\/www.btv.md\/ro\/alegerile-rectorului-universitatii-de-stat-din-balti-au-fost-fraudate\/#primaryimage","url":"https:\/\/www.btv.md\/wp-content\/uploads\/2016\/04\/rector-alegirile.png","contentUrl":"https:\/\/www.btv.md\/wp-content\/uploads\/2016\/04\/rector-alegirile.png","width":895,"height":443},{"@type":"WebSite","@id":"https:\/\/www.btv.md\/#website","url":"https:\/\/www.btv.md\/","name":"BTV","description":"\u0411\u0435\u043b\u044c\u0446\u043a\u043e\u0435 \u0442\u0435\u043b\u0435\u0432\u0438\u0434\u0435\u043d\u0438\u0435","potentialAction":[{"@type":"SearchAction","target":{"@type":"EntryPoint","urlTemplate":"https:\/\/www.btv.md\/?s={search_term_string}"},"query-input":{"@type":"PropertyValueSpecification","valueRequired":true,"valueName":"search_term_string"}}],"inLanguage":"ro-RO"},{"@type":"Person","@id":"https:\/\/www.btv.md\/#\/schema\/person\/8fadce81561b3ce2c34c46dadc4ccbf2","name":"admin"}]}},"_links":{"self":[{"href":"https:\/\/www.btv.md\/ro\/wp-json\/wp\/v2\/posts\/10758","targetHints":{"allow":["GET"]}}],"collection":[{"href":"https:\/\/www.btv.md\/ro\/wp-json\/wp\/v2\/posts"}],"about":[{"href":"https:\/\/www.btv.md\/ro\/wp-json\/wp\/v2\/types\/post"}],"author":[{"embeddable":true,"href":"https:\/\/www.btv.md\/ro\/wp-json\/wp\/v2\/users\/4"}],"replies":[{"embeddable":true,"href":"https:\/\/www.btv.md\/ro\/wp-json\/wp\/v2\/comments?post=10758"}],"version-history":[{"count":0,"href":"https:\/\/www.btv.md\/ro\/wp-json\/wp\/v2\/posts\/10758\/revisions"}],"wp:featuredmedia":[{"embeddable":true,"href":"https:\/\/www.btv.md\/ro\/wp-json\/wp\/v2\/media\/10759"}],"wp:attachment":[{"href":"https:\/\/www.btv.md\/ro\/wp-json\/wp\/v2\/media?parent=10758"}],"wp:term":[{"taxonomy":"category","embeddable":true,"href":"https:\/\/www.btv.md\/ro\/wp-json\/wp\/v2\/categories?post=10758"},{"taxonomy":"post_tag","embeddable":true,"href":"https:\/\/www.btv.md\/ro\/wp-json\/wp\/v2\/tags?post=10758"}],"curies":[{"name":"wp","href":"https:\/\/api.w.org\/{rel}","templated":true}]}}