{"id":10784,"date":"2016-04-14T15:22:16","date_gmt":"2016-04-14T12:22:16","guid":{"rendered":"http:\/\/btv.md\/?p=10784"},"modified":"2016-04-14T15:22:16","modified_gmt":"2016-04-14T12:22:16","slug":"confirmat-la-universitatea-din-balti-se-ia-mita","status":"publish","type":"post","link":"https:\/\/www.btv.md\/ro\/confirmat-la-universitatea-din-balti-se-ia-mita\/","title":{"rendered":"CONFIRMAT! LA  UNIVERSITATEA  DIN  B\u0102L\u021aI  SE  IA  MIT\u0102"},"content":{"rendered":"<p><strong>La Universitatea de Stat \u201eAlecu Russo\u201d din B\u0103l\u021bi se ia mit\u0103. Cel pu\u021bin asta sus\u021bin mai mul\u021bi reprezentan\u021bi ai institu\u021biei de \u00eenv\u0103\u021b\u0103m\u00e2nt, printre care \u0219i rectorul universit\u0103\u021bii, Ion Gagim. \u00cen cadrul emisiunii \u00ab\u041b\u0438\u0446\u043e\u043c \u043a \u043b\u0438\u0446\u0443\u00bb de la postul de televiziune BTV, acesta a recunoscut c\u0103 fenomenul corup\u021biei persist\u0103 \u0219i la universitatea din B\u0103l\u021bi.<\/strong><\/p>\n<p>\u201e<em>El este peste tot. Ca s\u0103 spun c\u0103 nu exist\u0103 la USARB nu a\u0219 fi sincer \u0219i poate chiar a\u0219 face un p\u0103cat. Dac\u0103 exist\u0103 peste tot, exist\u0103 \u0219i la noi. Eu nu v\u0103 spun c\u0103 cunosc la concret asemenea lucruri, dar mai aud \u0219i s\u0103 spun c\u0103 nu este, nu e adev\u0103rat<\/em>\u201d. <\/p>\n<p>Potrivit rectorului, vinova\u021bi de acest flagel se fac p\u0103rin\u021bii \u00een goana dup\u0103 note mari pentru odraslele lor, dar \u0219i cadrele didactice.<\/p>\n<p>\u201e<em>Lupta cu acest\u0103 problem\u0103 are mai multe aspecte. \u00cens\u0103\u0219i p\u0103rin\u021bii, care vor ca copiii lor s\u0103 aib\u0103 note mai mari, poate chiar \u00eei \u00eendeamn\u0103 \u00eentr-un fel. Poate \u0219i profesorii mai discut\u0103 cu cineva cum se face ca elevii s\u0103 mearg\u0103 la o not\u0103 mai bun\u0103. Noi nu putem s\u0103 ne ascundem dup\u0103 deget spun\u00e2nd c\u0103 acest lucru nu exist\u0103<\/em>\u201d. <\/p>\n<p>Nici decanul Facult\u0103\u021bii de \u0218tiin\u021be Reale, Economice \u0219i ale Mediului, Pavel Topal\u0103, nu neag\u0103 afirma\u021biile. De\u0219i corup\u021bia love\u0219te dur \u00een imaginea universit\u0103\u021bii, Topal\u0103 sus\u021bine c\u0103 flagelul porne\u0219te de la salariile mizere a profesorilor, care sunt nevoi\u021bi s\u0103 ia mit\u0103 pentru a supravie\u021bui.<\/p>\n<p>\u201e<em>Un asistent universitar poate avea un salariu de la 2200 de lei p\u00e2n\u0103 la 4400. Care e motiva\u021bia lui s\u0103 r\u0103m\u00e2n\u0103 la universitatea din B\u0103l\u021bi? Normal, fiind t\u00e2n\u0103r \u00ee\u0219i dore\u0219te o familie, apoi apare un copil, care dore\u0219te o juc\u0103rie, o bombonic\u0103. \u00cen cazul \u00een care universitatea nu-i asigur\u0103, el nu \u0219tie s\u0103 fac\u0103 altceva. \u00cen cazul \u0103sta este practic impus s\u0103-\u0219i bage m\u00e2na \u00een buzunarul studentului. Nu trebuie s\u0103 ne ascundem dup\u0103 deget. Acest lucru se \u00eent\u00e2mpl\u0103<\/em>\u201d.<\/p>\n<p>\u00cen prezent, la Universitatea de Stat \u201eAlecu Russo\u201d din B\u0103l\u021bi \u00ee\u0219i fac studiile circa patru mii de studen\u021bi.<\/p>\n<p>AUTOR:  NATALIA  TOCARCIUC<br \/>\nMONTAJ: CHIRA  BATRANAC<\/p>\n<p><iframe width=\"420\" height=\"315\" data-src=\"https:\/\/www.youtube.com\/embed\/iTegyPFtrdg\" frameborder=\"0\" allowfullscreen src=\"data:image\/svg+xml;base64,PHN2ZyB3aWR0aD0iMSIgaGVpZ2h0PSIxIiB4bWxucz0iaHR0cDovL3d3dy53My5vcmcvMjAwMC9zdmciPjwvc3ZnPg==\" class=\"lazyload\" data-load-mode=\"1\"><\/iframe><\/p>\n","protected":false},"excerpt":{"rendered":"<p>La Universitatea de Stat \u201eAlecu Russo\u201d din B\u0103l\u021bi se ia mit\u0103. Cel pu\u021bin asta sus\u021bin mai mul\u021bi reprezentan\u021bi ai institu\u021biei de \u00eenv\u0103\u021b\u0103m\u00e2nt, printre care \u0219i rectorul universit\u0103\u021bii, Ion Gagim. \u00cen cadrul emisiunii \u00ab\u041b\u0438\u0446\u043e\u043c \u043a \u043b\u0438\u0446\u0443\u00bb de la postul de televiziune BTV, acesta a recunoscut c\u0103 fenomenul corup\u021biei persist\u0103 \u0219i la universitatea din B\u0103l\u021bi. \u201eEl este [&hellip;]<\/p>\n","protected":false},"author":4,"featured_media":10785,"comment_status":"closed","ping_status":"closed","sticky":false,"template":"","format":"standard","meta":{"footnotes":""},"categories":[6353],"tags":[],"class_list":["post-10784","post","type-post","status-publish","format-standard","has-post-thumbnail","hentry","category-oras"],"yoast_head":"<!-- This site is optimized with the Yoast SEO plugin v27.4 - https:\/\/yoast.com\/product\/yoast-seo-wordpress\/ -->\n<title>CONFIRMAT! LA UNIVERSITATEA DIN B\u0102L\u021aI SE IA MIT\u0102 - BTV<\/title>\n<meta name=\"robots\" content=\"index, follow, max-snippet:-1, max-image-preview:large, max-video-preview:-1\" \/>\n<link rel=\"canonical\" href=\"https:\/\/www.btv.md\/ro\/confirmat-la-universitatea-din-balti-se-ia-mita\/\" \/>\n<meta property=\"og:locale\" content=\"ro_RO\" \/>\n<meta property=\"og:type\" content=\"article\" \/>\n<meta property=\"og:title\" content=\"CONFIRMAT! LA UNIVERSITATEA DIN B\u0102L\u021aI SE IA MIT\u0102 - BTV\" \/>\n<meta property=\"og:description\" content=\"La Universitatea de Stat \u201eAlecu Russo\u201d din B\u0103l\u021bi se ia mit\u0103. Cel pu\u021bin asta sus\u021bin mai mul\u021bi reprezentan\u021bi ai institu\u021biei de \u00eenv\u0103\u021b\u0103m\u00e2nt, printre care \u0219i rectorul universit\u0103\u021bii, Ion Gagim. \u00cen cadrul emisiunii \u00ab\u041b\u0438\u0446\u043e\u043c \u043a \u043b\u0438\u0446\u0443\u00bb de la postul de televiziune BTV, acesta a recunoscut c\u0103 fenomenul corup\u021biei persist\u0103 \u0219i la universitatea din B\u0103l\u021bi. \u201eEl este [&hellip;]\" \/>\n<meta property=\"og:url\" content=\"https:\/\/www.btv.md\/ro\/confirmat-la-universitatea-din-balti-se-ia-mita\/\" \/>\n<meta property=\"og:site_name\" content=\"BTV\" \/>\n<meta property=\"article:publisher\" content=\"https:\/\/www.facebook.com\/btvmoldova\/\" \/>\n<meta property=\"article:published_time\" content=\"2016-04-14T12:22:16+00:00\" \/>\n<meta property=\"og:image\" content=\"https:\/\/www.btv.md\/wp-content\/uploads\/2016\/04\/usarb.png\" \/>\n\t<meta property=\"og:image:width\" content=\"1025\" \/>\n\t<meta property=\"og:image:height\" content=\"597\" \/>\n\t<meta property=\"og:image:type\" content=\"image\/png\" \/>\n<meta name=\"author\" content=\"admin\" \/>\n<meta name=\"twitter:label1\" content=\"Scris de\" \/>\n\t<meta name=\"twitter:data1\" content=\"admin\" \/>\n\t<meta name=\"twitter:label2\" content=\"Timp estimat pentru citire\" \/>\n\t<meta name=\"twitter:data2\" content=\"2 minute\" \/>\n<script type=\"application\/ld+json\" class=\"yoast-schema-graph\">{\"@context\":\"https:\\\/\\\/schema.org\",\"@graph\":[{\"@type\":\"Article\",\"@id\":\"https:\\\/\\\/www.btv.md\\\/ro\\\/confirmat-la-universitatea-din-balti-se-ia-mita\\\/#article\",\"isPartOf\":{\"@id\":\"https:\\\/\\\/www.btv.md\\\/ro\\\/confirmat-la-universitatea-din-balti-se-ia-mita\\\/\"},\"author\":{\"name\":\"admin\",\"@id\":\"https:\\\/\\\/www.btv.md\\\/#\\\/schema\\\/person\\\/8fadce81561b3ce2c34c46dadc4ccbf2\"},\"headline\":\"CONFIRMAT! LA UNIVERSITATEA DIN B\u0102L\u021aI SE IA MIT\u0102\",\"datePublished\":\"2016-04-14T12:22:16+00:00\",\"mainEntityOfPage\":{\"@id\":\"https:\\\/\\\/www.btv.md\\\/ro\\\/confirmat-la-universitatea-din-balti-se-ia-mita\\\/\"},\"wordCount\":442,\"image\":{\"@id\":\"https:\\\/\\\/www.btv.md\\\/ro\\\/confirmat-la-universitatea-din-balti-se-ia-mita\\\/#primaryimage\"},\"thumbnailUrl\":\"https:\\\/\\\/www.btv.md\\\/wp-content\\\/uploads\\\/2016\\\/04\\\/usarb.png\",\"articleSection\":[\"Ora\u0219\"],\"inLanguage\":\"ro-RO\"},{\"@type\":\"WebPage\",\"@id\":\"https:\\\/\\\/www.btv.md\\\/ro\\\/confirmat-la-universitatea-din-balti-se-ia-mita\\\/\",\"url\":\"https:\\\/\\\/www.btv.md\\\/ro\\\/confirmat-la-universitatea-din-balti-se-ia-mita\\\/\",\"name\":\"CONFIRMAT! LA UNIVERSITATEA DIN B\u0102L\u021aI SE IA MIT\u0102 - BTV\",\"isPartOf\":{\"@id\":\"https:\\\/\\\/www.btv.md\\\/#website\"},\"primaryImageOfPage\":{\"@id\":\"https:\\\/\\\/www.btv.md\\\/ro\\\/confirmat-la-universitatea-din-balti-se-ia-mita\\\/#primaryimage\"},\"image\":{\"@id\":\"https:\\\/\\\/www.btv.md\\\/ro\\\/confirmat-la-universitatea-din-balti-se-ia-mita\\\/#primaryimage\"},\"thumbnailUrl\":\"https:\\\/\\\/www.btv.md\\\/wp-content\\\/uploads\\\/2016\\\/04\\\/usarb.png\",\"datePublished\":\"2016-04-14T12:22:16+00:00\",\"author\":{\"@id\":\"https:\\\/\\\/www.btv.md\\\/#\\\/schema\\\/person\\\/8fadce81561b3ce2c34c46dadc4ccbf2\"},\"inLanguage\":\"ro-RO\",\"potentialAction\":[{\"@type\":\"ReadAction\",\"target\":[\"https:\\\/\\\/www.btv.md\\\/ro\\\/confirmat-la-universitatea-din-balti-se-ia-mita\\\/\"]}]},{\"@type\":\"ImageObject\",\"inLanguage\":\"ro-RO\",\"@id\":\"https:\\\/\\\/www.btv.md\\\/ro\\\/confirmat-la-universitatea-din-balti-se-ia-mita\\\/#primaryimage\",\"url\":\"https:\\\/\\\/www.btv.md\\\/wp-content\\\/uploads\\\/2016\\\/04\\\/usarb.png\",\"contentUrl\":\"https:\\\/\\\/www.btv.md\\\/wp-content\\\/uploads\\\/2016\\\/04\\\/usarb.png\",\"width\":1025,\"height\":597},{\"@type\":\"WebSite\",\"@id\":\"https:\\\/\\\/www.btv.md\\\/#website\",\"url\":\"https:\\\/\\\/www.btv.md\\\/\",\"name\":\"BTV\",\"description\":\"\u0411\u0435\u043b\u044c\u0446\u043a\u043e\u0435 \u0442\u0435\u043b\u0435\u0432\u0438\u0434\u0435\u043d\u0438\u0435\",\"potentialAction\":[{\"@type\":\"SearchAction\",\"target\":{\"@type\":\"EntryPoint\",\"urlTemplate\":\"https:\\\/\\\/www.btv.md\\\/?s={search_term_string}\"},\"query-input\":{\"@type\":\"PropertyValueSpecification\",\"valueRequired\":true,\"valueName\":\"search_term_string\"}}],\"inLanguage\":\"ro-RO\"},{\"@type\":\"Person\",\"@id\":\"https:\\\/\\\/www.btv.md\\\/#\\\/schema\\\/person\\\/8fadce81561b3ce2c34c46dadc4ccbf2\",\"name\":\"admin\"}]}<\/script>\n<!-- \/ Yoast SEO plugin. -->","yoast_head_json":{"title":"CONFIRMAT! LA UNIVERSITATEA DIN B\u0102L\u021aI SE IA MIT\u0102 - BTV","robots":{"index":"index","follow":"follow","max-snippet":"max-snippet:-1","max-image-preview":"max-image-preview:large","max-video-preview":"max-video-preview:-1"},"canonical":"https:\/\/www.btv.md\/ro\/confirmat-la-universitatea-din-balti-se-ia-mita\/","og_locale":"ro_RO","og_type":"article","og_title":"CONFIRMAT! LA UNIVERSITATEA DIN B\u0102L\u021aI SE IA MIT\u0102 - BTV","og_description":"La Universitatea de Stat \u201eAlecu Russo\u201d din B\u0103l\u021bi se ia mit\u0103. Cel pu\u021bin asta sus\u021bin mai mul\u021bi reprezentan\u021bi ai institu\u021biei de \u00eenv\u0103\u021b\u0103m\u00e2nt, printre care \u0219i rectorul universit\u0103\u021bii, Ion Gagim. \u00cen cadrul emisiunii \u00ab\u041b\u0438\u0446\u043e\u043c \u043a \u043b\u0438\u0446\u0443\u00bb de la postul de televiziune BTV, acesta a recunoscut c\u0103 fenomenul corup\u021biei persist\u0103 \u0219i la universitatea din B\u0103l\u021bi. \u201eEl este [&hellip;]","og_url":"https:\/\/www.btv.md\/ro\/confirmat-la-universitatea-din-balti-se-ia-mita\/","og_site_name":"BTV","article_publisher":"https:\/\/www.facebook.com\/btvmoldova\/","article_published_time":"2016-04-14T12:22:16+00:00","og_image":[{"width":1025,"height":597,"url":"https:\/\/www.btv.md\/wp-content\/uploads\/2016\/04\/usarb.png","type":"image\/png"}],"author":"admin","twitter_misc":{"Scris de":"admin","Timp estimat pentru citire":"2 minute"},"schema":{"@context":"https:\/\/schema.org","@graph":[{"@type":"Article","@id":"https:\/\/www.btv.md\/ro\/confirmat-la-universitatea-din-balti-se-ia-mita\/#article","isPartOf":{"@id":"https:\/\/www.btv.md\/ro\/confirmat-la-universitatea-din-balti-se-ia-mita\/"},"author":{"name":"admin","@id":"https:\/\/www.btv.md\/#\/schema\/person\/8fadce81561b3ce2c34c46dadc4ccbf2"},"headline":"CONFIRMAT! LA UNIVERSITATEA DIN B\u0102L\u021aI SE IA MIT\u0102","datePublished":"2016-04-14T12:22:16+00:00","mainEntityOfPage":{"@id":"https:\/\/www.btv.md\/ro\/confirmat-la-universitatea-din-balti-se-ia-mita\/"},"wordCount":442,"image":{"@id":"https:\/\/www.btv.md\/ro\/confirmat-la-universitatea-din-balti-se-ia-mita\/#primaryimage"},"thumbnailUrl":"https:\/\/www.btv.md\/wp-content\/uploads\/2016\/04\/usarb.png","articleSection":["Ora\u0219"],"inLanguage":"ro-RO"},{"@type":"WebPage","@id":"https:\/\/www.btv.md\/ro\/confirmat-la-universitatea-din-balti-se-ia-mita\/","url":"https:\/\/www.btv.md\/ro\/confirmat-la-universitatea-din-balti-se-ia-mita\/","name":"CONFIRMAT! LA UNIVERSITATEA DIN B\u0102L\u021aI SE IA MIT\u0102 - BTV","isPartOf":{"@id":"https:\/\/www.btv.md\/#website"},"primaryImageOfPage":{"@id":"https:\/\/www.btv.md\/ro\/confirmat-la-universitatea-din-balti-se-ia-mita\/#primaryimage"},"image":{"@id":"https:\/\/www.btv.md\/ro\/confirmat-la-universitatea-din-balti-se-ia-mita\/#primaryimage"},"thumbnailUrl":"https:\/\/www.btv.md\/wp-content\/uploads\/2016\/04\/usarb.png","datePublished":"2016-04-14T12:22:16+00:00","author":{"@id":"https:\/\/www.btv.md\/#\/schema\/person\/8fadce81561b3ce2c34c46dadc4ccbf2"},"inLanguage":"ro-RO","potentialAction":[{"@type":"ReadAction","target":["https:\/\/www.btv.md\/ro\/confirmat-la-universitatea-din-balti-se-ia-mita\/"]}]},{"@type":"ImageObject","inLanguage":"ro-RO","@id":"https:\/\/www.btv.md\/ro\/confirmat-la-universitatea-din-balti-se-ia-mita\/#primaryimage","url":"https:\/\/www.btv.md\/wp-content\/uploads\/2016\/04\/usarb.png","contentUrl":"https:\/\/www.btv.md\/wp-content\/uploads\/2016\/04\/usarb.png","width":1025,"height":597},{"@type":"WebSite","@id":"https:\/\/www.btv.md\/#website","url":"https:\/\/www.btv.md\/","name":"BTV","description":"\u0411\u0435\u043b\u044c\u0446\u043a\u043e\u0435 \u0442\u0435\u043b\u0435\u0432\u0438\u0434\u0435\u043d\u0438\u0435","potentialAction":[{"@type":"SearchAction","target":{"@type":"EntryPoint","urlTemplate":"https:\/\/www.btv.md\/?s={search_term_string}"},"query-input":{"@type":"PropertyValueSpecification","valueRequired":true,"valueName":"search_term_string"}}],"inLanguage":"ro-RO"},{"@type":"Person","@id":"https:\/\/www.btv.md\/#\/schema\/person\/8fadce81561b3ce2c34c46dadc4ccbf2","name":"admin"}]}},"_links":{"self":[{"href":"https:\/\/www.btv.md\/ro\/wp-json\/wp\/v2\/posts\/10784","targetHints":{"allow":["GET"]}}],"collection":[{"href":"https:\/\/www.btv.md\/ro\/wp-json\/wp\/v2\/posts"}],"about":[{"href":"https:\/\/www.btv.md\/ro\/wp-json\/wp\/v2\/types\/post"}],"author":[{"embeddable":true,"href":"https:\/\/www.btv.md\/ro\/wp-json\/wp\/v2\/users\/4"}],"replies":[{"embeddable":true,"href":"https:\/\/www.btv.md\/ro\/wp-json\/wp\/v2\/comments?post=10784"}],"version-history":[{"count":0,"href":"https:\/\/www.btv.md\/ro\/wp-json\/wp\/v2\/posts\/10784\/revisions"}],"wp:featuredmedia":[{"embeddable":true,"href":"https:\/\/www.btv.md\/ro\/wp-json\/wp\/v2\/media\/10785"}],"wp:attachment":[{"href":"https:\/\/www.btv.md\/ro\/wp-json\/wp\/v2\/media?parent=10784"}],"wp:term":[{"taxonomy":"category","embeddable":true,"href":"https:\/\/www.btv.md\/ro\/wp-json\/wp\/v2\/categories?post=10784"},{"taxonomy":"post_tag","embeddable":true,"href":"https:\/\/www.btv.md\/ro\/wp-json\/wp\/v2\/tags?post=10784"}],"curies":[{"name":"wp","href":"https:\/\/api.w.org\/{rel}","templated":true}]}}