{"id":10790,"date":"2016-04-14T16:11:33","date_gmt":"2016-04-14T13:11:33","guid":{"rendered":"http:\/\/btv.md\/?p=10790"},"modified":"2016-04-14T16:11:33","modified_gmt":"2016-04-14T13:11:33","slug":"pe-pietele-din-balti-au-aparut-primele-fire-de-rasad","status":"publish","type":"post","link":"https:\/\/www.btv.md\/ro\/pe-pietele-din-balti-au-aparut-primele-fire-de-rasad\/","title":{"rendered":"PE  PIE\u021aELE  DIN  B\u0102L\u021aI  AU  AP\u0102RUT  PRIMELE  FIRE  DE  R\u0102SAD"},"content":{"rendered":"<p><strong>Primele fire de r\u0103sad au ap\u0103rut pe pie\u021bele din municipiul B\u0103l\u021bi. \u00cen ciuda crizei financiare unii fermieri spun c\u0103 nu duc lips\u0103 de clien\u021bi, iar al\u021bii se pl\u00e2ng c\u0103 din cauza concuren\u021bei nu reu\u0219esc s\u0103-\u0219i realizeze marfa la timp.<\/strong><\/p>\n<p>Unii fermieri care practic\u0103 de ani buni  cre\u0219terea firelor de r\u0103sad spun c\u0103 nu au \u00eenregistrat pierderi. Ei afirm\u0103  c\u0103 cel mai mult \u00een acest domeniu conteaz\u0103 calitatea \u0219i pre\u021bul materialului s\u0103ditor. <\/p>\n<p>\u00cens\u0103 nu to\u021bi agricultorii se pot l\u0103uda cu c\u00e2\u0219tiguri. Unii produc\u0103tori sus\u021bin c\u0103 din cauza rivalit\u0103\u021bii comerciale ei sunt nevoi\u021bi s\u0103 reduc\u0103 din pre\u021b.<\/p>\n<p>Cump\u0103r\u0103torii spun c\u0103 pre\u021burile sunt accesibile.<\/p>\n<p>La pia\u021ba din B\u0103l\u021bi pre\u021bul unui fir de r\u0103sad variaz\u0103 de la patru la cinci lei.<\/p>\n<p>REPORTER:  IRINA  BAXAN<br \/>\nOPERATOR:  VLADIMIR  TATARCIUC<br \/>\nMONTAJ: CHIRA  BATRANAC<\/p>\n<p><iframe width=\"420\" height=\"315\" data-src=\"https:\/\/www.youtube.com\/embed\/4SI6OsvJZ6o\" frameborder=\"0\" allowfullscreen src=\"data:image\/svg+xml;base64,PHN2ZyB3aWR0aD0iMSIgaGVpZ2h0PSIxIiB4bWxucz0iaHR0cDovL3d3dy53My5vcmcvMjAwMC9zdmciPjwvc3ZnPg==\" class=\"lazyload\" data-load-mode=\"1\"><\/iframe><\/p>\n","protected":false},"excerpt":{"rendered":"<p>Primele fire de r\u0103sad au ap\u0103rut pe pie\u021bele din municipiul B\u0103l\u021bi. \u00cen ciuda crizei financiare unii fermieri spun c\u0103 nu duc lips\u0103 de clien\u021bi, iar al\u021bii se pl\u00e2ng c\u0103 din cauza concuren\u021bei nu reu\u0219esc s\u0103-\u0219i realizeze marfa la timp. Unii fermieri care practic\u0103 de ani buni cre\u0219terea firelor de r\u0103sad spun c\u0103 nu au \u00eenregistrat [&hellip;]<\/p>\n","protected":false},"author":4,"featured_media":10791,"comment_status":"closed","ping_status":"closed","sticky":false,"template":"","format":"standard","meta":{"footnotes":""},"categories":[6353],"tags":[],"class_list":["post-10790","post","type-post","status-publish","format-standard","has-post-thumbnail","hentry","category-oras"],"yoast_head":"<!-- This site is optimized with the Yoast SEO plugin v27.4 - https:\/\/yoast.com\/product\/yoast-seo-wordpress\/ -->\n<title>PE PIE\u021aELE DIN B\u0102L\u021aI AU AP\u0102RUT PRIMELE FIRE DE R\u0102SAD - BTV<\/title>\n<meta name=\"robots\" content=\"index, follow, max-snippet:-1, max-image-preview:large, max-video-preview:-1\" \/>\n<link rel=\"canonical\" href=\"https:\/\/www.btv.md\/ro\/pe-pietele-din-balti-au-aparut-primele-fire-de-rasad\/\" \/>\n<meta property=\"og:locale\" content=\"ro_RO\" \/>\n<meta property=\"og:type\" content=\"article\" \/>\n<meta property=\"og:title\" content=\"PE PIE\u021aELE DIN B\u0102L\u021aI AU AP\u0102RUT PRIMELE FIRE DE R\u0102SAD - BTV\" \/>\n<meta property=\"og:description\" content=\"Primele fire de r\u0103sad au ap\u0103rut pe pie\u021bele din municipiul B\u0103l\u021bi. \u00cen ciuda crizei financiare unii fermieri spun c\u0103 nu duc lips\u0103 de clien\u021bi, iar al\u021bii se pl\u00e2ng c\u0103 din cauza concuren\u021bei nu reu\u0219esc s\u0103-\u0219i realizeze marfa la timp. Unii fermieri care practic\u0103 de ani buni cre\u0219terea firelor de r\u0103sad spun c\u0103 nu au \u00eenregistrat [&hellip;]\" \/>\n<meta property=\"og:url\" content=\"https:\/\/www.btv.md\/ro\/pe-pietele-din-balti-au-aparut-primele-fire-de-rasad\/\" \/>\n<meta property=\"og:site_name\" content=\"BTV\" \/>\n<meta property=\"article:publisher\" content=\"https:\/\/www.facebook.com\/btvmoldova\/\" \/>\n<meta property=\"article:published_time\" content=\"2016-04-14T13:11:33+00:00\" \/>\n<meta property=\"og:image\" content=\"https:\/\/www.btv.md\/wp-content\/uploads\/2016\/04\/rasad.png\" \/>\n\t<meta property=\"og:image:width\" content=\"1013\" \/>\n\t<meta property=\"og:image:height\" content=\"591\" \/>\n\t<meta property=\"og:image:type\" content=\"image\/png\" \/>\n<meta name=\"author\" content=\"admin\" \/>\n<meta name=\"twitter:label1\" content=\"Scris de\" \/>\n\t<meta name=\"twitter:data1\" content=\"admin\" \/>\n\t<meta name=\"twitter:label2\" content=\"Timp estimat pentru citire\" \/>\n\t<meta name=\"twitter:data2\" content=\"1 minut\" \/>\n<script type=\"application\/ld+json\" class=\"yoast-schema-graph\">{\"@context\":\"https:\\\/\\\/schema.org\",\"@graph\":[{\"@type\":\"Article\",\"@id\":\"https:\\\/\\\/www.btv.md\\\/ro\\\/pe-pietele-din-balti-au-aparut-primele-fire-de-rasad\\\/#article\",\"isPartOf\":{\"@id\":\"https:\\\/\\\/www.btv.md\\\/ro\\\/pe-pietele-din-balti-au-aparut-primele-fire-de-rasad\\\/\"},\"author\":{\"name\":\"admin\",\"@id\":\"https:\\\/\\\/www.btv.md\\\/#\\\/schema\\\/person\\\/8fadce81561b3ce2c34c46dadc4ccbf2\"},\"headline\":\"PE PIE\u021aELE DIN B\u0102L\u021aI AU AP\u0102RUT PRIMELE FIRE DE R\u0102SAD\",\"datePublished\":\"2016-04-14T13:11:33+00:00\",\"mainEntityOfPage\":{\"@id\":\"https:\\\/\\\/www.btv.md\\\/ro\\\/pe-pietele-din-balti-au-aparut-primele-fire-de-rasad\\\/\"},\"wordCount\":172,\"image\":{\"@id\":\"https:\\\/\\\/www.btv.md\\\/ro\\\/pe-pietele-din-balti-au-aparut-primele-fire-de-rasad\\\/#primaryimage\"},\"thumbnailUrl\":\"https:\\\/\\\/www.btv.md\\\/wp-content\\\/uploads\\\/2016\\\/04\\\/rasad.png\",\"articleSection\":[\"Ora\u0219\"],\"inLanguage\":\"ro-RO\"},{\"@type\":\"WebPage\",\"@id\":\"https:\\\/\\\/www.btv.md\\\/ro\\\/pe-pietele-din-balti-au-aparut-primele-fire-de-rasad\\\/\",\"url\":\"https:\\\/\\\/www.btv.md\\\/ro\\\/pe-pietele-din-balti-au-aparut-primele-fire-de-rasad\\\/\",\"name\":\"PE PIE\u021aELE DIN B\u0102L\u021aI AU AP\u0102RUT PRIMELE FIRE DE R\u0102SAD - BTV\",\"isPartOf\":{\"@id\":\"https:\\\/\\\/www.btv.md\\\/#website\"},\"primaryImageOfPage\":{\"@id\":\"https:\\\/\\\/www.btv.md\\\/ro\\\/pe-pietele-din-balti-au-aparut-primele-fire-de-rasad\\\/#primaryimage\"},\"image\":{\"@id\":\"https:\\\/\\\/www.btv.md\\\/ro\\\/pe-pietele-din-balti-au-aparut-primele-fire-de-rasad\\\/#primaryimage\"},\"thumbnailUrl\":\"https:\\\/\\\/www.btv.md\\\/wp-content\\\/uploads\\\/2016\\\/04\\\/rasad.png\",\"datePublished\":\"2016-04-14T13:11:33+00:00\",\"author\":{\"@id\":\"https:\\\/\\\/www.btv.md\\\/#\\\/schema\\\/person\\\/8fadce81561b3ce2c34c46dadc4ccbf2\"},\"inLanguage\":\"ro-RO\",\"potentialAction\":[{\"@type\":\"ReadAction\",\"target\":[\"https:\\\/\\\/www.btv.md\\\/ro\\\/pe-pietele-din-balti-au-aparut-primele-fire-de-rasad\\\/\"]}]},{\"@type\":\"ImageObject\",\"inLanguage\":\"ro-RO\",\"@id\":\"https:\\\/\\\/www.btv.md\\\/ro\\\/pe-pietele-din-balti-au-aparut-primele-fire-de-rasad\\\/#primaryimage\",\"url\":\"https:\\\/\\\/www.btv.md\\\/wp-content\\\/uploads\\\/2016\\\/04\\\/rasad.png\",\"contentUrl\":\"https:\\\/\\\/www.btv.md\\\/wp-content\\\/uploads\\\/2016\\\/04\\\/rasad.png\",\"width\":1013,\"height\":591},{\"@type\":\"WebSite\",\"@id\":\"https:\\\/\\\/www.btv.md\\\/#website\",\"url\":\"https:\\\/\\\/www.btv.md\\\/\",\"name\":\"BTV\",\"description\":\"\u0411\u0435\u043b\u044c\u0446\u043a\u043e\u0435 \u0442\u0435\u043b\u0435\u0432\u0438\u0434\u0435\u043d\u0438\u0435\",\"potentialAction\":[{\"@type\":\"SearchAction\",\"target\":{\"@type\":\"EntryPoint\",\"urlTemplate\":\"https:\\\/\\\/www.btv.md\\\/?s={search_term_string}\"},\"query-input\":{\"@type\":\"PropertyValueSpecification\",\"valueRequired\":true,\"valueName\":\"search_term_string\"}}],\"inLanguage\":\"ro-RO\"},{\"@type\":\"Person\",\"@id\":\"https:\\\/\\\/www.btv.md\\\/#\\\/schema\\\/person\\\/8fadce81561b3ce2c34c46dadc4ccbf2\",\"name\":\"admin\"}]}<\/script>\n<!-- \/ Yoast SEO plugin. -->","yoast_head_json":{"title":"PE PIE\u021aELE DIN B\u0102L\u021aI AU AP\u0102RUT PRIMELE FIRE DE R\u0102SAD - BTV","robots":{"index":"index","follow":"follow","max-snippet":"max-snippet:-1","max-image-preview":"max-image-preview:large","max-video-preview":"max-video-preview:-1"},"canonical":"https:\/\/www.btv.md\/ro\/pe-pietele-din-balti-au-aparut-primele-fire-de-rasad\/","og_locale":"ro_RO","og_type":"article","og_title":"PE PIE\u021aELE DIN B\u0102L\u021aI AU AP\u0102RUT PRIMELE FIRE DE R\u0102SAD - BTV","og_description":"Primele fire de r\u0103sad au ap\u0103rut pe pie\u021bele din municipiul B\u0103l\u021bi. \u00cen ciuda crizei financiare unii fermieri spun c\u0103 nu duc lips\u0103 de clien\u021bi, iar al\u021bii se pl\u00e2ng c\u0103 din cauza concuren\u021bei nu reu\u0219esc s\u0103-\u0219i realizeze marfa la timp. Unii fermieri care practic\u0103 de ani buni cre\u0219terea firelor de r\u0103sad spun c\u0103 nu au \u00eenregistrat [&hellip;]","og_url":"https:\/\/www.btv.md\/ro\/pe-pietele-din-balti-au-aparut-primele-fire-de-rasad\/","og_site_name":"BTV","article_publisher":"https:\/\/www.facebook.com\/btvmoldova\/","article_published_time":"2016-04-14T13:11:33+00:00","og_image":[{"width":1013,"height":591,"url":"https:\/\/www.btv.md\/wp-content\/uploads\/2016\/04\/rasad.png","type":"image\/png"}],"author":"admin","twitter_misc":{"Scris de":"admin","Timp estimat pentru citire":"1 minut"},"schema":{"@context":"https:\/\/schema.org","@graph":[{"@type":"Article","@id":"https:\/\/www.btv.md\/ro\/pe-pietele-din-balti-au-aparut-primele-fire-de-rasad\/#article","isPartOf":{"@id":"https:\/\/www.btv.md\/ro\/pe-pietele-din-balti-au-aparut-primele-fire-de-rasad\/"},"author":{"name":"admin","@id":"https:\/\/www.btv.md\/#\/schema\/person\/8fadce81561b3ce2c34c46dadc4ccbf2"},"headline":"PE PIE\u021aELE DIN B\u0102L\u021aI AU AP\u0102RUT PRIMELE FIRE DE R\u0102SAD","datePublished":"2016-04-14T13:11:33+00:00","mainEntityOfPage":{"@id":"https:\/\/www.btv.md\/ro\/pe-pietele-din-balti-au-aparut-primele-fire-de-rasad\/"},"wordCount":172,"image":{"@id":"https:\/\/www.btv.md\/ro\/pe-pietele-din-balti-au-aparut-primele-fire-de-rasad\/#primaryimage"},"thumbnailUrl":"https:\/\/www.btv.md\/wp-content\/uploads\/2016\/04\/rasad.png","articleSection":["Ora\u0219"],"inLanguage":"ro-RO"},{"@type":"WebPage","@id":"https:\/\/www.btv.md\/ro\/pe-pietele-din-balti-au-aparut-primele-fire-de-rasad\/","url":"https:\/\/www.btv.md\/ro\/pe-pietele-din-balti-au-aparut-primele-fire-de-rasad\/","name":"PE PIE\u021aELE DIN B\u0102L\u021aI AU AP\u0102RUT PRIMELE FIRE DE R\u0102SAD - BTV","isPartOf":{"@id":"https:\/\/www.btv.md\/#website"},"primaryImageOfPage":{"@id":"https:\/\/www.btv.md\/ro\/pe-pietele-din-balti-au-aparut-primele-fire-de-rasad\/#primaryimage"},"image":{"@id":"https:\/\/www.btv.md\/ro\/pe-pietele-din-balti-au-aparut-primele-fire-de-rasad\/#primaryimage"},"thumbnailUrl":"https:\/\/www.btv.md\/wp-content\/uploads\/2016\/04\/rasad.png","datePublished":"2016-04-14T13:11:33+00:00","author":{"@id":"https:\/\/www.btv.md\/#\/schema\/person\/8fadce81561b3ce2c34c46dadc4ccbf2"},"inLanguage":"ro-RO","potentialAction":[{"@type":"ReadAction","target":["https:\/\/www.btv.md\/ro\/pe-pietele-din-balti-au-aparut-primele-fire-de-rasad\/"]}]},{"@type":"ImageObject","inLanguage":"ro-RO","@id":"https:\/\/www.btv.md\/ro\/pe-pietele-din-balti-au-aparut-primele-fire-de-rasad\/#primaryimage","url":"https:\/\/www.btv.md\/wp-content\/uploads\/2016\/04\/rasad.png","contentUrl":"https:\/\/www.btv.md\/wp-content\/uploads\/2016\/04\/rasad.png","width":1013,"height":591},{"@type":"WebSite","@id":"https:\/\/www.btv.md\/#website","url":"https:\/\/www.btv.md\/","name":"BTV","description":"\u0411\u0435\u043b\u044c\u0446\u043a\u043e\u0435 \u0442\u0435\u043b\u0435\u0432\u0438\u0434\u0435\u043d\u0438\u0435","potentialAction":[{"@type":"SearchAction","target":{"@type":"EntryPoint","urlTemplate":"https:\/\/www.btv.md\/?s={search_term_string}"},"query-input":{"@type":"PropertyValueSpecification","valueRequired":true,"valueName":"search_term_string"}}],"inLanguage":"ro-RO"},{"@type":"Person","@id":"https:\/\/www.btv.md\/#\/schema\/person\/8fadce81561b3ce2c34c46dadc4ccbf2","name":"admin"}]}},"_links":{"self":[{"href":"https:\/\/www.btv.md\/ro\/wp-json\/wp\/v2\/posts\/10790","targetHints":{"allow":["GET"]}}],"collection":[{"href":"https:\/\/www.btv.md\/ro\/wp-json\/wp\/v2\/posts"}],"about":[{"href":"https:\/\/www.btv.md\/ro\/wp-json\/wp\/v2\/types\/post"}],"author":[{"embeddable":true,"href":"https:\/\/www.btv.md\/ro\/wp-json\/wp\/v2\/users\/4"}],"replies":[{"embeddable":true,"href":"https:\/\/www.btv.md\/ro\/wp-json\/wp\/v2\/comments?post=10790"}],"version-history":[{"count":0,"href":"https:\/\/www.btv.md\/ro\/wp-json\/wp\/v2\/posts\/10790\/revisions"}],"wp:featuredmedia":[{"embeddable":true,"href":"https:\/\/www.btv.md\/ro\/wp-json\/wp\/v2\/media\/10791"}],"wp:attachment":[{"href":"https:\/\/www.btv.md\/ro\/wp-json\/wp\/v2\/media?parent=10790"}],"wp:term":[{"taxonomy":"category","embeddable":true,"href":"https:\/\/www.btv.md\/ro\/wp-json\/wp\/v2\/categories?post=10790"},{"taxonomy":"post_tag","embeddable":true,"href":"https:\/\/www.btv.md\/ro\/wp-json\/wp\/v2\/tags?post=10790"}],"curies":[{"name":"wp","href":"https:\/\/api.w.org\/{rel}","templated":true}]}}