{"id":10814,"date":"2016-04-14T17:42:30","date_gmt":"2016-04-14T14:42:30","guid":{"rendered":"http:\/\/btv.md\/?p=10814"},"modified":"2016-04-14T17:42:30","modified_gmt":"2016-04-14T14:42:30","slug":"guvernul-danemarcei-a-donat-calculatoare-pentru-scolile-si-gradinitele-din-balti","status":"publish","type":"post","link":"https:\/\/www.btv.md\/ro\/guvernul-danemarcei-a-donat-calculatoare-pentru-scolile-si-gradinitele-din-balti\/","title":{"rendered":"GUVERNUL DANEMARCEI A DONAT CALCULATOARE PENTRU \u0218COLILE \u0218I GR\u0102DINI\u021aELE DIN B\u0102L\u021aI"},"content":{"rendered":"<p><strong>Peste 20 de institu\u021bii de \u00eenv\u0103t\u0103m\u00e2nd din B\u0103l\u021bi vor fi dotate cu  700 de calculatoare de tip NETBOOK, oferite de  Organiza\u021bia Non Guvernamental\u0103 \u201eTimpul Speran\u021bei\u201d. De prima tran\u0219\u0103 de calculatoare au beneficiat s\u0103lile multimedia a trei licee \u0219i a unei g\u0103dini\u021be. <\/strong><\/p>\n<p>Profesorii \u0219i educatorii institu\u021biilor de \u00eenv\u0103\u021b\u0103m\u00e2nt  spun c\u0103 gra\u021biei acestor calculatore at\u00e2t orele de informatic\u0103, c\u00e2t \u0219i cele instruire a micu\u021bilor \u00een gr\u0103dini\u021be vor mult mai interesante.<\/p>\n<p>\u00cen cazul elevilor de la Liceul Teoretic \u201e George Co\u0219buc \u201d, unde vechile calculatoare au fost \u00eenlocuite cu NETBOOK-ri  le va permite s\u0103 studieze \u00een condi\u021bii mai bune la orele de informatic\u0103. <\/p>\n<p>Potrivit reprezentan\u021bilor Asocia\u021biei Ob\u0219te\u0219ti \u201e Timpul Speran\u021bei\u201d dona\u021bia de calculatoarelor a fost posibil\u0103 datorit\u0103 Guvernului Danemarcei \u0219i Direc\u021biei \u00eenv\u0103\u021b\u0103m\u00e2nt tineret \u0219i sport a municipiului B\u0103l\u021bi. <\/p>\n<p>De calculatoare a beneficiat \u0219i Liceul \u201e Maxim Gorki\u201d  din B\u0103l\u021bi unde p\u00e2n\u0103 \u00een prezent au mai r\u0103mas componente a calculatoarelor produse la mijlocul anilor 90 a secolului trecut.<\/p>\n<p>Preciz\u0103m c\u0103 computerile donate au fost folosite timp de doi de elevii \u0219colilor din Danemarca.<\/p>\n<p><iframe width=\"420\" height=\"315\" data-src=\"https:\/\/www.youtube.com\/embed\/uJg0Tll7_fE\" frameborder=\"0\" allowfullscreen src=\"data:image\/svg+xml;base64,PHN2ZyB3aWR0aD0iMSIgaGVpZ2h0PSIxIiB4bWxucz0iaHR0cDovL3d3dy53My5vcmcvMjAwMC9zdmciPjwvc3ZnPg==\" class=\"lazyload\" data-load-mode=\"1\"><\/iframe><\/p>\n","protected":false},"excerpt":{"rendered":"<p>Peste 20 de institu\u021bii de \u00eenv\u0103t\u0103m\u00e2nd din B\u0103l\u021bi vor fi dotate cu 700 de calculatoare de tip NETBOOK, oferite de Organiza\u021bia Non Guvernamental\u0103 \u201eTimpul Speran\u021bei\u201d. De prima tran\u0219\u0103 de calculatoare au beneficiat s\u0103lile multimedia a trei licee \u0219i a unei g\u0103dini\u021be. Profesorii \u0219i educatorii institu\u021biilor de \u00eenv\u0103\u021b\u0103m\u00e2nt spun c\u0103 gra\u021biei acestor calculatore at\u00e2t orele de [&hellip;]<\/p>\n","protected":false},"author":4,"featured_media":10815,"comment_status":"closed","ping_status":"closed","sticky":false,"template":"","format":"standard","meta":{"footnotes":""},"categories":[12],"tags":[],"class_list":["post-10814","post","type-post","status-publish","format-standard","has-post-thumbnail","hentry","category-balti"],"yoast_head":"<!-- This site is optimized with the Yoast SEO plugin v27.4 - https:\/\/yoast.com\/product\/yoast-seo-wordpress\/ -->\n<title>GUVERNUL DANEMARCEI A DONAT CALCULATOARE PENTRU \u0218COLILE \u0218I GR\u0102DINI\u021aELE DIN B\u0102L\u021aI - BTV<\/title>\n<meta name=\"robots\" content=\"index, follow, max-snippet:-1, max-image-preview:large, max-video-preview:-1\" \/>\n<link rel=\"canonical\" href=\"https:\/\/www.btv.md\/ro\/guvernul-danemarcei-a-donat-calculatoare-pentru-scolile-si-gradinitele-din-balti\/\" \/>\n<meta property=\"og:locale\" content=\"ro_RO\" \/>\n<meta property=\"og:type\" content=\"article\" \/>\n<meta property=\"og:title\" content=\"GUVERNUL DANEMARCEI A DONAT CALCULATOARE PENTRU \u0218COLILE \u0218I GR\u0102DINI\u021aELE DIN B\u0102L\u021aI - BTV\" \/>\n<meta property=\"og:description\" content=\"Peste 20 de institu\u021bii de \u00eenv\u0103t\u0103m\u00e2nd din B\u0103l\u021bi vor fi dotate cu 700 de calculatoare de tip NETBOOK, oferite de Organiza\u021bia Non Guvernamental\u0103 \u201eTimpul Speran\u021bei\u201d. De prima tran\u0219\u0103 de calculatoare au beneficiat s\u0103lile multimedia a trei licee \u0219i a unei g\u0103dini\u021be. Profesorii \u0219i educatorii institu\u021biilor de \u00eenv\u0103\u021b\u0103m\u00e2nt spun c\u0103 gra\u021biei acestor calculatore at\u00e2t orele de [&hellip;]\" \/>\n<meta property=\"og:url\" content=\"https:\/\/www.btv.md\/ro\/guvernul-danemarcei-a-donat-calculatoare-pentru-scolile-si-gradinitele-din-balti\/\" \/>\n<meta property=\"og:site_name\" content=\"BTV\" \/>\n<meta property=\"article:publisher\" content=\"https:\/\/www.facebook.com\/btvmoldova\/\" \/>\n<meta property=\"article:published_time\" content=\"2016-04-14T14:42:30+00:00\" \/>\n<meta property=\"og:image\" content=\"https:\/\/www.btv.md\/wp-content\/uploads\/2016\/04\/calculatoare.png\" \/>\n\t<meta property=\"og:image:width\" content=\"1025\" \/>\n\t<meta property=\"og:image:height\" content=\"593\" \/>\n\t<meta property=\"og:image:type\" content=\"image\/png\" \/>\n<meta name=\"author\" content=\"admin\" \/>\n<meta name=\"twitter:label1\" content=\"Scris de\" \/>\n\t<meta name=\"twitter:data1\" content=\"admin\" \/>\n\t<meta name=\"twitter:label2\" content=\"Timp estimat pentru citire\" \/>\n\t<meta name=\"twitter:data2\" content=\"1 minut\" \/>\n<script type=\"application\/ld+json\" class=\"yoast-schema-graph\">{\"@context\":\"https:\\\/\\\/schema.org\",\"@graph\":[{\"@type\":\"Article\",\"@id\":\"https:\\\/\\\/www.btv.md\\\/ro\\\/guvernul-danemarcei-a-donat-calculatoare-pentru-scolile-si-gradinitele-din-balti\\\/#article\",\"isPartOf\":{\"@id\":\"https:\\\/\\\/www.btv.md\\\/ro\\\/guvernul-danemarcei-a-donat-calculatoare-pentru-scolile-si-gradinitele-din-balti\\\/\"},\"author\":{\"name\":\"admin\",\"@id\":\"https:\\\/\\\/www.btv.md\\\/#\\\/schema\\\/person\\\/8fadce81561b3ce2c34c46dadc4ccbf2\"},\"headline\":\"GUVERNUL DANEMARCEI A DONAT CALCULATOARE PENTRU \u0218COLILE \u0218I GR\u0102DINI\u021aELE DIN B\u0102L\u021aI\",\"datePublished\":\"2016-04-14T14:42:30+00:00\",\"mainEntityOfPage\":{\"@id\":\"https:\\\/\\\/www.btv.md\\\/ro\\\/guvernul-danemarcei-a-donat-calculatoare-pentru-scolile-si-gradinitele-din-balti\\\/\"},\"wordCount\":215,\"image\":{\"@id\":\"https:\\\/\\\/www.btv.md\\\/ro\\\/guvernul-danemarcei-a-donat-calculatoare-pentru-scolile-si-gradinitele-din-balti\\\/#primaryimage\"},\"thumbnailUrl\":\"https:\\\/\\\/www.btv.md\\\/wp-content\\\/uploads\\\/2016\\\/04\\\/calculatoare.png\",\"articleSection\":[\"\u0413\u043e\u0440\u043e\u0434\"],\"inLanguage\":\"ro-RO\"},{\"@type\":\"WebPage\",\"@id\":\"https:\\\/\\\/www.btv.md\\\/ro\\\/guvernul-danemarcei-a-donat-calculatoare-pentru-scolile-si-gradinitele-din-balti\\\/\",\"url\":\"https:\\\/\\\/www.btv.md\\\/ro\\\/guvernul-danemarcei-a-donat-calculatoare-pentru-scolile-si-gradinitele-din-balti\\\/\",\"name\":\"GUVERNUL DANEMARCEI A DONAT CALCULATOARE PENTRU \u0218COLILE \u0218I GR\u0102DINI\u021aELE DIN B\u0102L\u021aI - BTV\",\"isPartOf\":{\"@id\":\"https:\\\/\\\/www.btv.md\\\/#website\"},\"primaryImageOfPage\":{\"@id\":\"https:\\\/\\\/www.btv.md\\\/ro\\\/guvernul-danemarcei-a-donat-calculatoare-pentru-scolile-si-gradinitele-din-balti\\\/#primaryimage\"},\"image\":{\"@id\":\"https:\\\/\\\/www.btv.md\\\/ro\\\/guvernul-danemarcei-a-donat-calculatoare-pentru-scolile-si-gradinitele-din-balti\\\/#primaryimage\"},\"thumbnailUrl\":\"https:\\\/\\\/www.btv.md\\\/wp-content\\\/uploads\\\/2016\\\/04\\\/calculatoare.png\",\"datePublished\":\"2016-04-14T14:42:30+00:00\",\"author\":{\"@id\":\"https:\\\/\\\/www.btv.md\\\/#\\\/schema\\\/person\\\/8fadce81561b3ce2c34c46dadc4ccbf2\"},\"inLanguage\":\"ro-RO\",\"potentialAction\":[{\"@type\":\"ReadAction\",\"target\":[\"https:\\\/\\\/www.btv.md\\\/ro\\\/guvernul-danemarcei-a-donat-calculatoare-pentru-scolile-si-gradinitele-din-balti\\\/\"]}]},{\"@type\":\"ImageObject\",\"inLanguage\":\"ro-RO\",\"@id\":\"https:\\\/\\\/www.btv.md\\\/ro\\\/guvernul-danemarcei-a-donat-calculatoare-pentru-scolile-si-gradinitele-din-balti\\\/#primaryimage\",\"url\":\"https:\\\/\\\/www.btv.md\\\/wp-content\\\/uploads\\\/2016\\\/04\\\/calculatoare.png\",\"contentUrl\":\"https:\\\/\\\/www.btv.md\\\/wp-content\\\/uploads\\\/2016\\\/04\\\/calculatoare.png\",\"width\":1025,\"height\":593},{\"@type\":\"WebSite\",\"@id\":\"https:\\\/\\\/www.btv.md\\\/#website\",\"url\":\"https:\\\/\\\/www.btv.md\\\/\",\"name\":\"BTV\",\"description\":\"\u0411\u0435\u043b\u044c\u0446\u043a\u043e\u0435 \u0442\u0435\u043b\u0435\u0432\u0438\u0434\u0435\u043d\u0438\u0435\",\"potentialAction\":[{\"@type\":\"SearchAction\",\"target\":{\"@type\":\"EntryPoint\",\"urlTemplate\":\"https:\\\/\\\/www.btv.md\\\/?s={search_term_string}\"},\"query-input\":{\"@type\":\"PropertyValueSpecification\",\"valueRequired\":true,\"valueName\":\"search_term_string\"}}],\"inLanguage\":\"ro-RO\"},{\"@type\":\"Person\",\"@id\":\"https:\\\/\\\/www.btv.md\\\/#\\\/schema\\\/person\\\/8fadce81561b3ce2c34c46dadc4ccbf2\",\"name\":\"admin\"}]}<\/script>\n<!-- \/ Yoast SEO plugin. -->","yoast_head_json":{"title":"GUVERNUL DANEMARCEI A DONAT CALCULATOARE PENTRU \u0218COLILE \u0218I GR\u0102DINI\u021aELE DIN B\u0102L\u021aI - BTV","robots":{"index":"index","follow":"follow","max-snippet":"max-snippet:-1","max-image-preview":"max-image-preview:large","max-video-preview":"max-video-preview:-1"},"canonical":"https:\/\/www.btv.md\/ro\/guvernul-danemarcei-a-donat-calculatoare-pentru-scolile-si-gradinitele-din-balti\/","og_locale":"ro_RO","og_type":"article","og_title":"GUVERNUL DANEMARCEI A DONAT CALCULATOARE PENTRU \u0218COLILE \u0218I GR\u0102DINI\u021aELE DIN B\u0102L\u021aI - BTV","og_description":"Peste 20 de institu\u021bii de \u00eenv\u0103t\u0103m\u00e2nd din B\u0103l\u021bi vor fi dotate cu 700 de calculatoare de tip NETBOOK, oferite de Organiza\u021bia Non Guvernamental\u0103 \u201eTimpul Speran\u021bei\u201d. De prima tran\u0219\u0103 de calculatoare au beneficiat s\u0103lile multimedia a trei licee \u0219i a unei g\u0103dini\u021be. Profesorii \u0219i educatorii institu\u021biilor de \u00eenv\u0103\u021b\u0103m\u00e2nt spun c\u0103 gra\u021biei acestor calculatore at\u00e2t orele de [&hellip;]","og_url":"https:\/\/www.btv.md\/ro\/guvernul-danemarcei-a-donat-calculatoare-pentru-scolile-si-gradinitele-din-balti\/","og_site_name":"BTV","article_publisher":"https:\/\/www.facebook.com\/btvmoldova\/","article_published_time":"2016-04-14T14:42:30+00:00","og_image":[{"width":1025,"height":593,"url":"https:\/\/www.btv.md\/wp-content\/uploads\/2016\/04\/calculatoare.png","type":"image\/png"}],"author":"admin","twitter_misc":{"Scris de":"admin","Timp estimat pentru citire":"1 minut"},"schema":{"@context":"https:\/\/schema.org","@graph":[{"@type":"Article","@id":"https:\/\/www.btv.md\/ro\/guvernul-danemarcei-a-donat-calculatoare-pentru-scolile-si-gradinitele-din-balti\/#article","isPartOf":{"@id":"https:\/\/www.btv.md\/ro\/guvernul-danemarcei-a-donat-calculatoare-pentru-scolile-si-gradinitele-din-balti\/"},"author":{"name":"admin","@id":"https:\/\/www.btv.md\/#\/schema\/person\/8fadce81561b3ce2c34c46dadc4ccbf2"},"headline":"GUVERNUL DANEMARCEI A DONAT CALCULATOARE PENTRU \u0218COLILE \u0218I GR\u0102DINI\u021aELE DIN B\u0102L\u021aI","datePublished":"2016-04-14T14:42:30+00:00","mainEntityOfPage":{"@id":"https:\/\/www.btv.md\/ro\/guvernul-danemarcei-a-donat-calculatoare-pentru-scolile-si-gradinitele-din-balti\/"},"wordCount":215,"image":{"@id":"https:\/\/www.btv.md\/ro\/guvernul-danemarcei-a-donat-calculatoare-pentru-scolile-si-gradinitele-din-balti\/#primaryimage"},"thumbnailUrl":"https:\/\/www.btv.md\/wp-content\/uploads\/2016\/04\/calculatoare.png","articleSection":["\u0413\u043e\u0440\u043e\u0434"],"inLanguage":"ro-RO"},{"@type":"WebPage","@id":"https:\/\/www.btv.md\/ro\/guvernul-danemarcei-a-donat-calculatoare-pentru-scolile-si-gradinitele-din-balti\/","url":"https:\/\/www.btv.md\/ro\/guvernul-danemarcei-a-donat-calculatoare-pentru-scolile-si-gradinitele-din-balti\/","name":"GUVERNUL DANEMARCEI A DONAT CALCULATOARE PENTRU \u0218COLILE \u0218I GR\u0102DINI\u021aELE DIN B\u0102L\u021aI - BTV","isPartOf":{"@id":"https:\/\/www.btv.md\/#website"},"primaryImageOfPage":{"@id":"https:\/\/www.btv.md\/ro\/guvernul-danemarcei-a-donat-calculatoare-pentru-scolile-si-gradinitele-din-balti\/#primaryimage"},"image":{"@id":"https:\/\/www.btv.md\/ro\/guvernul-danemarcei-a-donat-calculatoare-pentru-scolile-si-gradinitele-din-balti\/#primaryimage"},"thumbnailUrl":"https:\/\/www.btv.md\/wp-content\/uploads\/2016\/04\/calculatoare.png","datePublished":"2016-04-14T14:42:30+00:00","author":{"@id":"https:\/\/www.btv.md\/#\/schema\/person\/8fadce81561b3ce2c34c46dadc4ccbf2"},"inLanguage":"ro-RO","potentialAction":[{"@type":"ReadAction","target":["https:\/\/www.btv.md\/ro\/guvernul-danemarcei-a-donat-calculatoare-pentru-scolile-si-gradinitele-din-balti\/"]}]},{"@type":"ImageObject","inLanguage":"ro-RO","@id":"https:\/\/www.btv.md\/ro\/guvernul-danemarcei-a-donat-calculatoare-pentru-scolile-si-gradinitele-din-balti\/#primaryimage","url":"https:\/\/www.btv.md\/wp-content\/uploads\/2016\/04\/calculatoare.png","contentUrl":"https:\/\/www.btv.md\/wp-content\/uploads\/2016\/04\/calculatoare.png","width":1025,"height":593},{"@type":"WebSite","@id":"https:\/\/www.btv.md\/#website","url":"https:\/\/www.btv.md\/","name":"BTV","description":"\u0411\u0435\u043b\u044c\u0446\u043a\u043e\u0435 \u0442\u0435\u043b\u0435\u0432\u0438\u0434\u0435\u043d\u0438\u0435","potentialAction":[{"@type":"SearchAction","target":{"@type":"EntryPoint","urlTemplate":"https:\/\/www.btv.md\/?s={search_term_string}"},"query-input":{"@type":"PropertyValueSpecification","valueRequired":true,"valueName":"search_term_string"}}],"inLanguage":"ro-RO"},{"@type":"Person","@id":"https:\/\/www.btv.md\/#\/schema\/person\/8fadce81561b3ce2c34c46dadc4ccbf2","name":"admin"}]}},"_links":{"self":[{"href":"https:\/\/www.btv.md\/ro\/wp-json\/wp\/v2\/posts\/10814","targetHints":{"allow":["GET"]}}],"collection":[{"href":"https:\/\/www.btv.md\/ro\/wp-json\/wp\/v2\/posts"}],"about":[{"href":"https:\/\/www.btv.md\/ro\/wp-json\/wp\/v2\/types\/post"}],"author":[{"embeddable":true,"href":"https:\/\/www.btv.md\/ro\/wp-json\/wp\/v2\/users\/4"}],"replies":[{"embeddable":true,"href":"https:\/\/www.btv.md\/ro\/wp-json\/wp\/v2\/comments?post=10814"}],"version-history":[{"count":0,"href":"https:\/\/www.btv.md\/ro\/wp-json\/wp\/v2\/posts\/10814\/revisions"}],"wp:featuredmedia":[{"embeddable":true,"href":"https:\/\/www.btv.md\/ro\/wp-json\/wp\/v2\/media\/10815"}],"wp:attachment":[{"href":"https:\/\/www.btv.md\/ro\/wp-json\/wp\/v2\/media?parent=10814"}],"wp:term":[{"taxonomy":"category","embeddable":true,"href":"https:\/\/www.btv.md\/ro\/wp-json\/wp\/v2\/categories?post=10814"},{"taxonomy":"post_tag","embeddable":true,"href":"https:\/\/www.btv.md\/ro\/wp-json\/wp\/v2\/tags?post=10814"}],"curies":[{"name":"wp","href":"https:\/\/api.w.org\/{rel}","templated":true}]}}