{"id":108291,"date":"2020-12-11T16:44:23","date_gmt":"2020-12-11T14:44:23","guid":{"rendered":"http:\/\/www.btv.md\/?p=108291"},"modified":"2020-12-11T16:44:23","modified_gmt":"2020-12-11T14:44:23","slug":"scrisoare-deschisa-catre-dodon-deputat-nu-va-mai-tineti-cu-dintii-de-scaun-cu-14-milioane-de-lei-am-putea-cumpara-57-de-aparate-de-respiratie","status":"publish","type":"post","link":"https:\/\/www.btv.md\/ro\/scrisoare-deschisa-catre-dodon-deputat-nu-va-mai-tineti-cu-dintii-de-scaun-cu-14-milioane-de-lei-am-putea-cumpara-57-de-aparate-de-respiratie\/","title":{"rendered":"Scrisoare deschis\u0103 c\u0103tre Dodon. Deputat: Nu v\u0103 mai \u021bine\u021bi cu din\u021bii de scaun. Cu 1,4 milioane de lei am putea cump\u0103ra 57 de aparate de respira\u021bie"},"content":{"rendered":"<p><strong>Deputatul Platformei DA, Liviu Vovc, a adresat o scrisoare deschis\u0103 c\u0103tre pre\u0219edintele \u00een exerci\u021biu, Igor Dodon, \u00eentreb\u00e2ndu-l \u201ede ce se \u021bine at\u00e2t de mult de scaunul Pre\u0219edin\u021biei\u201d, \u00een contextul \u00een care o zi a sa \u201ecost\u0103 cet\u0103\u021benii 100.000 de lei\u201d, iar cu ace\u0219ti bani \u201ear putea fi cump\u0103rate 57 de aparate de respira\u021bie care sunt extrem de necesare\u201d, scrie<a href=\"https:\/\/cotidianul.md\/2020\/12\/11\/scrisoare-deschisa-catre-igor-dodon-deputat-nu-va-mai-tineti-cu-dintii-de-scaun-cu-14-milioane-de-lei-am-putea-cumpara-57-de-aparate-de-respiratie\/\">cotidianul.md<\/a><\/strong><\/p>\n<p>Liviu Vovc se \u00eentreab\u0103 de ce Igor Dodon a\u0219teapt\u0103 \u00eenc\u0103 dou\u0103 s\u0103pt\u0103m\u00e2ni, p\u00e2n\u0103 la 24 decembrie, dac\u0103 Curtea Constitu\u021bional\u0103 (CC) a a validat joi, 10 decembrie, rezultatele alegerilor din 15 noiembrie \u0219i mandatul pre\u0219edintei alese, Maia Sandu.<\/p>\n<p>Scrisoarea deschis\u0103 adresat\u0103 pre\u0219edintelui \u00een exerci\u021biu, Igor Dodon:<\/p>\n<p><em>\u201eStimate Igor Dodon,<br \/>\nDup\u0103 cum a\u021bi \u201edirijat\u201d \u021bara pe parcursul mandatului nu cred c\u0103 merita\u021bi o adresare a\u0219a oficial\u0103, \u00eens\u0103 a\u0219a am fost educat s\u0103 m\u0103 adresez. V\u0103 \u00eendemn s\u0103 citi\u021bi acest mesaj ca unul adresat de c\u0103tre un simplu cet\u0103\u021bean al acestei \u021b\u0103ri.<br \/>\nRecent cet\u0103\u021benii au ales un nou pre\u0219edinte, iar ieri mandatul i-a fost validat. Votul oamenilor a fost o reac\u021bie fireasc\u0103 la cum a fost \u0219i este guvernat\u0103 \u021bara, c\u00e2nd oamenii au v\u0103zut unde ne-a\u021bi adus dvs. \u0219i guvernul de buzunar al dvs. Asta a fost voin\u021ba cet\u0103\u021benilor \u0219i apreciez c\u0103 a\u021bi recunoscut \u00eenfr\u00e2ngerea.<br \/>\nVreau \u00eens\u0103 s\u0103 v\u0103 \u00eentreb un lucru: de ce este nevoie s\u0103 mai a\u0219tept\u0103m dou\u0103 s\u0103pt\u0103m\u00e2ni? Oare nu e de ajuns c\u00e2t a\u021bi chinuit acest popor?<br \/>\n\u0218ti\u021bi bine c\u0103 o zi a pre\u0219edintelui cost\u0103 cet\u0103\u021benii 100.000 de lei. Aceasta ar \u00eensemna 1,4 milioane de lei pentru \u00eenc\u0103 dou\u0103 s\u0103pt\u0103m\u00e2ni.<br \/>\nCu ace\u0219ti bani am putea cump\u0103ra 57 aparate de respira\u021bie care sunt extrem de necesare \u00een criza pandemic\u0103 \u00een care ne afl\u0103m. Cu ace\u0219ti bani am putea dota cu mobilier \u0219ase gr\u0103dini\u021be. Am putea renova veceurile \u00een cinci \u0219coli a\u0219a cum a\u021bi renovat veceul de la Hiliu\u021bi. Am mai putea face \u0219i multe alte lucruri.<br \/>\nCare e logica ca ace\u0219ti bani s\u0103 fie arunca\u021bi \u00een v\u00e2nt? V\u0103z\u00e2nd cum a fost guvernat\u0103 \u021bara patru ani \u00een\u021belegem ambii c\u0103 \u00een aceste dou\u0103 s\u0103pt\u0103m\u00e2ni nu ve\u021bi face schimb\u0103ri semnificative pentru cet\u0103\u021bii Moldovei. Dac\u0103 scopul este s\u0103 reu\u0219i\u021bi s\u0103 mai \u00eemp\u0103r\u021bi\u021bi ni\u0219te scheme cu cei ai lui Shor, \u00een\u021belege\u021bi foarte bine c\u0103 orice ilegalitate va fi contestat\u0103 \u0219i anulat\u0103.<br \/>\nLa ce bun efortul dvs. \u00een zadar \u0219i dou\u0103 s\u0103pt\u0103m\u00e2ni pierdute pentru \u021bar\u0103. La ce bun\u0103 irosirea a \u00eenc\u0103 1,4 milioane lei?<br \/>\nCet\u0103\u021benii au ar\u0103tat prin vot c\u0103 \u00ee\u0219i doresc schimb\u0103ri. Nu v\u0103 mai \u021bine\u021bi cu din\u021bii de scaun. Pleca\u021bi.<br \/>\nL\u0103sa\u021bi-ne \u00een legea noastr\u0103\u2026<\/em>\u201d, se arat\u0103 \u00een scrisoarea deschis\u0103 a deputatului Liviu Vovc, adresat\u0103 lui Igor Dodon.<\/p>\n<p>Contactat\u0103 de COTIDIANUL, consiliera lui Igor Dodon, Carmena Lupei, nu a r\u0103spuns la apeluri pentru a putea solicita o reac\u021bie la aceast\u0103 scrisoare.<\/p>\n<p>\u00cen martie 2020, Igor Dodon a anun\u021bat c\u0103 vor fi t\u0103iate 3,5 milioane din cele 35 de milioane de lei planificate pentru \u00eentre\u021binerea cl\u0103dirii institu\u021biei, deplas\u0103ri \u0219i alte cheltuieli.<\/p>\n<p>\u00cen perioada 2017-2019, vizitele \u00een str\u0103in\u0103tate ale pre\u0219edintelui Igor Dodon \u0219i ale angaja\u021bilor Pre\u0219edin\u021biei au costat statul pu\u021bin peste cinci milioane de lei. O arat\u0103 datele oferite de Aparatul Pre\u0219edintelui la solicitarea <a href=\"https:\/\/agora.md\/stiri\/65425\/deplasarile-lui-dodon-si-ale-angajatilor-presedintiei--in-cei-trei-ani-de-mandat--au-costat-statul-peste-cinci-milioane-de-lei\" target=\"_blank\" rel=\"noopener noreferrer\">Agora<\/a>, expediat\u0103 la mijlocul lunii decembrie 2019.<\/p>\n<p>Din informa\u021bia expediat\u0103 de Aparatul Pre\u0219edintelui, afl\u0103m c\u0103 anul 2018 a fost cel mai costisitor c\u00e2nd vine vorba despre cheltuielile pentru deplas\u0103ri externe. Aproape 300.000 de lei s-au cheltuit \u00een exclusivitate pentru comodit\u0103\u021bile pre\u0219edintelui Dodon, iar al\u021bi 1,73 de milioane de lei \u2013 pentru angaja\u021bii Pre\u0219edin\u021biei care-l acompaniau pe pre\u0219edinte.<\/p>\n<p>Sursa: <a href=\"https:\/\/cotidianul.md\/2020\/12\/11\/scrisoare-deschisa-catre-igor-dodon-deputat-nu-va-mai-tineti-cu-dintii-de-scaun-cu-14-milioane-de-lei-am-putea-cumpara-57-de-aparate-de-respiratie\/\">cotidianul.md<\/a><\/p>\n","protected":false},"excerpt":{"rendered":"<p>Deputatul Platformei DA, Liviu Vovc, a adresat o scrisoare deschis\u0103 c\u0103tre pre\u0219edintele \u00een exerci\u021biu, Igor Dodon, \u00eentreb\u00e2ndu-l \u201ede ce se \u021bine at\u00e2t de mult de scaunul Pre\u0219edin\u021biei\u201d, \u00een contextul \u00een care o zi a sa \u201ecost\u0103 cet\u0103\u021benii 100.000 de lei\u201d, iar cu ace\u0219ti bani \u201ear putea fi cump\u0103rate 57 de aparate de respira\u021bie care sunt [&hellip;]<\/p>\n","protected":false},"author":4,"featured_media":108292,"comment_status":"closed","ping_status":"closed","sticky":false,"template":"","format":"standard","meta":{"footnotes":""},"categories":[6369,6377],"tags":[20291,15240],"class_list":["post-108291","post","type-post","status-publish","format-standard","has-post-thumbnail","hentry","category-economie-ro","category-stiri","tag-aparate-de-respiratie","tag-scrisoare-deschisa"],"yoast_head":"<!-- This site is optimized with the Yoast SEO plugin v27.4 - https:\/\/yoast.com\/product\/yoast-seo-wordpress\/ -->\n<title>Scrisoare deschis\u0103 c\u0103tre Dodon. Deputat: Nu v\u0103 mai \u021bine\u021bi cu din\u021bii de scaun. Cu 1,4 milioane de lei am putea cump\u0103ra 57 de aparate de respira\u021bie - BTV<\/title>\n<meta name=\"robots\" content=\"index, follow, max-snippet:-1, max-image-preview:large, max-video-preview:-1\" \/>\n<link rel=\"canonical\" href=\"https:\/\/www.btv.md\/ro\/amp\/scrisoare-deschisa-catre-dodon-deputat-nu-va-mai-tineti-cu-dintii-de-scaun-cu-14-milioane-de-lei-am-putea-cumpara-57-de-aparate-de-respiratie\/\" \/>\n<meta property=\"og:locale\" content=\"ro_RO\" \/>\n<meta property=\"og:type\" content=\"article\" \/>\n<meta property=\"og:title\" content=\"Scrisoare deschis\u0103 c\u0103tre Dodon. Deputat: Nu v\u0103 mai \u021bine\u021bi cu din\u021bii de scaun. Cu 1,4 milioane de lei am putea cump\u0103ra 57 de aparate de respira\u021bie - BTV\" \/>\n<meta property=\"og:description\" content=\"Deputatul Platformei DA, Liviu Vovc, a adresat o scrisoare deschis\u0103 c\u0103tre pre\u0219edintele \u00een exerci\u021biu, Igor Dodon, \u00eentreb\u00e2ndu-l \u201ede ce se \u021bine at\u00e2t de mult de scaunul Pre\u0219edin\u021biei\u201d, \u00een contextul \u00een care o zi a sa \u201ecost\u0103 cet\u0103\u021benii 100.000 de lei\u201d, iar cu ace\u0219ti bani \u201ear putea fi cump\u0103rate 57 de aparate de respira\u021bie care sunt [&hellip;]\" \/>\n<meta property=\"og:url\" content=\"https:\/\/www.btv.md\/ro\/amp\/scrisoare-deschisa-catre-dodon-deputat-nu-va-mai-tineti-cu-dintii-de-scaun-cu-14-milioane-de-lei-am-putea-cumpara-57-de-aparate-de-respiratie\/\" \/>\n<meta property=\"og:site_name\" content=\"BTV\" \/>\n<meta property=\"article:publisher\" content=\"https:\/\/www.facebook.com\/btvmoldova\/\" \/>\n<meta property=\"article:published_time\" content=\"2020-12-11T14:44:23+00:00\" \/>\n<meta property=\"og:image\" content=\"https:\/\/www.btv.md\/wp-content\/uploads\/2020\/12\/elenco-produttori-ventilatori-polmonari-artificiali-meccanici-e-distributori-italia-1280x720-1.jpg\" \/>\n\t<meta property=\"og:image:width\" content=\"1280\" \/>\n\t<meta property=\"og:image:height\" content=\"720\" \/>\n\t<meta property=\"og:image:type\" content=\"image\/jpeg\" \/>\n<meta name=\"author\" content=\"admin\" \/>\n<meta name=\"twitter:label1\" content=\"Scris de\" \/>\n\t<meta name=\"twitter:data1\" content=\"admin\" \/>\n\t<meta name=\"twitter:label2\" content=\"Timp estimat pentru citire\" \/>\n\t<meta name=\"twitter:data2\" content=\"3 minute\" \/>\n<script type=\"application\/ld+json\" class=\"yoast-schema-graph\">{\"@context\":\"https:\\\/\\\/schema.org\",\"@graph\":[{\"@type\":\"Article\",\"@id\":\"https:\\\/\\\/www.btv.md\\\/ro\\\/amp\\\/scrisoare-deschisa-catre-dodon-deputat-nu-va-mai-tineti-cu-dintii-de-scaun-cu-14-milioane-de-lei-am-putea-cumpara-57-de-aparate-de-respiratie\\\/#article\",\"isPartOf\":{\"@id\":\"https:\\\/\\\/www.btv.md\\\/ro\\\/amp\\\/scrisoare-deschisa-catre-dodon-deputat-nu-va-mai-tineti-cu-dintii-de-scaun-cu-14-milioane-de-lei-am-putea-cumpara-57-de-aparate-de-respiratie\\\/\"},\"author\":{\"name\":\"admin\",\"@id\":\"https:\\\/\\\/www.btv.md\\\/#\\\/schema\\\/person\\\/8fadce81561b3ce2c34c46dadc4ccbf2\"},\"headline\":\"Scrisoare deschis\u0103 c\u0103tre Dodon. Deputat: Nu v\u0103 mai \u021bine\u021bi cu din\u021bii de scaun. Cu 1,4 milioane de lei am putea cump\u0103ra 57 de aparate de respira\u021bie\",\"datePublished\":\"2020-12-11T14:44:23+00:00\",\"mainEntityOfPage\":{\"@id\":\"https:\\\/\\\/www.btv.md\\\/ro\\\/amp\\\/scrisoare-deschisa-catre-dodon-deputat-nu-va-mai-tineti-cu-dintii-de-scaun-cu-14-milioane-de-lei-am-putea-cumpara-57-de-aparate-de-respiratie\\\/\"},\"wordCount\":698,\"image\":{\"@id\":\"https:\\\/\\\/www.btv.md\\\/ro\\\/amp\\\/scrisoare-deschisa-catre-dodon-deputat-nu-va-mai-tineti-cu-dintii-de-scaun-cu-14-milioane-de-lei-am-putea-cumpara-57-de-aparate-de-respiratie\\\/#primaryimage\"},\"thumbnailUrl\":\"https:\\\/\\\/www.btv.md\\\/wp-content\\\/uploads\\\/2020\\\/12\\\/elenco-produttori-ventilatori-polmonari-artificiali-meccanici-e-distributori-italia-1280x720-1.jpg\",\"keywords\":[\"aparate de respira\u021bie\",\"scrisoare deschis\u0103\"],\"articleSection\":[\"Economie\",\"\u0218tiri\"],\"inLanguage\":\"ro-RO\"},{\"@type\":\"WebPage\",\"@id\":\"https:\\\/\\\/www.btv.md\\\/ro\\\/amp\\\/scrisoare-deschisa-catre-dodon-deputat-nu-va-mai-tineti-cu-dintii-de-scaun-cu-14-milioane-de-lei-am-putea-cumpara-57-de-aparate-de-respiratie\\\/\",\"url\":\"https:\\\/\\\/www.btv.md\\\/ro\\\/amp\\\/scrisoare-deschisa-catre-dodon-deputat-nu-va-mai-tineti-cu-dintii-de-scaun-cu-14-milioane-de-lei-am-putea-cumpara-57-de-aparate-de-respiratie\\\/\",\"name\":\"Scrisoare deschis\u0103 c\u0103tre Dodon. Deputat: Nu v\u0103 mai \u021bine\u021bi cu din\u021bii de scaun. Cu 1,4 milioane de lei am putea cump\u0103ra 57 de aparate de respira\u021bie - BTV\",\"isPartOf\":{\"@id\":\"https:\\\/\\\/www.btv.md\\\/#website\"},\"primaryImageOfPage\":{\"@id\":\"https:\\\/\\\/www.btv.md\\\/ro\\\/amp\\\/scrisoare-deschisa-catre-dodon-deputat-nu-va-mai-tineti-cu-dintii-de-scaun-cu-14-milioane-de-lei-am-putea-cumpara-57-de-aparate-de-respiratie\\\/#primaryimage\"},\"image\":{\"@id\":\"https:\\\/\\\/www.btv.md\\\/ro\\\/amp\\\/scrisoare-deschisa-catre-dodon-deputat-nu-va-mai-tineti-cu-dintii-de-scaun-cu-14-milioane-de-lei-am-putea-cumpara-57-de-aparate-de-respiratie\\\/#primaryimage\"},\"thumbnailUrl\":\"https:\\\/\\\/www.btv.md\\\/wp-content\\\/uploads\\\/2020\\\/12\\\/elenco-produttori-ventilatori-polmonari-artificiali-meccanici-e-distributori-italia-1280x720-1.jpg\",\"datePublished\":\"2020-12-11T14:44:23+00:00\",\"author\":{\"@id\":\"https:\\\/\\\/www.btv.md\\\/#\\\/schema\\\/person\\\/8fadce81561b3ce2c34c46dadc4ccbf2\"},\"inLanguage\":\"ro-RO\",\"potentialAction\":[{\"@type\":\"ReadAction\",\"target\":[\"https:\\\/\\\/www.btv.md\\\/ro\\\/amp\\\/scrisoare-deschisa-catre-dodon-deputat-nu-va-mai-tineti-cu-dintii-de-scaun-cu-14-milioane-de-lei-am-putea-cumpara-57-de-aparate-de-respiratie\\\/\"]}]},{\"@type\":\"ImageObject\",\"inLanguage\":\"ro-RO\",\"@id\":\"https:\\\/\\\/www.btv.md\\\/ro\\\/amp\\\/scrisoare-deschisa-catre-dodon-deputat-nu-va-mai-tineti-cu-dintii-de-scaun-cu-14-milioane-de-lei-am-putea-cumpara-57-de-aparate-de-respiratie\\\/#primaryimage\",\"url\":\"https:\\\/\\\/www.btv.md\\\/wp-content\\\/uploads\\\/2020\\\/12\\\/elenco-produttori-ventilatori-polmonari-artificiali-meccanici-e-distributori-italia-1280x720-1.jpg\",\"contentUrl\":\"https:\\\/\\\/www.btv.md\\\/wp-content\\\/uploads\\\/2020\\\/12\\\/elenco-produttori-ventilatori-polmonari-artificiali-meccanici-e-distributori-italia-1280x720-1.jpg\",\"width\":1280,\"height\":720},{\"@type\":\"WebSite\",\"@id\":\"https:\\\/\\\/www.btv.md\\\/#website\",\"url\":\"https:\\\/\\\/www.btv.md\\\/\",\"name\":\"BTV\",\"description\":\"\u0411\u0435\u043b\u044c\u0446\u043a\u043e\u0435 \u0442\u0435\u043b\u0435\u0432\u0438\u0434\u0435\u043d\u0438\u0435\",\"potentialAction\":[{\"@type\":\"SearchAction\",\"target\":{\"@type\":\"EntryPoint\",\"urlTemplate\":\"https:\\\/\\\/www.btv.md\\\/?s={search_term_string}\"},\"query-input\":{\"@type\":\"PropertyValueSpecification\",\"valueRequired\":true,\"valueName\":\"search_term_string\"}}],\"inLanguage\":\"ro-RO\"},{\"@type\":\"Person\",\"@id\":\"https:\\\/\\\/www.btv.md\\\/#\\\/schema\\\/person\\\/8fadce81561b3ce2c34c46dadc4ccbf2\",\"name\":\"admin\"}]}<\/script>\n<!-- \/ Yoast SEO plugin. -->","yoast_head_json":{"title":"Scrisoare deschis\u0103 c\u0103tre Dodon. Deputat: Nu v\u0103 mai \u021bine\u021bi cu din\u021bii de scaun. Cu 1,4 milioane de lei am putea cump\u0103ra 57 de aparate de respira\u021bie - BTV","robots":{"index":"index","follow":"follow","max-snippet":"max-snippet:-1","max-image-preview":"max-image-preview:large","max-video-preview":"max-video-preview:-1"},"canonical":"https:\/\/www.btv.md\/ro\/amp\/scrisoare-deschisa-catre-dodon-deputat-nu-va-mai-tineti-cu-dintii-de-scaun-cu-14-milioane-de-lei-am-putea-cumpara-57-de-aparate-de-respiratie\/","og_locale":"ro_RO","og_type":"article","og_title":"Scrisoare deschis\u0103 c\u0103tre Dodon. Deputat: Nu v\u0103 mai \u021bine\u021bi cu din\u021bii de scaun. Cu 1,4 milioane de lei am putea cump\u0103ra 57 de aparate de respira\u021bie - BTV","og_description":"Deputatul Platformei DA, Liviu Vovc, a adresat o scrisoare deschis\u0103 c\u0103tre pre\u0219edintele \u00een exerci\u021biu, Igor Dodon, \u00eentreb\u00e2ndu-l \u201ede ce se \u021bine at\u00e2t de mult de scaunul Pre\u0219edin\u021biei\u201d, \u00een contextul \u00een care o zi a sa \u201ecost\u0103 cet\u0103\u021benii 100.000 de lei\u201d, iar cu ace\u0219ti bani \u201ear putea fi cump\u0103rate 57 de aparate de respira\u021bie care sunt [&hellip;]","og_url":"https:\/\/www.btv.md\/ro\/amp\/scrisoare-deschisa-catre-dodon-deputat-nu-va-mai-tineti-cu-dintii-de-scaun-cu-14-milioane-de-lei-am-putea-cumpara-57-de-aparate-de-respiratie\/","og_site_name":"BTV","article_publisher":"https:\/\/www.facebook.com\/btvmoldova\/","article_published_time":"2020-12-11T14:44:23+00:00","og_image":[{"width":1280,"height":720,"url":"https:\/\/www.btv.md\/wp-content\/uploads\/2020\/12\/elenco-produttori-ventilatori-polmonari-artificiali-meccanici-e-distributori-italia-1280x720-1.jpg","type":"image\/jpeg"}],"author":"admin","twitter_misc":{"Scris de":"admin","Timp estimat pentru citire":"3 minute"},"schema":{"@context":"https:\/\/schema.org","@graph":[{"@type":"Article","@id":"https:\/\/www.btv.md\/ro\/amp\/scrisoare-deschisa-catre-dodon-deputat-nu-va-mai-tineti-cu-dintii-de-scaun-cu-14-milioane-de-lei-am-putea-cumpara-57-de-aparate-de-respiratie\/#article","isPartOf":{"@id":"https:\/\/www.btv.md\/ro\/amp\/scrisoare-deschisa-catre-dodon-deputat-nu-va-mai-tineti-cu-dintii-de-scaun-cu-14-milioane-de-lei-am-putea-cumpara-57-de-aparate-de-respiratie\/"},"author":{"name":"admin","@id":"https:\/\/www.btv.md\/#\/schema\/person\/8fadce81561b3ce2c34c46dadc4ccbf2"},"headline":"Scrisoare deschis\u0103 c\u0103tre Dodon. Deputat: Nu v\u0103 mai \u021bine\u021bi cu din\u021bii de scaun. Cu 1,4 milioane de lei am putea cump\u0103ra 57 de aparate de respira\u021bie","datePublished":"2020-12-11T14:44:23+00:00","mainEntityOfPage":{"@id":"https:\/\/www.btv.md\/ro\/amp\/scrisoare-deschisa-catre-dodon-deputat-nu-va-mai-tineti-cu-dintii-de-scaun-cu-14-milioane-de-lei-am-putea-cumpara-57-de-aparate-de-respiratie\/"},"wordCount":698,"image":{"@id":"https:\/\/www.btv.md\/ro\/amp\/scrisoare-deschisa-catre-dodon-deputat-nu-va-mai-tineti-cu-dintii-de-scaun-cu-14-milioane-de-lei-am-putea-cumpara-57-de-aparate-de-respiratie\/#primaryimage"},"thumbnailUrl":"https:\/\/www.btv.md\/wp-content\/uploads\/2020\/12\/elenco-produttori-ventilatori-polmonari-artificiali-meccanici-e-distributori-italia-1280x720-1.jpg","keywords":["aparate de respira\u021bie","scrisoare deschis\u0103"],"articleSection":["Economie","\u0218tiri"],"inLanguage":"ro-RO"},{"@type":"WebPage","@id":"https:\/\/www.btv.md\/ro\/amp\/scrisoare-deschisa-catre-dodon-deputat-nu-va-mai-tineti-cu-dintii-de-scaun-cu-14-milioane-de-lei-am-putea-cumpara-57-de-aparate-de-respiratie\/","url":"https:\/\/www.btv.md\/ro\/amp\/scrisoare-deschisa-catre-dodon-deputat-nu-va-mai-tineti-cu-dintii-de-scaun-cu-14-milioane-de-lei-am-putea-cumpara-57-de-aparate-de-respiratie\/","name":"Scrisoare deschis\u0103 c\u0103tre Dodon. Deputat: Nu v\u0103 mai \u021bine\u021bi cu din\u021bii de scaun. Cu 1,4 milioane de lei am putea cump\u0103ra 57 de aparate de respira\u021bie - BTV","isPartOf":{"@id":"https:\/\/www.btv.md\/#website"},"primaryImageOfPage":{"@id":"https:\/\/www.btv.md\/ro\/amp\/scrisoare-deschisa-catre-dodon-deputat-nu-va-mai-tineti-cu-dintii-de-scaun-cu-14-milioane-de-lei-am-putea-cumpara-57-de-aparate-de-respiratie\/#primaryimage"},"image":{"@id":"https:\/\/www.btv.md\/ro\/amp\/scrisoare-deschisa-catre-dodon-deputat-nu-va-mai-tineti-cu-dintii-de-scaun-cu-14-milioane-de-lei-am-putea-cumpara-57-de-aparate-de-respiratie\/#primaryimage"},"thumbnailUrl":"https:\/\/www.btv.md\/wp-content\/uploads\/2020\/12\/elenco-produttori-ventilatori-polmonari-artificiali-meccanici-e-distributori-italia-1280x720-1.jpg","datePublished":"2020-12-11T14:44:23+00:00","author":{"@id":"https:\/\/www.btv.md\/#\/schema\/person\/8fadce81561b3ce2c34c46dadc4ccbf2"},"inLanguage":"ro-RO","potentialAction":[{"@type":"ReadAction","target":["https:\/\/www.btv.md\/ro\/amp\/scrisoare-deschisa-catre-dodon-deputat-nu-va-mai-tineti-cu-dintii-de-scaun-cu-14-milioane-de-lei-am-putea-cumpara-57-de-aparate-de-respiratie\/"]}]},{"@type":"ImageObject","inLanguage":"ro-RO","@id":"https:\/\/www.btv.md\/ro\/amp\/scrisoare-deschisa-catre-dodon-deputat-nu-va-mai-tineti-cu-dintii-de-scaun-cu-14-milioane-de-lei-am-putea-cumpara-57-de-aparate-de-respiratie\/#primaryimage","url":"https:\/\/www.btv.md\/wp-content\/uploads\/2020\/12\/elenco-produttori-ventilatori-polmonari-artificiali-meccanici-e-distributori-italia-1280x720-1.jpg","contentUrl":"https:\/\/www.btv.md\/wp-content\/uploads\/2020\/12\/elenco-produttori-ventilatori-polmonari-artificiali-meccanici-e-distributori-italia-1280x720-1.jpg","width":1280,"height":720},{"@type":"WebSite","@id":"https:\/\/www.btv.md\/#website","url":"https:\/\/www.btv.md\/","name":"BTV","description":"\u0411\u0435\u043b\u044c\u0446\u043a\u043e\u0435 \u0442\u0435\u043b\u0435\u0432\u0438\u0434\u0435\u043d\u0438\u0435","potentialAction":[{"@type":"SearchAction","target":{"@type":"EntryPoint","urlTemplate":"https:\/\/www.btv.md\/?s={search_term_string}"},"query-input":{"@type":"PropertyValueSpecification","valueRequired":true,"valueName":"search_term_string"}}],"inLanguage":"ro-RO"},{"@type":"Person","@id":"https:\/\/www.btv.md\/#\/schema\/person\/8fadce81561b3ce2c34c46dadc4ccbf2","name":"admin"}]}},"_links":{"self":[{"href":"https:\/\/www.btv.md\/ro\/wp-json\/wp\/v2\/posts\/108291","targetHints":{"allow":["GET"]}}],"collection":[{"href":"https:\/\/www.btv.md\/ro\/wp-json\/wp\/v2\/posts"}],"about":[{"href":"https:\/\/www.btv.md\/ro\/wp-json\/wp\/v2\/types\/post"}],"author":[{"embeddable":true,"href":"https:\/\/www.btv.md\/ro\/wp-json\/wp\/v2\/users\/4"}],"replies":[{"embeddable":true,"href":"https:\/\/www.btv.md\/ro\/wp-json\/wp\/v2\/comments?post=108291"}],"version-history":[{"count":0,"href":"https:\/\/www.btv.md\/ro\/wp-json\/wp\/v2\/posts\/108291\/revisions"}],"wp:featuredmedia":[{"embeddable":true,"href":"https:\/\/www.btv.md\/ro\/wp-json\/wp\/v2\/media\/108292"}],"wp:attachment":[{"href":"https:\/\/www.btv.md\/ro\/wp-json\/wp\/v2\/media?parent=108291"}],"wp:term":[{"taxonomy":"category","embeddable":true,"href":"https:\/\/www.btv.md\/ro\/wp-json\/wp\/v2\/categories?post=108291"},{"taxonomy":"post_tag","embeddable":true,"href":"https:\/\/www.btv.md\/ro\/wp-json\/wp\/v2\/tags?post=108291"}],"curies":[{"name":"wp","href":"https:\/\/api.w.org\/{rel}","templated":true}]}}