{"id":108295,"date":"2020-12-11T16:53:00","date_gmt":"2020-12-11T14:53:00","guid":{"rendered":"http:\/\/www.btv.md\/?p=108295"},"modified":"2020-12-11T16:53:00","modified_gmt":"2020-12-11T14:53:00","slug":"noi-decizii-ale-ministerul-educatiei-elevii-vor-reveni-la-invatamantul-online-in-ultima-saptamana-de-studii-din-acest-an","status":"publish","type":"post","link":"https:\/\/www.btv.md\/ro\/noi-decizii-ale-ministerul-educatiei-elevii-vor-reveni-la-invatamantul-online-in-ultima-saptamana-de-studii-din-acest-an\/","title":{"rendered":"Noi decizii ale Ministerul Educa\u021biei. Elevii vor reveni la \u00eenv\u0103\u021b\u0103m\u00e2ntul online, \u00een ultima s\u0103pt\u0103m\u00e2n\u0103 de studii din acest an"},"content":{"rendered":"<p class=\"preamble\"><strong>Reie\u0219ind din evolu\u021bia situa\u021biei epidemiologice \u0219i a riscului sporit privind transmiterea COVID-19, Ministerul Educa\u021biei a emis un demers prin care solicit\u0103 <\/strong><strong>finalizarea procesului de aplicare a evalu\u0103rilor sumative la disciplinele de studii din ciclul primar, gimnazial \u0219i liceal p\u00e2n\u0103 la 18 decembrie, urm\u00e2nd ca ultima s\u0103pt\u0103m\u00e2n\u0103 de studii din acest an s\u0103 se desf\u0103\u0219oare online, scrie <a href=\"https:\/\/agora.md\/stiri\/81357\/noi-decizii-ale-ministerul-educatiei-elevii-vor-reveni-la-invatamantul-online-in-ultima-saptamana-de-studii-din-acest-an-doc\">agora.md<\/a><\/strong><\/p>\n<p>Totodat\u0103, \u00een perioada 21-24 decembrie 2020, orele la disciplinele de studii conform Planului-cadru pentru clasele din ciclul primar, gimnazial \u0219i liceal vor fi desf\u0103\u0219urate la distan\u021b\u0103, conform principiilor Zilelor de activit\u0103\u021bi transdisciplinare, cu accent pe sus\u021binerea st\u0103rii de bine \u0219i tematici potrivite contextului \u00een preajma s\u0103rb\u0103torilor de iarn\u0103.<\/p>\n<p>De asemenea, \u00een perioada 14-24 decembrie 2020 activit\u0103\u021bile extra\u0219colare\u00a0 vor fi suspendate \u00een incinta institu\u021biilor \u0219i se vor desf\u0103\u0219ura doar la distan\u021b\u0103.<\/p>\n<figure class=\"image\"><img decoding=\"async\" data-src=\"https:\/\/agora.md\/\/cdn\/p\/new\/news_images\/160849\/photo_2020-12-10_19-22-50.jpg\" src=\"data:image\/svg+xml;base64,PHN2ZyB3aWR0aD0iMSIgaGVpZ2h0PSIxIiB4bWxucz0iaHR0cDovL3d3dy53My5vcmcvMjAwMC9zdmciPjwvc3ZnPg==\" class=\"lazyload\" \/><\/figure>\n<p>&nbsp;<\/p>\n<p>Preciz\u0103m c\u0103, alte <a href=\"https:\/\/agora.md\/stiri\/81352\/alte-1-715-cazuri-de-covid-19-inregistrate-in-ultimele-24-ore-19-pacienti-si-au-pierdut-viata\">1.715 cazuri noi de infectare <\/a>cu COVID-19 au fost confirmate joi, 9 decembrie \u00een Republica Moldova. Totodat\u0103, Ministerul S\u0103n\u0103t\u0103\u021bii anun\u021b\u0103 c\u0103 19 pacien\u021bi \u0219i-au pierdut via\u021ba din cauza complica\u021biilor provocvate de coronavirus.<\/p>\n<p>Sursa: <a href=\"https:\/\/agora.md\/stiri\/81357\/noi-decizii-ale-ministerul-educatiei-elevii-vor-reveni-la-invatamantul-online-in-ultima-saptamana-de-studii-din-acest-an-doc\">agora.md<\/a><\/p>\n","protected":false},"excerpt":{"rendered":"<p>Reie\u0219ind din evolu\u021bia situa\u021biei epidemiologice \u0219i a riscului sporit privind transmiterea COVID-19, Ministerul Educa\u021biei a emis un demers prin care solicit\u0103 finalizarea procesului de aplicare a evalu\u0103rilor sumative la disciplinele de studii din ciclul primar, gimnazial \u0219i liceal p\u00e2n\u0103 la 18 decembrie, urm\u00e2nd ca ultima s\u0103pt\u0103m\u00e2n\u0103 de studii din acest an s\u0103 se desf\u0103\u0219oare online, [&hellip;]<\/p>\n","protected":false},"author":4,"featured_media":108299,"comment_status":"closed","ping_status":"closed","sticky":false,"template":"","format":"standard","meta":{"footnotes":""},"categories":[6349,6377],"tags":[20295,20297,20296],"class_list":["post-108295","post","type-post","status-publish","format-standard","has-post-thumbnail","hentry","category-social","category-stiri","tag-invatamantul-online-2","tag-riscul-sporit-privind-transmiterea-covid-19-2","tag-studii-2"],"yoast_head":"<!-- This site is optimized with the Yoast SEO plugin v27.4 - https:\/\/yoast.com\/product\/yoast-seo-wordpress\/ -->\n<title>Noi decizii ale Ministerul Educa\u021biei. Elevii vor reveni la \u00eenv\u0103\u021b\u0103m\u00e2ntul online, \u00een ultima s\u0103pt\u0103m\u00e2n\u0103 de studii din acest an - BTV<\/title>\n<meta name=\"robots\" content=\"index, follow, max-snippet:-1, max-image-preview:large, max-video-preview:-1\" \/>\n<link rel=\"canonical\" href=\"https:\/\/www.btv.md\/ro\/noi-decizii-ale-ministerul-educatiei-elevii-vor-reveni-la-invatamantul-online-in-ultima-saptamana-de-studii-din-acest-an\/\" \/>\n<meta property=\"og:locale\" content=\"ro_RO\" \/>\n<meta property=\"og:type\" content=\"article\" \/>\n<meta property=\"og:title\" content=\"Noi decizii ale Ministerul Educa\u021biei. Elevii vor reveni la \u00eenv\u0103\u021b\u0103m\u00e2ntul online, \u00een ultima s\u0103pt\u0103m\u00e2n\u0103 de studii din acest an - BTV\" \/>\n<meta property=\"og:description\" content=\"Reie\u0219ind din evolu\u021bia situa\u021biei epidemiologice \u0219i a riscului sporit privind transmiterea COVID-19, Ministerul Educa\u021biei a emis un demers prin care solicit\u0103 finalizarea procesului de aplicare a evalu\u0103rilor sumative la disciplinele de studii din ciclul primar, gimnazial \u0219i liceal p\u00e2n\u0103 la 18 decembrie, urm\u00e2nd ca ultima s\u0103pt\u0103m\u00e2n\u0103 de studii din acest an s\u0103 se desf\u0103\u0219oare online, [&hellip;]\" \/>\n<meta property=\"og:url\" content=\"https:\/\/www.btv.md\/ro\/noi-decizii-ale-ministerul-educatiei-elevii-vor-reveni-la-invatamantul-online-in-ultima-saptamana-de-studii-din-acest-an\/\" \/>\n<meta property=\"og:site_name\" content=\"BTV\" \/>\n<meta property=\"article:publisher\" content=\"https:\/\/www.facebook.com\/btvmoldova\/\" \/>\n<meta property=\"article:published_time\" content=\"2020-12-11T14:53:00+00:00\" \/>\n<meta property=\"og:image\" content=\"https:\/\/www.btv.md\/wp-content\/uploads\/2020\/12\/noi-decizii-ale-ministerul-educatiei-elevii-vor-reveni-la-invatamantul-online-in-ultima-saptamana-de-studii-din-acest-an-160849-1607620927.jpg\" \/>\n\t<meta property=\"og:image:width\" content=\"1200\" \/>\n\t<meta property=\"og:image:height\" content=\"675\" \/>\n\t<meta property=\"og:image:type\" content=\"image\/jpeg\" \/>\n<meta name=\"author\" content=\"admin\" \/>\n<meta name=\"twitter:label1\" content=\"Scris de\" \/>\n\t<meta name=\"twitter:data1\" content=\"admin\" \/>\n\t<meta name=\"twitter:label2\" content=\"Timp estimat pentru citire\" \/>\n\t<meta name=\"twitter:data2\" content=\"1 minut\" \/>\n<script type=\"application\/ld+json\" class=\"yoast-schema-graph\">{\"@context\":\"https:\\\/\\\/schema.org\",\"@graph\":[{\"@type\":\"Article\",\"@id\":\"https:\\\/\\\/www.btv.md\\\/ro\\\/noi-decizii-ale-ministerul-educatiei-elevii-vor-reveni-la-invatamantul-online-in-ultima-saptamana-de-studii-din-acest-an\\\/#article\",\"isPartOf\":{\"@id\":\"https:\\\/\\\/www.btv.md\\\/ro\\\/noi-decizii-ale-ministerul-educatiei-elevii-vor-reveni-la-invatamantul-online-in-ultima-saptamana-de-studii-din-acest-an\\\/\"},\"author\":{\"name\":\"admin\",\"@id\":\"https:\\\/\\\/www.btv.md\\\/#\\\/schema\\\/person\\\/8fadce81561b3ce2c34c46dadc4ccbf2\"},\"headline\":\"Noi decizii ale Ministerul Educa\u021biei. Elevii vor reveni la \u00eenv\u0103\u021b\u0103m\u00e2ntul online, \u00een ultima s\u0103pt\u0103m\u00e2n\u0103 de studii din acest an\",\"datePublished\":\"2020-12-11T14:53:00+00:00\",\"mainEntityOfPage\":{\"@id\":\"https:\\\/\\\/www.btv.md\\\/ro\\\/noi-decizii-ale-ministerul-educatiei-elevii-vor-reveni-la-invatamantul-online-in-ultima-saptamana-de-studii-din-acest-an\\\/\"},\"wordCount\":214,\"image\":{\"@id\":\"https:\\\/\\\/www.btv.md\\\/ro\\\/noi-decizii-ale-ministerul-educatiei-elevii-vor-reveni-la-invatamantul-online-in-ultima-saptamana-de-studii-din-acest-an\\\/#primaryimage\"},\"thumbnailUrl\":\"https:\\\/\\\/www.btv.md\\\/wp-content\\\/uploads\\\/2020\\\/12\\\/noi-decizii-ale-ministerul-educatiei-elevii-vor-reveni-la-invatamantul-online-in-ultima-saptamana-de-studii-din-acest-an-160849-1607620927.jpg\",\"keywords\":[\"\u00eenv\u0103\u021b\u0103m\u00e2ntul online\",\"riscul sporit privind transmiterea COVID-19\",\"studii\"],\"articleSection\":[\"Social\",\"\u0218tiri\"],\"inLanguage\":\"ro-RO\"},{\"@type\":\"WebPage\",\"@id\":\"https:\\\/\\\/www.btv.md\\\/ro\\\/noi-decizii-ale-ministerul-educatiei-elevii-vor-reveni-la-invatamantul-online-in-ultima-saptamana-de-studii-din-acest-an\\\/\",\"url\":\"https:\\\/\\\/www.btv.md\\\/ro\\\/noi-decizii-ale-ministerul-educatiei-elevii-vor-reveni-la-invatamantul-online-in-ultima-saptamana-de-studii-din-acest-an\\\/\",\"name\":\"Noi decizii ale Ministerul Educa\u021biei. Elevii vor reveni la \u00eenv\u0103\u021b\u0103m\u00e2ntul online, \u00een ultima s\u0103pt\u0103m\u00e2n\u0103 de studii din acest an - BTV\",\"isPartOf\":{\"@id\":\"https:\\\/\\\/www.btv.md\\\/#website\"},\"primaryImageOfPage\":{\"@id\":\"https:\\\/\\\/www.btv.md\\\/ro\\\/noi-decizii-ale-ministerul-educatiei-elevii-vor-reveni-la-invatamantul-online-in-ultima-saptamana-de-studii-din-acest-an\\\/#primaryimage\"},\"image\":{\"@id\":\"https:\\\/\\\/www.btv.md\\\/ro\\\/noi-decizii-ale-ministerul-educatiei-elevii-vor-reveni-la-invatamantul-online-in-ultima-saptamana-de-studii-din-acest-an\\\/#primaryimage\"},\"thumbnailUrl\":\"https:\\\/\\\/www.btv.md\\\/wp-content\\\/uploads\\\/2020\\\/12\\\/noi-decizii-ale-ministerul-educatiei-elevii-vor-reveni-la-invatamantul-online-in-ultima-saptamana-de-studii-din-acest-an-160849-1607620927.jpg\",\"datePublished\":\"2020-12-11T14:53:00+00:00\",\"author\":{\"@id\":\"https:\\\/\\\/www.btv.md\\\/#\\\/schema\\\/person\\\/8fadce81561b3ce2c34c46dadc4ccbf2\"},\"inLanguage\":\"ro-RO\",\"potentialAction\":[{\"@type\":\"ReadAction\",\"target\":[\"https:\\\/\\\/www.btv.md\\\/ro\\\/noi-decizii-ale-ministerul-educatiei-elevii-vor-reveni-la-invatamantul-online-in-ultima-saptamana-de-studii-din-acest-an\\\/\"]}]},{\"@type\":\"ImageObject\",\"inLanguage\":\"ro-RO\",\"@id\":\"https:\\\/\\\/www.btv.md\\\/ro\\\/noi-decizii-ale-ministerul-educatiei-elevii-vor-reveni-la-invatamantul-online-in-ultima-saptamana-de-studii-din-acest-an\\\/#primaryimage\",\"url\":\"https:\\\/\\\/www.btv.md\\\/wp-content\\\/uploads\\\/2020\\\/12\\\/noi-decizii-ale-ministerul-educatiei-elevii-vor-reveni-la-invatamantul-online-in-ultima-saptamana-de-studii-din-acest-an-160849-1607620927.jpg\",\"contentUrl\":\"https:\\\/\\\/www.btv.md\\\/wp-content\\\/uploads\\\/2020\\\/12\\\/noi-decizii-ale-ministerul-educatiei-elevii-vor-reveni-la-invatamantul-online-in-ultima-saptamana-de-studii-din-acest-an-160849-1607620927.jpg\",\"width\":1200,\"height\":675},{\"@type\":\"WebSite\",\"@id\":\"https:\\\/\\\/www.btv.md\\\/#website\",\"url\":\"https:\\\/\\\/www.btv.md\\\/\",\"name\":\"BTV\",\"description\":\"\u0411\u0435\u043b\u044c\u0446\u043a\u043e\u0435 \u0442\u0435\u043b\u0435\u0432\u0438\u0434\u0435\u043d\u0438\u0435\",\"potentialAction\":[{\"@type\":\"SearchAction\",\"target\":{\"@type\":\"EntryPoint\",\"urlTemplate\":\"https:\\\/\\\/www.btv.md\\\/?s={search_term_string}\"},\"query-input\":{\"@type\":\"PropertyValueSpecification\",\"valueRequired\":true,\"valueName\":\"search_term_string\"}}],\"inLanguage\":\"ro-RO\"},{\"@type\":\"Person\",\"@id\":\"https:\\\/\\\/www.btv.md\\\/#\\\/schema\\\/person\\\/8fadce81561b3ce2c34c46dadc4ccbf2\",\"name\":\"admin\"}]}<\/script>\n<!-- \/ Yoast SEO plugin. -->","yoast_head_json":{"title":"Noi decizii ale Ministerul Educa\u021biei. Elevii vor reveni la \u00eenv\u0103\u021b\u0103m\u00e2ntul online, \u00een ultima s\u0103pt\u0103m\u00e2n\u0103 de studii din acest an - BTV","robots":{"index":"index","follow":"follow","max-snippet":"max-snippet:-1","max-image-preview":"max-image-preview:large","max-video-preview":"max-video-preview:-1"},"canonical":"https:\/\/www.btv.md\/ro\/noi-decizii-ale-ministerul-educatiei-elevii-vor-reveni-la-invatamantul-online-in-ultima-saptamana-de-studii-din-acest-an\/","og_locale":"ro_RO","og_type":"article","og_title":"Noi decizii ale Ministerul Educa\u021biei. Elevii vor reveni la \u00eenv\u0103\u021b\u0103m\u00e2ntul online, \u00een ultima s\u0103pt\u0103m\u00e2n\u0103 de studii din acest an - BTV","og_description":"Reie\u0219ind din evolu\u021bia situa\u021biei epidemiologice \u0219i a riscului sporit privind transmiterea COVID-19, Ministerul Educa\u021biei a emis un demers prin care solicit\u0103 finalizarea procesului de aplicare a evalu\u0103rilor sumative la disciplinele de studii din ciclul primar, gimnazial \u0219i liceal p\u00e2n\u0103 la 18 decembrie, urm\u00e2nd ca ultima s\u0103pt\u0103m\u00e2n\u0103 de studii din acest an s\u0103 se desf\u0103\u0219oare online, [&hellip;]","og_url":"https:\/\/www.btv.md\/ro\/noi-decizii-ale-ministerul-educatiei-elevii-vor-reveni-la-invatamantul-online-in-ultima-saptamana-de-studii-din-acest-an\/","og_site_name":"BTV","article_publisher":"https:\/\/www.facebook.com\/btvmoldova\/","article_published_time":"2020-12-11T14:53:00+00:00","og_image":[{"width":1200,"height":675,"url":"https:\/\/www.btv.md\/wp-content\/uploads\/2020\/12\/noi-decizii-ale-ministerul-educatiei-elevii-vor-reveni-la-invatamantul-online-in-ultima-saptamana-de-studii-din-acest-an-160849-1607620927.jpg","type":"image\/jpeg"}],"author":"admin","twitter_misc":{"Scris de":"admin","Timp estimat pentru citire":"1 minut"},"schema":{"@context":"https:\/\/schema.org","@graph":[{"@type":"Article","@id":"https:\/\/www.btv.md\/ro\/noi-decizii-ale-ministerul-educatiei-elevii-vor-reveni-la-invatamantul-online-in-ultima-saptamana-de-studii-din-acest-an\/#article","isPartOf":{"@id":"https:\/\/www.btv.md\/ro\/noi-decizii-ale-ministerul-educatiei-elevii-vor-reveni-la-invatamantul-online-in-ultima-saptamana-de-studii-din-acest-an\/"},"author":{"name":"admin","@id":"https:\/\/www.btv.md\/#\/schema\/person\/8fadce81561b3ce2c34c46dadc4ccbf2"},"headline":"Noi decizii ale Ministerul Educa\u021biei. Elevii vor reveni la \u00eenv\u0103\u021b\u0103m\u00e2ntul online, \u00een ultima s\u0103pt\u0103m\u00e2n\u0103 de studii din acest an","datePublished":"2020-12-11T14:53:00+00:00","mainEntityOfPage":{"@id":"https:\/\/www.btv.md\/ro\/noi-decizii-ale-ministerul-educatiei-elevii-vor-reveni-la-invatamantul-online-in-ultima-saptamana-de-studii-din-acest-an\/"},"wordCount":214,"image":{"@id":"https:\/\/www.btv.md\/ro\/noi-decizii-ale-ministerul-educatiei-elevii-vor-reveni-la-invatamantul-online-in-ultima-saptamana-de-studii-din-acest-an\/#primaryimage"},"thumbnailUrl":"https:\/\/www.btv.md\/wp-content\/uploads\/2020\/12\/noi-decizii-ale-ministerul-educatiei-elevii-vor-reveni-la-invatamantul-online-in-ultima-saptamana-de-studii-din-acest-an-160849-1607620927.jpg","keywords":["\u00eenv\u0103\u021b\u0103m\u00e2ntul online","riscul sporit privind transmiterea COVID-19","studii"],"articleSection":["Social","\u0218tiri"],"inLanguage":"ro-RO"},{"@type":"WebPage","@id":"https:\/\/www.btv.md\/ro\/noi-decizii-ale-ministerul-educatiei-elevii-vor-reveni-la-invatamantul-online-in-ultima-saptamana-de-studii-din-acest-an\/","url":"https:\/\/www.btv.md\/ro\/noi-decizii-ale-ministerul-educatiei-elevii-vor-reveni-la-invatamantul-online-in-ultima-saptamana-de-studii-din-acest-an\/","name":"Noi decizii ale Ministerul Educa\u021biei. Elevii vor reveni la \u00eenv\u0103\u021b\u0103m\u00e2ntul online, \u00een ultima s\u0103pt\u0103m\u00e2n\u0103 de studii din acest an - BTV","isPartOf":{"@id":"https:\/\/www.btv.md\/#website"},"primaryImageOfPage":{"@id":"https:\/\/www.btv.md\/ro\/noi-decizii-ale-ministerul-educatiei-elevii-vor-reveni-la-invatamantul-online-in-ultima-saptamana-de-studii-din-acest-an\/#primaryimage"},"image":{"@id":"https:\/\/www.btv.md\/ro\/noi-decizii-ale-ministerul-educatiei-elevii-vor-reveni-la-invatamantul-online-in-ultima-saptamana-de-studii-din-acest-an\/#primaryimage"},"thumbnailUrl":"https:\/\/www.btv.md\/wp-content\/uploads\/2020\/12\/noi-decizii-ale-ministerul-educatiei-elevii-vor-reveni-la-invatamantul-online-in-ultima-saptamana-de-studii-din-acest-an-160849-1607620927.jpg","datePublished":"2020-12-11T14:53:00+00:00","author":{"@id":"https:\/\/www.btv.md\/#\/schema\/person\/8fadce81561b3ce2c34c46dadc4ccbf2"},"inLanguage":"ro-RO","potentialAction":[{"@type":"ReadAction","target":["https:\/\/www.btv.md\/ro\/noi-decizii-ale-ministerul-educatiei-elevii-vor-reveni-la-invatamantul-online-in-ultima-saptamana-de-studii-din-acest-an\/"]}]},{"@type":"ImageObject","inLanguage":"ro-RO","@id":"https:\/\/www.btv.md\/ro\/noi-decizii-ale-ministerul-educatiei-elevii-vor-reveni-la-invatamantul-online-in-ultima-saptamana-de-studii-din-acest-an\/#primaryimage","url":"https:\/\/www.btv.md\/wp-content\/uploads\/2020\/12\/noi-decizii-ale-ministerul-educatiei-elevii-vor-reveni-la-invatamantul-online-in-ultima-saptamana-de-studii-din-acest-an-160849-1607620927.jpg","contentUrl":"https:\/\/www.btv.md\/wp-content\/uploads\/2020\/12\/noi-decizii-ale-ministerul-educatiei-elevii-vor-reveni-la-invatamantul-online-in-ultima-saptamana-de-studii-din-acest-an-160849-1607620927.jpg","width":1200,"height":675},{"@type":"WebSite","@id":"https:\/\/www.btv.md\/#website","url":"https:\/\/www.btv.md\/","name":"BTV","description":"\u0411\u0435\u043b\u044c\u0446\u043a\u043e\u0435 \u0442\u0435\u043b\u0435\u0432\u0438\u0434\u0435\u043d\u0438\u0435","potentialAction":[{"@type":"SearchAction","target":{"@type":"EntryPoint","urlTemplate":"https:\/\/www.btv.md\/?s={search_term_string}"},"query-input":{"@type":"PropertyValueSpecification","valueRequired":true,"valueName":"search_term_string"}}],"inLanguage":"ro-RO"},{"@type":"Person","@id":"https:\/\/www.btv.md\/#\/schema\/person\/8fadce81561b3ce2c34c46dadc4ccbf2","name":"admin"}]}},"_links":{"self":[{"href":"https:\/\/www.btv.md\/ro\/wp-json\/wp\/v2\/posts\/108295","targetHints":{"allow":["GET"]}}],"collection":[{"href":"https:\/\/www.btv.md\/ro\/wp-json\/wp\/v2\/posts"}],"about":[{"href":"https:\/\/www.btv.md\/ro\/wp-json\/wp\/v2\/types\/post"}],"author":[{"embeddable":true,"href":"https:\/\/www.btv.md\/ro\/wp-json\/wp\/v2\/users\/4"}],"replies":[{"embeddable":true,"href":"https:\/\/www.btv.md\/ro\/wp-json\/wp\/v2\/comments?post=108295"}],"version-history":[{"count":0,"href":"https:\/\/www.btv.md\/ro\/wp-json\/wp\/v2\/posts\/108295\/revisions"}],"wp:featuredmedia":[{"embeddable":true,"href":"https:\/\/www.btv.md\/ro\/wp-json\/wp\/v2\/media\/108299"}],"wp:attachment":[{"href":"https:\/\/www.btv.md\/ro\/wp-json\/wp\/v2\/media?parent=108295"}],"wp:term":[{"taxonomy":"category","embeddable":true,"href":"https:\/\/www.btv.md\/ro\/wp-json\/wp\/v2\/categories?post=108295"},{"taxonomy":"post_tag","embeddable":true,"href":"https:\/\/www.btv.md\/ro\/wp-json\/wp\/v2\/tags?post=108295"}],"curies":[{"name":"wp","href":"https:\/\/api.w.org\/{rel}","templated":true}]}}