{"id":10903,"date":"2016-04-15T17:06:06","date_gmt":"2016-04-15T14:06:06","guid":{"rendered":"http:\/\/btv.md\/?p=10903"},"modified":"2016-04-15T17:06:06","modified_gmt":"2016-04-15T14:06:06","slug":"cati-bani-face-anual-gruparea-islamica","status":"publish","type":"post","link":"https:\/\/www.btv.md\/ro\/cati-bani-face-anual-gruparea-islamica\/","title":{"rendered":"C\u00c2\u021aI  BANI  FACE  ANUAL  GRUPAREA  ISLAMIC\u0102?"},"content":{"rendered":"<p><strong>CUTREMUR  PUTERNIC  \u00ceN  SUDUL  JAPONIEI.  NOU\u0102  OAMENI  AU  MURIT<\/strong><\/p>\n<p><strong>Nou\u0103 oameni au murit \u015fi peste 900 au fost r\u0103ni\u0163i, dup\u0103 cutremurul de 6,2 pe Richter care a zguduit Japonia. De asemenea, alte 44 de mii de persoane au fost evacuate. Seismul a fost urmat de 17 replici cu magnitudini \u00eentre 6 \u015fi 4,5 pe Richter, plus alte aproape 100 de replici mai mici. Guvernul a mobilizat poli\u0163i\u015fti, pompieri \u015fi solda\u0163i pentru opera\u0163iunea de salvare. Cea mai apropiat\u0103 central\u0103 nuclear\u0103, aflat\u0103 la 120 de kilometri de epicentru, nu a fost \u00een pericol.<\/strong><\/p>\n<p>Cutremurul a durat doar 30 de secunde. Pe scara folosit\u0103 \u00een Japonia, seismul a fost de categoria 7, adic\u0103 cea mai mare. Este primul cutremur de aceast\u0103 magnitudine care love\u015fte insula Kyushu.<\/p>\n<p>Cutremurul s-a produs la o ad\u00e2ncime de doar 10 kilometri, de aceea pagubele au fost importante. Potrivit presei locale, o mare parte din zidul castelului Kumamoto, monument istoric, s-a pr\u0103bu\u015fit, iar cel pu\u0163in 20 de locuin\u0163e au fost distruse. De asemenea, un tren de mare vitez\u0103 a deraiat, dar, din fericire, garnitura se retr\u0103gea \u00een depou, a\u015fa c\u0103 nu erau pasageri la bord. Zeci de mii de oameni au petrecut noaptea sub cerul liber.<\/p>\n<p>Cutremurul a provocat \u015fi numeroase incendii, iar unele drumuri au fost avariate. Singura central\u0103 nuclear\u0103 func\u0163ional\u0103 a Japoniei, situat\u0103 la 120 de kilometri de epicentru, nu a fost afectat\u0103.  <\/p>\n<p><a href=\"http:\/\/www.digi24.ro\/\" target=\"_blank\">digi24.ro<\/a><\/p>\n<p><strong>C\u00c2\u021aI  BANI  FACE  ANUAL  GRUPAREA  ISLAMIC\u0102?<\/strong><\/p>\n<p><strong>Anual, gruparea Stat Islamic face circa 3 miliarde de dolari din traficului de droguri, arme \u0219i contrabanda cu petrol.<\/strong><\/p>\n<p>Potrivit unui procuror italian, Franco Roberti, \u201d<em>este vorba despre un trafic care necesit\u0103 o re\u021bea vast\u0103 de complicit\u0103\u021bi externe, care interac\u021bioneaz\u0103 cu economia a\u0219a-zis\u0103 real\u0103 prin intermediul paradisurilor fiscale \u0219i al re\u021belelor de transfer de bani<\/em>\u201d.<\/p>\n<p>Acesta a declarat \u00een cadrul unei conferin\u021be la Roma c\u0103 exist\u0103 \u201d<em>leg\u0103turi tot mai str\u00e2nse \u00eentre organiza\u021bii criminale de tip mafiot \u0219i terorismul interna\u021bional, care are nevoie de bani la discre\u021bie, arme, documente false, structuri logistice pe care aceste organiza\u021bii sunt perfect \u00een stare s\u0103 le furnizeze<\/em>\u201d. <\/p>\n<p><a href=\"http:\/\/www.realitatea.md\/\" target=\"_blank\">realitatea.md<\/a><\/p>\n<p><strong>E\u0218EC  JENANT!  COREEA DE  NORD  A \u00ceNCERCAT  S\u0102  LANSEZE  O  RACHET\u0102<\/strong><\/p>\n<p><strong>Coreea de Nord a \u00eencercat &#8211; \u015fi a e\u015fuat &#8211; s\u0103 lanseze ceea ce exper\u0163ii consider\u0103 c\u0103 era o rachet\u0103 balistic\u0103 transmite Reuters, citat de hotnews.ro.<\/strong><\/p>\n<p>\u201d<em>Racheta a fost detectat\u0103 \u0219i urm\u0103rit\u0103 de c\u0103tre Centrul de comand\u0103 strategic american. Credem c\u0103 este o lansare e\u0219uat\u0103<\/em>\u201d, a precizat un responsabil american din domeniul ap\u0103r\u0103rii sub acoperirea anonimatului. <\/p>\n<p>Armata sud-coreean\u0103 se a\u0219tepta ca Phenianul s\u0103 efectueze teste cu rachete balistice cu raz\u0103 medie de ac\u021biune pentru a marca aniversarea fondatorului regimului nord-coreean. Phenianul nu rateaz\u0103 de fapt niciodat\u0103 ocazia de a marca data de 15 aprilie, ziua de na\u0219tere a lui Kim Ir Sen (1912-1994), cu defil\u0103ri sau tiruri de rachete. <\/p>\n<p><strong>SPANIA: DOI  MOR\u021aI  \u0218I  NOU\u0102  DISP\u0102RU\u021aI<\/strong><\/p>\n<p><strong>Dou\u0103 persoane \u0219i-au pierdut via\u021ba \u0219i nou\u0103 sunt date disp\u0103rute dup\u0103 pr\u0103bu\u0219irea unui imobil de locuin\u021be, joi, din cauze necunoscute, \u00eentr-o sta\u021biune de pe insula spaniol\u0103 Tenerife din arhipelagul Canare, au informat vineri autorit\u0103\u021bile, transmite AFP.<\/strong><\/p>\n<p>Vineri \u00een zori, echipele de salvare au extras de sub d\u0103r\u00e2m\u0103turi trupul celei de-a doua victime, o femeie, dup\u0103 ce primul cadavru, tot al unei femei, fusese g\u0103sit joi sear\u0103.<\/p>\n<p>Sunt \u00een continuare da\u021bi disp\u0103ru\u021bi nou\u0103 din cei 28 de locuitori ai imobilului de patru etaje, situat pe Playa de Los Cristianos, foarte frecventat\u0103 de turi\u0219ti, un fost port pesc\u0103resc devenit una dintre sta\u021biunile cele mai populare din Tenerife, \u00een ora\u0219ul Arona. <\/p>\n<p>Trei persoane \u2014 un t\u00e2n\u0103r italian \u0219i dou\u0103 spaniole \u2014 au fost r\u0103nite, dintre care una grav. Patru imobile din vecin\u0103tate au fost evacuate, iar zeci de familii au fost cazate provizoriu la rude, \u00een hoteluri sau campinguri. <\/p>\n<p><a href=\"http:\/\/www.agerpres.ro\/\" target=\"_blank\">agerpres.ro<\/a><\/p>\n<p><strong>UCRAINA  ARE  UN  NOU  PREMIER<\/strong><\/p>\n<p><strong>Ucraina are un nou premier, cel mai t\u00e2n\u0103r din istoria sa. Volodimir Groisman a fost confirmat \u00een func\u0163ie de parlamentarii de la Kiev.<\/strong><\/p>\n<p>\u00cen v\u00e2rst\u0103 de 38 de ani, Volodimir Groisman este fostul pre\u015fedinte al Parlamentului \u015fi un aliat al pre\u015fedintelui Petro Poro\u015fenko. El promite s\u0103 continue reformele proeuropene \u015fi lupta \u00eempotriva corup\u0163iei. <\/p>\n<p>Volodimir Groisman \u00eel \u00eenlocuie\u015fte pe Arseni Ia\u0163eniuk, cel care a demisionat la sf\u00e2r\u015fitul s\u0103pt\u0103m\u00e2nii trecute.<br \/>\nAcesta a fost premier al Ucrainei \u00een ultimii doi ani, dar \u015fi-a dat demisia dup\u0103 ce a fost acuzat de corup\u0163ie \u015fi de incapacitatea de a implementa reforme. <\/p>\n<p><a href=\"http:\/\/www.digi24.ro\/\" target=\"_blank\">digi24.ro<\/a><\/p>\n<p><strong>CANADA  INTEN\u021aIONEAZ\u0102  S\u0102  LEGALIZEZE  SINUCIDEREA  ASISTAT\u0102  MEDICAL <\/strong><\/p>\n<p><strong>Canada face un pas \u00eenainte spre legalizarea sinuciderii asistate medical, guvernul liberal a \u00eenaintat  joi un proiect de lege care le va permite adul\u0163ilor con\u015ftien\u0163i ce sufer\u0103 de o boal\u0103 incurabil\u0103 s\u0103 apeleze la o astfel de solu\u0163ie, m\u0103sura aplic\u00e2ndu-se deja \u00een provincia Quebec.<\/strong><\/p>\n<p>\u201e<em>Este un subiect extrem de personal care ne vizeaz\u0103 pe to\u0163i, dar \u015fi pe familiile noastre<\/em>\u201d, a declarat premierul Justin Trudeau, subliniind \u201e<em>impactul semnificativ al unei astfel de legi asupra vie\u0163ii zilnice a canadienilor<\/em>\u201d. Tat\u0103l prim-ministrului a refuzat s\u0103 fie tratat de cancer \u0219i a decedat  \u00een anul 2000.<\/p>\n<p>F\u0103r\u0103 a ajunge p\u00e2n\u0103 la eutanasie ca \u00een Olanda, Belgia sau Luxemburg \u015fi refuz\u00e2nd s\u0103 vorbeasc\u0103, la fel ca \u00een Suedia, de sinucidere asistat\u0103 medical, ci de \u201eajutor medical pentru a muri\u201d, Canada deschide posibilitatea ca adul\u0163ii s\u0103 poat\u0103 cere s\u0103 li se pun\u0103 cap\u0103t suferin\u0163elor.<\/p>\n<p>Un astfel de ajutor medical va fi accesibil adul\u0163ilor care \u00ee\u015fi dau consim\u0163\u0103m\u00e2ntul \u015fi sunt con\u015ftien\u0163i \u015fi care sufer\u0103 de o boal\u0103 grav\u0103, incurabil\u0103 \u015fi ireversibil\u0103, \u015fi prin urmare moartea este previzibil\u0103, a precizat ministrul justi\u0163iei, Jody Wilson-Raybould.<\/p>\n<p>Persoanele care vor \u00eenainta o astfel de cerere vor trebui s\u0103 se prevaleze \u201ede doi martori independen\u0163i\u201d \u015fi s\u0103 ob\u0163in\u0103 acordul a doi speciali\u015fti \u00een s\u0103n\u0103tate care s\u0103 poat\u0103 atesta c\u0103 este vorba de o \u201ealegere lucid\u0103\u201d, a explicat Jody Wilson-Raybould.<\/p>\n<p>Numai cet\u0103\u0163enii canadieni vor avea dreptul s\u0103 cear\u0103 sinuciderea asistat\u0103 medical. Parlamentarii urmeaz\u0103 s\u0103 se pronun\u0163e asupra legii \u00een urm\u0103toarele c\u00e2teva s\u0103pt\u0103m\u00e2ni. Legea este de a\u015fteptat s\u0103 treac\u0103, deoarece liberalii premierului Trudeau de\u0163in majoritatea \u00een parlament.<\/p>\n<p>Sondajele arat\u0103 c\u0103 sinuciderea asistat\u0103 medical are o sus\u0163inere puternic\u0103 printre canadieni.<\/p>\n<p><a href=\"http:\/\/www.jurnal.md\/ro\/\" target=\"_blank\">jurnal.md<\/a><\/p>\n<p><iframe width=\"420\" height=\"315\" data-src=\"https:\/\/www.youtube.com\/embed\/kHaMzEmGnzk\" frameborder=\"0\" allowfullscreen src=\"data:image\/svg+xml;base64,PHN2ZyB3aWR0aD0iMSIgaGVpZ2h0PSIxIiB4bWxucz0iaHR0cDovL3d3dy53My5vcmcvMjAwMC9zdmciPjwvc3ZnPg==\" class=\"lazyload\" data-load-mode=\"1\"><\/iframe><\/p>\n","protected":false},"excerpt":{"rendered":"<p>CUTREMUR PUTERNIC \u00ceN SUDUL JAPONIEI. NOU\u0102 OAMENI AU MURIT Nou\u0103 oameni au murit \u015fi peste 900 au fost r\u0103ni\u0163i, dup\u0103 cutremurul de 6,2 pe Richter care a zguduit Japonia. De asemenea, alte 44 de mii de persoane au fost evacuate. Seismul a fost urmat de 17 replici cu magnitudini \u00eentre 6 \u015fi 4,5 pe Richter, [&hellip;]<\/p>\n","protected":false},"author":4,"featured_media":10904,"comment_status":"closed","ping_status":"closed","sticky":false,"template":"","format":"standard","meta":{"footnotes":""},"categories":[6354],"tags":[],"class_list":["post-10903","post","type-post","status-publish","format-standard","has-post-thumbnail","hentry","category-externe-ro"],"yoast_head":"<!-- This site is optimized with the Yoast SEO plugin v27.4 - https:\/\/yoast.com\/product\/yoast-seo-wordpress\/ -->\n<title>C\u00c2\u021aI BANI FACE ANUAL GRUPAREA ISLAMIC\u0102? - BTV<\/title>\n<meta name=\"robots\" content=\"index, follow, max-snippet:-1, max-image-preview:large, max-video-preview:-1\" \/>\n<link rel=\"canonical\" href=\"https:\/\/www.btv.md\/ro\/cati-bani-face-anual-gruparea-islamica\/\" \/>\n<meta property=\"og:locale\" content=\"ro_RO\" \/>\n<meta property=\"og:type\" content=\"article\" \/>\n<meta property=\"og:title\" content=\"C\u00c2\u021aI BANI FACE ANUAL GRUPAREA ISLAMIC\u0102? - BTV\" \/>\n<meta property=\"og:description\" content=\"CUTREMUR PUTERNIC \u00ceN SUDUL JAPONIEI. NOU\u0102 OAMENI AU MURIT Nou\u0103 oameni au murit \u015fi peste 900 au fost r\u0103ni\u0163i, dup\u0103 cutremurul de 6,2 pe Richter care a zguduit Japonia. De asemenea, alte 44 de mii de persoane au fost evacuate. Seismul a fost urmat de 17 replici cu magnitudini \u00eentre 6 \u015fi 4,5 pe Richter, [&hellip;]\" \/>\n<meta property=\"og:url\" content=\"https:\/\/www.btv.md\/ro\/cati-bani-face-anual-gruparea-islamica\/\" \/>\n<meta property=\"og:site_name\" content=\"BTV\" \/>\n<meta property=\"article:publisher\" content=\"https:\/\/www.facebook.com\/btvmoldova\/\" \/>\n<meta property=\"article:published_time\" content=\"2016-04-15T14:06:06+00:00\" \/>\n<meta property=\"og:image\" content=\"https:\/\/www.btv.md\/wp-content\/uploads\/2016\/04\/buget-isis.jpg\" \/>\n\t<meta property=\"og:image:width\" content=\"924\" \/>\n\t<meta property=\"og:image:height\" content=\"600\" \/>\n\t<meta property=\"og:image:type\" content=\"image\/jpeg\" \/>\n<meta name=\"author\" content=\"admin\" \/>\n<meta name=\"twitter:label1\" content=\"Scris de\" \/>\n\t<meta name=\"twitter:data1\" content=\"admin\" \/>\n\t<meta name=\"twitter:label2\" content=\"Timp estimat pentru citire\" \/>\n\t<meta name=\"twitter:data2\" content=\"5 minute\" \/>\n<script type=\"application\/ld+json\" class=\"yoast-schema-graph\">{\"@context\":\"https:\\\/\\\/schema.org\",\"@graph\":[{\"@type\":\"Article\",\"@id\":\"https:\\\/\\\/www.btv.md\\\/ro\\\/cati-bani-face-anual-gruparea-islamica\\\/#article\",\"isPartOf\":{\"@id\":\"https:\\\/\\\/www.btv.md\\\/ro\\\/cati-bani-face-anual-gruparea-islamica\\\/\"},\"author\":{\"name\":\"admin\",\"@id\":\"https:\\\/\\\/www.btv.md\\\/#\\\/schema\\\/person\\\/8fadce81561b3ce2c34c46dadc4ccbf2\"},\"headline\":\"C\u00c2\u021aI BANI FACE ANUAL GRUPAREA ISLAMIC\u0102?\",\"datePublished\":\"2016-04-15T14:06:06+00:00\",\"mainEntityOfPage\":{\"@id\":\"https:\\\/\\\/www.btv.md\\\/ro\\\/cati-bani-face-anual-gruparea-islamica\\\/\"},\"wordCount\":1096,\"image\":{\"@id\":\"https:\\\/\\\/www.btv.md\\\/ro\\\/cati-bani-face-anual-gruparea-islamica\\\/#primaryimage\"},\"thumbnailUrl\":\"https:\\\/\\\/www.btv.md\\\/wp-content\\\/uploads\\\/2016\\\/04\\\/buget-isis.jpg\",\"articleSection\":[\"Externe\"],\"inLanguage\":\"ro-RO\"},{\"@type\":\"WebPage\",\"@id\":\"https:\\\/\\\/www.btv.md\\\/ro\\\/cati-bani-face-anual-gruparea-islamica\\\/\",\"url\":\"https:\\\/\\\/www.btv.md\\\/ro\\\/cati-bani-face-anual-gruparea-islamica\\\/\",\"name\":\"C\u00c2\u021aI BANI FACE ANUAL GRUPAREA ISLAMIC\u0102? - BTV\",\"isPartOf\":{\"@id\":\"https:\\\/\\\/www.btv.md\\\/#website\"},\"primaryImageOfPage\":{\"@id\":\"https:\\\/\\\/www.btv.md\\\/ro\\\/cati-bani-face-anual-gruparea-islamica\\\/#primaryimage\"},\"image\":{\"@id\":\"https:\\\/\\\/www.btv.md\\\/ro\\\/cati-bani-face-anual-gruparea-islamica\\\/#primaryimage\"},\"thumbnailUrl\":\"https:\\\/\\\/www.btv.md\\\/wp-content\\\/uploads\\\/2016\\\/04\\\/buget-isis.jpg\",\"datePublished\":\"2016-04-15T14:06:06+00:00\",\"author\":{\"@id\":\"https:\\\/\\\/www.btv.md\\\/#\\\/schema\\\/person\\\/8fadce81561b3ce2c34c46dadc4ccbf2\"},\"inLanguage\":\"ro-RO\",\"potentialAction\":[{\"@type\":\"ReadAction\",\"target\":[\"https:\\\/\\\/www.btv.md\\\/ro\\\/cati-bani-face-anual-gruparea-islamica\\\/\"]}]},{\"@type\":\"ImageObject\",\"inLanguage\":\"ro-RO\",\"@id\":\"https:\\\/\\\/www.btv.md\\\/ro\\\/cati-bani-face-anual-gruparea-islamica\\\/#primaryimage\",\"url\":\"https:\\\/\\\/www.btv.md\\\/wp-content\\\/uploads\\\/2016\\\/04\\\/buget-isis.jpg\",\"contentUrl\":\"https:\\\/\\\/www.btv.md\\\/wp-content\\\/uploads\\\/2016\\\/04\\\/buget-isis.jpg\",\"width\":924,\"height\":600,\"caption\":\"ochiulmintii-vedetot.blogspot.com\"},{\"@type\":\"WebSite\",\"@id\":\"https:\\\/\\\/www.btv.md\\\/#website\",\"url\":\"https:\\\/\\\/www.btv.md\\\/\",\"name\":\"BTV\",\"description\":\"\u0411\u0435\u043b\u044c\u0446\u043a\u043e\u0435 \u0442\u0435\u043b\u0435\u0432\u0438\u0434\u0435\u043d\u0438\u0435\",\"potentialAction\":[{\"@type\":\"SearchAction\",\"target\":{\"@type\":\"EntryPoint\",\"urlTemplate\":\"https:\\\/\\\/www.btv.md\\\/?s={search_term_string}\"},\"query-input\":{\"@type\":\"PropertyValueSpecification\",\"valueRequired\":true,\"valueName\":\"search_term_string\"}}],\"inLanguage\":\"ro-RO\"},{\"@type\":\"Person\",\"@id\":\"https:\\\/\\\/www.btv.md\\\/#\\\/schema\\\/person\\\/8fadce81561b3ce2c34c46dadc4ccbf2\",\"name\":\"admin\"}]}<\/script>\n<!-- \/ Yoast SEO plugin. -->","yoast_head_json":{"title":"C\u00c2\u021aI BANI FACE ANUAL GRUPAREA ISLAMIC\u0102? - BTV","robots":{"index":"index","follow":"follow","max-snippet":"max-snippet:-1","max-image-preview":"max-image-preview:large","max-video-preview":"max-video-preview:-1"},"canonical":"https:\/\/www.btv.md\/ro\/cati-bani-face-anual-gruparea-islamica\/","og_locale":"ro_RO","og_type":"article","og_title":"C\u00c2\u021aI BANI FACE ANUAL GRUPAREA ISLAMIC\u0102? - BTV","og_description":"CUTREMUR PUTERNIC \u00ceN SUDUL JAPONIEI. NOU\u0102 OAMENI AU MURIT Nou\u0103 oameni au murit \u015fi peste 900 au fost r\u0103ni\u0163i, dup\u0103 cutremurul de 6,2 pe Richter care a zguduit Japonia. De asemenea, alte 44 de mii de persoane au fost evacuate. Seismul a fost urmat de 17 replici cu magnitudini \u00eentre 6 \u015fi 4,5 pe Richter, [&hellip;]","og_url":"https:\/\/www.btv.md\/ro\/cati-bani-face-anual-gruparea-islamica\/","og_site_name":"BTV","article_publisher":"https:\/\/www.facebook.com\/btvmoldova\/","article_published_time":"2016-04-15T14:06:06+00:00","og_image":[{"width":924,"height":600,"url":"https:\/\/www.btv.md\/wp-content\/uploads\/2016\/04\/buget-isis.jpg","type":"image\/jpeg"}],"author":"admin","twitter_misc":{"Scris de":"admin","Timp estimat pentru citire":"5 minute"},"schema":{"@context":"https:\/\/schema.org","@graph":[{"@type":"Article","@id":"https:\/\/www.btv.md\/ro\/cati-bani-face-anual-gruparea-islamica\/#article","isPartOf":{"@id":"https:\/\/www.btv.md\/ro\/cati-bani-face-anual-gruparea-islamica\/"},"author":{"name":"admin","@id":"https:\/\/www.btv.md\/#\/schema\/person\/8fadce81561b3ce2c34c46dadc4ccbf2"},"headline":"C\u00c2\u021aI BANI FACE ANUAL GRUPAREA ISLAMIC\u0102?","datePublished":"2016-04-15T14:06:06+00:00","mainEntityOfPage":{"@id":"https:\/\/www.btv.md\/ro\/cati-bani-face-anual-gruparea-islamica\/"},"wordCount":1096,"image":{"@id":"https:\/\/www.btv.md\/ro\/cati-bani-face-anual-gruparea-islamica\/#primaryimage"},"thumbnailUrl":"https:\/\/www.btv.md\/wp-content\/uploads\/2016\/04\/buget-isis.jpg","articleSection":["Externe"],"inLanguage":"ro-RO"},{"@type":"WebPage","@id":"https:\/\/www.btv.md\/ro\/cati-bani-face-anual-gruparea-islamica\/","url":"https:\/\/www.btv.md\/ro\/cati-bani-face-anual-gruparea-islamica\/","name":"C\u00c2\u021aI BANI FACE ANUAL GRUPAREA ISLAMIC\u0102? - BTV","isPartOf":{"@id":"https:\/\/www.btv.md\/#website"},"primaryImageOfPage":{"@id":"https:\/\/www.btv.md\/ro\/cati-bani-face-anual-gruparea-islamica\/#primaryimage"},"image":{"@id":"https:\/\/www.btv.md\/ro\/cati-bani-face-anual-gruparea-islamica\/#primaryimage"},"thumbnailUrl":"https:\/\/www.btv.md\/wp-content\/uploads\/2016\/04\/buget-isis.jpg","datePublished":"2016-04-15T14:06:06+00:00","author":{"@id":"https:\/\/www.btv.md\/#\/schema\/person\/8fadce81561b3ce2c34c46dadc4ccbf2"},"inLanguage":"ro-RO","potentialAction":[{"@type":"ReadAction","target":["https:\/\/www.btv.md\/ro\/cati-bani-face-anual-gruparea-islamica\/"]}]},{"@type":"ImageObject","inLanguage":"ro-RO","@id":"https:\/\/www.btv.md\/ro\/cati-bani-face-anual-gruparea-islamica\/#primaryimage","url":"https:\/\/www.btv.md\/wp-content\/uploads\/2016\/04\/buget-isis.jpg","contentUrl":"https:\/\/www.btv.md\/wp-content\/uploads\/2016\/04\/buget-isis.jpg","width":924,"height":600,"caption":"ochiulmintii-vedetot.blogspot.com"},{"@type":"WebSite","@id":"https:\/\/www.btv.md\/#website","url":"https:\/\/www.btv.md\/","name":"BTV","description":"\u0411\u0435\u043b\u044c\u0446\u043a\u043e\u0435 \u0442\u0435\u043b\u0435\u0432\u0438\u0434\u0435\u043d\u0438\u0435","potentialAction":[{"@type":"SearchAction","target":{"@type":"EntryPoint","urlTemplate":"https:\/\/www.btv.md\/?s={search_term_string}"},"query-input":{"@type":"PropertyValueSpecification","valueRequired":true,"valueName":"search_term_string"}}],"inLanguage":"ro-RO"},{"@type":"Person","@id":"https:\/\/www.btv.md\/#\/schema\/person\/8fadce81561b3ce2c34c46dadc4ccbf2","name":"admin"}]}},"_links":{"self":[{"href":"https:\/\/www.btv.md\/ro\/wp-json\/wp\/v2\/posts\/10903","targetHints":{"allow":["GET"]}}],"collection":[{"href":"https:\/\/www.btv.md\/ro\/wp-json\/wp\/v2\/posts"}],"about":[{"href":"https:\/\/www.btv.md\/ro\/wp-json\/wp\/v2\/types\/post"}],"author":[{"embeddable":true,"href":"https:\/\/www.btv.md\/ro\/wp-json\/wp\/v2\/users\/4"}],"replies":[{"embeddable":true,"href":"https:\/\/www.btv.md\/ro\/wp-json\/wp\/v2\/comments?post=10903"}],"version-history":[{"count":0,"href":"https:\/\/www.btv.md\/ro\/wp-json\/wp\/v2\/posts\/10903\/revisions"}],"wp:featuredmedia":[{"embeddable":true,"href":"https:\/\/www.btv.md\/ro\/wp-json\/wp\/v2\/media\/10904"}],"wp:attachment":[{"href":"https:\/\/www.btv.md\/ro\/wp-json\/wp\/v2\/media?parent=10903"}],"wp:term":[{"taxonomy":"category","embeddable":true,"href":"https:\/\/www.btv.md\/ro\/wp-json\/wp\/v2\/categories?post=10903"},{"taxonomy":"post_tag","embeddable":true,"href":"https:\/\/www.btv.md\/ro\/wp-json\/wp\/v2\/tags?post=10903"}],"curies":[{"name":"wp","href":"https:\/\/api.w.org\/{rel}","templated":true}]}}