{"id":10964,"date":"2016-04-18T14:11:41","date_gmt":"2016-04-18T11:11:41","guid":{"rendered":"http:\/\/btv.md\/?p=10964"},"modified":"2016-04-18T14:11:41","modified_gmt":"2016-04-18T11:11:41","slug":"aviz-pozitiv-constitutia-poate-contine-un-nou-articol-privind-avocatul-poporului","status":"publish","type":"post","link":"https:\/\/www.btv.md\/ro\/aviz-pozitiv-constitutia-poate-contine-un-nou-articol-privind-avocatul-poporului\/","title":{"rendered":"AVIZ POZITIV. CONSTITU\u021aIA POATE CON\u021aINE UN NOU ARTICOL PRIVIND AVOCATUL POPORULUI"},"content":{"rendered":"<p><strong>Curtea Constitu\u021bional\u0103 a dat aviz pozitiv pentru includerea \u00een Constitu\u021bie a unui articol ce \u021bine de Avocatul Poporului, informeaz\u0103 <a href=\"http:\/\/politik.md\/articles\/politic\/aviz-pozitiv-constitutia-poate-contine-un-nou-articol-privind-avocatul-poporului\/36935\/\" target=\"_blank\">politik.md<\/a>.<\/strong><\/p>\n<p>Ini\u021biativa vine din partea Guvernului \u0219i propune completarea Legii Supreme la al treilea Capitol cu un articol nou \u2013 59 prim. Acesta se va referi la statutul \u0219i rolul Avocatului Poporului \u0219i se propun spre con\u021binut 8 aliniate.<\/p>\n<p>Potrivit noului articol, Avocatul Poporului va asigura promovarea \u0219i protec\u021bia drepturilor fundamentale ale omului, el va trebui s\u0103 de\u021bin\u0103 o reputa\u021bie irepro\u0219abil\u0103 \u0219i s\u0103 aib\u0103 \u00eenalte competen\u021be profesionale \u00een domeniul sus-men\u021bionat.<\/p>\n<p>De asemenea, se propune ca \u00een Constitu\u021bie s\u0103 fie stipulat c\u0103 Avocatul Poporului se nume\u0219te de Parlament pe un singur mandat de 7 ani, \u00een baza unei selec\u021bii transparente, iar pe durata mandatului s\u0103u Avocatul trebuie s\u0103 fie independent \u0219i impar\u021bial. Ombudsmanul nu va r\u0103spunde juridic pentru opiniile exprimate \u00een leg\u0103tur\u0103 cu exercitarea mandatului \u0219i nu va putea de\u021bine o alt\u0103 func\u021bie remunerat\u0103, cu excep\u021bia celor: didactice, \u0219tiin\u021bifice sau de crea\u021bie.<\/p>\n<p>El nu va putea desf\u0103\u0219ura activit\u0103\u021bi politice \u0219i nu va putea fi membru de partid, iar imix\u021biunea \u00een activitatea lui va fi tras\u0103 la r\u0103spundere. Avocatul Poporului va putea fi revocat din func\u021bie cu votul a 2\/3 din deputa\u021bii ale\u0219i, cu audierea prealabil\u0103 a acestuia.<\/p>\n","protected":false},"excerpt":{"rendered":"<p>Curtea Constitu\u021bional\u0103 a dat aviz pozitiv pentru includerea \u00een Constitu\u021bie a unui articol ce \u021bine de Avocatul Poporului, informeaz\u0103 politik.md. Ini\u021biativa vine din partea Guvernului \u0219i propune completarea Legii Supreme la al treilea Capitol cu un articol nou \u2013 59 prim. Acesta se va referi la statutul \u0219i rolul Avocatului Poporului \u0219i se propun spre [&hellip;]<\/p>\n","protected":false},"author":4,"featured_media":10965,"comment_status":"closed","ping_status":"closed","sticky":false,"template":"","format":"standard","meta":{"footnotes":""},"categories":[6368],"tags":[],"class_list":["post-10964","post","type-post","status-publish","format-standard","has-post-thumbnail","hentry","category-politica-ro"],"yoast_head":"<!-- This site is optimized with the Yoast SEO plugin v27.4 - https:\/\/yoast.com\/product\/yoast-seo-wordpress\/ -->\n<title>AVIZ POZITIV. CONSTITU\u021aIA POATE CON\u021aINE UN NOU ARTICOL PRIVIND AVOCATUL POPORULUI - BTV<\/title>\n<meta name=\"robots\" content=\"index, follow, max-snippet:-1, max-image-preview:large, max-video-preview:-1\" \/>\n<link rel=\"canonical\" href=\"https:\/\/www.btv.md\/ro\/aviz-pozitiv-constitutia-poate-contine-un-nou-articol-privind-avocatul-poporului\/\" \/>\n<meta property=\"og:locale\" content=\"ro_RO\" \/>\n<meta property=\"og:type\" content=\"article\" \/>\n<meta property=\"og:title\" content=\"AVIZ POZITIV. CONSTITU\u021aIA POATE CON\u021aINE UN NOU ARTICOL PRIVIND AVOCATUL POPORULUI - BTV\" \/>\n<meta property=\"og:description\" content=\"Curtea Constitu\u021bional\u0103 a dat aviz pozitiv pentru includerea \u00een Constitu\u021bie a unui articol ce \u021bine de Avocatul Poporului, informeaz\u0103 politik.md. Ini\u021biativa vine din partea Guvernului \u0219i propune completarea Legii Supreme la al treilea Capitol cu un articol nou \u2013 59 prim. Acesta se va referi la statutul \u0219i rolul Avocatului Poporului \u0219i se propun spre [&hellip;]\" \/>\n<meta property=\"og:url\" content=\"https:\/\/www.btv.md\/ro\/aviz-pozitiv-constitutia-poate-contine-un-nou-articol-privind-avocatul-poporului\/\" \/>\n<meta property=\"og:site_name\" content=\"BTV\" \/>\n<meta property=\"article:publisher\" content=\"https:\/\/www.facebook.com\/btvmoldova\/\" \/>\n<meta property=\"article:published_time\" content=\"2016-04-18T11:11:41+00:00\" \/>\n<meta property=\"og:image\" content=\"https:\/\/www.btv.md\/wp-content\/uploads\/2016\/04\/curtea-constitutionala-s-a-pronuntat-asupra-dreptului-de-acordare-a-cetateniei-republicii-moldova-1444203368.jpg\" \/>\n\t<meta property=\"og:image:width\" content=\"700\" \/>\n\t<meta property=\"og:image:height\" content=\"467\" \/>\n\t<meta property=\"og:image:type\" content=\"image\/jpeg\" \/>\n<meta name=\"author\" content=\"admin\" \/>\n<meta name=\"twitter:label1\" content=\"Scris de\" \/>\n\t<meta name=\"twitter:data1\" content=\"admin\" \/>\n\t<meta name=\"twitter:label2\" content=\"Timp estimat pentru citire\" \/>\n\t<meta name=\"twitter:data2\" content=\"1 minut\" \/>\n<script type=\"application\/ld+json\" class=\"yoast-schema-graph\">{\"@context\":\"https:\\\/\\\/schema.org\",\"@graph\":[{\"@type\":\"Article\",\"@id\":\"https:\\\/\\\/www.btv.md\\\/ro\\\/aviz-pozitiv-constitutia-poate-contine-un-nou-articol-privind-avocatul-poporului\\\/#article\",\"isPartOf\":{\"@id\":\"https:\\\/\\\/www.btv.md\\\/ro\\\/aviz-pozitiv-constitutia-poate-contine-un-nou-articol-privind-avocatul-poporului\\\/\"},\"author\":{\"name\":\"admin\",\"@id\":\"https:\\\/\\\/www.btv.md\\\/#\\\/schema\\\/person\\\/8fadce81561b3ce2c34c46dadc4ccbf2\"},\"headline\":\"AVIZ POZITIV. CONSTITU\u021aIA POATE CON\u021aINE UN NOU ARTICOL PRIVIND AVOCATUL POPORULUI\",\"datePublished\":\"2016-04-18T11:11:41+00:00\",\"mainEntityOfPage\":{\"@id\":\"https:\\\/\\\/www.btv.md\\\/ro\\\/aviz-pozitiv-constitutia-poate-contine-un-nou-articol-privind-avocatul-poporului\\\/\"},\"wordCount\":243,\"image\":{\"@id\":\"https:\\\/\\\/www.btv.md\\\/ro\\\/aviz-pozitiv-constitutia-poate-contine-un-nou-articol-privind-avocatul-poporului\\\/#primaryimage\"},\"thumbnailUrl\":\"https:\\\/\\\/www.btv.md\\\/wp-content\\\/uploads\\\/2016\\\/04\\\/curtea-constitutionala-s-a-pronuntat-asupra-dreptului-de-acordare-a-cetateniei-republicii-moldova-1444203368.jpg\",\"articleSection\":[\"Politic\u0103\"],\"inLanguage\":\"ro-RO\"},{\"@type\":\"WebPage\",\"@id\":\"https:\\\/\\\/www.btv.md\\\/ro\\\/aviz-pozitiv-constitutia-poate-contine-un-nou-articol-privind-avocatul-poporului\\\/\",\"url\":\"https:\\\/\\\/www.btv.md\\\/ro\\\/aviz-pozitiv-constitutia-poate-contine-un-nou-articol-privind-avocatul-poporului\\\/\",\"name\":\"AVIZ POZITIV. CONSTITU\u021aIA POATE CON\u021aINE UN NOU ARTICOL PRIVIND AVOCATUL POPORULUI - BTV\",\"isPartOf\":{\"@id\":\"https:\\\/\\\/www.btv.md\\\/#website\"},\"primaryImageOfPage\":{\"@id\":\"https:\\\/\\\/www.btv.md\\\/ro\\\/aviz-pozitiv-constitutia-poate-contine-un-nou-articol-privind-avocatul-poporului\\\/#primaryimage\"},\"image\":{\"@id\":\"https:\\\/\\\/www.btv.md\\\/ro\\\/aviz-pozitiv-constitutia-poate-contine-un-nou-articol-privind-avocatul-poporului\\\/#primaryimage\"},\"thumbnailUrl\":\"https:\\\/\\\/www.btv.md\\\/wp-content\\\/uploads\\\/2016\\\/04\\\/curtea-constitutionala-s-a-pronuntat-asupra-dreptului-de-acordare-a-cetateniei-republicii-moldova-1444203368.jpg\",\"datePublished\":\"2016-04-18T11:11:41+00:00\",\"author\":{\"@id\":\"https:\\\/\\\/www.btv.md\\\/#\\\/schema\\\/person\\\/8fadce81561b3ce2c34c46dadc4ccbf2\"},\"inLanguage\":\"ro-RO\",\"potentialAction\":[{\"@type\":\"ReadAction\",\"target\":[\"https:\\\/\\\/www.btv.md\\\/ro\\\/aviz-pozitiv-constitutia-poate-contine-un-nou-articol-privind-avocatul-poporului\\\/\"]}]},{\"@type\":\"ImageObject\",\"inLanguage\":\"ro-RO\",\"@id\":\"https:\\\/\\\/www.btv.md\\\/ro\\\/aviz-pozitiv-constitutia-poate-contine-un-nou-articol-privind-avocatul-poporului\\\/#primaryimage\",\"url\":\"https:\\\/\\\/www.btv.md\\\/wp-content\\\/uploads\\\/2016\\\/04\\\/curtea-constitutionala-s-a-pronuntat-asupra-dreptului-de-acordare-a-cetateniei-republicii-moldova-1444203368.jpg\",\"contentUrl\":\"https:\\\/\\\/www.btv.md\\\/wp-content\\\/uploads\\\/2016\\\/04\\\/curtea-constitutionala-s-a-pronuntat-asupra-dreptului-de-acordare-a-cetateniei-republicii-moldova-1444203368.jpg\",\"width\":700,\"height\":467,\"caption\":\"unimedia.info\"},{\"@type\":\"WebSite\",\"@id\":\"https:\\\/\\\/www.btv.md\\\/#website\",\"url\":\"https:\\\/\\\/www.btv.md\\\/\",\"name\":\"BTV\",\"description\":\"\u0411\u0435\u043b\u044c\u0446\u043a\u043e\u0435 \u0442\u0435\u043b\u0435\u0432\u0438\u0434\u0435\u043d\u0438\u0435\",\"potentialAction\":[{\"@type\":\"SearchAction\",\"target\":{\"@type\":\"EntryPoint\",\"urlTemplate\":\"https:\\\/\\\/www.btv.md\\\/?s={search_term_string}\"},\"query-input\":{\"@type\":\"PropertyValueSpecification\",\"valueRequired\":true,\"valueName\":\"search_term_string\"}}],\"inLanguage\":\"ro-RO\"},{\"@type\":\"Person\",\"@id\":\"https:\\\/\\\/www.btv.md\\\/#\\\/schema\\\/person\\\/8fadce81561b3ce2c34c46dadc4ccbf2\",\"name\":\"admin\"}]}<\/script>\n<!-- \/ Yoast SEO plugin. -->","yoast_head_json":{"title":"AVIZ POZITIV. CONSTITU\u021aIA POATE CON\u021aINE UN NOU ARTICOL PRIVIND AVOCATUL POPORULUI - BTV","robots":{"index":"index","follow":"follow","max-snippet":"max-snippet:-1","max-image-preview":"max-image-preview:large","max-video-preview":"max-video-preview:-1"},"canonical":"https:\/\/www.btv.md\/ro\/aviz-pozitiv-constitutia-poate-contine-un-nou-articol-privind-avocatul-poporului\/","og_locale":"ro_RO","og_type":"article","og_title":"AVIZ POZITIV. CONSTITU\u021aIA POATE CON\u021aINE UN NOU ARTICOL PRIVIND AVOCATUL POPORULUI - BTV","og_description":"Curtea Constitu\u021bional\u0103 a dat aviz pozitiv pentru includerea \u00een Constitu\u021bie a unui articol ce \u021bine de Avocatul Poporului, informeaz\u0103 politik.md. Ini\u021biativa vine din partea Guvernului \u0219i propune completarea Legii Supreme la al treilea Capitol cu un articol nou \u2013 59 prim. Acesta se va referi la statutul \u0219i rolul Avocatului Poporului \u0219i se propun spre [&hellip;]","og_url":"https:\/\/www.btv.md\/ro\/aviz-pozitiv-constitutia-poate-contine-un-nou-articol-privind-avocatul-poporului\/","og_site_name":"BTV","article_publisher":"https:\/\/www.facebook.com\/btvmoldova\/","article_published_time":"2016-04-18T11:11:41+00:00","og_image":[{"width":700,"height":467,"url":"https:\/\/www.btv.md\/wp-content\/uploads\/2016\/04\/curtea-constitutionala-s-a-pronuntat-asupra-dreptului-de-acordare-a-cetateniei-republicii-moldova-1444203368.jpg","type":"image\/jpeg"}],"author":"admin","twitter_misc":{"Scris de":"admin","Timp estimat pentru citire":"1 minut"},"schema":{"@context":"https:\/\/schema.org","@graph":[{"@type":"Article","@id":"https:\/\/www.btv.md\/ro\/aviz-pozitiv-constitutia-poate-contine-un-nou-articol-privind-avocatul-poporului\/#article","isPartOf":{"@id":"https:\/\/www.btv.md\/ro\/aviz-pozitiv-constitutia-poate-contine-un-nou-articol-privind-avocatul-poporului\/"},"author":{"name":"admin","@id":"https:\/\/www.btv.md\/#\/schema\/person\/8fadce81561b3ce2c34c46dadc4ccbf2"},"headline":"AVIZ POZITIV. CONSTITU\u021aIA POATE CON\u021aINE UN NOU ARTICOL PRIVIND AVOCATUL POPORULUI","datePublished":"2016-04-18T11:11:41+00:00","mainEntityOfPage":{"@id":"https:\/\/www.btv.md\/ro\/aviz-pozitiv-constitutia-poate-contine-un-nou-articol-privind-avocatul-poporului\/"},"wordCount":243,"image":{"@id":"https:\/\/www.btv.md\/ro\/aviz-pozitiv-constitutia-poate-contine-un-nou-articol-privind-avocatul-poporului\/#primaryimage"},"thumbnailUrl":"https:\/\/www.btv.md\/wp-content\/uploads\/2016\/04\/curtea-constitutionala-s-a-pronuntat-asupra-dreptului-de-acordare-a-cetateniei-republicii-moldova-1444203368.jpg","articleSection":["Politic\u0103"],"inLanguage":"ro-RO"},{"@type":"WebPage","@id":"https:\/\/www.btv.md\/ro\/aviz-pozitiv-constitutia-poate-contine-un-nou-articol-privind-avocatul-poporului\/","url":"https:\/\/www.btv.md\/ro\/aviz-pozitiv-constitutia-poate-contine-un-nou-articol-privind-avocatul-poporului\/","name":"AVIZ POZITIV. CONSTITU\u021aIA POATE CON\u021aINE UN NOU ARTICOL PRIVIND AVOCATUL POPORULUI - BTV","isPartOf":{"@id":"https:\/\/www.btv.md\/#website"},"primaryImageOfPage":{"@id":"https:\/\/www.btv.md\/ro\/aviz-pozitiv-constitutia-poate-contine-un-nou-articol-privind-avocatul-poporului\/#primaryimage"},"image":{"@id":"https:\/\/www.btv.md\/ro\/aviz-pozitiv-constitutia-poate-contine-un-nou-articol-privind-avocatul-poporului\/#primaryimage"},"thumbnailUrl":"https:\/\/www.btv.md\/wp-content\/uploads\/2016\/04\/curtea-constitutionala-s-a-pronuntat-asupra-dreptului-de-acordare-a-cetateniei-republicii-moldova-1444203368.jpg","datePublished":"2016-04-18T11:11:41+00:00","author":{"@id":"https:\/\/www.btv.md\/#\/schema\/person\/8fadce81561b3ce2c34c46dadc4ccbf2"},"inLanguage":"ro-RO","potentialAction":[{"@type":"ReadAction","target":["https:\/\/www.btv.md\/ro\/aviz-pozitiv-constitutia-poate-contine-un-nou-articol-privind-avocatul-poporului\/"]}]},{"@type":"ImageObject","inLanguage":"ro-RO","@id":"https:\/\/www.btv.md\/ro\/aviz-pozitiv-constitutia-poate-contine-un-nou-articol-privind-avocatul-poporului\/#primaryimage","url":"https:\/\/www.btv.md\/wp-content\/uploads\/2016\/04\/curtea-constitutionala-s-a-pronuntat-asupra-dreptului-de-acordare-a-cetateniei-republicii-moldova-1444203368.jpg","contentUrl":"https:\/\/www.btv.md\/wp-content\/uploads\/2016\/04\/curtea-constitutionala-s-a-pronuntat-asupra-dreptului-de-acordare-a-cetateniei-republicii-moldova-1444203368.jpg","width":700,"height":467,"caption":"unimedia.info"},{"@type":"WebSite","@id":"https:\/\/www.btv.md\/#website","url":"https:\/\/www.btv.md\/","name":"BTV","description":"\u0411\u0435\u043b\u044c\u0446\u043a\u043e\u0435 \u0442\u0435\u043b\u0435\u0432\u0438\u0434\u0435\u043d\u0438\u0435","potentialAction":[{"@type":"SearchAction","target":{"@type":"EntryPoint","urlTemplate":"https:\/\/www.btv.md\/?s={search_term_string}"},"query-input":{"@type":"PropertyValueSpecification","valueRequired":true,"valueName":"search_term_string"}}],"inLanguage":"ro-RO"},{"@type":"Person","@id":"https:\/\/www.btv.md\/#\/schema\/person\/8fadce81561b3ce2c34c46dadc4ccbf2","name":"admin"}]}},"_links":{"self":[{"href":"https:\/\/www.btv.md\/ro\/wp-json\/wp\/v2\/posts\/10964","targetHints":{"allow":["GET"]}}],"collection":[{"href":"https:\/\/www.btv.md\/ro\/wp-json\/wp\/v2\/posts"}],"about":[{"href":"https:\/\/www.btv.md\/ro\/wp-json\/wp\/v2\/types\/post"}],"author":[{"embeddable":true,"href":"https:\/\/www.btv.md\/ro\/wp-json\/wp\/v2\/users\/4"}],"replies":[{"embeddable":true,"href":"https:\/\/www.btv.md\/ro\/wp-json\/wp\/v2\/comments?post=10964"}],"version-history":[{"count":0,"href":"https:\/\/www.btv.md\/ro\/wp-json\/wp\/v2\/posts\/10964\/revisions"}],"wp:featuredmedia":[{"embeddable":true,"href":"https:\/\/www.btv.md\/ro\/wp-json\/wp\/v2\/media\/10965"}],"wp:attachment":[{"href":"https:\/\/www.btv.md\/ro\/wp-json\/wp\/v2\/media?parent=10964"}],"wp:term":[{"taxonomy":"category","embeddable":true,"href":"https:\/\/www.btv.md\/ro\/wp-json\/wp\/v2\/categories?post=10964"},{"taxonomy":"post_tag","embeddable":true,"href":"https:\/\/www.btv.md\/ro\/wp-json\/wp\/v2\/tags?post=10964"}],"curies":[{"name":"wp","href":"https:\/\/api.w.org\/{rel}","templated":true}]}}