{"id":10972,"date":"2016-04-18T14:25:49","date_gmt":"2016-04-18T11:25:49","guid":{"rendered":"http:\/\/btv.md\/?p=10972"},"modified":"2016-04-18T14:25:49","modified_gmt":"2016-04-18T11:25:49","slug":"cinci-tineri-din-moldova-plecati-la-studii-in-romania-au-fost-agresati-de-politia-romana","status":"publish","type":"post","link":"https:\/\/www.btv.md\/ro\/cinci-tineri-din-moldova-plecati-la-studii-in-romania-au-fost-agresati-de-politia-romana\/","title":{"rendered":"CINCI TINERI DIN MOLDOVA, PLECA\u021aI LA STUDII \u00ceN ROM\u00c2NIA AU FOST AGRESA\u021aI DE POLI\u021aIA ROM\u00c2N\u0102"},"content":{"rendered":"<p><strong>Cinci tineri din Republica Moldova, afla\u0163i \u00een Rom\u00e2nia pentru terminarea studiilor superioare, acuz\u0103 poli\u0163i\u015ftii din Oradea c\u0103 i-au insultat \u015fi i-au agresat, transmite presa de peste Prut, transmite <a href=\"http:\/\/unimedia.info\/stiri\/video-cinci-tineri-din-moldova--plecati-la-studii-in-romania-au-fost-agresati-de-politia-romana-113315.html\" target=\"_blank\">unimedia<\/a>.<\/strong><\/p>\n<p>Incidentul a pornit dup\u0103 ce poli\u0163i\u015ftii au vrut s\u0103-i legitimeze pe strad\u0103 pe tineri, dar ace\u015ftia nu aveau actele la ei. B\u0103ie\u021bii povestesc c\u0103 n-au \u0219tiut c\u0103 trebuie s\u0103 aib\u0103 actele la ei. \u201e<em>A ie\u0219it din ma\u0219in\u0103 \u0219i cu un ton ne-a zis s\u0103 ne urc\u0103m \u00een ma\u0219in\u0103 s\u0103 mergem s\u0103 ne identifice<\/em>\u201d, poveste\u0219te unul dintre ace\u0219tia.<\/p>\n<p>Studen\u0163ii au fost du\u015fi la o sec\u0163ie de poli\u0163ie \u0219i spun c\u0103 au fost agresa\u021bi verbal \u0219i fizic. Poli\u021bia a refuzat s\u0103 comenteze cazul, \u00eens\u0103 a \u00eendrumat partea v\u0103t\u0103mat\u0103 s\u0103 depun\u0103 o pl\u00e2ngere.<\/p>\n<p>Despre acest incident a fost informat \u015fi consulul Republicii Moldova \u00een Rom\u00e2nia. Potrivit profesorilor, tinerii \u00eenva\u021b\u0103 bine \u0219i sunt to\u021bi bursieri.<\/p>\n","protected":false},"excerpt":{"rendered":"<p>Cinci tineri din Republica Moldova, afla\u0163i \u00een Rom\u00e2nia pentru terminarea studiilor superioare, acuz\u0103 poli\u0163i\u015ftii din Oradea c\u0103 i-au insultat \u015fi i-au agresat, transmite presa de peste Prut, transmite unimedia. Incidentul a pornit dup\u0103 ce poli\u0163i\u015ftii au vrut s\u0103-i legitimeze pe strad\u0103 pe tineri, dar ace\u015ftia nu aveau actele la ei. B\u0103ie\u021bii povestesc c\u0103 n-au \u0219tiut [&hellip;]<\/p>\n","protected":false},"author":4,"featured_media":10973,"comment_status":"closed","ping_status":"closed","sticky":false,"template":"","format":"standard","meta":{"footnotes":""},"categories":[6349],"tags":[],"class_list":["post-10972","post","type-post","status-publish","format-standard","has-post-thumbnail","hentry","category-social"],"yoast_head":"<!-- This site is optimized with the Yoast SEO plugin v27.4 - https:\/\/yoast.com\/product\/yoast-seo-wordpress\/ -->\n<title>CINCI TINERI DIN MOLDOVA, PLECA\u021aI LA STUDII \u00ceN ROM\u00c2NIA AU FOST AGRESA\u021aI DE POLI\u021aIA ROM\u00c2N\u0102 - BTV<\/title>\n<meta name=\"robots\" content=\"index, follow, max-snippet:-1, max-image-preview:large, max-video-preview:-1\" \/>\n<link rel=\"canonical\" href=\"https:\/\/www.btv.md\/ro\/cinci-tineri-din-moldova-plecati-la-studii-in-romania-au-fost-agresati-de-politia-romana\/\" \/>\n<meta property=\"og:locale\" content=\"ro_RO\" \/>\n<meta property=\"og:type\" content=\"article\" \/>\n<meta property=\"og:title\" content=\"CINCI TINERI DIN MOLDOVA, PLECA\u021aI LA STUDII \u00ceN ROM\u00c2NIA AU FOST AGRESA\u021aI DE POLI\u021aIA ROM\u00c2N\u0102 - BTV\" \/>\n<meta property=\"og:description\" content=\"Cinci tineri din Republica Moldova, afla\u0163i \u00een Rom\u00e2nia pentru terminarea studiilor superioare, acuz\u0103 poli\u0163i\u015ftii din Oradea c\u0103 i-au insultat \u015fi i-au agresat, transmite presa de peste Prut, transmite unimedia. Incidentul a pornit dup\u0103 ce poli\u0163i\u015ftii au vrut s\u0103-i legitimeze pe strad\u0103 pe tineri, dar ace\u015ftia nu aveau actele la ei. B\u0103ie\u021bii povestesc c\u0103 n-au \u0219tiut [&hellip;]\" \/>\n<meta property=\"og:url\" content=\"https:\/\/www.btv.md\/ro\/cinci-tineri-din-moldova-plecati-la-studii-in-romania-au-fost-agresati-de-politia-romana\/\" \/>\n<meta property=\"og:site_name\" content=\"BTV\" \/>\n<meta property=\"article:publisher\" content=\"https:\/\/www.facebook.com\/btvmoldova\/\" \/>\n<meta property=\"article:published_time\" content=\"2016-04-18T11:25:49+00:00\" \/>\n<meta property=\"og:image\" content=\"https:\/\/www.btv.md\/wp-content\/uploads\/2016\/04\/p-91.jpg\" \/>\n\t<meta property=\"og:image:width\" content=\"674\" \/>\n\t<meta property=\"og:image:height\" content=\"358\" \/>\n\t<meta property=\"og:image:type\" content=\"image\/jpeg\" \/>\n<meta name=\"author\" content=\"admin\" \/>\n<meta name=\"twitter:label1\" content=\"Scris de\" \/>\n\t<meta name=\"twitter:data1\" content=\"admin\" \/>\n\t<meta name=\"twitter:label2\" content=\"Timp estimat pentru citire\" \/>\n\t<meta name=\"twitter:data2\" content=\"1 minut\" \/>\n<script type=\"application\/ld+json\" class=\"yoast-schema-graph\">{\"@context\":\"https:\\\/\\\/schema.org\",\"@graph\":[{\"@type\":\"Article\",\"@id\":\"https:\\\/\\\/www.btv.md\\\/ro\\\/cinci-tineri-din-moldova-plecati-la-studii-in-romania-au-fost-agresati-de-politia-romana\\\/#article\",\"isPartOf\":{\"@id\":\"https:\\\/\\\/www.btv.md\\\/ro\\\/cinci-tineri-din-moldova-plecati-la-studii-in-romania-au-fost-agresati-de-politia-romana\\\/\"},\"author\":{\"name\":\"admin\",\"@id\":\"https:\\\/\\\/www.btv.md\\\/#\\\/schema\\\/person\\\/8fadce81561b3ce2c34c46dadc4ccbf2\"},\"headline\":\"CINCI TINERI DIN MOLDOVA, PLECA\u021aI LA STUDII \u00ceN ROM\u00c2NIA AU FOST AGRESA\u021aI DE POLI\u021aIA ROM\u00c2N\u0102\",\"datePublished\":\"2016-04-18T11:25:49+00:00\",\"mainEntityOfPage\":{\"@id\":\"https:\\\/\\\/www.btv.md\\\/ro\\\/cinci-tineri-din-moldova-plecati-la-studii-in-romania-au-fost-agresati-de-politia-romana\\\/\"},\"wordCount\":187,\"image\":{\"@id\":\"https:\\\/\\\/www.btv.md\\\/ro\\\/cinci-tineri-din-moldova-plecati-la-studii-in-romania-au-fost-agresati-de-politia-romana\\\/#primaryimage\"},\"thumbnailUrl\":\"https:\\\/\\\/www.btv.md\\\/wp-content\\\/uploads\\\/2016\\\/04\\\/p-91.jpg\",\"articleSection\":[\"Social\"],\"inLanguage\":\"ro-RO\"},{\"@type\":\"WebPage\",\"@id\":\"https:\\\/\\\/www.btv.md\\\/ro\\\/cinci-tineri-din-moldova-plecati-la-studii-in-romania-au-fost-agresati-de-politia-romana\\\/\",\"url\":\"https:\\\/\\\/www.btv.md\\\/ro\\\/cinci-tineri-din-moldova-plecati-la-studii-in-romania-au-fost-agresati-de-politia-romana\\\/\",\"name\":\"CINCI TINERI DIN MOLDOVA, PLECA\u021aI LA STUDII \u00ceN ROM\u00c2NIA AU FOST AGRESA\u021aI DE POLI\u021aIA ROM\u00c2N\u0102 - BTV\",\"isPartOf\":{\"@id\":\"https:\\\/\\\/www.btv.md\\\/#website\"},\"primaryImageOfPage\":{\"@id\":\"https:\\\/\\\/www.btv.md\\\/ro\\\/cinci-tineri-din-moldova-plecati-la-studii-in-romania-au-fost-agresati-de-politia-romana\\\/#primaryimage\"},\"image\":{\"@id\":\"https:\\\/\\\/www.btv.md\\\/ro\\\/cinci-tineri-din-moldova-plecati-la-studii-in-romania-au-fost-agresati-de-politia-romana\\\/#primaryimage\"},\"thumbnailUrl\":\"https:\\\/\\\/www.btv.md\\\/wp-content\\\/uploads\\\/2016\\\/04\\\/p-91.jpg\",\"datePublished\":\"2016-04-18T11:25:49+00:00\",\"author\":{\"@id\":\"https:\\\/\\\/www.btv.md\\\/#\\\/schema\\\/person\\\/8fadce81561b3ce2c34c46dadc4ccbf2\"},\"inLanguage\":\"ro-RO\",\"potentialAction\":[{\"@type\":\"ReadAction\",\"target\":[\"https:\\\/\\\/www.btv.md\\\/ro\\\/cinci-tineri-din-moldova-plecati-la-studii-in-romania-au-fost-agresati-de-politia-romana\\\/\"]}]},{\"@type\":\"ImageObject\",\"inLanguage\":\"ro-RO\",\"@id\":\"https:\\\/\\\/www.btv.md\\\/ro\\\/cinci-tineri-din-moldova-plecati-la-studii-in-romania-au-fost-agresati-de-politia-romana\\\/#primaryimage\",\"url\":\"https:\\\/\\\/www.btv.md\\\/wp-content\\\/uploads\\\/2016\\\/04\\\/p-91.jpg\",\"contentUrl\":\"https:\\\/\\\/www.btv.md\\\/wp-content\\\/uploads\\\/2016\\\/04\\\/p-91.jpg\",\"width\":674,\"height\":358,\"caption\":\"www.moldova.org\"},{\"@type\":\"WebSite\",\"@id\":\"https:\\\/\\\/www.btv.md\\\/#website\",\"url\":\"https:\\\/\\\/www.btv.md\\\/\",\"name\":\"BTV\",\"description\":\"\u0411\u0435\u043b\u044c\u0446\u043a\u043e\u0435 \u0442\u0435\u043b\u0435\u0432\u0438\u0434\u0435\u043d\u0438\u0435\",\"potentialAction\":[{\"@type\":\"SearchAction\",\"target\":{\"@type\":\"EntryPoint\",\"urlTemplate\":\"https:\\\/\\\/www.btv.md\\\/?s={search_term_string}\"},\"query-input\":{\"@type\":\"PropertyValueSpecification\",\"valueRequired\":true,\"valueName\":\"search_term_string\"}}],\"inLanguage\":\"ro-RO\"},{\"@type\":\"Person\",\"@id\":\"https:\\\/\\\/www.btv.md\\\/#\\\/schema\\\/person\\\/8fadce81561b3ce2c34c46dadc4ccbf2\",\"name\":\"admin\"}]}<\/script>\n<!-- \/ Yoast SEO plugin. -->","yoast_head_json":{"title":"CINCI TINERI DIN MOLDOVA, PLECA\u021aI LA STUDII \u00ceN ROM\u00c2NIA AU FOST AGRESA\u021aI DE POLI\u021aIA ROM\u00c2N\u0102 - BTV","robots":{"index":"index","follow":"follow","max-snippet":"max-snippet:-1","max-image-preview":"max-image-preview:large","max-video-preview":"max-video-preview:-1"},"canonical":"https:\/\/www.btv.md\/ro\/cinci-tineri-din-moldova-plecati-la-studii-in-romania-au-fost-agresati-de-politia-romana\/","og_locale":"ro_RO","og_type":"article","og_title":"CINCI TINERI DIN MOLDOVA, PLECA\u021aI LA STUDII \u00ceN ROM\u00c2NIA AU FOST AGRESA\u021aI DE POLI\u021aIA ROM\u00c2N\u0102 - BTV","og_description":"Cinci tineri din Republica Moldova, afla\u0163i \u00een Rom\u00e2nia pentru terminarea studiilor superioare, acuz\u0103 poli\u0163i\u015ftii din Oradea c\u0103 i-au insultat \u015fi i-au agresat, transmite presa de peste Prut, transmite unimedia. Incidentul a pornit dup\u0103 ce poli\u0163i\u015ftii au vrut s\u0103-i legitimeze pe strad\u0103 pe tineri, dar ace\u015ftia nu aveau actele la ei. B\u0103ie\u021bii povestesc c\u0103 n-au \u0219tiut [&hellip;]","og_url":"https:\/\/www.btv.md\/ro\/cinci-tineri-din-moldova-plecati-la-studii-in-romania-au-fost-agresati-de-politia-romana\/","og_site_name":"BTV","article_publisher":"https:\/\/www.facebook.com\/btvmoldova\/","article_published_time":"2016-04-18T11:25:49+00:00","og_image":[{"width":674,"height":358,"url":"https:\/\/www.btv.md\/wp-content\/uploads\/2016\/04\/p-91.jpg","type":"image\/jpeg"}],"author":"admin","twitter_misc":{"Scris de":"admin","Timp estimat pentru citire":"1 minut"},"schema":{"@context":"https:\/\/schema.org","@graph":[{"@type":"Article","@id":"https:\/\/www.btv.md\/ro\/cinci-tineri-din-moldova-plecati-la-studii-in-romania-au-fost-agresati-de-politia-romana\/#article","isPartOf":{"@id":"https:\/\/www.btv.md\/ro\/cinci-tineri-din-moldova-plecati-la-studii-in-romania-au-fost-agresati-de-politia-romana\/"},"author":{"name":"admin","@id":"https:\/\/www.btv.md\/#\/schema\/person\/8fadce81561b3ce2c34c46dadc4ccbf2"},"headline":"CINCI TINERI DIN MOLDOVA, PLECA\u021aI LA STUDII \u00ceN ROM\u00c2NIA AU FOST AGRESA\u021aI DE POLI\u021aIA ROM\u00c2N\u0102","datePublished":"2016-04-18T11:25:49+00:00","mainEntityOfPage":{"@id":"https:\/\/www.btv.md\/ro\/cinci-tineri-din-moldova-plecati-la-studii-in-romania-au-fost-agresati-de-politia-romana\/"},"wordCount":187,"image":{"@id":"https:\/\/www.btv.md\/ro\/cinci-tineri-din-moldova-plecati-la-studii-in-romania-au-fost-agresati-de-politia-romana\/#primaryimage"},"thumbnailUrl":"https:\/\/www.btv.md\/wp-content\/uploads\/2016\/04\/p-91.jpg","articleSection":["Social"],"inLanguage":"ro-RO"},{"@type":"WebPage","@id":"https:\/\/www.btv.md\/ro\/cinci-tineri-din-moldova-plecati-la-studii-in-romania-au-fost-agresati-de-politia-romana\/","url":"https:\/\/www.btv.md\/ro\/cinci-tineri-din-moldova-plecati-la-studii-in-romania-au-fost-agresati-de-politia-romana\/","name":"CINCI TINERI DIN MOLDOVA, PLECA\u021aI LA STUDII \u00ceN ROM\u00c2NIA AU FOST AGRESA\u021aI DE POLI\u021aIA ROM\u00c2N\u0102 - BTV","isPartOf":{"@id":"https:\/\/www.btv.md\/#website"},"primaryImageOfPage":{"@id":"https:\/\/www.btv.md\/ro\/cinci-tineri-din-moldova-plecati-la-studii-in-romania-au-fost-agresati-de-politia-romana\/#primaryimage"},"image":{"@id":"https:\/\/www.btv.md\/ro\/cinci-tineri-din-moldova-plecati-la-studii-in-romania-au-fost-agresati-de-politia-romana\/#primaryimage"},"thumbnailUrl":"https:\/\/www.btv.md\/wp-content\/uploads\/2016\/04\/p-91.jpg","datePublished":"2016-04-18T11:25:49+00:00","author":{"@id":"https:\/\/www.btv.md\/#\/schema\/person\/8fadce81561b3ce2c34c46dadc4ccbf2"},"inLanguage":"ro-RO","potentialAction":[{"@type":"ReadAction","target":["https:\/\/www.btv.md\/ro\/cinci-tineri-din-moldova-plecati-la-studii-in-romania-au-fost-agresati-de-politia-romana\/"]}]},{"@type":"ImageObject","inLanguage":"ro-RO","@id":"https:\/\/www.btv.md\/ro\/cinci-tineri-din-moldova-plecati-la-studii-in-romania-au-fost-agresati-de-politia-romana\/#primaryimage","url":"https:\/\/www.btv.md\/wp-content\/uploads\/2016\/04\/p-91.jpg","contentUrl":"https:\/\/www.btv.md\/wp-content\/uploads\/2016\/04\/p-91.jpg","width":674,"height":358,"caption":"www.moldova.org"},{"@type":"WebSite","@id":"https:\/\/www.btv.md\/#website","url":"https:\/\/www.btv.md\/","name":"BTV","description":"\u0411\u0435\u043b\u044c\u0446\u043a\u043e\u0435 \u0442\u0435\u043b\u0435\u0432\u0438\u0434\u0435\u043d\u0438\u0435","potentialAction":[{"@type":"SearchAction","target":{"@type":"EntryPoint","urlTemplate":"https:\/\/www.btv.md\/?s={search_term_string}"},"query-input":{"@type":"PropertyValueSpecification","valueRequired":true,"valueName":"search_term_string"}}],"inLanguage":"ro-RO"},{"@type":"Person","@id":"https:\/\/www.btv.md\/#\/schema\/person\/8fadce81561b3ce2c34c46dadc4ccbf2","name":"admin"}]}},"_links":{"self":[{"href":"https:\/\/www.btv.md\/ro\/wp-json\/wp\/v2\/posts\/10972","targetHints":{"allow":["GET"]}}],"collection":[{"href":"https:\/\/www.btv.md\/ro\/wp-json\/wp\/v2\/posts"}],"about":[{"href":"https:\/\/www.btv.md\/ro\/wp-json\/wp\/v2\/types\/post"}],"author":[{"embeddable":true,"href":"https:\/\/www.btv.md\/ro\/wp-json\/wp\/v2\/users\/4"}],"replies":[{"embeddable":true,"href":"https:\/\/www.btv.md\/ro\/wp-json\/wp\/v2\/comments?post=10972"}],"version-history":[{"count":0,"href":"https:\/\/www.btv.md\/ro\/wp-json\/wp\/v2\/posts\/10972\/revisions"}],"wp:featuredmedia":[{"embeddable":true,"href":"https:\/\/www.btv.md\/ro\/wp-json\/wp\/v2\/media\/10973"}],"wp:attachment":[{"href":"https:\/\/www.btv.md\/ro\/wp-json\/wp\/v2\/media?parent=10972"}],"wp:term":[{"taxonomy":"category","embeddable":true,"href":"https:\/\/www.btv.md\/ro\/wp-json\/wp\/v2\/categories?post=10972"},{"taxonomy":"post_tag","embeddable":true,"href":"https:\/\/www.btv.md\/ro\/wp-json\/wp\/v2\/tags?post=10972"}],"curies":[{"name":"wp","href":"https:\/\/api.w.org\/{rel}","templated":true}]}}