{"id":10975,"date":"2016-04-18T14:28:51","date_gmt":"2016-04-18T11:28:51","guid":{"rendered":"http:\/\/btv.md\/?p=10975"},"modified":"2016-04-18T14:28:51","modified_gmt":"2016-04-18T11:28:51","slug":"proprietarii-de-prisaci-trebuie-sa-si-tina-albinele-inchise-timp-de-cateva-zile","status":"publish","type":"post","link":"https:\/\/www.btv.md\/ro\/proprietarii-de-prisaci-trebuie-sa-si-tina-albinele-inchise-timp-de-cateva-zile\/","title":{"rendered":"PROPRIETARII DE PRIS\u0102CI TREBUIE S\u0102-\u0218I \u021aIN\u0102 ALBINELE \u00ceNCHISE TIMP DE C\u00c2TEVA ZILE"},"content":{"rendered":"<p><strong>Proprietarii de pris\u0103ci sunt aten\u021biona\u021bi de c\u0103tre Moldsilva s\u0103-\u0219i \u021bin\u0103 albinele \u00eenchise timp de c\u00e2teva zile. \u0218i asta pentru c\u0103 \u00een perioada 20 aprilie \u2013 1 mai, Agen\u021bia va desf\u0103\u0219ura combaterea aerian\u0103 a d\u0103un\u0103torilor defoliatori, informeaz\u0103 <a href=\"http:\/\/agrobiznes.md\/proprietarii-de-prisaci-trebuie-sa-si-tina-albinele-inchise-timp-de-cateva-zile.html\" target=\"_blank\">agrobiznes.md<\/a>.<\/strong><\/p>\n<p>Conform datelor cercet\u0103rilor detaliate, suprafa\u021ba arboretelor afectate de d\u0103unatorii defoliatori, constituie peste 40 de mii de hectare, dintre care 10871 ha reprezint\u0103 focarele care necesit\u0103 m\u0103suri de protec\u021bie. Pentru evitarea extinderii focarelor, precum \u0219i ameliorarea st\u0103rii arboretelor respective, \u00een anul curent este necesar\u0103 efectuarea luc\u0103rilor de combatere aerian\u0103 a bolilor \u0219i daunatorilor p\u0103durii pe o suprafa\u021b\u0103 de 7477 ha. \u00centreprinderile silvice incluse \u00een acest proces sunt: Chi\u0219in\u0103u \u2013 1066 ha; Nisporeni \u2013 Silva \u2013 580 ha; Orhei \u2013 1846 ha; Sil-R\u0103zeni \u2013 850 ha; Str\u0103\u0219eni \u2013 3135 ha.<\/p>\n<p>Totodat\u0103, proprietarii de pris\u0103ci aflate \u00een preajma zonelor forestiere unde va avea loc combaterea aerian\u0103, ca familiile de albine s\u0103 fie \u00eenchise \u00een ziua respectiv\u0103, dar \u0219i 4 zile dup\u0103 efectuarea prelucr\u0103rii chimice, este interzis\u0103 \u0219i aflarea animalelor domestice \u00een fond forestier supus procedurii, mai este recomandat ca popula\u021bia s\u0103 evite colectarea ciupercilor sau aflarea \u00een p\u0103dure \u00een scop de odihn\u0103 \u00een aceast\u0103 perioad\u0103.<\/p>\n<p>Agen\u021bia Moldsilva informeaz\u0103 c\u0103 preparatele folosite \u00een procesul combaterii aeriene nu sunt d\u0103un\u0103toare \u0219i periculoase pentru via\u021ba omului.<\/p>\n","protected":false},"excerpt":{"rendered":"<p>Proprietarii de pris\u0103ci sunt aten\u021biona\u021bi de c\u0103tre Moldsilva s\u0103-\u0219i \u021bin\u0103 albinele \u00eenchise timp de c\u00e2teva zile. \u0218i asta pentru c\u0103 \u00een perioada 20 aprilie \u2013 1 mai, Agen\u021bia va desf\u0103\u0219ura combaterea aerian\u0103 a d\u0103un\u0103torilor defoliatori, informeaz\u0103 agrobiznes.md. Conform datelor cercet\u0103rilor detaliate, suprafa\u021ba arboretelor afectate de d\u0103unatorii defoliatori, constituie peste 40 de mii de hectare, dintre [&hellip;]<\/p>\n","protected":false},"author":4,"featured_media":10976,"comment_status":"closed","ping_status":"closed","sticky":false,"template":"","format":"standard","meta":{"footnotes":""},"categories":[6349],"tags":[],"class_list":["post-10975","post","type-post","status-publish","format-standard","has-post-thumbnail","hentry","category-social"],"yoast_head":"<!-- This site is optimized with the Yoast SEO plugin v27.4 - https:\/\/yoast.com\/product\/yoast-seo-wordpress\/ -->\n<title>PROPRIETARII DE PRIS\u0102CI TREBUIE S\u0102-\u0218I \u021aIN\u0102 ALBINELE \u00ceNCHISE TIMP DE C\u00c2TEVA ZILE - BTV<\/title>\n<meta name=\"robots\" content=\"index, follow, max-snippet:-1, max-image-preview:large, max-video-preview:-1\" \/>\n<link rel=\"canonical\" href=\"https:\/\/www.btv.md\/ro\/proprietarii-de-prisaci-trebuie-sa-si-tina-albinele-inchise-timp-de-cateva-zile\/\" \/>\n<meta property=\"og:locale\" content=\"ro_RO\" \/>\n<meta property=\"og:type\" content=\"article\" \/>\n<meta property=\"og:title\" content=\"PROPRIETARII DE PRIS\u0102CI TREBUIE S\u0102-\u0218I \u021aIN\u0102 ALBINELE \u00ceNCHISE TIMP DE C\u00c2TEVA ZILE - BTV\" \/>\n<meta property=\"og:description\" content=\"Proprietarii de pris\u0103ci sunt aten\u021biona\u021bi de c\u0103tre Moldsilva s\u0103-\u0219i \u021bin\u0103 albinele \u00eenchise timp de c\u00e2teva zile. \u0218i asta pentru c\u0103 \u00een perioada 20 aprilie \u2013 1 mai, Agen\u021bia va desf\u0103\u0219ura combaterea aerian\u0103 a d\u0103un\u0103torilor defoliatori, informeaz\u0103 agrobiznes.md. Conform datelor cercet\u0103rilor detaliate, suprafa\u021ba arboretelor afectate de d\u0103unatorii defoliatori, constituie peste 40 de mii de hectare, dintre [&hellip;]\" \/>\n<meta property=\"og:url\" content=\"https:\/\/www.btv.md\/ro\/proprietarii-de-prisaci-trebuie-sa-si-tina-albinele-inchise-timp-de-cateva-zile\/\" \/>\n<meta property=\"og:site_name\" content=\"BTV\" \/>\n<meta property=\"article:publisher\" content=\"https:\/\/www.facebook.com\/btvmoldova\/\" \/>\n<meta property=\"article:published_time\" content=\"2016-04-18T11:28:51+00:00\" \/>\n<meta property=\"og:image\" content=\"https:\/\/www.btv.md\/wp-content\/uploads\/2016\/04\/images.jpg\" \/>\n\t<meta property=\"og:image:width\" content=\"280\" \/>\n\t<meta property=\"og:image:height\" content=\"180\" \/>\n\t<meta property=\"og:image:type\" content=\"image\/jpeg\" \/>\n<meta name=\"author\" content=\"admin\" \/>\n<meta name=\"twitter:label1\" content=\"Scris de\" \/>\n\t<meta name=\"twitter:data1\" content=\"admin\" \/>\n\t<meta name=\"twitter:label2\" content=\"Timp estimat pentru citire\" \/>\n\t<meta name=\"twitter:data2\" content=\"1 minut\" \/>\n<script type=\"application\/ld+json\" class=\"yoast-schema-graph\">{\"@context\":\"https:\\\/\\\/schema.org\",\"@graph\":[{\"@type\":\"Article\",\"@id\":\"https:\\\/\\\/www.btv.md\\\/ro\\\/proprietarii-de-prisaci-trebuie-sa-si-tina-albinele-inchise-timp-de-cateva-zile\\\/#article\",\"isPartOf\":{\"@id\":\"https:\\\/\\\/www.btv.md\\\/ro\\\/proprietarii-de-prisaci-trebuie-sa-si-tina-albinele-inchise-timp-de-cateva-zile\\\/\"},\"author\":{\"name\":\"admin\",\"@id\":\"https:\\\/\\\/www.btv.md\\\/#\\\/schema\\\/person\\\/8fadce81561b3ce2c34c46dadc4ccbf2\"},\"headline\":\"PROPRIETARII DE PRIS\u0102CI TREBUIE S\u0102-\u0218I \u021aIN\u0102 ALBINELE \u00ceNCHISE TIMP DE C\u00c2TEVA ZILE\",\"datePublished\":\"2016-04-18T11:28:51+00:00\",\"mainEntityOfPage\":{\"@id\":\"https:\\\/\\\/www.btv.md\\\/ro\\\/proprietarii-de-prisaci-trebuie-sa-si-tina-albinele-inchise-timp-de-cateva-zile\\\/\"},\"wordCount\":237,\"image\":{\"@id\":\"https:\\\/\\\/www.btv.md\\\/ro\\\/proprietarii-de-prisaci-trebuie-sa-si-tina-albinele-inchise-timp-de-cateva-zile\\\/#primaryimage\"},\"thumbnailUrl\":\"https:\\\/\\\/www.btv.md\\\/wp-content\\\/uploads\\\/2016\\\/04\\\/images.jpg\",\"articleSection\":[\"Social\"],\"inLanguage\":\"ro-RO\"},{\"@type\":\"WebPage\",\"@id\":\"https:\\\/\\\/www.btv.md\\\/ro\\\/proprietarii-de-prisaci-trebuie-sa-si-tina-albinele-inchise-timp-de-cateva-zile\\\/\",\"url\":\"https:\\\/\\\/www.btv.md\\\/ro\\\/proprietarii-de-prisaci-trebuie-sa-si-tina-albinele-inchise-timp-de-cateva-zile\\\/\",\"name\":\"PROPRIETARII DE PRIS\u0102CI TREBUIE S\u0102-\u0218I \u021aIN\u0102 ALBINELE \u00ceNCHISE TIMP DE C\u00c2TEVA ZILE - BTV\",\"isPartOf\":{\"@id\":\"https:\\\/\\\/www.btv.md\\\/#website\"},\"primaryImageOfPage\":{\"@id\":\"https:\\\/\\\/www.btv.md\\\/ro\\\/proprietarii-de-prisaci-trebuie-sa-si-tina-albinele-inchise-timp-de-cateva-zile\\\/#primaryimage\"},\"image\":{\"@id\":\"https:\\\/\\\/www.btv.md\\\/ro\\\/proprietarii-de-prisaci-trebuie-sa-si-tina-albinele-inchise-timp-de-cateva-zile\\\/#primaryimage\"},\"thumbnailUrl\":\"https:\\\/\\\/www.btv.md\\\/wp-content\\\/uploads\\\/2016\\\/04\\\/images.jpg\",\"datePublished\":\"2016-04-18T11:28:51+00:00\",\"author\":{\"@id\":\"https:\\\/\\\/www.btv.md\\\/#\\\/schema\\\/person\\\/8fadce81561b3ce2c34c46dadc4ccbf2\"},\"inLanguage\":\"ro-RO\",\"potentialAction\":[{\"@type\":\"ReadAction\",\"target\":[\"https:\\\/\\\/www.btv.md\\\/ro\\\/proprietarii-de-prisaci-trebuie-sa-si-tina-albinele-inchise-timp-de-cateva-zile\\\/\"]}]},{\"@type\":\"ImageObject\",\"inLanguage\":\"ro-RO\",\"@id\":\"https:\\\/\\\/www.btv.md\\\/ro\\\/proprietarii-de-prisaci-trebuie-sa-si-tina-albinele-inchise-timp-de-cateva-zile\\\/#primaryimage\",\"url\":\"https:\\\/\\\/www.btv.md\\\/wp-content\\\/uploads\\\/2016\\\/04\\\/images.jpg\",\"contentUrl\":\"https:\\\/\\\/www.btv.md\\\/wp-content\\\/uploads\\\/2016\\\/04\\\/images.jpg\",\"width\":280,\"height\":180,\"caption\":\"p4elovodam.ru\"},{\"@type\":\"WebSite\",\"@id\":\"https:\\\/\\\/www.btv.md\\\/#website\",\"url\":\"https:\\\/\\\/www.btv.md\\\/\",\"name\":\"BTV\",\"description\":\"\u0411\u0435\u043b\u044c\u0446\u043a\u043e\u0435 \u0442\u0435\u043b\u0435\u0432\u0438\u0434\u0435\u043d\u0438\u0435\",\"potentialAction\":[{\"@type\":\"SearchAction\",\"target\":{\"@type\":\"EntryPoint\",\"urlTemplate\":\"https:\\\/\\\/www.btv.md\\\/?s={search_term_string}\"},\"query-input\":{\"@type\":\"PropertyValueSpecification\",\"valueRequired\":true,\"valueName\":\"search_term_string\"}}],\"inLanguage\":\"ro-RO\"},{\"@type\":\"Person\",\"@id\":\"https:\\\/\\\/www.btv.md\\\/#\\\/schema\\\/person\\\/8fadce81561b3ce2c34c46dadc4ccbf2\",\"name\":\"admin\"}]}<\/script>\n<!-- \/ Yoast SEO plugin. -->","yoast_head_json":{"title":"PROPRIETARII DE PRIS\u0102CI TREBUIE S\u0102-\u0218I \u021aIN\u0102 ALBINELE \u00ceNCHISE TIMP DE C\u00c2TEVA ZILE - BTV","robots":{"index":"index","follow":"follow","max-snippet":"max-snippet:-1","max-image-preview":"max-image-preview:large","max-video-preview":"max-video-preview:-1"},"canonical":"https:\/\/www.btv.md\/ro\/proprietarii-de-prisaci-trebuie-sa-si-tina-albinele-inchise-timp-de-cateva-zile\/","og_locale":"ro_RO","og_type":"article","og_title":"PROPRIETARII DE PRIS\u0102CI TREBUIE S\u0102-\u0218I \u021aIN\u0102 ALBINELE \u00ceNCHISE TIMP DE C\u00c2TEVA ZILE - BTV","og_description":"Proprietarii de pris\u0103ci sunt aten\u021biona\u021bi de c\u0103tre Moldsilva s\u0103-\u0219i \u021bin\u0103 albinele \u00eenchise timp de c\u00e2teva zile. \u0218i asta pentru c\u0103 \u00een perioada 20 aprilie \u2013 1 mai, Agen\u021bia va desf\u0103\u0219ura combaterea aerian\u0103 a d\u0103un\u0103torilor defoliatori, informeaz\u0103 agrobiznes.md. Conform datelor cercet\u0103rilor detaliate, suprafa\u021ba arboretelor afectate de d\u0103unatorii defoliatori, constituie peste 40 de mii de hectare, dintre [&hellip;]","og_url":"https:\/\/www.btv.md\/ro\/proprietarii-de-prisaci-trebuie-sa-si-tina-albinele-inchise-timp-de-cateva-zile\/","og_site_name":"BTV","article_publisher":"https:\/\/www.facebook.com\/btvmoldova\/","article_published_time":"2016-04-18T11:28:51+00:00","og_image":[{"width":280,"height":180,"url":"https:\/\/www.btv.md\/wp-content\/uploads\/2016\/04\/images.jpg","type":"image\/jpeg"}],"author":"admin","twitter_misc":{"Scris de":"admin","Timp estimat pentru citire":"1 minut"},"schema":{"@context":"https:\/\/schema.org","@graph":[{"@type":"Article","@id":"https:\/\/www.btv.md\/ro\/proprietarii-de-prisaci-trebuie-sa-si-tina-albinele-inchise-timp-de-cateva-zile\/#article","isPartOf":{"@id":"https:\/\/www.btv.md\/ro\/proprietarii-de-prisaci-trebuie-sa-si-tina-albinele-inchise-timp-de-cateva-zile\/"},"author":{"name":"admin","@id":"https:\/\/www.btv.md\/#\/schema\/person\/8fadce81561b3ce2c34c46dadc4ccbf2"},"headline":"PROPRIETARII DE PRIS\u0102CI TREBUIE S\u0102-\u0218I \u021aIN\u0102 ALBINELE \u00ceNCHISE TIMP DE C\u00c2TEVA ZILE","datePublished":"2016-04-18T11:28:51+00:00","mainEntityOfPage":{"@id":"https:\/\/www.btv.md\/ro\/proprietarii-de-prisaci-trebuie-sa-si-tina-albinele-inchise-timp-de-cateva-zile\/"},"wordCount":237,"image":{"@id":"https:\/\/www.btv.md\/ro\/proprietarii-de-prisaci-trebuie-sa-si-tina-albinele-inchise-timp-de-cateva-zile\/#primaryimage"},"thumbnailUrl":"https:\/\/www.btv.md\/wp-content\/uploads\/2016\/04\/images.jpg","articleSection":["Social"],"inLanguage":"ro-RO"},{"@type":"WebPage","@id":"https:\/\/www.btv.md\/ro\/proprietarii-de-prisaci-trebuie-sa-si-tina-albinele-inchise-timp-de-cateva-zile\/","url":"https:\/\/www.btv.md\/ro\/proprietarii-de-prisaci-trebuie-sa-si-tina-albinele-inchise-timp-de-cateva-zile\/","name":"PROPRIETARII DE PRIS\u0102CI TREBUIE S\u0102-\u0218I \u021aIN\u0102 ALBINELE \u00ceNCHISE TIMP DE C\u00c2TEVA ZILE - BTV","isPartOf":{"@id":"https:\/\/www.btv.md\/#website"},"primaryImageOfPage":{"@id":"https:\/\/www.btv.md\/ro\/proprietarii-de-prisaci-trebuie-sa-si-tina-albinele-inchise-timp-de-cateva-zile\/#primaryimage"},"image":{"@id":"https:\/\/www.btv.md\/ro\/proprietarii-de-prisaci-trebuie-sa-si-tina-albinele-inchise-timp-de-cateva-zile\/#primaryimage"},"thumbnailUrl":"https:\/\/www.btv.md\/wp-content\/uploads\/2016\/04\/images.jpg","datePublished":"2016-04-18T11:28:51+00:00","author":{"@id":"https:\/\/www.btv.md\/#\/schema\/person\/8fadce81561b3ce2c34c46dadc4ccbf2"},"inLanguage":"ro-RO","potentialAction":[{"@type":"ReadAction","target":["https:\/\/www.btv.md\/ro\/proprietarii-de-prisaci-trebuie-sa-si-tina-albinele-inchise-timp-de-cateva-zile\/"]}]},{"@type":"ImageObject","inLanguage":"ro-RO","@id":"https:\/\/www.btv.md\/ro\/proprietarii-de-prisaci-trebuie-sa-si-tina-albinele-inchise-timp-de-cateva-zile\/#primaryimage","url":"https:\/\/www.btv.md\/wp-content\/uploads\/2016\/04\/images.jpg","contentUrl":"https:\/\/www.btv.md\/wp-content\/uploads\/2016\/04\/images.jpg","width":280,"height":180,"caption":"p4elovodam.ru"},{"@type":"WebSite","@id":"https:\/\/www.btv.md\/#website","url":"https:\/\/www.btv.md\/","name":"BTV","description":"\u0411\u0435\u043b\u044c\u0446\u043a\u043e\u0435 \u0442\u0435\u043b\u0435\u0432\u0438\u0434\u0435\u043d\u0438\u0435","potentialAction":[{"@type":"SearchAction","target":{"@type":"EntryPoint","urlTemplate":"https:\/\/www.btv.md\/?s={search_term_string}"},"query-input":{"@type":"PropertyValueSpecification","valueRequired":true,"valueName":"search_term_string"}}],"inLanguage":"ro-RO"},{"@type":"Person","@id":"https:\/\/www.btv.md\/#\/schema\/person\/8fadce81561b3ce2c34c46dadc4ccbf2","name":"admin"}]}},"_links":{"self":[{"href":"https:\/\/www.btv.md\/ro\/wp-json\/wp\/v2\/posts\/10975","targetHints":{"allow":["GET"]}}],"collection":[{"href":"https:\/\/www.btv.md\/ro\/wp-json\/wp\/v2\/posts"}],"about":[{"href":"https:\/\/www.btv.md\/ro\/wp-json\/wp\/v2\/types\/post"}],"author":[{"embeddable":true,"href":"https:\/\/www.btv.md\/ro\/wp-json\/wp\/v2\/users\/4"}],"replies":[{"embeddable":true,"href":"https:\/\/www.btv.md\/ro\/wp-json\/wp\/v2\/comments?post=10975"}],"version-history":[{"count":0,"href":"https:\/\/www.btv.md\/ro\/wp-json\/wp\/v2\/posts\/10975\/revisions"}],"wp:featuredmedia":[{"embeddable":true,"href":"https:\/\/www.btv.md\/ro\/wp-json\/wp\/v2\/media\/10976"}],"wp:attachment":[{"href":"https:\/\/www.btv.md\/ro\/wp-json\/wp\/v2\/media?parent=10975"}],"wp:term":[{"taxonomy":"category","embeddable":true,"href":"https:\/\/www.btv.md\/ro\/wp-json\/wp\/v2\/categories?post=10975"},{"taxonomy":"post_tag","embeddable":true,"href":"https:\/\/www.btv.md\/ro\/wp-json\/wp\/v2\/tags?post=10975"}],"curies":[{"name":"wp","href":"https:\/\/api.w.org\/{rel}","templated":true}]}}