{"id":109752,"date":"2020-12-28T17:58:18","date_gmt":"2020-12-28T15:58:18","guid":{"rendered":"http:\/\/www.btv.md\/?p=109752"},"modified":"2020-12-28T17:58:18","modified_gmt":"2020-12-28T15:58:18","slug":"discutii-de-10-minute-dintre-presedinta-tarii-si-fractiunea-psrm","status":"publish","type":"post","link":"https:\/\/www.btv.md\/ro\/discutii-de-10-minute-dintre-presedinta-tarii-si-fractiunea-psrm\/","title":{"rendered":"Discu\u021bii de 10 minute dintre pre\u0219edinta \u021b\u0103rii \u0219i frac\u021biunea PSRM"},"content":{"rendered":"<p><strong>Frac\u021biunea Partdului Sociali\u0219tilor (PSRM) pledeaz\u0103 pentru alegeri parlamentare anticipate, \u00eens\u0103 este dispus\u0103 s\u0103 analizeze o eventual\u0103 candidatur\u0103 la func\u021bia de premier propus\u0103 de pre\u0219edinta \u021b\u0103rii, transmite <a href=\"https:\/\/newsmaker.md\/ro\/\">newsmaker.md<\/a>. Declara\u021bia a fost f\u0103cut\u0103 de c\u0103tre liderul frac\u021biunii parlamentare a PSRM Corneliu Furculi\u021b\u0103, dup\u0103 consult\u0103rile lansate de \u0219efa statului.<\/strong><\/p>\n<p>Discu\u021biile dintre deputa\u021bii PSRM \u0219i pre\u0219edinta \u021b\u0103rii, Maia Sandu, au durat doar circa 10 minute. La ie\u0219irea din sala de \u0219edin\u021be, deputatul Corneliu Furculi\u021b\u0103, \u00eenso\u021bit de colegii s\u0103i, Radu Mudreac \u0219i Petru Burduja, a f\u0103cut declara\u021bii de pres\u0103. Acesta a men\u021bionat c\u0103 frac\u021biunea Partdului Sociali\u0219tilor pledeaz\u0103 pentru alegeri parlamentare anticipate.<\/p>\n<p>\u201e\u00cen cazul \u00een care Maia Sandu are o candidatur\u0103 la func\u021bia de premier, noi vom analiza aceast\u0103 candidatur\u0103, vom vedea programul guvernului \u0219i decizia ne va apar\u021bine, dar suntem pentru alegeri anticipate\u201d, a declarat Furculi\u021b\u0103.<\/p>\n<p>\u00centreba\u021bi de jurnali\u0219ti de ce discu\u021biile s-au \u00eencheiat at\u00e2t de repede, deputatul Corneliu Furculi\u021b\u0103 a explicat c\u0103, la aceast\u0103 etap\u0103, nu au fost alte subiecte de discu\u021bie.<\/p>\n<p>\u201eDac\u0103 doamne pre\u0219edinte nu mai are \u00eentreb\u0103ri, noi am plecat. La aceast\u0103 etap\u0103, negocierile s-au finalizat\u201d, a precizat parlamentarul PSRM.<\/p>\n<div class=\"code-block code-block-2\"><\/div>\n<p>Pre\u0219edinta \u021b\u0103rii, Maia Sandu, va desf\u0103\u0219ura pe 28 decembrie consult\u0103ri cu deputa\u021bii din parlamentul Republicii Moldova. \u00cen aceste momente, la pre\u0219edin\u021bie, au loc discu\u021bii cu frac\u021biunea Partidului Ac\u021biune \u0219i Solidaritate (PAS).<\/p>\n<p>Sursa <strong><a href=\"https:\/\/newsmaker.md\/ro\/\">newsmaker.md<\/a><\/strong><\/p>\n","protected":false},"excerpt":{"rendered":"<p>Frac\u021biunea Partdului Sociali\u0219tilor (PSRM) pledeaz\u0103 pentru alegeri parlamentare anticipate, \u00eens\u0103 este dispus\u0103 s\u0103 analizeze o eventual\u0103 candidatur\u0103 la func\u021bia de premier propus\u0103 de pre\u0219edinta \u021b\u0103rii, transmite newsmaker.md. Declara\u021bia a fost f\u0103cut\u0103 de c\u0103tre liderul frac\u021biunii parlamentare a PSRM Corneliu Furculi\u021b\u0103, dup\u0103 consult\u0103rile lansate de \u0219efa statului. Discu\u021biile dintre deputa\u021bii PSRM \u0219i pre\u0219edinta \u021b\u0103rii, Maia Sandu, [&hellip;]<\/p>\n","protected":false},"author":4,"featured_media":109753,"comment_status":"closed","ping_status":"closed","sticky":false,"template":"","format":"standard","meta":{"footnotes":""},"categories":[6368,6377],"tags":[20576],"class_list":["post-109752","post","type-post","status-publish","format-standard","has-post-thumbnail","hentry","category-politica-ro","category-stiri","tag-discutii-de-10-minute-dintre-presedinta-tarii-si-fractiunea-psrm"],"yoast_head":"<!-- This site is optimized with the Yoast SEO plugin v27.4 - https:\/\/yoast.com\/product\/yoast-seo-wordpress\/ -->\n<title>Discu\u021bii de 10 minute dintre pre\u0219edinta \u021b\u0103rii \u0219i frac\u021biunea PSRM - BTV<\/title>\n<meta name=\"robots\" content=\"index, follow, max-snippet:-1, max-image-preview:large, max-video-preview:-1\" \/>\n<link rel=\"canonical\" href=\"https:\/\/www.btv.md\/ro\/discutii-de-10-minute-dintre-presedinta-tarii-si-fractiunea-psrm\/\" \/>\n<meta property=\"og:locale\" content=\"ro_RO\" \/>\n<meta property=\"og:type\" content=\"article\" \/>\n<meta property=\"og:title\" content=\"Discu\u021bii de 10 minute dintre pre\u0219edinta \u021b\u0103rii \u0219i frac\u021biunea PSRM - BTV\" \/>\n<meta property=\"og:description\" content=\"Frac\u021biunea Partdului Sociali\u0219tilor (PSRM) pledeaz\u0103 pentru alegeri parlamentare anticipate, \u00eens\u0103 este dispus\u0103 s\u0103 analizeze o eventual\u0103 candidatur\u0103 la func\u021bia de premier propus\u0103 de pre\u0219edinta \u021b\u0103rii, transmite newsmaker.md. Declara\u021bia a fost f\u0103cut\u0103 de c\u0103tre liderul frac\u021biunii parlamentare a PSRM Corneliu Furculi\u021b\u0103, dup\u0103 consult\u0103rile lansate de \u0219efa statului. Discu\u021biile dintre deputa\u021bii PSRM \u0219i pre\u0219edinta \u021b\u0103rii, Maia Sandu, [&hellip;]\" \/>\n<meta property=\"og:url\" content=\"https:\/\/www.btv.md\/ro\/discutii-de-10-minute-dintre-presedinta-tarii-si-fractiunea-psrm\/\" \/>\n<meta property=\"og:site_name\" content=\"BTV\" \/>\n<meta property=\"article:publisher\" content=\"https:\/\/www.facebook.com\/btvmoldova\/\" \/>\n<meta property=\"article:published_time\" content=\"2020-12-28T15:58:18+00:00\" \/>\n<meta property=\"og:image\" content=\"https:\/\/www.btv.md\/wp-content\/uploads\/2020\/12\/1-48.png\" \/>\n\t<meta property=\"og:image:width\" content=\"953\" \/>\n\t<meta property=\"og:image:height\" content=\"689\" \/>\n\t<meta property=\"og:image:type\" content=\"image\/png\" \/>\n<meta name=\"author\" content=\"admin\" \/>\n<meta name=\"twitter:label1\" content=\"Scris de\" \/>\n\t<meta name=\"twitter:data1\" content=\"admin\" \/>\n\t<meta name=\"twitter:label2\" content=\"Timp estimat pentru citire\" \/>\n\t<meta name=\"twitter:data2\" content=\"1 minut\" \/>\n<script type=\"application\/ld+json\" class=\"yoast-schema-graph\">{\"@context\":\"https:\\\/\\\/schema.org\",\"@graph\":[{\"@type\":\"Article\",\"@id\":\"https:\\\/\\\/www.btv.md\\\/ro\\\/discutii-de-10-minute-dintre-presedinta-tarii-si-fractiunea-psrm\\\/#article\",\"isPartOf\":{\"@id\":\"https:\\\/\\\/www.btv.md\\\/ro\\\/discutii-de-10-minute-dintre-presedinta-tarii-si-fractiunea-psrm\\\/\"},\"author\":{\"name\":\"admin\",\"@id\":\"https:\\\/\\\/www.btv.md\\\/#\\\/schema\\\/person\\\/8fadce81561b3ce2c34c46dadc4ccbf2\"},\"headline\":\"Discu\u021bii de 10 minute dintre pre\u0219edinta \u021b\u0103rii \u0219i frac\u021biunea PSRM\",\"datePublished\":\"2020-12-28T15:58:18+00:00\",\"mainEntityOfPage\":{\"@id\":\"https:\\\/\\\/www.btv.md\\\/ro\\\/discutii-de-10-minute-dintre-presedinta-tarii-si-fractiunea-psrm\\\/\"},\"wordCount\":262,\"image\":{\"@id\":\"https:\\\/\\\/www.btv.md\\\/ro\\\/discutii-de-10-minute-dintre-presedinta-tarii-si-fractiunea-psrm\\\/#primaryimage\"},\"thumbnailUrl\":\"https:\\\/\\\/www.btv.md\\\/wp-content\\\/uploads\\\/2020\\\/12\\\/1-48.png\",\"keywords\":[\"Discu\u021bii de 10 minute dintre pre\u0219edinta \u021b\u0103rii \u0219i frac\u021biunea PSRM\"],\"articleSection\":[\"Politic\u0103\",\"\u0218tiri\"],\"inLanguage\":\"ro-RO\"},{\"@type\":\"WebPage\",\"@id\":\"https:\\\/\\\/www.btv.md\\\/ro\\\/discutii-de-10-minute-dintre-presedinta-tarii-si-fractiunea-psrm\\\/\",\"url\":\"https:\\\/\\\/www.btv.md\\\/ro\\\/discutii-de-10-minute-dintre-presedinta-tarii-si-fractiunea-psrm\\\/\",\"name\":\"Discu\u021bii de 10 minute dintre pre\u0219edinta \u021b\u0103rii \u0219i frac\u021biunea PSRM - BTV\",\"isPartOf\":{\"@id\":\"https:\\\/\\\/www.btv.md\\\/#website\"},\"primaryImageOfPage\":{\"@id\":\"https:\\\/\\\/www.btv.md\\\/ro\\\/discutii-de-10-minute-dintre-presedinta-tarii-si-fractiunea-psrm\\\/#primaryimage\"},\"image\":{\"@id\":\"https:\\\/\\\/www.btv.md\\\/ro\\\/discutii-de-10-minute-dintre-presedinta-tarii-si-fractiunea-psrm\\\/#primaryimage\"},\"thumbnailUrl\":\"https:\\\/\\\/www.btv.md\\\/wp-content\\\/uploads\\\/2020\\\/12\\\/1-48.png\",\"datePublished\":\"2020-12-28T15:58:18+00:00\",\"author\":{\"@id\":\"https:\\\/\\\/www.btv.md\\\/#\\\/schema\\\/person\\\/8fadce81561b3ce2c34c46dadc4ccbf2\"},\"inLanguage\":\"ro-RO\",\"potentialAction\":[{\"@type\":\"ReadAction\",\"target\":[\"https:\\\/\\\/www.btv.md\\\/ro\\\/discutii-de-10-minute-dintre-presedinta-tarii-si-fractiunea-psrm\\\/\"]}]},{\"@type\":\"ImageObject\",\"inLanguage\":\"ro-RO\",\"@id\":\"https:\\\/\\\/www.btv.md\\\/ro\\\/discutii-de-10-minute-dintre-presedinta-tarii-si-fractiunea-psrm\\\/#primaryimage\",\"url\":\"https:\\\/\\\/www.btv.md\\\/wp-content\\\/uploads\\\/2020\\\/12\\\/1-48.png\",\"contentUrl\":\"https:\\\/\\\/www.btv.md\\\/wp-content\\\/uploads\\\/2020\\\/12\\\/1-48.png\",\"width\":953,\"height\":689},{\"@type\":\"WebSite\",\"@id\":\"https:\\\/\\\/www.btv.md\\\/#website\",\"url\":\"https:\\\/\\\/www.btv.md\\\/\",\"name\":\"BTV\",\"description\":\"\u0411\u0435\u043b\u044c\u0446\u043a\u043e\u0435 \u0442\u0435\u043b\u0435\u0432\u0438\u0434\u0435\u043d\u0438\u0435\",\"potentialAction\":[{\"@type\":\"SearchAction\",\"target\":{\"@type\":\"EntryPoint\",\"urlTemplate\":\"https:\\\/\\\/www.btv.md\\\/?s={search_term_string}\"},\"query-input\":{\"@type\":\"PropertyValueSpecification\",\"valueRequired\":true,\"valueName\":\"search_term_string\"}}],\"inLanguage\":\"ro-RO\"},{\"@type\":\"Person\",\"@id\":\"https:\\\/\\\/www.btv.md\\\/#\\\/schema\\\/person\\\/8fadce81561b3ce2c34c46dadc4ccbf2\",\"name\":\"admin\"}]}<\/script>\n<!-- \/ Yoast SEO plugin. -->","yoast_head_json":{"title":"Discu\u021bii de 10 minute dintre pre\u0219edinta \u021b\u0103rii \u0219i frac\u021biunea PSRM - BTV","robots":{"index":"index","follow":"follow","max-snippet":"max-snippet:-1","max-image-preview":"max-image-preview:large","max-video-preview":"max-video-preview:-1"},"canonical":"https:\/\/www.btv.md\/ro\/discutii-de-10-minute-dintre-presedinta-tarii-si-fractiunea-psrm\/","og_locale":"ro_RO","og_type":"article","og_title":"Discu\u021bii de 10 minute dintre pre\u0219edinta \u021b\u0103rii \u0219i frac\u021biunea PSRM - BTV","og_description":"Frac\u021biunea Partdului Sociali\u0219tilor (PSRM) pledeaz\u0103 pentru alegeri parlamentare anticipate, \u00eens\u0103 este dispus\u0103 s\u0103 analizeze o eventual\u0103 candidatur\u0103 la func\u021bia de premier propus\u0103 de pre\u0219edinta \u021b\u0103rii, transmite newsmaker.md. Declara\u021bia a fost f\u0103cut\u0103 de c\u0103tre liderul frac\u021biunii parlamentare a PSRM Corneliu Furculi\u021b\u0103, dup\u0103 consult\u0103rile lansate de \u0219efa statului. Discu\u021biile dintre deputa\u021bii PSRM \u0219i pre\u0219edinta \u021b\u0103rii, Maia Sandu, [&hellip;]","og_url":"https:\/\/www.btv.md\/ro\/discutii-de-10-minute-dintre-presedinta-tarii-si-fractiunea-psrm\/","og_site_name":"BTV","article_publisher":"https:\/\/www.facebook.com\/btvmoldova\/","article_published_time":"2020-12-28T15:58:18+00:00","og_image":[{"width":953,"height":689,"url":"https:\/\/www.btv.md\/wp-content\/uploads\/2020\/12\/1-48.png","type":"image\/png"}],"author":"admin","twitter_misc":{"Scris de":"admin","Timp estimat pentru citire":"1 minut"},"schema":{"@context":"https:\/\/schema.org","@graph":[{"@type":"Article","@id":"https:\/\/www.btv.md\/ro\/discutii-de-10-minute-dintre-presedinta-tarii-si-fractiunea-psrm\/#article","isPartOf":{"@id":"https:\/\/www.btv.md\/ro\/discutii-de-10-minute-dintre-presedinta-tarii-si-fractiunea-psrm\/"},"author":{"name":"admin","@id":"https:\/\/www.btv.md\/#\/schema\/person\/8fadce81561b3ce2c34c46dadc4ccbf2"},"headline":"Discu\u021bii de 10 minute dintre pre\u0219edinta \u021b\u0103rii \u0219i frac\u021biunea PSRM","datePublished":"2020-12-28T15:58:18+00:00","mainEntityOfPage":{"@id":"https:\/\/www.btv.md\/ro\/discutii-de-10-minute-dintre-presedinta-tarii-si-fractiunea-psrm\/"},"wordCount":262,"image":{"@id":"https:\/\/www.btv.md\/ro\/discutii-de-10-minute-dintre-presedinta-tarii-si-fractiunea-psrm\/#primaryimage"},"thumbnailUrl":"https:\/\/www.btv.md\/wp-content\/uploads\/2020\/12\/1-48.png","keywords":["Discu\u021bii de 10 minute dintre pre\u0219edinta \u021b\u0103rii \u0219i frac\u021biunea PSRM"],"articleSection":["Politic\u0103","\u0218tiri"],"inLanguage":"ro-RO"},{"@type":"WebPage","@id":"https:\/\/www.btv.md\/ro\/discutii-de-10-minute-dintre-presedinta-tarii-si-fractiunea-psrm\/","url":"https:\/\/www.btv.md\/ro\/discutii-de-10-minute-dintre-presedinta-tarii-si-fractiunea-psrm\/","name":"Discu\u021bii de 10 minute dintre pre\u0219edinta \u021b\u0103rii \u0219i frac\u021biunea PSRM - BTV","isPartOf":{"@id":"https:\/\/www.btv.md\/#website"},"primaryImageOfPage":{"@id":"https:\/\/www.btv.md\/ro\/discutii-de-10-minute-dintre-presedinta-tarii-si-fractiunea-psrm\/#primaryimage"},"image":{"@id":"https:\/\/www.btv.md\/ro\/discutii-de-10-minute-dintre-presedinta-tarii-si-fractiunea-psrm\/#primaryimage"},"thumbnailUrl":"https:\/\/www.btv.md\/wp-content\/uploads\/2020\/12\/1-48.png","datePublished":"2020-12-28T15:58:18+00:00","author":{"@id":"https:\/\/www.btv.md\/#\/schema\/person\/8fadce81561b3ce2c34c46dadc4ccbf2"},"inLanguage":"ro-RO","potentialAction":[{"@type":"ReadAction","target":["https:\/\/www.btv.md\/ro\/discutii-de-10-minute-dintre-presedinta-tarii-si-fractiunea-psrm\/"]}]},{"@type":"ImageObject","inLanguage":"ro-RO","@id":"https:\/\/www.btv.md\/ro\/discutii-de-10-minute-dintre-presedinta-tarii-si-fractiunea-psrm\/#primaryimage","url":"https:\/\/www.btv.md\/wp-content\/uploads\/2020\/12\/1-48.png","contentUrl":"https:\/\/www.btv.md\/wp-content\/uploads\/2020\/12\/1-48.png","width":953,"height":689},{"@type":"WebSite","@id":"https:\/\/www.btv.md\/#website","url":"https:\/\/www.btv.md\/","name":"BTV","description":"\u0411\u0435\u043b\u044c\u0446\u043a\u043e\u0435 \u0442\u0435\u043b\u0435\u0432\u0438\u0434\u0435\u043d\u0438\u0435","potentialAction":[{"@type":"SearchAction","target":{"@type":"EntryPoint","urlTemplate":"https:\/\/www.btv.md\/?s={search_term_string}"},"query-input":{"@type":"PropertyValueSpecification","valueRequired":true,"valueName":"search_term_string"}}],"inLanguage":"ro-RO"},{"@type":"Person","@id":"https:\/\/www.btv.md\/#\/schema\/person\/8fadce81561b3ce2c34c46dadc4ccbf2","name":"admin"}]}},"_links":{"self":[{"href":"https:\/\/www.btv.md\/ro\/wp-json\/wp\/v2\/posts\/109752","targetHints":{"allow":["GET"]}}],"collection":[{"href":"https:\/\/www.btv.md\/ro\/wp-json\/wp\/v2\/posts"}],"about":[{"href":"https:\/\/www.btv.md\/ro\/wp-json\/wp\/v2\/types\/post"}],"author":[{"embeddable":true,"href":"https:\/\/www.btv.md\/ro\/wp-json\/wp\/v2\/users\/4"}],"replies":[{"embeddable":true,"href":"https:\/\/www.btv.md\/ro\/wp-json\/wp\/v2\/comments?post=109752"}],"version-history":[{"count":0,"href":"https:\/\/www.btv.md\/ro\/wp-json\/wp\/v2\/posts\/109752\/revisions"}],"wp:featuredmedia":[{"embeddable":true,"href":"https:\/\/www.btv.md\/ro\/wp-json\/wp\/v2\/media\/109753"}],"wp:attachment":[{"href":"https:\/\/www.btv.md\/ro\/wp-json\/wp\/v2\/media?parent=109752"}],"wp:term":[{"taxonomy":"category","embeddable":true,"href":"https:\/\/www.btv.md\/ro\/wp-json\/wp\/v2\/categories?post=109752"},{"taxonomy":"post_tag","embeddable":true,"href":"https:\/\/www.btv.md\/ro\/wp-json\/wp\/v2\/tags?post=109752"}],"curies":[{"name":"wp","href":"https:\/\/api.w.org\/{rel}","templated":true}]}}