{"id":110069,"date":"2021-01-04T20:14:29","date_gmt":"2021-01-04T18:14:29","guid":{"rendered":"http:\/\/www.btv.md\/?p=110069"},"modified":"2021-01-04T20:14:29","modified_gmt":"2021-01-04T18:14:29","slug":"sandu-nu-a-emis-decretele-de-demisie-a-celor-3-ministri-de-ce","status":"publish","type":"post","link":"https:\/\/www.btv.md\/ro\/sandu-nu-a-emis-decretele-de-demisie-a-celor-3-ministri-de-ce\/","title":{"rendered":"Sandu nu a emis decretele de demisie a celor 3 mini\u0219tri. De ce?"},"content":{"rendered":"<p><strong>Actuala consilier\u0103 preziden\u021bial\u0103, Olesea Stamate, a venit cu anumite preciz\u0103ri fa\u021b\u0103 de decizia Pre\u0219edin\u021biei de a nu emite decretele de demisie a celor trei mini\u0219tri intermediari ai cabinetului demisionar Chicu.<\/strong><\/p>\n<p>Stamate spune c\u0103 legea nu prevede o astfel de procedur\u0103 \u0219i c\u0103 cel mai probabil, pentru a clarifica situa\u021bia, ar fi nevoie de o solicitare la Curtea Constitu\u021bional\u0103, transmite\u00a0<b>\u0218tiri.md<\/b>\u00a0cu referire la\u00a0<a href=\"https:\/\/www.zdg.md\/stiri\/consiliera-prezidentiala-olesea-stamate-explica-de-ce-maia-sandu-nu-a-emis-decretele-de-demisie-a-celor-3-ministri\/\" target=\"_blank\" rel=\"nofollow noopener noreferrer\">ZdG<\/a>.<\/p>\n<p>\u00centr-o postare pe pagina sa de facebook, Stamate spune c\u0103 legea cu privire la Guvern, cea la care face referire Ion Chicu \u00een adresarea sa c\u0103tre Maia Sandu prevede un mecanism de intermediar doar pentru premier, \u201e\u00eens\u0103 legea nu prevede asemenea posibilitate \u0219i pentru ceilal\u021bi membri ai guvernului, adic\u0103 legea nu reglementeaz\u0103 emiterea unui decret \u00een caz de demisie a unui ministru dintr-un guvern demisionar\u201d, a scris Stamate.<\/p>\n<p>Consiliera preziden\u021bial\u0103 afirm\u0103 c\u0103 decizia de a nu semna acest decret nu \u00eenseamn\u0103 c\u0103 mini\u0219trii vor fi impu\u0219i sau for\u021ba\u021bi s\u0103 munceasc\u0103 \u0219i c\u0103, \u201eat\u00e2t timp c\u00e2t legea nu reglementeaz\u0103 aceast\u0103 procedur\u0103, nu am considerat judicios s\u0103 emitem un decret \u00een acest sens\u201d.<\/p>\n<p>Sursa <a href=\"https:\/\/stiri.md\/\">stiri.md<\/a><\/p>\n","protected":false},"excerpt":{"rendered":"<p>Actuala consilier\u0103 preziden\u021bial\u0103, Olesea Stamate, a venit cu anumite preciz\u0103ri fa\u021b\u0103 de decizia Pre\u0219edin\u021biei de a nu emite decretele de demisie a celor trei mini\u0219tri intermediari ai cabinetului demisionar Chicu. Stamate spune c\u0103 legea nu prevede o astfel de procedur\u0103 \u0219i c\u0103 cel mai probabil, pentru a clarifica situa\u021bia, ar fi nevoie de o solicitare [&hellip;]<\/p>\n","protected":false},"author":4,"featured_media":110070,"comment_status":"closed","ping_status":"closed","sticky":false,"template":"","format":"standard","meta":{"footnotes":""},"categories":[6368,6377],"tags":[20658],"class_list":["post-110069","post","type-post","status-publish","format-standard","has-post-thumbnail","hentry","category-politica-ro","category-stiri","tag-sandu-nu-a-emis-decretele-de-demisie-a-celor-3-ministri-de-ce"],"yoast_head":"<!-- This site is optimized with the Yoast SEO plugin v27.4 - https:\/\/yoast.com\/product\/yoast-seo-wordpress\/ -->\n<title>Sandu nu a emis decretele de demisie a celor 3 mini\u0219tri. De ce? - BTV<\/title>\n<meta name=\"robots\" content=\"index, follow, max-snippet:-1, max-image-preview:large, max-video-preview:-1\" \/>\n<link rel=\"canonical\" href=\"https:\/\/www.btv.md\/ro\/sandu-nu-a-emis-decretele-de-demisie-a-celor-3-ministri-de-ce\/\" \/>\n<meta property=\"og:locale\" content=\"ro_RO\" \/>\n<meta property=\"og:type\" content=\"article\" \/>\n<meta property=\"og:title\" content=\"Sandu nu a emis decretele de demisie a celor 3 mini\u0219tri. De ce? - BTV\" \/>\n<meta property=\"og:description\" content=\"Actuala consilier\u0103 preziden\u021bial\u0103, Olesea Stamate, a venit cu anumite preciz\u0103ri fa\u021b\u0103 de decizia Pre\u0219edin\u021biei de a nu emite decretele de demisie a celor trei mini\u0219tri intermediari ai cabinetului demisionar Chicu. Stamate spune c\u0103 legea nu prevede o astfel de procedur\u0103 \u0219i c\u0103 cel mai probabil, pentru a clarifica situa\u021bia, ar fi nevoie de o solicitare [&hellip;]\" \/>\n<meta property=\"og:url\" content=\"https:\/\/www.btv.md\/ro\/sandu-nu-a-emis-decretele-de-demisie-a-celor-3-ministri-de-ce\/\" \/>\n<meta property=\"og:site_name\" content=\"BTV\" \/>\n<meta property=\"article:publisher\" content=\"https:\/\/www.facebook.com\/btvmoldova\/\" \/>\n<meta property=\"article:published_time\" content=\"2021-01-04T18:14:29+00:00\" \/>\n<meta property=\"og:image\" content=\"https:\/\/www.btv.md\/wp-content\/uploads\/2021\/01\/1-15.jpg\" \/>\n\t<meta property=\"og:image:width\" content=\"640\" \/>\n\t<meta property=\"og:image:height\" content=\"480\" \/>\n\t<meta property=\"og:image:type\" content=\"image\/jpeg\" \/>\n<meta name=\"author\" content=\"admin\" \/>\n<meta name=\"twitter:label1\" content=\"Scris de\" \/>\n\t<meta name=\"twitter:data1\" content=\"admin\" \/>\n\t<meta name=\"twitter:label2\" content=\"Timp estimat pentru citire\" \/>\n\t<meta name=\"twitter:data2\" content=\"1 minut\" \/>\n<script type=\"application\/ld+json\" class=\"yoast-schema-graph\">{\"@context\":\"https:\\\/\\\/schema.org\",\"@graph\":[{\"@type\":\"Article\",\"@id\":\"https:\\\/\\\/www.btv.md\\\/ro\\\/sandu-nu-a-emis-decretele-de-demisie-a-celor-3-ministri-de-ce\\\/#article\",\"isPartOf\":{\"@id\":\"https:\\\/\\\/www.btv.md\\\/ro\\\/sandu-nu-a-emis-decretele-de-demisie-a-celor-3-ministri-de-ce\\\/\"},\"author\":{\"name\":\"admin\",\"@id\":\"https:\\\/\\\/www.btv.md\\\/#\\\/schema\\\/person\\\/8fadce81561b3ce2c34c46dadc4ccbf2\"},\"headline\":\"Sandu nu a emis decretele de demisie a celor 3 mini\u0219tri. De ce?\",\"datePublished\":\"2021-01-04T18:14:29+00:00\",\"mainEntityOfPage\":{\"@id\":\"https:\\\/\\\/www.btv.md\\\/ro\\\/sandu-nu-a-emis-decretele-de-demisie-a-celor-3-ministri-de-ce\\\/\"},\"wordCount\":208,\"image\":{\"@id\":\"https:\\\/\\\/www.btv.md\\\/ro\\\/sandu-nu-a-emis-decretele-de-demisie-a-celor-3-ministri-de-ce\\\/#primaryimage\"},\"thumbnailUrl\":\"https:\\\/\\\/www.btv.md\\\/wp-content\\\/uploads\\\/2021\\\/01\\\/1-15.jpg\",\"keywords\":[\"Sandu nu a emis decretele de demisie a celor 3 mini\u0219tri. De ce?\"],\"articleSection\":[\"Politic\u0103\",\"\u0218tiri\"],\"inLanguage\":\"ro-RO\"},{\"@type\":\"WebPage\",\"@id\":\"https:\\\/\\\/www.btv.md\\\/ro\\\/sandu-nu-a-emis-decretele-de-demisie-a-celor-3-ministri-de-ce\\\/\",\"url\":\"https:\\\/\\\/www.btv.md\\\/ro\\\/sandu-nu-a-emis-decretele-de-demisie-a-celor-3-ministri-de-ce\\\/\",\"name\":\"Sandu nu a emis decretele de demisie a celor 3 mini\u0219tri. De ce? - BTV\",\"isPartOf\":{\"@id\":\"https:\\\/\\\/www.btv.md\\\/#website\"},\"primaryImageOfPage\":{\"@id\":\"https:\\\/\\\/www.btv.md\\\/ro\\\/sandu-nu-a-emis-decretele-de-demisie-a-celor-3-ministri-de-ce\\\/#primaryimage\"},\"image\":{\"@id\":\"https:\\\/\\\/www.btv.md\\\/ro\\\/sandu-nu-a-emis-decretele-de-demisie-a-celor-3-ministri-de-ce\\\/#primaryimage\"},\"thumbnailUrl\":\"https:\\\/\\\/www.btv.md\\\/wp-content\\\/uploads\\\/2021\\\/01\\\/1-15.jpg\",\"datePublished\":\"2021-01-04T18:14:29+00:00\",\"author\":{\"@id\":\"https:\\\/\\\/www.btv.md\\\/#\\\/schema\\\/person\\\/8fadce81561b3ce2c34c46dadc4ccbf2\"},\"inLanguage\":\"ro-RO\",\"potentialAction\":[{\"@type\":\"ReadAction\",\"target\":[\"https:\\\/\\\/www.btv.md\\\/ro\\\/sandu-nu-a-emis-decretele-de-demisie-a-celor-3-ministri-de-ce\\\/\"]}]},{\"@type\":\"ImageObject\",\"inLanguage\":\"ro-RO\",\"@id\":\"https:\\\/\\\/www.btv.md\\\/ro\\\/sandu-nu-a-emis-decretele-de-demisie-a-celor-3-ministri-de-ce\\\/#primaryimage\",\"url\":\"https:\\\/\\\/www.btv.md\\\/wp-content\\\/uploads\\\/2021\\\/01\\\/1-15.jpg\",\"contentUrl\":\"https:\\\/\\\/www.btv.md\\\/wp-content\\\/uploads\\\/2021\\\/01\\\/1-15.jpg\",\"width\":640,\"height\":480},{\"@type\":\"WebSite\",\"@id\":\"https:\\\/\\\/www.btv.md\\\/#website\",\"url\":\"https:\\\/\\\/www.btv.md\\\/\",\"name\":\"BTV\",\"description\":\"\u0411\u0435\u043b\u044c\u0446\u043a\u043e\u0435 \u0442\u0435\u043b\u0435\u0432\u0438\u0434\u0435\u043d\u0438\u0435\",\"potentialAction\":[{\"@type\":\"SearchAction\",\"target\":{\"@type\":\"EntryPoint\",\"urlTemplate\":\"https:\\\/\\\/www.btv.md\\\/?s={search_term_string}\"},\"query-input\":{\"@type\":\"PropertyValueSpecification\",\"valueRequired\":true,\"valueName\":\"search_term_string\"}}],\"inLanguage\":\"ro-RO\"},{\"@type\":\"Person\",\"@id\":\"https:\\\/\\\/www.btv.md\\\/#\\\/schema\\\/person\\\/8fadce81561b3ce2c34c46dadc4ccbf2\",\"name\":\"admin\"}]}<\/script>\n<!-- \/ Yoast SEO plugin. -->","yoast_head_json":{"title":"Sandu nu a emis decretele de demisie a celor 3 mini\u0219tri. De ce? - BTV","robots":{"index":"index","follow":"follow","max-snippet":"max-snippet:-1","max-image-preview":"max-image-preview:large","max-video-preview":"max-video-preview:-1"},"canonical":"https:\/\/www.btv.md\/ro\/sandu-nu-a-emis-decretele-de-demisie-a-celor-3-ministri-de-ce\/","og_locale":"ro_RO","og_type":"article","og_title":"Sandu nu a emis decretele de demisie a celor 3 mini\u0219tri. De ce? - BTV","og_description":"Actuala consilier\u0103 preziden\u021bial\u0103, Olesea Stamate, a venit cu anumite preciz\u0103ri fa\u021b\u0103 de decizia Pre\u0219edin\u021biei de a nu emite decretele de demisie a celor trei mini\u0219tri intermediari ai cabinetului demisionar Chicu. Stamate spune c\u0103 legea nu prevede o astfel de procedur\u0103 \u0219i c\u0103 cel mai probabil, pentru a clarifica situa\u021bia, ar fi nevoie de o solicitare [&hellip;]","og_url":"https:\/\/www.btv.md\/ro\/sandu-nu-a-emis-decretele-de-demisie-a-celor-3-ministri-de-ce\/","og_site_name":"BTV","article_publisher":"https:\/\/www.facebook.com\/btvmoldova\/","article_published_time":"2021-01-04T18:14:29+00:00","og_image":[{"width":640,"height":480,"url":"https:\/\/www.btv.md\/wp-content\/uploads\/2021\/01\/1-15.jpg","type":"image\/jpeg"}],"author":"admin","twitter_misc":{"Scris de":"admin","Timp estimat pentru citire":"1 minut"},"schema":{"@context":"https:\/\/schema.org","@graph":[{"@type":"Article","@id":"https:\/\/www.btv.md\/ro\/sandu-nu-a-emis-decretele-de-demisie-a-celor-3-ministri-de-ce\/#article","isPartOf":{"@id":"https:\/\/www.btv.md\/ro\/sandu-nu-a-emis-decretele-de-demisie-a-celor-3-ministri-de-ce\/"},"author":{"name":"admin","@id":"https:\/\/www.btv.md\/#\/schema\/person\/8fadce81561b3ce2c34c46dadc4ccbf2"},"headline":"Sandu nu a emis decretele de demisie a celor 3 mini\u0219tri. De ce?","datePublished":"2021-01-04T18:14:29+00:00","mainEntityOfPage":{"@id":"https:\/\/www.btv.md\/ro\/sandu-nu-a-emis-decretele-de-demisie-a-celor-3-ministri-de-ce\/"},"wordCount":208,"image":{"@id":"https:\/\/www.btv.md\/ro\/sandu-nu-a-emis-decretele-de-demisie-a-celor-3-ministri-de-ce\/#primaryimage"},"thumbnailUrl":"https:\/\/www.btv.md\/wp-content\/uploads\/2021\/01\/1-15.jpg","keywords":["Sandu nu a emis decretele de demisie a celor 3 mini\u0219tri. De ce?"],"articleSection":["Politic\u0103","\u0218tiri"],"inLanguage":"ro-RO"},{"@type":"WebPage","@id":"https:\/\/www.btv.md\/ro\/sandu-nu-a-emis-decretele-de-demisie-a-celor-3-ministri-de-ce\/","url":"https:\/\/www.btv.md\/ro\/sandu-nu-a-emis-decretele-de-demisie-a-celor-3-ministri-de-ce\/","name":"Sandu nu a emis decretele de demisie a celor 3 mini\u0219tri. De ce? - BTV","isPartOf":{"@id":"https:\/\/www.btv.md\/#website"},"primaryImageOfPage":{"@id":"https:\/\/www.btv.md\/ro\/sandu-nu-a-emis-decretele-de-demisie-a-celor-3-ministri-de-ce\/#primaryimage"},"image":{"@id":"https:\/\/www.btv.md\/ro\/sandu-nu-a-emis-decretele-de-demisie-a-celor-3-ministri-de-ce\/#primaryimage"},"thumbnailUrl":"https:\/\/www.btv.md\/wp-content\/uploads\/2021\/01\/1-15.jpg","datePublished":"2021-01-04T18:14:29+00:00","author":{"@id":"https:\/\/www.btv.md\/#\/schema\/person\/8fadce81561b3ce2c34c46dadc4ccbf2"},"inLanguage":"ro-RO","potentialAction":[{"@type":"ReadAction","target":["https:\/\/www.btv.md\/ro\/sandu-nu-a-emis-decretele-de-demisie-a-celor-3-ministri-de-ce\/"]}]},{"@type":"ImageObject","inLanguage":"ro-RO","@id":"https:\/\/www.btv.md\/ro\/sandu-nu-a-emis-decretele-de-demisie-a-celor-3-ministri-de-ce\/#primaryimage","url":"https:\/\/www.btv.md\/wp-content\/uploads\/2021\/01\/1-15.jpg","contentUrl":"https:\/\/www.btv.md\/wp-content\/uploads\/2021\/01\/1-15.jpg","width":640,"height":480},{"@type":"WebSite","@id":"https:\/\/www.btv.md\/#website","url":"https:\/\/www.btv.md\/","name":"BTV","description":"\u0411\u0435\u043b\u044c\u0446\u043a\u043e\u0435 \u0442\u0435\u043b\u0435\u0432\u0438\u0434\u0435\u043d\u0438\u0435","potentialAction":[{"@type":"SearchAction","target":{"@type":"EntryPoint","urlTemplate":"https:\/\/www.btv.md\/?s={search_term_string}"},"query-input":{"@type":"PropertyValueSpecification","valueRequired":true,"valueName":"search_term_string"}}],"inLanguage":"ro-RO"},{"@type":"Person","@id":"https:\/\/www.btv.md\/#\/schema\/person\/8fadce81561b3ce2c34c46dadc4ccbf2","name":"admin"}]}},"_links":{"self":[{"href":"https:\/\/www.btv.md\/ro\/wp-json\/wp\/v2\/posts\/110069","targetHints":{"allow":["GET"]}}],"collection":[{"href":"https:\/\/www.btv.md\/ro\/wp-json\/wp\/v2\/posts"}],"about":[{"href":"https:\/\/www.btv.md\/ro\/wp-json\/wp\/v2\/types\/post"}],"author":[{"embeddable":true,"href":"https:\/\/www.btv.md\/ro\/wp-json\/wp\/v2\/users\/4"}],"replies":[{"embeddable":true,"href":"https:\/\/www.btv.md\/ro\/wp-json\/wp\/v2\/comments?post=110069"}],"version-history":[{"count":0,"href":"https:\/\/www.btv.md\/ro\/wp-json\/wp\/v2\/posts\/110069\/revisions"}],"wp:featuredmedia":[{"embeddable":true,"href":"https:\/\/www.btv.md\/ro\/wp-json\/wp\/v2\/media\/110070"}],"wp:attachment":[{"href":"https:\/\/www.btv.md\/ro\/wp-json\/wp\/v2\/media?parent=110069"}],"wp:term":[{"taxonomy":"category","embeddable":true,"href":"https:\/\/www.btv.md\/ro\/wp-json\/wp\/v2\/categories?post=110069"},{"taxonomy":"post_tag","embeddable":true,"href":"https:\/\/www.btv.md\/ro\/wp-json\/wp\/v2\/tags?post=110069"}],"curies":[{"name":"wp","href":"https:\/\/api.w.org\/{rel}","templated":true}]}}