{"id":110074,"date":"2021-01-04T20:17:55","date_gmt":"2021-01-04T18:17:55","guid":{"rendered":"http:\/\/www.btv.md\/?p=110074"},"modified":"2021-01-04T20:17:55","modified_gmt":"2021-01-04T18:17:55","slug":"tara-care-incepe-2021-cu-un-nou-lockdown","status":"publish","type":"post","link":"https:\/\/www.btv.md\/ro\/tara-care-incepe-2021-cu-un-nou-lockdown\/","title":{"rendered":"\u021aara care \u00eencepe 2021 cu un nou lockdown"},"content":{"rendered":"<p><strong>Sco\u021bia urmeaz\u0103 s\u0103 intre \u00eentr-un nou lockdown \u00eencep\u00e2nd de la miezul nop\u021bii \u0219i p\u00e2n\u0103 la sf\u00e2r\u0219itul lunii ianuarie, a anun\u021bat \u0219efa executivului sco\u021bian, luni, conform BBC. <\/strong><\/p>\n<p>Nicola Sturgeon a anun\u021bat m\u0103sura, luni, \u00een contextul \u00een care noua tulpin\u0103 a Covid-19 se r\u0103sp\u00e2nde\u0219te necontrolat pe tot teritoriul Regatului Unit, iar presiunea este din ce \u00een ce mai mare pe sistemul sanitar britanic, transmite <a href=\"https:\/\/www.digi24.ro\/\">digi24.ro<\/a>.<\/p>\n<p>Sturgeon spune c\u0103 \u00een absen\u021ba unor astfel de m\u0103suri dure, spitalele ar urma s\u0103 \u00ee\u0219i dep\u0103\u0219easc\u0103 capacitatea \u00een urm\u0103toarele trei sau patru s\u0103pt\u0103m\u00e2ni.<\/p>\n<p>Conform noilor restric\u021bii, oamenii nu vor mai putea s\u0103 \u00ee\u0219i p\u0103r\u0103seasc\u0103 locuin\u021bele f\u0103r\u0103 un motiv \u00eentemeiat, iar \u00een toate cazurile \u00een care va fi posibil se va trece din nou la munca de acas\u0103. Bisericile vor fi \u00eenchise, activit\u0103\u021bile sportive realizate \u00een grupuri vor fi \u0219i ele interzise, iar \u0219colile vor trece \u00een regim exclusiv online din nou. Regulile se vor aplica pe tot teritoriul Sco\u021biei p\u00e2n\u0103 la sf\u00e2r\u0219itul lunii ianuarie, cel pu\u021bin.<\/p>\n<p>Sco\u021bia se confrunt\u0103, la fel ca restul Regatului Unit, cu un num\u0103r crescut de cazuri de Covid-19 din cauza noii tulpini a virusului. \u00cen ultimele 24 de ore, rata de pozitivare \u00een Sco\u021bia a fost de aproximativ 15%.<\/p>\n<p>Sturgeon a declarat c\u0103 situa\u021bia actual\u0103 este cea mai \u00eengrijor\u0103toare de la \u00eenceputul pandemiei.<\/p>\n<p>Sursa <a href=\"https:\/\/www.digi24.ro\/\">digi24.ro<\/a><\/p>\n","protected":false},"excerpt":{"rendered":"<p>Sco\u021bia urmeaz\u0103 s\u0103 intre \u00eentr-un nou lockdown \u00eencep\u00e2nd de la miezul nop\u021bii \u0219i p\u00e2n\u0103 la sf\u00e2r\u0219itul lunii ianuarie, a anun\u021bat \u0219efa executivului sco\u021bian, luni, conform BBC. Nicola Sturgeon a anun\u021bat m\u0103sura, luni, \u00een contextul \u00een care noua tulpin\u0103 a Covid-19 se r\u0103sp\u00e2nde\u0219te necontrolat pe tot teritoriul Regatului Unit, iar presiunea este din ce \u00een ce [&hellip;]<\/p>\n","protected":false},"author":4,"featured_media":110075,"comment_status":"closed","ping_status":"closed","sticky":false,"template":"","format":"standard","meta":{"footnotes":""},"categories":[6349,6377],"tags":[20659],"class_list":["post-110074","post","type-post","status-publish","format-standard","has-post-thumbnail","hentry","category-social","category-stiri","tag-tara-care-incepe-2021-cu-un-nou-lockdown"],"yoast_head":"<!-- This site is optimized with the Yoast SEO plugin v27.4 - https:\/\/yoast.com\/product\/yoast-seo-wordpress\/ -->\n<title>\u021aara care \u00eencepe 2021 cu un nou lockdown - BTV<\/title>\n<meta name=\"robots\" content=\"index, follow, max-snippet:-1, max-image-preview:large, max-video-preview:-1\" \/>\n<link rel=\"canonical\" href=\"https:\/\/www.btv.md\/ro\/tara-care-incepe-2021-cu-un-nou-lockdown\/\" \/>\n<meta property=\"og:locale\" content=\"ro_RO\" \/>\n<meta property=\"og:type\" content=\"article\" \/>\n<meta property=\"og:title\" content=\"\u021aara care \u00eencepe 2021 cu un nou lockdown - BTV\" \/>\n<meta property=\"og:description\" content=\"Sco\u021bia urmeaz\u0103 s\u0103 intre \u00eentr-un nou lockdown \u00eencep\u00e2nd de la miezul nop\u021bii \u0219i p\u00e2n\u0103 la sf\u00e2r\u0219itul lunii ianuarie, a anun\u021bat \u0219efa executivului sco\u021bian, luni, conform BBC. Nicola Sturgeon a anun\u021bat m\u0103sura, luni, \u00een contextul \u00een care noua tulpin\u0103 a Covid-19 se r\u0103sp\u00e2nde\u0219te necontrolat pe tot teritoriul Regatului Unit, iar presiunea este din ce \u00een ce [&hellip;]\" \/>\n<meta property=\"og:url\" content=\"https:\/\/www.btv.md\/ro\/tara-care-incepe-2021-cu-un-nou-lockdown\/\" \/>\n<meta property=\"og:site_name\" content=\"BTV\" \/>\n<meta property=\"article:publisher\" content=\"https:\/\/www.facebook.com\/btvmoldova\/\" \/>\n<meta property=\"article:published_time\" content=\"2021-01-04T18:17:55+00:00\" \/>\n<meta property=\"og:image\" content=\"https:\/\/www.btv.md\/wp-content\/uploads\/2021\/01\/1-1.png\" \/>\n\t<meta property=\"og:image:width\" content=\"951\" \/>\n\t<meta property=\"og:image:height\" content=\"631\" \/>\n\t<meta property=\"og:image:type\" content=\"image\/png\" \/>\n<meta name=\"author\" content=\"admin\" \/>\n<meta name=\"twitter:label1\" content=\"Scris de\" \/>\n\t<meta name=\"twitter:data1\" content=\"admin\" \/>\n\t<meta name=\"twitter:label2\" content=\"Timp estimat pentru citire\" \/>\n\t<meta name=\"twitter:data2\" content=\"1 minut\" \/>\n<script type=\"application\/ld+json\" class=\"yoast-schema-graph\">{\"@context\":\"https:\\\/\\\/schema.org\",\"@graph\":[{\"@type\":\"Article\",\"@id\":\"https:\\\/\\\/www.btv.md\\\/ro\\\/tara-care-incepe-2021-cu-un-nou-lockdown\\\/#article\",\"isPartOf\":{\"@id\":\"https:\\\/\\\/www.btv.md\\\/ro\\\/tara-care-incepe-2021-cu-un-nou-lockdown\\\/\"},\"author\":{\"name\":\"admin\",\"@id\":\"https:\\\/\\\/www.btv.md\\\/#\\\/schema\\\/person\\\/8fadce81561b3ce2c34c46dadc4ccbf2\"},\"headline\":\"\u021aara care \u00eencepe 2021 cu un nou lockdown\",\"datePublished\":\"2021-01-04T18:17:55+00:00\",\"mainEntityOfPage\":{\"@id\":\"https:\\\/\\\/www.btv.md\\\/ro\\\/tara-care-incepe-2021-cu-un-nou-lockdown\\\/\"},\"wordCount\":256,\"image\":{\"@id\":\"https:\\\/\\\/www.btv.md\\\/ro\\\/tara-care-incepe-2021-cu-un-nou-lockdown\\\/#primaryimage\"},\"thumbnailUrl\":\"https:\\\/\\\/www.btv.md\\\/wp-content\\\/uploads\\\/2021\\\/01\\\/1-1.png\",\"keywords\":[\"\u021aara care \u00eencepe 2021 cu un nou lockdown\"],\"articleSection\":[\"Social\",\"\u0218tiri\"],\"inLanguage\":\"ro-RO\"},{\"@type\":\"WebPage\",\"@id\":\"https:\\\/\\\/www.btv.md\\\/ro\\\/tara-care-incepe-2021-cu-un-nou-lockdown\\\/\",\"url\":\"https:\\\/\\\/www.btv.md\\\/ro\\\/tara-care-incepe-2021-cu-un-nou-lockdown\\\/\",\"name\":\"\u021aara care \u00eencepe 2021 cu un nou lockdown - BTV\",\"isPartOf\":{\"@id\":\"https:\\\/\\\/www.btv.md\\\/#website\"},\"primaryImageOfPage\":{\"@id\":\"https:\\\/\\\/www.btv.md\\\/ro\\\/tara-care-incepe-2021-cu-un-nou-lockdown\\\/#primaryimage\"},\"image\":{\"@id\":\"https:\\\/\\\/www.btv.md\\\/ro\\\/tara-care-incepe-2021-cu-un-nou-lockdown\\\/#primaryimage\"},\"thumbnailUrl\":\"https:\\\/\\\/www.btv.md\\\/wp-content\\\/uploads\\\/2021\\\/01\\\/1-1.png\",\"datePublished\":\"2021-01-04T18:17:55+00:00\",\"author\":{\"@id\":\"https:\\\/\\\/www.btv.md\\\/#\\\/schema\\\/person\\\/8fadce81561b3ce2c34c46dadc4ccbf2\"},\"inLanguage\":\"ro-RO\",\"potentialAction\":[{\"@type\":\"ReadAction\",\"target\":[\"https:\\\/\\\/www.btv.md\\\/ro\\\/tara-care-incepe-2021-cu-un-nou-lockdown\\\/\"]}]},{\"@type\":\"ImageObject\",\"inLanguage\":\"ro-RO\",\"@id\":\"https:\\\/\\\/www.btv.md\\\/ro\\\/tara-care-incepe-2021-cu-un-nou-lockdown\\\/#primaryimage\",\"url\":\"https:\\\/\\\/www.btv.md\\\/wp-content\\\/uploads\\\/2021\\\/01\\\/1-1.png\",\"contentUrl\":\"https:\\\/\\\/www.btv.md\\\/wp-content\\\/uploads\\\/2021\\\/01\\\/1-1.png\",\"width\":951,\"height\":631},{\"@type\":\"WebSite\",\"@id\":\"https:\\\/\\\/www.btv.md\\\/#website\",\"url\":\"https:\\\/\\\/www.btv.md\\\/\",\"name\":\"BTV\",\"description\":\"\u0411\u0435\u043b\u044c\u0446\u043a\u043e\u0435 \u0442\u0435\u043b\u0435\u0432\u0438\u0434\u0435\u043d\u0438\u0435\",\"potentialAction\":[{\"@type\":\"SearchAction\",\"target\":{\"@type\":\"EntryPoint\",\"urlTemplate\":\"https:\\\/\\\/www.btv.md\\\/?s={search_term_string}\"},\"query-input\":{\"@type\":\"PropertyValueSpecification\",\"valueRequired\":true,\"valueName\":\"search_term_string\"}}],\"inLanguage\":\"ro-RO\"},{\"@type\":\"Person\",\"@id\":\"https:\\\/\\\/www.btv.md\\\/#\\\/schema\\\/person\\\/8fadce81561b3ce2c34c46dadc4ccbf2\",\"name\":\"admin\"}]}<\/script>\n<!-- \/ Yoast SEO plugin. -->","yoast_head_json":{"title":"\u021aara care \u00eencepe 2021 cu un nou lockdown - BTV","robots":{"index":"index","follow":"follow","max-snippet":"max-snippet:-1","max-image-preview":"max-image-preview:large","max-video-preview":"max-video-preview:-1"},"canonical":"https:\/\/www.btv.md\/ro\/tara-care-incepe-2021-cu-un-nou-lockdown\/","og_locale":"ro_RO","og_type":"article","og_title":"\u021aara care \u00eencepe 2021 cu un nou lockdown - BTV","og_description":"Sco\u021bia urmeaz\u0103 s\u0103 intre \u00eentr-un nou lockdown \u00eencep\u00e2nd de la miezul nop\u021bii \u0219i p\u00e2n\u0103 la sf\u00e2r\u0219itul lunii ianuarie, a anun\u021bat \u0219efa executivului sco\u021bian, luni, conform BBC. Nicola Sturgeon a anun\u021bat m\u0103sura, luni, \u00een contextul \u00een care noua tulpin\u0103 a Covid-19 se r\u0103sp\u00e2nde\u0219te necontrolat pe tot teritoriul Regatului Unit, iar presiunea este din ce \u00een ce [&hellip;]","og_url":"https:\/\/www.btv.md\/ro\/tara-care-incepe-2021-cu-un-nou-lockdown\/","og_site_name":"BTV","article_publisher":"https:\/\/www.facebook.com\/btvmoldova\/","article_published_time":"2021-01-04T18:17:55+00:00","og_image":[{"width":951,"height":631,"url":"https:\/\/www.btv.md\/wp-content\/uploads\/2021\/01\/1-1.png","type":"image\/png"}],"author":"admin","twitter_misc":{"Scris de":"admin","Timp estimat pentru citire":"1 minut"},"schema":{"@context":"https:\/\/schema.org","@graph":[{"@type":"Article","@id":"https:\/\/www.btv.md\/ro\/tara-care-incepe-2021-cu-un-nou-lockdown\/#article","isPartOf":{"@id":"https:\/\/www.btv.md\/ro\/tara-care-incepe-2021-cu-un-nou-lockdown\/"},"author":{"name":"admin","@id":"https:\/\/www.btv.md\/#\/schema\/person\/8fadce81561b3ce2c34c46dadc4ccbf2"},"headline":"\u021aara care \u00eencepe 2021 cu un nou lockdown","datePublished":"2021-01-04T18:17:55+00:00","mainEntityOfPage":{"@id":"https:\/\/www.btv.md\/ro\/tara-care-incepe-2021-cu-un-nou-lockdown\/"},"wordCount":256,"image":{"@id":"https:\/\/www.btv.md\/ro\/tara-care-incepe-2021-cu-un-nou-lockdown\/#primaryimage"},"thumbnailUrl":"https:\/\/www.btv.md\/wp-content\/uploads\/2021\/01\/1-1.png","keywords":["\u021aara care \u00eencepe 2021 cu un nou lockdown"],"articleSection":["Social","\u0218tiri"],"inLanguage":"ro-RO"},{"@type":"WebPage","@id":"https:\/\/www.btv.md\/ro\/tara-care-incepe-2021-cu-un-nou-lockdown\/","url":"https:\/\/www.btv.md\/ro\/tara-care-incepe-2021-cu-un-nou-lockdown\/","name":"\u021aara care \u00eencepe 2021 cu un nou lockdown - BTV","isPartOf":{"@id":"https:\/\/www.btv.md\/#website"},"primaryImageOfPage":{"@id":"https:\/\/www.btv.md\/ro\/tara-care-incepe-2021-cu-un-nou-lockdown\/#primaryimage"},"image":{"@id":"https:\/\/www.btv.md\/ro\/tara-care-incepe-2021-cu-un-nou-lockdown\/#primaryimage"},"thumbnailUrl":"https:\/\/www.btv.md\/wp-content\/uploads\/2021\/01\/1-1.png","datePublished":"2021-01-04T18:17:55+00:00","author":{"@id":"https:\/\/www.btv.md\/#\/schema\/person\/8fadce81561b3ce2c34c46dadc4ccbf2"},"inLanguage":"ro-RO","potentialAction":[{"@type":"ReadAction","target":["https:\/\/www.btv.md\/ro\/tara-care-incepe-2021-cu-un-nou-lockdown\/"]}]},{"@type":"ImageObject","inLanguage":"ro-RO","@id":"https:\/\/www.btv.md\/ro\/tara-care-incepe-2021-cu-un-nou-lockdown\/#primaryimage","url":"https:\/\/www.btv.md\/wp-content\/uploads\/2021\/01\/1-1.png","contentUrl":"https:\/\/www.btv.md\/wp-content\/uploads\/2021\/01\/1-1.png","width":951,"height":631},{"@type":"WebSite","@id":"https:\/\/www.btv.md\/#website","url":"https:\/\/www.btv.md\/","name":"BTV","description":"\u0411\u0435\u043b\u044c\u0446\u043a\u043e\u0435 \u0442\u0435\u043b\u0435\u0432\u0438\u0434\u0435\u043d\u0438\u0435","potentialAction":[{"@type":"SearchAction","target":{"@type":"EntryPoint","urlTemplate":"https:\/\/www.btv.md\/?s={search_term_string}"},"query-input":{"@type":"PropertyValueSpecification","valueRequired":true,"valueName":"search_term_string"}}],"inLanguage":"ro-RO"},{"@type":"Person","@id":"https:\/\/www.btv.md\/#\/schema\/person\/8fadce81561b3ce2c34c46dadc4ccbf2","name":"admin"}]}},"_links":{"self":[{"href":"https:\/\/www.btv.md\/ro\/wp-json\/wp\/v2\/posts\/110074","targetHints":{"allow":["GET"]}}],"collection":[{"href":"https:\/\/www.btv.md\/ro\/wp-json\/wp\/v2\/posts"}],"about":[{"href":"https:\/\/www.btv.md\/ro\/wp-json\/wp\/v2\/types\/post"}],"author":[{"embeddable":true,"href":"https:\/\/www.btv.md\/ro\/wp-json\/wp\/v2\/users\/4"}],"replies":[{"embeddable":true,"href":"https:\/\/www.btv.md\/ro\/wp-json\/wp\/v2\/comments?post=110074"}],"version-history":[{"count":0,"href":"https:\/\/www.btv.md\/ro\/wp-json\/wp\/v2\/posts\/110074\/revisions"}],"wp:featuredmedia":[{"embeddable":true,"href":"https:\/\/www.btv.md\/ro\/wp-json\/wp\/v2\/media\/110075"}],"wp:attachment":[{"href":"https:\/\/www.btv.md\/ro\/wp-json\/wp\/v2\/media?parent=110074"}],"wp:term":[{"taxonomy":"category","embeddable":true,"href":"https:\/\/www.btv.md\/ro\/wp-json\/wp\/v2\/categories?post=110074"},{"taxonomy":"post_tag","embeddable":true,"href":"https:\/\/www.btv.md\/ro\/wp-json\/wp\/v2\/tags?post=110074"}],"curies":[{"name":"wp","href":"https:\/\/api.w.org\/{rel}","templated":true}]}}