{"id":110086,"date":"2021-01-04T20:26:41","date_gmt":"2021-01-04T18:26:41","guid":{"rendered":"http:\/\/www.btv.md\/?p=110086"},"modified":"2021-01-04T20:26:41","modified_gmt":"2021-01-04T18:26:41","slug":"israel-reactioneaza-la-anuntul-ca-iranul-va-relua-activitatea-de-imbogatire-a-uraniului","status":"publish","type":"post","link":"https:\/\/www.btv.md\/ro\/israel-reactioneaza-la-anuntul-ca-iranul-va-relua-activitatea-de-imbogatire-a-uraniului\/","title":{"rendered":"Israel reac\u021bioneaz\u0103 la anun\u021bul c\u0103 Iranul va relua activitatea de \u00eembog\u0103\u021bire a uraniului"},"content":{"rendered":"<p><strong>Prim-ministrul Israelului, Benjamin Netanyahu, a reac\u021bionat, luni, la anun\u021bul Teheranului conform c\u0103ruia a \u00eenceput \u00eembog\u0103\u021birea uraniului p\u00e2n\u0103 la 20%. Netanyahu spune c\u0103 \u201eIsrael nu va permite ca Iranul s\u0103 produc\u0103 arme nucleare\u201d.<\/strong><\/p>\n<p>\u201eDecizia Iranului de a continua s\u0103-\u015fi \u00eencalce angajamentele, de a cre\u015fte nivelul de \u00eembog\u0103\u0163ire \u015fi de a-\u015fi spori capacitatea industrial\u0103 pentru \u00eembog\u0103\u0163irea uraniului \u00een subteran nu poate fi explicat\u0103 \u00een niciun alt mod dec\u00e2t prin continuarea punerii \u00een practic\u0103 a inten\u0163iei sale de a dezvolta programul nuclear militar\u201d, a afirmat Netanyahu \u00een cadrul unui comunicat dat publicit\u0103\u0163ii de biroul s\u0103u \u0219i citat de\u00a0<a href=\"https:\/\/www.agerpres.ro\/politica-externa\/2021\/01\/04\/israelul-nu-va-permite-iranului-sa-produca-arme-nucleare-a-afirmat-benjamin-netanyahu--637269\" target=\"_blank\" rel=\"noopener noreferrer\" data-skip-linkfix=\"1\">Agerpres<\/a>.<\/p>\n<p>Iranul a anun\u0163at luni c\u0103 a declan\u015fat procesul destinat s\u0103 duc\u0103 la producerea de uraniu \u00eembog\u0103\u0163it la 20% \u00een uzina subteran\u0103 din Fordo, principala sa m\u0103sur\u0103 de dezangajare prev\u0103zut\u0103 \u00een acordul interna\u0163ional din 2015 menit s\u0103-i limiteze programul nuclear. \u00cen mai 2019, dup\u0103 retragerea unilateral\u0103 a SUA din acest acord urmat\u0103 de reinstituirea sanc\u0163iunilor americane \u00eempotriva Iranului, Teheranul a \u00eenceput s\u0103-\u015fi \u00eencalce principalele angajamente, printre care \u015fi rata de \u00eembog\u0103\u0163ire a uraniului. Oficialii iranieni au negat constant, \u00eens\u0103, c\u0103 ar dori dezvoltarea armei nucleare.<\/p>\n<p>\u201eProcesul pentru producerea de uraniu \u00eembog\u0103\u0163it la 20% a \u00eenceput la complexul de \u00eembog\u0103\u0163ire Shahid Alimohammadi (Fordo)\u201d, situat la 180 km sud de Teheran, a declarat purt\u0103torul de cuv\u00e2nt Ali Rabii, citat pe site-ul de internet al televiziunii de stat. Potrivit acestuia, pre\u015fedintele iranian Hassan Rohani a dat ordinul \u201e\u00een aceste ultime zile\u201d \u015fi \u201eprocesul de injectare a gazului a \u00eenceput \u00een urm\u0103 cu c\u00e2teva ore\u201d.<\/p>\n<p>Sursa\u00a0<a href=\"https:\/\/www.digi24.ro\/\">digi24.ro<\/a><\/p>\n","protected":false},"excerpt":{"rendered":"<p>Prim-ministrul Israelului, Benjamin Netanyahu, a reac\u021bionat, luni, la anun\u021bul Teheranului conform c\u0103ruia a \u00eenceput \u00eembog\u0103\u021birea uraniului p\u00e2n\u0103 la 20%. Netanyahu spune c\u0103 \u201eIsrael nu va permite ca Iranul s\u0103 produc\u0103 arme nucleare\u201d. \u201eDecizia Iranului de a continua s\u0103-\u015fi \u00eencalce angajamentele, de a cre\u015fte nivelul de \u00eembog\u0103\u0163ire \u015fi de a-\u015fi spori capacitatea industrial\u0103 pentru \u00eembog\u0103\u0163irea uraniului [&hellip;]<\/p>\n","protected":false},"author":4,"featured_media":110011,"comment_status":"closed","ping_status":"closed","sticky":false,"template":"","format":"standard","meta":{"footnotes":""},"categories":[6369,6377],"tags":[20662],"class_list":["post-110086","post","type-post","status-publish","format-standard","has-post-thumbnail","hentry","category-economie-ro","category-stiri","tag-israel-reactioneaza-la-anuntul-ca-iranul-va-relua-activitatea-de-imbogatire-a-uraniului"],"yoast_head":"<!-- This site is optimized with the Yoast SEO plugin v27.4 - https:\/\/yoast.com\/product\/yoast-seo-wordpress\/ -->\n<title>Israel reac\u021bioneaz\u0103 la anun\u021bul c\u0103 Iranul va relua activitatea de \u00eembog\u0103\u021bire a uraniului - BTV<\/title>\n<meta name=\"robots\" content=\"index, follow, max-snippet:-1, max-image-preview:large, max-video-preview:-1\" \/>\n<link rel=\"canonical\" href=\"https:\/\/www.btv.md\/ro\/israel-reactioneaza-la-anuntul-ca-iranul-va-relua-activitatea-de-imbogatire-a-uraniului\/\" \/>\n<meta property=\"og:locale\" content=\"ro_RO\" \/>\n<meta property=\"og:type\" content=\"article\" \/>\n<meta property=\"og:title\" content=\"Israel reac\u021bioneaz\u0103 la anun\u021bul c\u0103 Iranul va relua activitatea de \u00eembog\u0103\u021bire a uraniului - BTV\" \/>\n<meta property=\"og:description\" content=\"Prim-ministrul Israelului, Benjamin Netanyahu, a reac\u021bionat, luni, la anun\u021bul Teheranului conform c\u0103ruia a \u00eenceput \u00eembog\u0103\u021birea uraniului p\u00e2n\u0103 la 20%. Netanyahu spune c\u0103 \u201eIsrael nu va permite ca Iranul s\u0103 produc\u0103 arme nucleare\u201d. \u201eDecizia Iranului de a continua s\u0103-\u015fi \u00eencalce angajamentele, de a cre\u015fte nivelul de \u00eembog\u0103\u0163ire \u015fi de a-\u015fi spori capacitatea industrial\u0103 pentru \u00eembog\u0103\u0163irea uraniului [&hellip;]\" \/>\n<meta property=\"og:url\" content=\"https:\/\/www.btv.md\/ro\/israel-reactioneaza-la-anuntul-ca-iranul-va-relua-activitatea-de-imbogatire-a-uraniului\/\" \/>\n<meta property=\"og:site_name\" content=\"BTV\" \/>\n<meta property=\"article:publisher\" content=\"https:\/\/www.facebook.com\/btvmoldova\/\" \/>\n<meta property=\"article:published_time\" content=\"2021-01-04T18:26:41+00:00\" \/>\n<meta property=\"og:image\" content=\"https:\/\/www.btv.md\/wp-content\/uploads\/2021\/01\/1.png\" \/>\n\t<meta property=\"og:image:width\" content=\"826\" \/>\n\t<meta property=\"og:image:height\" content=\"574\" \/>\n\t<meta property=\"og:image:type\" content=\"image\/png\" \/>\n<meta name=\"author\" content=\"admin\" \/>\n<meta name=\"twitter:label1\" content=\"Scris de\" \/>\n\t<meta name=\"twitter:data1\" content=\"admin\" \/>\n\t<meta name=\"twitter:label2\" content=\"Timp estimat pentru citire\" \/>\n\t<meta name=\"twitter:data2\" content=\"1 minut\" \/>\n<script type=\"application\/ld+json\" class=\"yoast-schema-graph\">{\"@context\":\"https:\\\/\\\/schema.org\",\"@graph\":[{\"@type\":\"Article\",\"@id\":\"https:\\\/\\\/www.btv.md\\\/ro\\\/israel-reactioneaza-la-anuntul-ca-iranul-va-relua-activitatea-de-imbogatire-a-uraniului\\\/#article\",\"isPartOf\":{\"@id\":\"https:\\\/\\\/www.btv.md\\\/ro\\\/israel-reactioneaza-la-anuntul-ca-iranul-va-relua-activitatea-de-imbogatire-a-uraniului\\\/\"},\"author\":{\"name\":\"admin\",\"@id\":\"https:\\\/\\\/www.btv.md\\\/#\\\/schema\\\/person\\\/8fadce81561b3ce2c34c46dadc4ccbf2\"},\"headline\":\"Israel reac\u021bioneaz\u0103 la anun\u021bul c\u0103 Iranul va relua activitatea de \u00eembog\u0103\u021bire a uraniului\",\"datePublished\":\"2021-01-04T18:26:41+00:00\",\"mainEntityOfPage\":{\"@id\":\"https:\\\/\\\/www.btv.md\\\/ro\\\/israel-reactioneaza-la-anuntul-ca-iranul-va-relua-activitatea-de-imbogatire-a-uraniului\\\/\"},\"wordCount\":291,\"image\":{\"@id\":\"https:\\\/\\\/www.btv.md\\\/ro\\\/israel-reactioneaza-la-anuntul-ca-iranul-va-relua-activitatea-de-imbogatire-a-uraniului\\\/#primaryimage\"},\"thumbnailUrl\":\"https:\\\/\\\/www.btv.md\\\/wp-content\\\/uploads\\\/2021\\\/01\\\/1.png\",\"keywords\":[\"Israel reac\u021bioneaz\u0103 la anun\u021bul c\u0103 Iranul va relua activitatea de \u00eembog\u0103\u021bire a uraniului\"],\"articleSection\":[\"Economie\",\"\u0218tiri\"],\"inLanguage\":\"ro-RO\"},{\"@type\":\"WebPage\",\"@id\":\"https:\\\/\\\/www.btv.md\\\/ro\\\/israel-reactioneaza-la-anuntul-ca-iranul-va-relua-activitatea-de-imbogatire-a-uraniului\\\/\",\"url\":\"https:\\\/\\\/www.btv.md\\\/ro\\\/israel-reactioneaza-la-anuntul-ca-iranul-va-relua-activitatea-de-imbogatire-a-uraniului\\\/\",\"name\":\"Israel reac\u021bioneaz\u0103 la anun\u021bul c\u0103 Iranul va relua activitatea de \u00eembog\u0103\u021bire a uraniului - BTV\",\"isPartOf\":{\"@id\":\"https:\\\/\\\/www.btv.md\\\/#website\"},\"primaryImageOfPage\":{\"@id\":\"https:\\\/\\\/www.btv.md\\\/ro\\\/israel-reactioneaza-la-anuntul-ca-iranul-va-relua-activitatea-de-imbogatire-a-uraniului\\\/#primaryimage\"},\"image\":{\"@id\":\"https:\\\/\\\/www.btv.md\\\/ro\\\/israel-reactioneaza-la-anuntul-ca-iranul-va-relua-activitatea-de-imbogatire-a-uraniului\\\/#primaryimage\"},\"thumbnailUrl\":\"https:\\\/\\\/www.btv.md\\\/wp-content\\\/uploads\\\/2021\\\/01\\\/1.png\",\"datePublished\":\"2021-01-04T18:26:41+00:00\",\"author\":{\"@id\":\"https:\\\/\\\/www.btv.md\\\/#\\\/schema\\\/person\\\/8fadce81561b3ce2c34c46dadc4ccbf2\"},\"inLanguage\":\"ro-RO\",\"potentialAction\":[{\"@type\":\"ReadAction\",\"target\":[\"https:\\\/\\\/www.btv.md\\\/ro\\\/israel-reactioneaza-la-anuntul-ca-iranul-va-relua-activitatea-de-imbogatire-a-uraniului\\\/\"]}]},{\"@type\":\"ImageObject\",\"inLanguage\":\"ro-RO\",\"@id\":\"https:\\\/\\\/www.btv.md\\\/ro\\\/israel-reactioneaza-la-anuntul-ca-iranul-va-relua-activitatea-de-imbogatire-a-uraniului\\\/#primaryimage\",\"url\":\"https:\\\/\\\/www.btv.md\\\/wp-content\\\/uploads\\\/2021\\\/01\\\/1.png\",\"contentUrl\":\"https:\\\/\\\/www.btv.md\\\/wp-content\\\/uploads\\\/2021\\\/01\\\/1.png\",\"width\":826,\"height\":574},{\"@type\":\"WebSite\",\"@id\":\"https:\\\/\\\/www.btv.md\\\/#website\",\"url\":\"https:\\\/\\\/www.btv.md\\\/\",\"name\":\"BTV\",\"description\":\"\u0411\u0435\u043b\u044c\u0446\u043a\u043e\u0435 \u0442\u0435\u043b\u0435\u0432\u0438\u0434\u0435\u043d\u0438\u0435\",\"potentialAction\":[{\"@type\":\"SearchAction\",\"target\":{\"@type\":\"EntryPoint\",\"urlTemplate\":\"https:\\\/\\\/www.btv.md\\\/?s={search_term_string}\"},\"query-input\":{\"@type\":\"PropertyValueSpecification\",\"valueRequired\":true,\"valueName\":\"search_term_string\"}}],\"inLanguage\":\"ro-RO\"},{\"@type\":\"Person\",\"@id\":\"https:\\\/\\\/www.btv.md\\\/#\\\/schema\\\/person\\\/8fadce81561b3ce2c34c46dadc4ccbf2\",\"name\":\"admin\"}]}<\/script>\n<!-- \/ Yoast SEO plugin. -->","yoast_head_json":{"title":"Israel reac\u021bioneaz\u0103 la anun\u021bul c\u0103 Iranul va relua activitatea de \u00eembog\u0103\u021bire a uraniului - BTV","robots":{"index":"index","follow":"follow","max-snippet":"max-snippet:-1","max-image-preview":"max-image-preview:large","max-video-preview":"max-video-preview:-1"},"canonical":"https:\/\/www.btv.md\/ro\/israel-reactioneaza-la-anuntul-ca-iranul-va-relua-activitatea-de-imbogatire-a-uraniului\/","og_locale":"ro_RO","og_type":"article","og_title":"Israel reac\u021bioneaz\u0103 la anun\u021bul c\u0103 Iranul va relua activitatea de \u00eembog\u0103\u021bire a uraniului - BTV","og_description":"Prim-ministrul Israelului, Benjamin Netanyahu, a reac\u021bionat, luni, la anun\u021bul Teheranului conform c\u0103ruia a \u00eenceput \u00eembog\u0103\u021birea uraniului p\u00e2n\u0103 la 20%. Netanyahu spune c\u0103 \u201eIsrael nu va permite ca Iranul s\u0103 produc\u0103 arme nucleare\u201d. \u201eDecizia Iranului de a continua s\u0103-\u015fi \u00eencalce angajamentele, de a cre\u015fte nivelul de \u00eembog\u0103\u0163ire \u015fi de a-\u015fi spori capacitatea industrial\u0103 pentru \u00eembog\u0103\u0163irea uraniului [&hellip;]","og_url":"https:\/\/www.btv.md\/ro\/israel-reactioneaza-la-anuntul-ca-iranul-va-relua-activitatea-de-imbogatire-a-uraniului\/","og_site_name":"BTV","article_publisher":"https:\/\/www.facebook.com\/btvmoldova\/","article_published_time":"2021-01-04T18:26:41+00:00","og_image":[{"width":826,"height":574,"url":"https:\/\/www.btv.md\/wp-content\/uploads\/2021\/01\/1.png","type":"image\/png"}],"author":"admin","twitter_misc":{"Scris de":"admin","Timp estimat pentru citire":"1 minut"},"schema":{"@context":"https:\/\/schema.org","@graph":[{"@type":"Article","@id":"https:\/\/www.btv.md\/ro\/israel-reactioneaza-la-anuntul-ca-iranul-va-relua-activitatea-de-imbogatire-a-uraniului\/#article","isPartOf":{"@id":"https:\/\/www.btv.md\/ro\/israel-reactioneaza-la-anuntul-ca-iranul-va-relua-activitatea-de-imbogatire-a-uraniului\/"},"author":{"name":"admin","@id":"https:\/\/www.btv.md\/#\/schema\/person\/8fadce81561b3ce2c34c46dadc4ccbf2"},"headline":"Israel reac\u021bioneaz\u0103 la anun\u021bul c\u0103 Iranul va relua activitatea de \u00eembog\u0103\u021bire a uraniului","datePublished":"2021-01-04T18:26:41+00:00","mainEntityOfPage":{"@id":"https:\/\/www.btv.md\/ro\/israel-reactioneaza-la-anuntul-ca-iranul-va-relua-activitatea-de-imbogatire-a-uraniului\/"},"wordCount":291,"image":{"@id":"https:\/\/www.btv.md\/ro\/israel-reactioneaza-la-anuntul-ca-iranul-va-relua-activitatea-de-imbogatire-a-uraniului\/#primaryimage"},"thumbnailUrl":"https:\/\/www.btv.md\/wp-content\/uploads\/2021\/01\/1.png","keywords":["Israel reac\u021bioneaz\u0103 la anun\u021bul c\u0103 Iranul va relua activitatea de \u00eembog\u0103\u021bire a uraniului"],"articleSection":["Economie","\u0218tiri"],"inLanguage":"ro-RO"},{"@type":"WebPage","@id":"https:\/\/www.btv.md\/ro\/israel-reactioneaza-la-anuntul-ca-iranul-va-relua-activitatea-de-imbogatire-a-uraniului\/","url":"https:\/\/www.btv.md\/ro\/israel-reactioneaza-la-anuntul-ca-iranul-va-relua-activitatea-de-imbogatire-a-uraniului\/","name":"Israel reac\u021bioneaz\u0103 la anun\u021bul c\u0103 Iranul va relua activitatea de \u00eembog\u0103\u021bire a uraniului - BTV","isPartOf":{"@id":"https:\/\/www.btv.md\/#website"},"primaryImageOfPage":{"@id":"https:\/\/www.btv.md\/ro\/israel-reactioneaza-la-anuntul-ca-iranul-va-relua-activitatea-de-imbogatire-a-uraniului\/#primaryimage"},"image":{"@id":"https:\/\/www.btv.md\/ro\/israel-reactioneaza-la-anuntul-ca-iranul-va-relua-activitatea-de-imbogatire-a-uraniului\/#primaryimage"},"thumbnailUrl":"https:\/\/www.btv.md\/wp-content\/uploads\/2021\/01\/1.png","datePublished":"2021-01-04T18:26:41+00:00","author":{"@id":"https:\/\/www.btv.md\/#\/schema\/person\/8fadce81561b3ce2c34c46dadc4ccbf2"},"inLanguage":"ro-RO","potentialAction":[{"@type":"ReadAction","target":["https:\/\/www.btv.md\/ro\/israel-reactioneaza-la-anuntul-ca-iranul-va-relua-activitatea-de-imbogatire-a-uraniului\/"]}]},{"@type":"ImageObject","inLanguage":"ro-RO","@id":"https:\/\/www.btv.md\/ro\/israel-reactioneaza-la-anuntul-ca-iranul-va-relua-activitatea-de-imbogatire-a-uraniului\/#primaryimage","url":"https:\/\/www.btv.md\/wp-content\/uploads\/2021\/01\/1.png","contentUrl":"https:\/\/www.btv.md\/wp-content\/uploads\/2021\/01\/1.png","width":826,"height":574},{"@type":"WebSite","@id":"https:\/\/www.btv.md\/#website","url":"https:\/\/www.btv.md\/","name":"BTV","description":"\u0411\u0435\u043b\u044c\u0446\u043a\u043e\u0435 \u0442\u0435\u043b\u0435\u0432\u0438\u0434\u0435\u043d\u0438\u0435","potentialAction":[{"@type":"SearchAction","target":{"@type":"EntryPoint","urlTemplate":"https:\/\/www.btv.md\/?s={search_term_string}"},"query-input":{"@type":"PropertyValueSpecification","valueRequired":true,"valueName":"search_term_string"}}],"inLanguage":"ro-RO"},{"@type":"Person","@id":"https:\/\/www.btv.md\/#\/schema\/person\/8fadce81561b3ce2c34c46dadc4ccbf2","name":"admin"}]}},"_links":{"self":[{"href":"https:\/\/www.btv.md\/ro\/wp-json\/wp\/v2\/posts\/110086","targetHints":{"allow":["GET"]}}],"collection":[{"href":"https:\/\/www.btv.md\/ro\/wp-json\/wp\/v2\/posts"}],"about":[{"href":"https:\/\/www.btv.md\/ro\/wp-json\/wp\/v2\/types\/post"}],"author":[{"embeddable":true,"href":"https:\/\/www.btv.md\/ro\/wp-json\/wp\/v2\/users\/4"}],"replies":[{"embeddable":true,"href":"https:\/\/www.btv.md\/ro\/wp-json\/wp\/v2\/comments?post=110086"}],"version-history":[{"count":0,"href":"https:\/\/www.btv.md\/ro\/wp-json\/wp\/v2\/posts\/110086\/revisions"}],"wp:featuredmedia":[{"embeddable":true,"href":"https:\/\/www.btv.md\/ro\/wp-json\/wp\/v2\/media\/110011"}],"wp:attachment":[{"href":"https:\/\/www.btv.md\/ro\/wp-json\/wp\/v2\/media?parent=110086"}],"wp:term":[{"taxonomy":"category","embeddable":true,"href":"https:\/\/www.btv.md\/ro\/wp-json\/wp\/v2\/categories?post=110086"},{"taxonomy":"post_tag","embeddable":true,"href":"https:\/\/www.btv.md\/ro\/wp-json\/wp\/v2\/tags?post=110086"}],"curies":[{"name":"wp","href":"https:\/\/api.w.org\/{rel}","templated":true}]}}