{"id":110094,"date":"2021-01-04T20:40:13","date_gmt":"2021-01-04T18:40:13","guid":{"rendered":"http:\/\/www.btv.md\/?p=110094"},"modified":"2021-01-04T20:40:13","modified_gmt":"2021-01-04T18:40:13","slug":"sefii-a-doua-intreprinderi-municipale-infectati-cu-covid-19","status":"publish","type":"post","link":"https:\/\/www.btv.md\/ro\/sefii-a-doua-intreprinderi-municipale-infectati-cu-covid-19\/","title":{"rendered":"\u0218efii a dou\u0103 \u00eentreprinderi municipale infecta\u021bi cu COVID-19"},"content":{"rendered":"<p><strong>Conducerea a dou\u0103 \u00eentreprinderi municipale din B\u0103l\u021bi se afl\u0103 \u00een concediu medical. Este vorba despre ,,DRCD\u201d \u0219i ,,ATSV\u201d ai c\u0103ror directori sunt infecta\u021bi cu Coronavirus. <\/strong><\/p>\n<p>Anun\u021bul a fost f\u0103cut de c\u0103tre Nicolai Grigori\u0219in, \u00een cadrul \u0219edin\u021bei prim\u0103riei din 29 decembrie. Viceprimarul a reamintit despre necesitatea respect\u0103rii m\u0103surilor de carantin\u0103, purtarea m\u0103\u0219tilor \u0219i dezinfectarea frecvent\u0103 a m\u00e2inilor.<\/p>\n<p>9 angaja\u021bi din cadrul \u00eentreprinderii ,,Amenajarea Teritoriului \u0219i Spa\u021bii Verzi\u201d sunt \u00een concediu medical. Grigori\u0219in consider\u0103 c\u0103 acum este mai important ca niciodat\u0103 s\u0103 respect\u0103m toate m\u0103surile \u0219i restric\u021biile legate de Covid.<\/p>\n<p>Doar la B\u0103l\u021bi, coronavirusul a luat via\u021ba a peste 170 de oameni.<\/p>\n<p><iframe style=\"border: none; overflow: hidden;\" data-src=\"https:\/\/www.facebook.com\/plugins\/video.php?height=314&amp;href=https%3A%2F%2Fwww.facebook.com%2Fbtvmoldova%2Fvideos%2F158212792397652%2F&amp;show_text=false&amp;width=560\" width=\"560\" height=\"314\" frameborder=\"0\" scrolling=\"no\" allowfullscreen=\"allowfullscreen\" src=\"data:image\/svg+xml;base64,PHN2ZyB3aWR0aD0iMSIgaGVpZ2h0PSIxIiB4bWxucz0iaHR0cDovL3d3dy53My5vcmcvMjAwMC9zdmciPjwvc3ZnPg==\" class=\"lazyload\" data-load-mode=\"1\"><\/iframe><\/p>\n","protected":false},"excerpt":{"rendered":"<p>Conducerea a dou\u0103 \u00eentreprinderi municipale din B\u0103l\u021bi se afl\u0103 \u00een concediu medical. Este vorba despre ,,DRCD\u201d \u0219i ,,ATSV\u201d ai c\u0103ror directori sunt infecta\u021bi cu Coronavirus. Anun\u021bul a fost f\u0103cut de c\u0103tre Nicolai Grigori\u0219in, \u00een cadrul \u0219edin\u021bei prim\u0103riei din 29 decembrie. Viceprimarul a reamintit despre necesitatea respect\u0103rii m\u0103surilor de carantin\u0103, purtarea m\u0103\u0219tilor \u0219i dezinfectarea frecvent\u0103 a [&hellip;]<\/p>\n","protected":false},"author":4,"featured_media":110091,"comment_status":"closed","ping_status":"closed","sticky":false,"template":"","format":"standard","meta":{"footnotes":""},"categories":[6353,6377],"tags":[20664],"class_list":["post-110094","post","type-post","status-publish","format-standard","has-post-thumbnail","hentry","category-oras","category-stiri","tag-sefii-a-doua-intreprinderi-municipale-infectati-cu-covid-19"],"yoast_head":"<!-- This site is optimized with the Yoast SEO plugin v27.4 - https:\/\/yoast.com\/product\/yoast-seo-wordpress\/ -->\n<title>\u0218efii a dou\u0103 \u00eentreprinderi municipale infecta\u021bi cu COVID-19 - BTV<\/title>\n<meta name=\"robots\" content=\"index, follow, max-snippet:-1, max-image-preview:large, max-video-preview:-1\" \/>\n<link rel=\"canonical\" href=\"https:\/\/www.btv.md\/ro\/sefii-a-doua-intreprinderi-municipale-infectati-cu-covid-19\/\" \/>\n<meta property=\"og:locale\" content=\"ro_RO\" \/>\n<meta property=\"og:type\" content=\"article\" \/>\n<meta property=\"og:title\" content=\"\u0218efii a dou\u0103 \u00eentreprinderi municipale infecta\u021bi cu COVID-19 - BTV\" \/>\n<meta property=\"og:description\" content=\"Conducerea a dou\u0103 \u00eentreprinderi municipale din B\u0103l\u021bi se afl\u0103 \u00een concediu medical. Este vorba despre ,,DRCD\u201d \u0219i ,,ATSV\u201d ai c\u0103ror directori sunt infecta\u021bi cu Coronavirus. Anun\u021bul a fost f\u0103cut de c\u0103tre Nicolai Grigori\u0219in, \u00een cadrul \u0219edin\u021bei prim\u0103riei din 29 decembrie. Viceprimarul a reamintit despre necesitatea respect\u0103rii m\u0103surilor de carantin\u0103, purtarea m\u0103\u0219tilor \u0219i dezinfectarea frecvent\u0103 a [&hellip;]\" \/>\n<meta property=\"og:url\" content=\"https:\/\/www.btv.md\/ro\/sefii-a-doua-intreprinderi-municipale-infectati-cu-covid-19\/\" \/>\n<meta property=\"og:site_name\" content=\"BTV\" \/>\n<meta property=\"article:publisher\" content=\"https:\/\/www.facebook.com\/btvmoldova\/\" \/>\n<meta property=\"article:published_time\" content=\"2021-01-04T18:40:13+00:00\" \/>\n<meta property=\"og:image\" content=\"https:\/\/www.btv.md\/wp-content\/uploads\/2021\/01\/1-2.png\" \/>\n\t<meta property=\"og:image:width\" content=\"850\" \/>\n\t<meta property=\"og:image:height\" content=\"625\" \/>\n\t<meta property=\"og:image:type\" content=\"image\/png\" \/>\n<meta name=\"author\" content=\"admin\" \/>\n<meta name=\"twitter:label1\" content=\"Scris de\" \/>\n\t<meta name=\"twitter:data1\" content=\"admin\" \/>\n\t<meta name=\"twitter:label2\" content=\"Timp estimat pentru citire\" \/>\n\t<meta name=\"twitter:data2\" content=\"1 minut\" \/>\n<script type=\"application\/ld+json\" class=\"yoast-schema-graph\">{\"@context\":\"https:\\\/\\\/schema.org\",\"@graph\":[{\"@type\":\"Article\",\"@id\":\"https:\\\/\\\/www.btv.md\\\/ro\\\/sefii-a-doua-intreprinderi-municipale-infectati-cu-covid-19\\\/#article\",\"isPartOf\":{\"@id\":\"https:\\\/\\\/www.btv.md\\\/ro\\\/sefii-a-doua-intreprinderi-municipale-infectati-cu-covid-19\\\/\"},\"author\":{\"name\":\"admin\",\"@id\":\"https:\\\/\\\/www.btv.md\\\/#\\\/schema\\\/person\\\/8fadce81561b3ce2c34c46dadc4ccbf2\"},\"headline\":\"\u0218efii a dou\u0103 \u00eentreprinderi municipale infecta\u021bi cu COVID-19\",\"datePublished\":\"2021-01-04T18:40:13+00:00\",\"mainEntityOfPage\":{\"@id\":\"https:\\\/\\\/www.btv.md\\\/ro\\\/sefii-a-doua-intreprinderi-municipale-infectati-cu-covid-19\\\/\"},\"wordCount\":129,\"image\":{\"@id\":\"https:\\\/\\\/www.btv.md\\\/ro\\\/sefii-a-doua-intreprinderi-municipale-infectati-cu-covid-19\\\/#primaryimage\"},\"thumbnailUrl\":\"https:\\\/\\\/www.btv.md\\\/wp-content\\\/uploads\\\/2021\\\/01\\\/1-2.png\",\"keywords\":[\"\u0218efii a dou\u0103 \u00eentreprinderi municipale infecta\u021bi cu COVID-19\"],\"articleSection\":[\"Ora\u0219\",\"\u0218tiri\"],\"inLanguage\":\"ro-RO\"},{\"@type\":\"WebPage\",\"@id\":\"https:\\\/\\\/www.btv.md\\\/ro\\\/sefii-a-doua-intreprinderi-municipale-infectati-cu-covid-19\\\/\",\"url\":\"https:\\\/\\\/www.btv.md\\\/ro\\\/sefii-a-doua-intreprinderi-municipale-infectati-cu-covid-19\\\/\",\"name\":\"\u0218efii a dou\u0103 \u00eentreprinderi municipale infecta\u021bi cu COVID-19 - BTV\",\"isPartOf\":{\"@id\":\"https:\\\/\\\/www.btv.md\\\/#website\"},\"primaryImageOfPage\":{\"@id\":\"https:\\\/\\\/www.btv.md\\\/ro\\\/sefii-a-doua-intreprinderi-municipale-infectati-cu-covid-19\\\/#primaryimage\"},\"image\":{\"@id\":\"https:\\\/\\\/www.btv.md\\\/ro\\\/sefii-a-doua-intreprinderi-municipale-infectati-cu-covid-19\\\/#primaryimage\"},\"thumbnailUrl\":\"https:\\\/\\\/www.btv.md\\\/wp-content\\\/uploads\\\/2021\\\/01\\\/1-2.png\",\"datePublished\":\"2021-01-04T18:40:13+00:00\",\"author\":{\"@id\":\"https:\\\/\\\/www.btv.md\\\/#\\\/schema\\\/person\\\/8fadce81561b3ce2c34c46dadc4ccbf2\"},\"inLanguage\":\"ro-RO\",\"potentialAction\":[{\"@type\":\"ReadAction\",\"target\":[\"https:\\\/\\\/www.btv.md\\\/ro\\\/sefii-a-doua-intreprinderi-municipale-infectati-cu-covid-19\\\/\"]}]},{\"@type\":\"ImageObject\",\"inLanguage\":\"ro-RO\",\"@id\":\"https:\\\/\\\/www.btv.md\\\/ro\\\/sefii-a-doua-intreprinderi-municipale-infectati-cu-covid-19\\\/#primaryimage\",\"url\":\"https:\\\/\\\/www.btv.md\\\/wp-content\\\/uploads\\\/2021\\\/01\\\/1-2.png\",\"contentUrl\":\"https:\\\/\\\/www.btv.md\\\/wp-content\\\/uploads\\\/2021\\\/01\\\/1-2.png\",\"width\":850,\"height\":625},{\"@type\":\"WebSite\",\"@id\":\"https:\\\/\\\/www.btv.md\\\/#website\",\"url\":\"https:\\\/\\\/www.btv.md\\\/\",\"name\":\"BTV\",\"description\":\"\u0411\u0435\u043b\u044c\u0446\u043a\u043e\u0435 \u0442\u0435\u043b\u0435\u0432\u0438\u0434\u0435\u043d\u0438\u0435\",\"potentialAction\":[{\"@type\":\"SearchAction\",\"target\":{\"@type\":\"EntryPoint\",\"urlTemplate\":\"https:\\\/\\\/www.btv.md\\\/?s={search_term_string}\"},\"query-input\":{\"@type\":\"PropertyValueSpecification\",\"valueRequired\":true,\"valueName\":\"search_term_string\"}}],\"inLanguage\":\"ro-RO\"},{\"@type\":\"Person\",\"@id\":\"https:\\\/\\\/www.btv.md\\\/#\\\/schema\\\/person\\\/8fadce81561b3ce2c34c46dadc4ccbf2\",\"name\":\"admin\"}]}<\/script>\n<!-- \/ Yoast SEO plugin. -->","yoast_head_json":{"title":"\u0218efii a dou\u0103 \u00eentreprinderi municipale infecta\u021bi cu COVID-19 - BTV","robots":{"index":"index","follow":"follow","max-snippet":"max-snippet:-1","max-image-preview":"max-image-preview:large","max-video-preview":"max-video-preview:-1"},"canonical":"https:\/\/www.btv.md\/ro\/sefii-a-doua-intreprinderi-municipale-infectati-cu-covid-19\/","og_locale":"ro_RO","og_type":"article","og_title":"\u0218efii a dou\u0103 \u00eentreprinderi municipale infecta\u021bi cu COVID-19 - BTV","og_description":"Conducerea a dou\u0103 \u00eentreprinderi municipale din B\u0103l\u021bi se afl\u0103 \u00een concediu medical. Este vorba despre ,,DRCD\u201d \u0219i ,,ATSV\u201d ai c\u0103ror directori sunt infecta\u021bi cu Coronavirus. Anun\u021bul a fost f\u0103cut de c\u0103tre Nicolai Grigori\u0219in, \u00een cadrul \u0219edin\u021bei prim\u0103riei din 29 decembrie. Viceprimarul a reamintit despre necesitatea respect\u0103rii m\u0103surilor de carantin\u0103, purtarea m\u0103\u0219tilor \u0219i dezinfectarea frecvent\u0103 a [&hellip;]","og_url":"https:\/\/www.btv.md\/ro\/sefii-a-doua-intreprinderi-municipale-infectati-cu-covid-19\/","og_site_name":"BTV","article_publisher":"https:\/\/www.facebook.com\/btvmoldova\/","article_published_time":"2021-01-04T18:40:13+00:00","og_image":[{"width":850,"height":625,"url":"https:\/\/www.btv.md\/wp-content\/uploads\/2021\/01\/1-2.png","type":"image\/png"}],"author":"admin","twitter_misc":{"Scris de":"admin","Timp estimat pentru citire":"1 minut"},"schema":{"@context":"https:\/\/schema.org","@graph":[{"@type":"Article","@id":"https:\/\/www.btv.md\/ro\/sefii-a-doua-intreprinderi-municipale-infectati-cu-covid-19\/#article","isPartOf":{"@id":"https:\/\/www.btv.md\/ro\/sefii-a-doua-intreprinderi-municipale-infectati-cu-covid-19\/"},"author":{"name":"admin","@id":"https:\/\/www.btv.md\/#\/schema\/person\/8fadce81561b3ce2c34c46dadc4ccbf2"},"headline":"\u0218efii a dou\u0103 \u00eentreprinderi municipale infecta\u021bi cu COVID-19","datePublished":"2021-01-04T18:40:13+00:00","mainEntityOfPage":{"@id":"https:\/\/www.btv.md\/ro\/sefii-a-doua-intreprinderi-municipale-infectati-cu-covid-19\/"},"wordCount":129,"image":{"@id":"https:\/\/www.btv.md\/ro\/sefii-a-doua-intreprinderi-municipale-infectati-cu-covid-19\/#primaryimage"},"thumbnailUrl":"https:\/\/www.btv.md\/wp-content\/uploads\/2021\/01\/1-2.png","keywords":["\u0218efii a dou\u0103 \u00eentreprinderi municipale infecta\u021bi cu COVID-19"],"articleSection":["Ora\u0219","\u0218tiri"],"inLanguage":"ro-RO"},{"@type":"WebPage","@id":"https:\/\/www.btv.md\/ro\/sefii-a-doua-intreprinderi-municipale-infectati-cu-covid-19\/","url":"https:\/\/www.btv.md\/ro\/sefii-a-doua-intreprinderi-municipale-infectati-cu-covid-19\/","name":"\u0218efii a dou\u0103 \u00eentreprinderi municipale infecta\u021bi cu COVID-19 - BTV","isPartOf":{"@id":"https:\/\/www.btv.md\/#website"},"primaryImageOfPage":{"@id":"https:\/\/www.btv.md\/ro\/sefii-a-doua-intreprinderi-municipale-infectati-cu-covid-19\/#primaryimage"},"image":{"@id":"https:\/\/www.btv.md\/ro\/sefii-a-doua-intreprinderi-municipale-infectati-cu-covid-19\/#primaryimage"},"thumbnailUrl":"https:\/\/www.btv.md\/wp-content\/uploads\/2021\/01\/1-2.png","datePublished":"2021-01-04T18:40:13+00:00","author":{"@id":"https:\/\/www.btv.md\/#\/schema\/person\/8fadce81561b3ce2c34c46dadc4ccbf2"},"inLanguage":"ro-RO","potentialAction":[{"@type":"ReadAction","target":["https:\/\/www.btv.md\/ro\/sefii-a-doua-intreprinderi-municipale-infectati-cu-covid-19\/"]}]},{"@type":"ImageObject","inLanguage":"ro-RO","@id":"https:\/\/www.btv.md\/ro\/sefii-a-doua-intreprinderi-municipale-infectati-cu-covid-19\/#primaryimage","url":"https:\/\/www.btv.md\/wp-content\/uploads\/2021\/01\/1-2.png","contentUrl":"https:\/\/www.btv.md\/wp-content\/uploads\/2021\/01\/1-2.png","width":850,"height":625},{"@type":"WebSite","@id":"https:\/\/www.btv.md\/#website","url":"https:\/\/www.btv.md\/","name":"BTV","description":"\u0411\u0435\u043b\u044c\u0446\u043a\u043e\u0435 \u0442\u0435\u043b\u0435\u0432\u0438\u0434\u0435\u043d\u0438\u0435","potentialAction":[{"@type":"SearchAction","target":{"@type":"EntryPoint","urlTemplate":"https:\/\/www.btv.md\/?s={search_term_string}"},"query-input":{"@type":"PropertyValueSpecification","valueRequired":true,"valueName":"search_term_string"}}],"inLanguage":"ro-RO"},{"@type":"Person","@id":"https:\/\/www.btv.md\/#\/schema\/person\/8fadce81561b3ce2c34c46dadc4ccbf2","name":"admin"}]}},"_links":{"self":[{"href":"https:\/\/www.btv.md\/ro\/wp-json\/wp\/v2\/posts\/110094","targetHints":{"allow":["GET"]}}],"collection":[{"href":"https:\/\/www.btv.md\/ro\/wp-json\/wp\/v2\/posts"}],"about":[{"href":"https:\/\/www.btv.md\/ro\/wp-json\/wp\/v2\/types\/post"}],"author":[{"embeddable":true,"href":"https:\/\/www.btv.md\/ro\/wp-json\/wp\/v2\/users\/4"}],"replies":[{"embeddable":true,"href":"https:\/\/www.btv.md\/ro\/wp-json\/wp\/v2\/comments?post=110094"}],"version-history":[{"count":0,"href":"https:\/\/www.btv.md\/ro\/wp-json\/wp\/v2\/posts\/110094\/revisions"}],"wp:featuredmedia":[{"embeddable":true,"href":"https:\/\/www.btv.md\/ro\/wp-json\/wp\/v2\/media\/110091"}],"wp:attachment":[{"href":"https:\/\/www.btv.md\/ro\/wp-json\/wp\/v2\/media?parent=110094"}],"wp:term":[{"taxonomy":"category","embeddable":true,"href":"https:\/\/www.btv.md\/ro\/wp-json\/wp\/v2\/categories?post=110094"},{"taxonomy":"post_tag","embeddable":true,"href":"https:\/\/www.btv.md\/ro\/wp-json\/wp\/v2\/tags?post=110094"}],"curies":[{"name":"wp","href":"https:\/\/api.w.org\/{rel}","templated":true}]}}