{"id":110219,"date":"2021-01-06T15:45:52","date_gmt":"2021-01-06T13:45:52","guid":{"rendered":"http:\/\/www.btv.md\/?p=110219"},"modified":"2021-01-06T15:45:52","modified_gmt":"2021-01-06T13:45:52","slug":"eparhia-a-donat-carti-scolilor-din-balti","status":"publish","type":"post","link":"https:\/\/www.btv.md\/ro\/eparhia-a-donat-carti-scolilor-din-balti\/","title":{"rendered":"Eparhia a donat c\u0103r\u021bi \u0219colilor din B\u0103l\u021bi"},"content":{"rendered":"<p><strong>\u00cen ajunul Cr\u0103ciunului, eparhia de B\u0103l\u021bi \u0219i F\u0103le\u0219ti a donat 200 de c\u0103r\u021bi \u0219colilor din ora\u0219. Slujitorul bisericii sper\u0103 c\u0103 c\u0103r\u021bile \u00ee\u0219i vor ocupa locul cuvenit pe rafturile bibliotecilor \u0219i \u00ee\u0219i vor g\u0103si cititorii.<\/strong><\/p>\n<p>Petru Ciunciuc a men\u021bionat importan\u021ba acestei ac\u021biuni, subliniind c\u0103 mesajele spirituale reprezint\u0103 o investi\u021bie \u00een dezvoltarea genera\u021biilor. Potrivit slujitorului bisericii, c\u0103r\u021bile intitulate \u201ePa\u0219ii t\u0103i spre Taina \u00cemp\u0103r\u0103\u021biei\u201d vor contribui la promovarea educa\u021biei morale \u0219i religioase a copiilor \u0219i vor insufla \u00een inimile lor bun\u0103tate, credin\u021b\u0103, speran\u021b\u0103 \u0219i dragoste.<\/p>\n<p>Cartea \u201ePa\u0219ii t\u0103i spre Taina \u00cemp\u0103r\u0103\u021biei\u201d &#8211; este o poveste fascinant\u0103 despre marile adev\u0103ruri \u0219i secrete ale credin\u021bei ortodoxe.<\/p>\n<p><iframe style=\"border: none; overflow: hidden;\" data-src=\"https:\/\/www.facebook.com\/plugins\/video.php?height=314&amp;href=https%3A%2F%2Fwww.facebook.com%2Fbtvmoldova%2Fvideos%2F243641103812813%2F&amp;show_text=false&amp;width=560\" width=\"560\" height=\"314\" frameborder=\"0\" scrolling=\"no\" allowfullscreen=\"allowfullscreen\" src=\"data:image\/svg+xml;base64,PHN2ZyB3aWR0aD0iMSIgaGVpZ2h0PSIxIiB4bWxucz0iaHR0cDovL3d3dy53My5vcmcvMjAwMC9zdmciPjwvc3ZnPg==\" class=\"lazyload\" data-load-mode=\"1\"><\/iframe><\/p>\n<p>&nbsp;<\/p>\n","protected":false},"excerpt":{"rendered":"<p>\u00cen ajunul Cr\u0103ciunului, eparhia de B\u0103l\u021bi \u0219i F\u0103le\u0219ti a donat 200 de c\u0103r\u021bi \u0219colilor din ora\u0219. Slujitorul bisericii sper\u0103 c\u0103 c\u0103r\u021bile \u00ee\u0219i vor ocupa locul cuvenit pe rafturile bibliotecilor \u0219i \u00ee\u0219i vor g\u0103si cititorii. Petru Ciunciuc a men\u021bionat importan\u021ba acestei ac\u021biuni, subliniind c\u0103 mesajele spirituale reprezint\u0103 o investi\u021bie \u00een dezvoltarea genera\u021biilor. Potrivit slujitorului bisericii, c\u0103r\u021bile [&hellip;]<\/p>\n","protected":false},"author":4,"featured_media":110153,"comment_status":"closed","ping_status":"closed","sticky":false,"template":"","format":"standard","meta":{"footnotes":""},"categories":[6353,6377],"tags":[20693],"class_list":["post-110219","post","type-post","status-publish","format-standard","has-post-thumbnail","hentry","category-oras","category-stiri","tag-eparhia-a-donat-carti-scolilor-din-balti"],"yoast_head":"<!-- This site is optimized with the Yoast SEO plugin v27.4 - https:\/\/yoast.com\/product\/yoast-seo-wordpress\/ -->\n<title>Eparhia a donat c\u0103r\u021bi \u0219colilor din B\u0103l\u021bi - BTV<\/title>\n<meta name=\"robots\" content=\"index, follow, max-snippet:-1, max-image-preview:large, max-video-preview:-1\" \/>\n<link rel=\"canonical\" href=\"https:\/\/www.btv.md\/ro\/eparhia-a-donat-carti-scolilor-din-balti\/\" \/>\n<meta property=\"og:locale\" content=\"ro_RO\" \/>\n<meta property=\"og:type\" content=\"article\" \/>\n<meta property=\"og:title\" content=\"Eparhia a donat c\u0103r\u021bi \u0219colilor din B\u0103l\u021bi - BTV\" \/>\n<meta property=\"og:description\" content=\"\u00cen ajunul Cr\u0103ciunului, eparhia de B\u0103l\u021bi \u0219i F\u0103le\u0219ti a donat 200 de c\u0103r\u021bi \u0219colilor din ora\u0219. Slujitorul bisericii sper\u0103 c\u0103 c\u0103r\u021bile \u00ee\u0219i vor ocupa locul cuvenit pe rafturile bibliotecilor \u0219i \u00ee\u0219i vor g\u0103si cititorii. Petru Ciunciuc a men\u021bionat importan\u021ba acestei ac\u021biuni, subliniind c\u0103 mesajele spirituale reprezint\u0103 o investi\u021bie \u00een dezvoltarea genera\u021biilor. Potrivit slujitorului bisericii, c\u0103r\u021bile [&hellip;]\" \/>\n<meta property=\"og:url\" content=\"https:\/\/www.btv.md\/ro\/eparhia-a-donat-carti-scolilor-din-balti\/\" \/>\n<meta property=\"og:site_name\" content=\"BTV\" \/>\n<meta property=\"article:publisher\" content=\"https:\/\/www.facebook.com\/btvmoldova\/\" \/>\n<meta property=\"article:published_time\" content=\"2021-01-06T13:45:52+00:00\" \/>\n<meta property=\"og:image\" content=\"https:\/\/www.btv.md\/wp-content\/uploads\/2021\/01\/1-5.png\" \/>\n\t<meta property=\"og:image:width\" content=\"934\" \/>\n\t<meta property=\"og:image:height\" content=\"544\" \/>\n\t<meta property=\"og:image:type\" content=\"image\/png\" \/>\n<meta name=\"author\" content=\"admin\" \/>\n<meta name=\"twitter:label1\" content=\"Scris de\" \/>\n\t<meta name=\"twitter:data1\" content=\"admin\" \/>\n\t<meta name=\"twitter:label2\" content=\"Timp estimat pentru citire\" \/>\n\t<meta name=\"twitter:data2\" content=\"1 minut\" \/>\n<script type=\"application\/ld+json\" class=\"yoast-schema-graph\">{\"@context\":\"https:\\\/\\\/schema.org\",\"@graph\":[{\"@type\":\"Article\",\"@id\":\"https:\\\/\\\/www.btv.md\\\/ro\\\/eparhia-a-donat-carti-scolilor-din-balti\\\/#article\",\"isPartOf\":{\"@id\":\"https:\\\/\\\/www.btv.md\\\/ro\\\/eparhia-a-donat-carti-scolilor-din-balti\\\/\"},\"author\":{\"name\":\"admin\",\"@id\":\"https:\\\/\\\/www.btv.md\\\/#\\\/schema\\\/person\\\/8fadce81561b3ce2c34c46dadc4ccbf2\"},\"headline\":\"Eparhia a donat c\u0103r\u021bi \u0219colilor din B\u0103l\u021bi\",\"datePublished\":\"2021-01-06T13:45:52+00:00\",\"mainEntityOfPage\":{\"@id\":\"https:\\\/\\\/www.btv.md\\\/ro\\\/eparhia-a-donat-carti-scolilor-din-balti\\\/\"},\"wordCount\":141,\"image\":{\"@id\":\"https:\\\/\\\/www.btv.md\\\/ro\\\/eparhia-a-donat-carti-scolilor-din-balti\\\/#primaryimage\"},\"thumbnailUrl\":\"https:\\\/\\\/www.btv.md\\\/wp-content\\\/uploads\\\/2021\\\/01\\\/1-5.png\",\"keywords\":[\"Eparhia a donat c\u0103r\u021bi \u0219colilor din B\u0103l\u021bi\"],\"articleSection\":[\"Ora\u0219\",\"\u0218tiri\"],\"inLanguage\":\"ro-RO\"},{\"@type\":\"WebPage\",\"@id\":\"https:\\\/\\\/www.btv.md\\\/ro\\\/eparhia-a-donat-carti-scolilor-din-balti\\\/\",\"url\":\"https:\\\/\\\/www.btv.md\\\/ro\\\/eparhia-a-donat-carti-scolilor-din-balti\\\/\",\"name\":\"Eparhia a donat c\u0103r\u021bi \u0219colilor din B\u0103l\u021bi - BTV\",\"isPartOf\":{\"@id\":\"https:\\\/\\\/www.btv.md\\\/#website\"},\"primaryImageOfPage\":{\"@id\":\"https:\\\/\\\/www.btv.md\\\/ro\\\/eparhia-a-donat-carti-scolilor-din-balti\\\/#primaryimage\"},\"image\":{\"@id\":\"https:\\\/\\\/www.btv.md\\\/ro\\\/eparhia-a-donat-carti-scolilor-din-balti\\\/#primaryimage\"},\"thumbnailUrl\":\"https:\\\/\\\/www.btv.md\\\/wp-content\\\/uploads\\\/2021\\\/01\\\/1-5.png\",\"datePublished\":\"2021-01-06T13:45:52+00:00\",\"author\":{\"@id\":\"https:\\\/\\\/www.btv.md\\\/#\\\/schema\\\/person\\\/8fadce81561b3ce2c34c46dadc4ccbf2\"},\"inLanguage\":\"ro-RO\",\"potentialAction\":[{\"@type\":\"ReadAction\",\"target\":[\"https:\\\/\\\/www.btv.md\\\/ro\\\/eparhia-a-donat-carti-scolilor-din-balti\\\/\"]}]},{\"@type\":\"ImageObject\",\"inLanguage\":\"ro-RO\",\"@id\":\"https:\\\/\\\/www.btv.md\\\/ro\\\/eparhia-a-donat-carti-scolilor-din-balti\\\/#primaryimage\",\"url\":\"https:\\\/\\\/www.btv.md\\\/wp-content\\\/uploads\\\/2021\\\/01\\\/1-5.png\",\"contentUrl\":\"https:\\\/\\\/www.btv.md\\\/wp-content\\\/uploads\\\/2021\\\/01\\\/1-5.png\",\"width\":934,\"height\":544},{\"@type\":\"WebSite\",\"@id\":\"https:\\\/\\\/www.btv.md\\\/#website\",\"url\":\"https:\\\/\\\/www.btv.md\\\/\",\"name\":\"BTV\",\"description\":\"\u0411\u0435\u043b\u044c\u0446\u043a\u043e\u0435 \u0442\u0435\u043b\u0435\u0432\u0438\u0434\u0435\u043d\u0438\u0435\",\"potentialAction\":[{\"@type\":\"SearchAction\",\"target\":{\"@type\":\"EntryPoint\",\"urlTemplate\":\"https:\\\/\\\/www.btv.md\\\/?s={search_term_string}\"},\"query-input\":{\"@type\":\"PropertyValueSpecification\",\"valueRequired\":true,\"valueName\":\"search_term_string\"}}],\"inLanguage\":\"ro-RO\"},{\"@type\":\"Person\",\"@id\":\"https:\\\/\\\/www.btv.md\\\/#\\\/schema\\\/person\\\/8fadce81561b3ce2c34c46dadc4ccbf2\",\"name\":\"admin\"}]}<\/script>\n<!-- \/ Yoast SEO plugin. -->","yoast_head_json":{"title":"Eparhia a donat c\u0103r\u021bi \u0219colilor din B\u0103l\u021bi - BTV","robots":{"index":"index","follow":"follow","max-snippet":"max-snippet:-1","max-image-preview":"max-image-preview:large","max-video-preview":"max-video-preview:-1"},"canonical":"https:\/\/www.btv.md\/ro\/eparhia-a-donat-carti-scolilor-din-balti\/","og_locale":"ro_RO","og_type":"article","og_title":"Eparhia a donat c\u0103r\u021bi \u0219colilor din B\u0103l\u021bi - BTV","og_description":"\u00cen ajunul Cr\u0103ciunului, eparhia de B\u0103l\u021bi \u0219i F\u0103le\u0219ti a donat 200 de c\u0103r\u021bi \u0219colilor din ora\u0219. Slujitorul bisericii sper\u0103 c\u0103 c\u0103r\u021bile \u00ee\u0219i vor ocupa locul cuvenit pe rafturile bibliotecilor \u0219i \u00ee\u0219i vor g\u0103si cititorii. Petru Ciunciuc a men\u021bionat importan\u021ba acestei ac\u021biuni, subliniind c\u0103 mesajele spirituale reprezint\u0103 o investi\u021bie \u00een dezvoltarea genera\u021biilor. Potrivit slujitorului bisericii, c\u0103r\u021bile [&hellip;]","og_url":"https:\/\/www.btv.md\/ro\/eparhia-a-donat-carti-scolilor-din-balti\/","og_site_name":"BTV","article_publisher":"https:\/\/www.facebook.com\/btvmoldova\/","article_published_time":"2021-01-06T13:45:52+00:00","og_image":[{"width":934,"height":544,"url":"https:\/\/www.btv.md\/wp-content\/uploads\/2021\/01\/1-5.png","type":"image\/png"}],"author":"admin","twitter_misc":{"Scris de":"admin","Timp estimat pentru citire":"1 minut"},"schema":{"@context":"https:\/\/schema.org","@graph":[{"@type":"Article","@id":"https:\/\/www.btv.md\/ro\/eparhia-a-donat-carti-scolilor-din-balti\/#article","isPartOf":{"@id":"https:\/\/www.btv.md\/ro\/eparhia-a-donat-carti-scolilor-din-balti\/"},"author":{"name":"admin","@id":"https:\/\/www.btv.md\/#\/schema\/person\/8fadce81561b3ce2c34c46dadc4ccbf2"},"headline":"Eparhia a donat c\u0103r\u021bi \u0219colilor din B\u0103l\u021bi","datePublished":"2021-01-06T13:45:52+00:00","mainEntityOfPage":{"@id":"https:\/\/www.btv.md\/ro\/eparhia-a-donat-carti-scolilor-din-balti\/"},"wordCount":141,"image":{"@id":"https:\/\/www.btv.md\/ro\/eparhia-a-donat-carti-scolilor-din-balti\/#primaryimage"},"thumbnailUrl":"https:\/\/www.btv.md\/wp-content\/uploads\/2021\/01\/1-5.png","keywords":["Eparhia a donat c\u0103r\u021bi \u0219colilor din B\u0103l\u021bi"],"articleSection":["Ora\u0219","\u0218tiri"],"inLanguage":"ro-RO"},{"@type":"WebPage","@id":"https:\/\/www.btv.md\/ro\/eparhia-a-donat-carti-scolilor-din-balti\/","url":"https:\/\/www.btv.md\/ro\/eparhia-a-donat-carti-scolilor-din-balti\/","name":"Eparhia a donat c\u0103r\u021bi \u0219colilor din B\u0103l\u021bi - BTV","isPartOf":{"@id":"https:\/\/www.btv.md\/#website"},"primaryImageOfPage":{"@id":"https:\/\/www.btv.md\/ro\/eparhia-a-donat-carti-scolilor-din-balti\/#primaryimage"},"image":{"@id":"https:\/\/www.btv.md\/ro\/eparhia-a-donat-carti-scolilor-din-balti\/#primaryimage"},"thumbnailUrl":"https:\/\/www.btv.md\/wp-content\/uploads\/2021\/01\/1-5.png","datePublished":"2021-01-06T13:45:52+00:00","author":{"@id":"https:\/\/www.btv.md\/#\/schema\/person\/8fadce81561b3ce2c34c46dadc4ccbf2"},"inLanguage":"ro-RO","potentialAction":[{"@type":"ReadAction","target":["https:\/\/www.btv.md\/ro\/eparhia-a-donat-carti-scolilor-din-balti\/"]}]},{"@type":"ImageObject","inLanguage":"ro-RO","@id":"https:\/\/www.btv.md\/ro\/eparhia-a-donat-carti-scolilor-din-balti\/#primaryimage","url":"https:\/\/www.btv.md\/wp-content\/uploads\/2021\/01\/1-5.png","contentUrl":"https:\/\/www.btv.md\/wp-content\/uploads\/2021\/01\/1-5.png","width":934,"height":544},{"@type":"WebSite","@id":"https:\/\/www.btv.md\/#website","url":"https:\/\/www.btv.md\/","name":"BTV","description":"\u0411\u0435\u043b\u044c\u0446\u043a\u043e\u0435 \u0442\u0435\u043b\u0435\u0432\u0438\u0434\u0435\u043d\u0438\u0435","potentialAction":[{"@type":"SearchAction","target":{"@type":"EntryPoint","urlTemplate":"https:\/\/www.btv.md\/?s={search_term_string}"},"query-input":{"@type":"PropertyValueSpecification","valueRequired":true,"valueName":"search_term_string"}}],"inLanguage":"ro-RO"},{"@type":"Person","@id":"https:\/\/www.btv.md\/#\/schema\/person\/8fadce81561b3ce2c34c46dadc4ccbf2","name":"admin"}]}},"_links":{"self":[{"href":"https:\/\/www.btv.md\/ro\/wp-json\/wp\/v2\/posts\/110219","targetHints":{"allow":["GET"]}}],"collection":[{"href":"https:\/\/www.btv.md\/ro\/wp-json\/wp\/v2\/posts"}],"about":[{"href":"https:\/\/www.btv.md\/ro\/wp-json\/wp\/v2\/types\/post"}],"author":[{"embeddable":true,"href":"https:\/\/www.btv.md\/ro\/wp-json\/wp\/v2\/users\/4"}],"replies":[{"embeddable":true,"href":"https:\/\/www.btv.md\/ro\/wp-json\/wp\/v2\/comments?post=110219"}],"version-history":[{"count":0,"href":"https:\/\/www.btv.md\/ro\/wp-json\/wp\/v2\/posts\/110219\/revisions"}],"wp:featuredmedia":[{"embeddable":true,"href":"https:\/\/www.btv.md\/ro\/wp-json\/wp\/v2\/media\/110153"}],"wp:attachment":[{"href":"https:\/\/www.btv.md\/ro\/wp-json\/wp\/v2\/media?parent=110219"}],"wp:term":[{"taxonomy":"category","embeddable":true,"href":"https:\/\/www.btv.md\/ro\/wp-json\/wp\/v2\/categories?post=110219"},{"taxonomy":"post_tag","embeddable":true,"href":"https:\/\/www.btv.md\/ro\/wp-json\/wp\/v2\/tags?post=110219"}],"curies":[{"name":"wp","href":"https:\/\/api.w.org\/{rel}","templated":true}]}}