{"id":11064,"date":"2016-04-19T16:45:02","date_gmt":"2016-04-19T13:45:02","guid":{"rendered":"http:\/\/btv.md\/?p=11064"},"modified":"2016-04-19T16:45:58","modified_gmt":"2016-04-19T13:45:58","slug":"ministrul-economiei-orasul-balti-beneficiaza-de-finantarile-pe-care-le-merita","status":"publish","type":"post","link":"https:\/\/www.btv.md\/ro\/ministrul-economiei-orasul-balti-beneficiaza-de-finantarile-pe-care-le-merita\/","title":{"rendered":"MINISTRUL ECONOMIEI: ORA\u0218UL B\u0102L\u021aI BENEFICIAZ\u0102 DE FINAN\u021a\u0102RILE PE CARE LE MERIT\u0102"},"content":{"rendered":"<p><strong>Municipiul B\u0103l\u021bi ob\u021bine finan\u021b\u0103ri din Bugetul de Stat, \u00een func\u021bie de num\u0103rul popula\u021biei. Declara\u021bia apar\u021bine ministrului Economiei, Octavian Calm\u00eec care a efectuat mar\u021bi, o vizit\u0103 de lucru la B\u0103l\u021bi. Valoarea anual\u0103 a sumei adunate din impozite la B\u0103l\u021bi constituie aproape 1,5 miliarede de lei. Bani care sunt transfera\u021bi \u00een bugetul \u021b\u0103rii. Ei bine, p\u00e2n\u0103 la urm\u0103, municipiul nu beneficiaz\u0103 nici de 50 la sut\u0103 din contribu\u021bia pe care o aduce economiei Republicii Moldova.<\/strong><\/p>\n<p>\u201e<em>De aceea noi trebuie s\u0103 asigur\u0103m propor\u021bionalitatea distribuirii resurselor financiare pentru men\u021binerea infrastructurii sociale. \u0218coli gr\u0103dini\u021be spitale \u0219i multe altele \u0219i de aceea avem nevoie de o \u00eemp\u0103r\u021bire a resurselor financiare nu dup\u0103 principiul pl\u0103\u021bilor, dar dup\u0103 principiul propor\u021bionalit\u0103\u021bii. Mai exact dup\u0103 num\u0103rul de polpula\u021bie care sunt \u00een diferite localit\u0103\u021bi. Acesta este mecanismul. Sigur, municipiile \u00ee\u0219i doresc c\u00e2t mai mult\u0103 autonomie<\/em>\u201d, amen\u021bionat ministrul Economiei.<\/p>\n<p>Prim\u0103ria municipiului B\u0103l\u021bi s-a adresta de nenum\u0103rat ori autorit\u0103\u021bilor de la Chi\u0219in\u0103u s\u0103 fie l\u0103rgit\u0103 autonomia \u0219i independen\u021ba financiar\u0103.<\/p>\n<p><iframe width=\"420\" height=\"315\" data-src=\"https:\/\/www.youtube.com\/embed\/bwAxmg8AY6M\" frameborder=\"0\" allowfullscreen src=\"data:image\/svg+xml;base64,PHN2ZyB3aWR0aD0iMSIgaGVpZ2h0PSIxIiB4bWxucz0iaHR0cDovL3d3dy53My5vcmcvMjAwMC9zdmciPjwvc3ZnPg==\" class=\"lazyload\" data-load-mode=\"1\"><\/iframe><\/p>\n","protected":false},"excerpt":{"rendered":"<p>Municipiul B\u0103l\u021bi ob\u021bine finan\u021b\u0103ri din Bugetul de Stat, \u00een func\u021bie de num\u0103rul popula\u021biei. Declara\u021bia apar\u021bine ministrului Economiei, Octavian Calm\u00eec care a efectuat mar\u021bi, o vizit\u0103 de lucru la B\u0103l\u021bi. Valoarea anual\u0103 a sumei adunate din impozite la B\u0103l\u021bi constituie aproape 1,5 miliarede de lei. Bani care sunt transfera\u021bi \u00een bugetul \u021b\u0103rii. Ei bine, p\u00e2n\u0103 la [&hellip;]<\/p>\n","protected":false},"author":4,"featured_media":11065,"comment_status":"closed","ping_status":"closed","sticky":false,"template":"","format":"standard","meta":{"footnotes":""},"categories":[6353],"tags":[],"class_list":["post-11064","post","type-post","status-publish","format-standard","has-post-thumbnail","hentry","category-oras"],"yoast_head":"<!-- This site is optimized with the Yoast SEO plugin v27.4 - https:\/\/yoast.com\/product\/yoast-seo-wordpress\/ -->\n<title>MINISTRUL ECONOMIEI: ORA\u0218UL B\u0102L\u021aI BENEFICIAZ\u0102 DE FINAN\u021a\u0102RILE PE CARE LE MERIT\u0102 - BTV<\/title>\n<meta name=\"robots\" content=\"index, follow, max-snippet:-1, max-image-preview:large, max-video-preview:-1\" \/>\n<link rel=\"canonical\" href=\"https:\/\/www.btv.md\/ro\/ministrul-economiei-orasul-balti-beneficiaza-de-finantarile-pe-care-le-merita\/\" \/>\n<meta property=\"og:locale\" content=\"ro_RO\" \/>\n<meta property=\"og:type\" content=\"article\" \/>\n<meta property=\"og:title\" content=\"MINISTRUL ECONOMIEI: ORA\u0218UL B\u0102L\u021aI BENEFICIAZ\u0102 DE FINAN\u021a\u0102RILE PE CARE LE MERIT\u0102 - BTV\" \/>\n<meta property=\"og:description\" content=\"Municipiul B\u0103l\u021bi ob\u021bine finan\u021b\u0103ri din Bugetul de Stat, \u00een func\u021bie de num\u0103rul popula\u021biei. Declara\u021bia apar\u021bine ministrului Economiei, Octavian Calm\u00eec care a efectuat mar\u021bi, o vizit\u0103 de lucru la B\u0103l\u021bi. Valoarea anual\u0103 a sumei adunate din impozite la B\u0103l\u021bi constituie aproape 1,5 miliarede de lei. Bani care sunt transfera\u021bi \u00een bugetul \u021b\u0103rii. Ei bine, p\u00e2n\u0103 la [&hellip;]\" \/>\n<meta property=\"og:url\" content=\"https:\/\/www.btv.md\/ro\/ministrul-economiei-orasul-balti-beneficiaza-de-finantarile-pe-care-le-merita\/\" \/>\n<meta property=\"og:site_name\" content=\"BTV\" \/>\n<meta property=\"article:publisher\" content=\"https:\/\/www.facebook.com\/btvmoldova\/\" \/>\n<meta property=\"article:published_time\" content=\"2016-04-19T13:45:02+00:00\" \/>\n<meta property=\"article:modified_time\" content=\"2016-04-19T13:45:58+00:00\" \/>\n<meta property=\"og:image\" content=\"https:\/\/www.btv.md\/wp-content\/uploads\/2016\/04\/CALMIC.png\" \/>\n\t<meta property=\"og:image:width\" content=\"1011\" \/>\n\t<meta property=\"og:image:height\" content=\"569\" \/>\n\t<meta property=\"og:image:type\" content=\"image\/png\" \/>\n<meta name=\"author\" content=\"admin\" \/>\n<meta name=\"twitter:label1\" content=\"Scris de\" \/>\n\t<meta name=\"twitter:data1\" content=\"admin\" \/>\n\t<meta name=\"twitter:label2\" content=\"Timp estimat pentru citire\" \/>\n\t<meta name=\"twitter:data2\" content=\"1 minut\" \/>\n<script type=\"application\/ld+json\" class=\"yoast-schema-graph\">{\"@context\":\"https:\\\/\\\/schema.org\",\"@graph\":[{\"@type\":\"Article\",\"@id\":\"https:\\\/\\\/www.btv.md\\\/ro\\\/ministrul-economiei-orasul-balti-beneficiaza-de-finantarile-pe-care-le-merita\\\/#article\",\"isPartOf\":{\"@id\":\"https:\\\/\\\/www.btv.md\\\/ro\\\/ministrul-economiei-orasul-balti-beneficiaza-de-finantarile-pe-care-le-merita\\\/\"},\"author\":{\"name\":\"admin\",\"@id\":\"https:\\\/\\\/www.btv.md\\\/#\\\/schema\\\/person\\\/8fadce81561b3ce2c34c46dadc4ccbf2\"},\"headline\":\"MINISTRUL ECONOMIEI: ORA\u0218UL B\u0102L\u021aI BENEFICIAZ\u0102 DE FINAN\u021a\u0102RILE PE CARE LE MERIT\u0102\",\"datePublished\":\"2016-04-19T13:45:02+00:00\",\"dateModified\":\"2016-04-19T13:45:58+00:00\",\"mainEntityOfPage\":{\"@id\":\"https:\\\/\\\/www.btv.md\\\/ro\\\/ministrul-economiei-orasul-balti-beneficiaza-de-finantarile-pe-care-le-merita\\\/\"},\"wordCount\":211,\"image\":{\"@id\":\"https:\\\/\\\/www.btv.md\\\/ro\\\/ministrul-economiei-orasul-balti-beneficiaza-de-finantarile-pe-care-le-merita\\\/#primaryimage\"},\"thumbnailUrl\":\"https:\\\/\\\/www.btv.md\\\/wp-content\\\/uploads\\\/2016\\\/04\\\/CALMIC.png\",\"articleSection\":[\"Ora\u0219\"],\"inLanguage\":\"ro-RO\"},{\"@type\":\"WebPage\",\"@id\":\"https:\\\/\\\/www.btv.md\\\/ro\\\/ministrul-economiei-orasul-balti-beneficiaza-de-finantarile-pe-care-le-merita\\\/\",\"url\":\"https:\\\/\\\/www.btv.md\\\/ro\\\/ministrul-economiei-orasul-balti-beneficiaza-de-finantarile-pe-care-le-merita\\\/\",\"name\":\"MINISTRUL ECONOMIEI: ORA\u0218UL B\u0102L\u021aI BENEFICIAZ\u0102 DE FINAN\u021a\u0102RILE PE CARE LE MERIT\u0102 - BTV\",\"isPartOf\":{\"@id\":\"https:\\\/\\\/www.btv.md\\\/#website\"},\"primaryImageOfPage\":{\"@id\":\"https:\\\/\\\/www.btv.md\\\/ro\\\/ministrul-economiei-orasul-balti-beneficiaza-de-finantarile-pe-care-le-merita\\\/#primaryimage\"},\"image\":{\"@id\":\"https:\\\/\\\/www.btv.md\\\/ro\\\/ministrul-economiei-orasul-balti-beneficiaza-de-finantarile-pe-care-le-merita\\\/#primaryimage\"},\"thumbnailUrl\":\"https:\\\/\\\/www.btv.md\\\/wp-content\\\/uploads\\\/2016\\\/04\\\/CALMIC.png\",\"datePublished\":\"2016-04-19T13:45:02+00:00\",\"dateModified\":\"2016-04-19T13:45:58+00:00\",\"author\":{\"@id\":\"https:\\\/\\\/www.btv.md\\\/#\\\/schema\\\/person\\\/8fadce81561b3ce2c34c46dadc4ccbf2\"},\"inLanguage\":\"ro-RO\",\"potentialAction\":[{\"@type\":\"ReadAction\",\"target\":[\"https:\\\/\\\/www.btv.md\\\/ro\\\/ministrul-economiei-orasul-balti-beneficiaza-de-finantarile-pe-care-le-merita\\\/\"]}]},{\"@type\":\"ImageObject\",\"inLanguage\":\"ro-RO\",\"@id\":\"https:\\\/\\\/www.btv.md\\\/ro\\\/ministrul-economiei-orasul-balti-beneficiaza-de-finantarile-pe-care-le-merita\\\/#primaryimage\",\"url\":\"https:\\\/\\\/www.btv.md\\\/wp-content\\\/uploads\\\/2016\\\/04\\\/CALMIC.png\",\"contentUrl\":\"https:\\\/\\\/www.btv.md\\\/wp-content\\\/uploads\\\/2016\\\/04\\\/CALMIC.png\",\"width\":1011,\"height\":569},{\"@type\":\"WebSite\",\"@id\":\"https:\\\/\\\/www.btv.md\\\/#website\",\"url\":\"https:\\\/\\\/www.btv.md\\\/\",\"name\":\"BTV\",\"description\":\"\u0411\u0435\u043b\u044c\u0446\u043a\u043e\u0435 \u0442\u0435\u043b\u0435\u0432\u0438\u0434\u0435\u043d\u0438\u0435\",\"potentialAction\":[{\"@type\":\"SearchAction\",\"target\":{\"@type\":\"EntryPoint\",\"urlTemplate\":\"https:\\\/\\\/www.btv.md\\\/?s={search_term_string}\"},\"query-input\":{\"@type\":\"PropertyValueSpecification\",\"valueRequired\":true,\"valueName\":\"search_term_string\"}}],\"inLanguage\":\"ro-RO\"},{\"@type\":\"Person\",\"@id\":\"https:\\\/\\\/www.btv.md\\\/#\\\/schema\\\/person\\\/8fadce81561b3ce2c34c46dadc4ccbf2\",\"name\":\"admin\"}]}<\/script>\n<!-- \/ Yoast SEO plugin. -->","yoast_head_json":{"title":"MINISTRUL ECONOMIEI: ORA\u0218UL B\u0102L\u021aI BENEFICIAZ\u0102 DE FINAN\u021a\u0102RILE PE CARE LE MERIT\u0102 - BTV","robots":{"index":"index","follow":"follow","max-snippet":"max-snippet:-1","max-image-preview":"max-image-preview:large","max-video-preview":"max-video-preview:-1"},"canonical":"https:\/\/www.btv.md\/ro\/ministrul-economiei-orasul-balti-beneficiaza-de-finantarile-pe-care-le-merita\/","og_locale":"ro_RO","og_type":"article","og_title":"MINISTRUL ECONOMIEI: ORA\u0218UL B\u0102L\u021aI BENEFICIAZ\u0102 DE FINAN\u021a\u0102RILE PE CARE LE MERIT\u0102 - BTV","og_description":"Municipiul B\u0103l\u021bi ob\u021bine finan\u021b\u0103ri din Bugetul de Stat, \u00een func\u021bie de num\u0103rul popula\u021biei. Declara\u021bia apar\u021bine ministrului Economiei, Octavian Calm\u00eec care a efectuat mar\u021bi, o vizit\u0103 de lucru la B\u0103l\u021bi. Valoarea anual\u0103 a sumei adunate din impozite la B\u0103l\u021bi constituie aproape 1,5 miliarede de lei. Bani care sunt transfera\u021bi \u00een bugetul \u021b\u0103rii. Ei bine, p\u00e2n\u0103 la [&hellip;]","og_url":"https:\/\/www.btv.md\/ro\/ministrul-economiei-orasul-balti-beneficiaza-de-finantarile-pe-care-le-merita\/","og_site_name":"BTV","article_publisher":"https:\/\/www.facebook.com\/btvmoldova\/","article_published_time":"2016-04-19T13:45:02+00:00","article_modified_time":"2016-04-19T13:45:58+00:00","og_image":[{"width":1011,"height":569,"url":"https:\/\/www.btv.md\/wp-content\/uploads\/2016\/04\/CALMIC.png","type":"image\/png"}],"author":"admin","twitter_misc":{"Scris de":"admin","Timp estimat pentru citire":"1 minut"},"schema":{"@context":"https:\/\/schema.org","@graph":[{"@type":"Article","@id":"https:\/\/www.btv.md\/ro\/ministrul-economiei-orasul-balti-beneficiaza-de-finantarile-pe-care-le-merita\/#article","isPartOf":{"@id":"https:\/\/www.btv.md\/ro\/ministrul-economiei-orasul-balti-beneficiaza-de-finantarile-pe-care-le-merita\/"},"author":{"name":"admin","@id":"https:\/\/www.btv.md\/#\/schema\/person\/8fadce81561b3ce2c34c46dadc4ccbf2"},"headline":"MINISTRUL ECONOMIEI: ORA\u0218UL B\u0102L\u021aI BENEFICIAZ\u0102 DE FINAN\u021a\u0102RILE PE CARE LE MERIT\u0102","datePublished":"2016-04-19T13:45:02+00:00","dateModified":"2016-04-19T13:45:58+00:00","mainEntityOfPage":{"@id":"https:\/\/www.btv.md\/ro\/ministrul-economiei-orasul-balti-beneficiaza-de-finantarile-pe-care-le-merita\/"},"wordCount":211,"image":{"@id":"https:\/\/www.btv.md\/ro\/ministrul-economiei-orasul-balti-beneficiaza-de-finantarile-pe-care-le-merita\/#primaryimage"},"thumbnailUrl":"https:\/\/www.btv.md\/wp-content\/uploads\/2016\/04\/CALMIC.png","articleSection":["Ora\u0219"],"inLanguage":"ro-RO"},{"@type":"WebPage","@id":"https:\/\/www.btv.md\/ro\/ministrul-economiei-orasul-balti-beneficiaza-de-finantarile-pe-care-le-merita\/","url":"https:\/\/www.btv.md\/ro\/ministrul-economiei-orasul-balti-beneficiaza-de-finantarile-pe-care-le-merita\/","name":"MINISTRUL ECONOMIEI: ORA\u0218UL B\u0102L\u021aI BENEFICIAZ\u0102 DE FINAN\u021a\u0102RILE PE CARE LE MERIT\u0102 - BTV","isPartOf":{"@id":"https:\/\/www.btv.md\/#website"},"primaryImageOfPage":{"@id":"https:\/\/www.btv.md\/ro\/ministrul-economiei-orasul-balti-beneficiaza-de-finantarile-pe-care-le-merita\/#primaryimage"},"image":{"@id":"https:\/\/www.btv.md\/ro\/ministrul-economiei-orasul-balti-beneficiaza-de-finantarile-pe-care-le-merita\/#primaryimage"},"thumbnailUrl":"https:\/\/www.btv.md\/wp-content\/uploads\/2016\/04\/CALMIC.png","datePublished":"2016-04-19T13:45:02+00:00","dateModified":"2016-04-19T13:45:58+00:00","author":{"@id":"https:\/\/www.btv.md\/#\/schema\/person\/8fadce81561b3ce2c34c46dadc4ccbf2"},"inLanguage":"ro-RO","potentialAction":[{"@type":"ReadAction","target":["https:\/\/www.btv.md\/ro\/ministrul-economiei-orasul-balti-beneficiaza-de-finantarile-pe-care-le-merita\/"]}]},{"@type":"ImageObject","inLanguage":"ro-RO","@id":"https:\/\/www.btv.md\/ro\/ministrul-economiei-orasul-balti-beneficiaza-de-finantarile-pe-care-le-merita\/#primaryimage","url":"https:\/\/www.btv.md\/wp-content\/uploads\/2016\/04\/CALMIC.png","contentUrl":"https:\/\/www.btv.md\/wp-content\/uploads\/2016\/04\/CALMIC.png","width":1011,"height":569},{"@type":"WebSite","@id":"https:\/\/www.btv.md\/#website","url":"https:\/\/www.btv.md\/","name":"BTV","description":"\u0411\u0435\u043b\u044c\u0446\u043a\u043e\u0435 \u0442\u0435\u043b\u0435\u0432\u0438\u0434\u0435\u043d\u0438\u0435","potentialAction":[{"@type":"SearchAction","target":{"@type":"EntryPoint","urlTemplate":"https:\/\/www.btv.md\/?s={search_term_string}"},"query-input":{"@type":"PropertyValueSpecification","valueRequired":true,"valueName":"search_term_string"}}],"inLanguage":"ro-RO"},{"@type":"Person","@id":"https:\/\/www.btv.md\/#\/schema\/person\/8fadce81561b3ce2c34c46dadc4ccbf2","name":"admin"}]}},"_links":{"self":[{"href":"https:\/\/www.btv.md\/ro\/wp-json\/wp\/v2\/posts\/11064","targetHints":{"allow":["GET"]}}],"collection":[{"href":"https:\/\/www.btv.md\/ro\/wp-json\/wp\/v2\/posts"}],"about":[{"href":"https:\/\/www.btv.md\/ro\/wp-json\/wp\/v2\/types\/post"}],"author":[{"embeddable":true,"href":"https:\/\/www.btv.md\/ro\/wp-json\/wp\/v2\/users\/4"}],"replies":[{"embeddable":true,"href":"https:\/\/www.btv.md\/ro\/wp-json\/wp\/v2\/comments?post=11064"}],"version-history":[{"count":0,"href":"https:\/\/www.btv.md\/ro\/wp-json\/wp\/v2\/posts\/11064\/revisions"}],"wp:featuredmedia":[{"embeddable":true,"href":"https:\/\/www.btv.md\/ro\/wp-json\/wp\/v2\/media\/11065"}],"wp:attachment":[{"href":"https:\/\/www.btv.md\/ro\/wp-json\/wp\/v2\/media?parent=11064"}],"wp:term":[{"taxonomy":"category","embeddable":true,"href":"https:\/\/www.btv.md\/ro\/wp-json\/wp\/v2\/categories?post=11064"},{"taxonomy":"post_tag","embeddable":true,"href":"https:\/\/www.btv.md\/ro\/wp-json\/wp\/v2\/tags?post=11064"}],"curies":[{"name":"wp","href":"https:\/\/api.w.org\/{rel}","templated":true}]}}