{"id":11118,"date":"2016-04-20T13:15:54","date_gmt":"2016-04-20T10:15:54","guid":{"rendered":"http:\/\/btv.md\/?p=11118"},"modified":"2016-04-20T13:15:54","modified_gmt":"2016-04-20T10:15:54","slug":"cel-mai-periculos-vulcan-din-lume-se-trezeste-la-viata","status":"publish","type":"post","link":"https:\/\/www.btv.md\/ro\/cel-mai-periculos-vulcan-din-lume-se-trezeste-la-viata\/","title":{"rendered":"CEL  MAI  PERICULOS  VULCAN  DIN  LUME SE  TREZE\u0218TE  LA  VIA\u021a\u0102"},"content":{"rendered":"<p><strong>CEL  MAI  PERICULOS  VULCAN  DIN  LUME  SE   TREZE\u0218TE   LA  VIA\u021a\u0102<\/strong><\/p>\n<p><strong>Toat\u0103 lumea s-a obi\u015fnuit cu amenin\u0163\u0103rile pompieristice ale liderului de la Phenian care spune o dat\u0103 pe s\u0103pt\u0103m\u00e2n\u0103 c\u0103 va distruge SUA sau Coreea de Sud. Un pericol de data asta real din Coreea de Nord este super-vulcanul Paektu care d\u0103 semne de trezire.<\/strong><\/p>\n<p>Vulcanul din muntele Paektu, aflat la grani\u0163a de nord a Republicii Coreea cu China, a \u00eenceput s\u0103 dea semne de activitate \u00een urm\u0103 cu c\u00e2\u0163iva ani \u015fi s\u0103-i sperie chiar \u015fi pe savan\u0163ii excentrici ai lui Kim Jong-un.<\/p>\n<p>Se \u015ftie c\u0103 ultima erup\u0163ie a vulcanului, \u00eenainte de anul 1.000, a primit numele de Erup\u0163ia Mileniului \u015fi a fost una dintre cele mai violente din istoria umanit\u0103\u0163ii. Lava vulcanului a ajuns p\u00e2n\u0103 \u00een Japonia.<\/p>\n<p>Aceste \u00eengrijor\u0103ri i-au f\u0103cut pe nord-coreeni s\u0103 accepte colaborarea cu echipe occidentale \u015fi chineze de savan\u0163i, \u00een \u00eencercarea de a afla cum stau de fapt lucrurile \u015fi c\u00e2t de mare este pericolul.<\/p>\n<p>Pe o scar\u0103 de 1 la 8, erup\u0163ia masiv\u0103 din trecut a vulcanului Paektu s-a situat la cifra 7, \u00een condi\u0163iile \u00een care 8 \u00eenseamn\u0103 amenin\u0163are cu extinc\u0163ia la nivel planetar.<\/p>\n<p><a href=\"http:\/\/stirisociale.ro\/\" target=\"_blank\">stirisociale.ro<\/a><\/p>\n<p><strong>COOPERARE  \u00ceN  DOMENIUL  AP\u0102R\u0102RII<\/strong><\/p>\n<p><strong>Mini\u015ftrii Ap\u0103r\u0103rii din Rom\u00e2nia, Bulgaria \u015fi Grecia au convenit ca statele lor s\u0103 ia m\u0103suri concrete pentru a spori cooperarea \u00een acest domeniu, \u00een urma unei \u00eent\u00e2lniri care a avut loc la Luxemburg.<\/strong><\/p>\n<p>\u00cent\u00e2lnirea a fost organizat\u0103 la ini\u0163iativa ministrului bulgar al Ap\u0103r\u0103rii, Nikolai Nenchev, iar la discu\u0163ii au mai participat ministrul rom\u00e2n al Ap\u0103r\u0103rii, Mihnea Motoc \u015fi omologul s\u0103u grec, Panos Kammenos.<\/p>\n<p>\u00cen timpul reuniunii, care a avut loc \u00een cadrul Consiliului pentru Afaceri Externe ale UE, mini\u015ftrii Ap\u0103r\u0103rii din cele trei state au convenit asupra nevoii de intensificare a cooper\u0103rii \u015fi a comunic\u0103rii la toate nivelurile, a informat biroul de pres\u0103 al Ministerului bulgar al Ap\u0103r\u0103rii.<\/p>\n<p>Ei au discutat chestiuni privind criza migra\u0163iei \u015fi probleme din cadrul structurii de securitate. Ace\u015ftia au mai convenit asupra nevoii unor ac\u0163iuni comune \u00een fa\u0163a fluxului de refugia\u0163i.<\/p>\n<p><a href=\"http:\/\/www.mediafax.ro\/\" target=\"_blank\">mediafax.ro<\/a><\/p>\n<p><strong>DEPUTA\u021aII  OLANDEZI  RESPING  RETRAGEREA  \u021a\u0102RII  DIN  ACORDUL  UE-UCRAINA<\/strong><\/p>\n<p><strong>Deputatii olandezi au respins o motiune care solicita retragerea &#8222;cat de curand posibil&#8221; a Olandei dintr-un acord intre UE si Ucraina, dupa referendumul din aprilie pe aceasta tema, relateaza AFP si Agerpres.<\/strong><\/p>\n<p>Un numar de 75 deputati din cei 150 cati numara camera inferioara a parlamentului olandez s-au pronuntat impotriva motiunii, depuse de Partidul socialist (SP), si numai 71 au votat in favoarea ei.<\/p>\n<p>SP, care a facut campanie impotriva acordului UE-Ucraina, i-a cerut guvernului sa depuna un proiect de lege care sa anuleze aprobarea textului &#8222;cat de curand posibil&#8221;.<\/p>\n<p>Acest acord de asociere intre UE si Ucraina vizeaza intarirea dialogului politic, precum si a schimburilor economice si comerciale intre cele doua parti.<\/p>\n<p>La referendumul consultativ de la 6 aprilie, convocat de grupuri eurosceptice, olandezii s-au pronuntat impotriva acordului, in ciuda unei participari abia superioare pragului necesar pentru ca votul sa fie considerat valid.<br \/>\nEuroscepticii au salutat o &#8222;motiune de sfidare&#8221; fata de Bruxelles, cu cateva luni inainte de votul britanicilor privind un eventual &#8222;Brexit&#8221;.<\/p>\n<p>Prim-ministrul Mark Rutte a cerut timp saptamana trecuta in cadrul unei dezbateri in parlament pentru a negocia cu partenerii europeni si cu Kievul. Guvernul sau, a dat el asigurari, va propune o solutie &#8222;inainte de venirea verii&#8221;.<br \/>\nIn cadrul dezbaterii, el nu s-a opus unei anulari a legii care aproba acordul dar numai daca discutiile de la Bruxelles nu vor duce la un rezultat satisfacator.<\/p>\n<p>Olanda, care asigura pana la sfarsitul anului presedintia prin rotatie a UE, este singura tara care nu a ratificat inca acordul de asociere.<\/p>\n<p><a href=\"http:\/\/www.hotnews.ro\/\" target=\"_blank\">hotnews.ro<\/a><\/p>\n<p><strong>TRAGEDIA  DIN  ECUADOR.  NUM\u0102RUL  MOR\u021aILOR  S-A  DUBLAT<\/strong><\/p>\n<p><strong>Num\u0103rul mor\u021bilor \u00een urma cutremurului produs \u00een Ecuador s-a dublat \u0219i a ajuns la 413 mor\u021bi \u0219i peste 2.600 de r\u0103ni\u021bi, a anun\u021bat guvernul ecuadorian, potrivit BBC News online.<\/strong><\/p>\n<p>Coasta de vest a Ecuadorului cu ie\u0219ire la Oceanul Pacific a fost lovit\u0103 de un cutremur cu magnitudinea de 7,8 grade, \u00een cursul nop\u021bii de s\u00e2mb\u0103t\u0103 spre duminic\u0103, cele mai afectate ora\u0219e fiind Pedernales \u0219i Portoviejo, unde luni s-au \u021binut ceremonii funerare pentru cei care au murit \u00een urma seismului.<\/p>\n<p>\u00cen Pedernales, apropiat de epicentrul seismului, circa 400 de persoane ar fi murit. Replici ale cutremurului s-au produs luni sear\u0103, dintre care cea mai puternic\u0103 a avut magnitudinea de 5,1 grade.<\/p>\n<p>Stare de urgen\u021b\u0103 a fost declarat\u0103 \u00een \u0219ase provincii din \u021bar\u0103. Potrivit autorit\u0103\u021bilor, cutremurul a fost urmat p\u00e2n\u0103 luni diminea\u021b\u0103 de 230 de replici, majoritatea lovind ora\u0219ul Pedernales.<\/p>\n<p>&#8222;<em>Sunt localit\u0103\u021bi distruse \u00een totalitate<\/em>&#8222;, a precizat primarul ora\u0219ului Pedernales din provincia Manabi, cea mai afectat\u0103, unde a fost localizat epicentrul seismului, potrivit Reuters.<\/p>\n<p>Pe fondul cutremurului, circa 100 de de\u021binu\u021bi au evadat din \u00eenchisoarea din Portoviejo. Unii dintre ei au fost recaptura\u021bi, dar al\u021bii sunt \u00een continuare \u00een libertate, a precizat ministrul ecuadorian al Justi\u021biei, Ledy Zuniga.<\/p>\n<p>Pre\u0219edintele ecuadorial, Rafael Corrrea a declarat c\u0103 reconstruirea ora\u0219elor distruse va costa miliarde de dolari, \u00een condi\u021biile \u00een care economia \u021b\u0103rii este deja afectat\u0103 de pre\u021burile de pe pia\u021ba petrolului. Guvernul a anun\u021bat c\u0103 Banca chinez\u0103 de Dezvoltare a acordat un ajutor de dou\u0103 miliarde de dolari \u021b\u0103rii pentru finan\u021barea investi\u021biilor publice necesare \u00een urma cutremurului cu magnitudinea de 7,8 grade.<\/p>\n<p><a href=\"http:\/\/www.reporterntv.ro\/\" target=\"_blank\">reporterntv.ro<\/a><\/p>\n<p><strong>LIBERTATEA  PRESEI  SE  PIERDE  \u00ceN  \u00ceNTREAGA  LUME<\/strong><\/p>\n<p><strong>Libertatea presei s-a deteriorat \u00een toate regiunile lumii \u00een 2015, \u00een special \u00een cele dou\u0103 Americi, plas\u00e2ndu-se pentru prima oar\u0103 dup\u0103 Africa \u00een clasamentul anual al organiza\u021biei Reporteri f\u0103r\u0103 frontiere (Reporters sans frontiers) dat publicit\u0103\u021bii miercuri, relateaz\u0103 AFP. <\/strong><\/p>\n<p>Rom\u00e2nia se plaseaz\u0103 pe locul 49, dup\u0103 Mauritania \u0219i \u00eenainte de Comore. \u021a\u0103rile cu cea mai liber\u0103 pres\u0103 sunt Finlanda, Olanda \u0219i Norvegia, care ocup\u0103 primele trei locuri \u00een clasament.<\/p>\n<p>Acest clasament al libert\u0103\u021bii presei \u00een 180 de \u021b\u0103ri, publicat \u00eencep\u00e2nd cu anul 2002, se bazeaz\u0103 pe o serie de indicatori: pluralismul, independen\u021ba mass-media, ambian\u021ba \u0219i autocenzura, cadrul legal, transparen\u021ba, infrastructura \u0219i abuzurile.<\/p>\n<p>\u201d<em>To\u021bi indicatorii clasamentului indic\u0103 o deteriorare. Multe dintre autorit\u0103\u021bile publice \u00eencearc\u0103 s\u0103 rec\u00e2\u0219tige controlul asupra \u021b\u0103rii lor, tem\u00e2ndu-se prea tare de marile deschideri ale dezbaterii publice<\/em>\u201d, a declarat Christophe Deloire, secretarul general al RSF.<\/p>\n<p>Potrivit acestuia, \u201d<em>intr\u0103m \u00eentr-o nou\u0103 er\u0103 de propagand\u0103, c\u00e2nd noile tehnologii permit cu costuri reduse de a difuza propria comunicare<\/em>\u201d.<\/p>\n<p>Dac\u0103 situa\u021bia s-a degradat \u00een toate zonele geografice, continentul american a regresat \u00een special din cauza asasin\u0103rii jurnali\u0219tilor \u00een America Central\u0103, relev\u0103 RSF.<\/p>\n<p>Astfel, continentul american trece \u00een spatele Africii, chiar dac\u0103 zona Africa de Nord\/Orientul Mijlociu r\u0103m\u00e2ne regiunea unde jurnali\u0219tii sunt \u201d<em>supu\u0219i la constr\u00e2ngeri de orice fel<\/em>\u201d.<\/p>\n<p>\u00cen partea de jos a clasamentului, la fel ca anul trecut, se situeaz\u0103 Siria pe locul 177 din 180, imediat dup\u0103 China (176) \u0219i \u00een fa\u021ba Turkmenistanului (178), Coreii de Nord (179) \u0219i Eritreii (180).<\/p>\n<p><a href=\"http:\/\/www.agerpres.ro\/\" target=\"_blank\">agerpres.ro<\/a><\/p>\n<p><iframe width=\"420\" height=\"315\" data-src=\"https:\/\/www.youtube.com\/embed\/Ot3o0Z2Zw00\" frameborder=\"0\" allowfullscreen src=\"data:image\/svg+xml;base64,PHN2ZyB3aWR0aD0iMSIgaGVpZ2h0PSIxIiB4bWxucz0iaHR0cDovL3d3dy53My5vcmcvMjAwMC9zdmciPjwvc3ZnPg==\" class=\"lazyload\" data-load-mode=\"1\"><\/iframe><\/p>\n","protected":false},"excerpt":{"rendered":"<p>CEL MAI PERICULOS VULCAN DIN LUME SE TREZE\u0218TE LA VIA\u021a\u0102 Toat\u0103 lumea s-a obi\u015fnuit cu amenin\u0163\u0103rile pompieristice ale liderului de la Phenian care spune o dat\u0103 pe s\u0103pt\u0103m\u00e2n\u0103 c\u0103 va distruge SUA sau Coreea de Sud. Un pericol de data asta real din Coreea de Nord este super-vulcanul Paektu care d\u0103 semne de trezire. Vulcanul [&hellip;]<\/p>\n","protected":false},"author":4,"featured_media":11119,"comment_status":"closed","ping_status":"closed","sticky":false,"template":"","format":"standard","meta":{"footnotes":""},"categories":[6354],"tags":[],"class_list":["post-11118","post","type-post","status-publish","format-standard","has-post-thumbnail","hentry","category-externe-ro"],"yoast_head":"<!-- This site is optimized with the Yoast SEO plugin v27.4 - https:\/\/yoast.com\/product\/yoast-seo-wordpress\/ -->\n<title>CEL MAI PERICULOS VULCAN DIN LUME SE TREZE\u0218TE LA VIA\u021a\u0102 - BTV<\/title>\n<meta name=\"robots\" content=\"index, follow, max-snippet:-1, max-image-preview:large, max-video-preview:-1\" \/>\n<link rel=\"canonical\" href=\"https:\/\/www.btv.md\/ro\/cel-mai-periculos-vulcan-din-lume-se-trezeste-la-viata\/\" \/>\n<meta property=\"og:locale\" content=\"ro_RO\" \/>\n<meta property=\"og:type\" content=\"article\" \/>\n<meta property=\"og:title\" content=\"CEL MAI PERICULOS VULCAN DIN LUME SE TREZE\u0218TE LA VIA\u021a\u0102 - BTV\" \/>\n<meta property=\"og:description\" content=\"CEL MAI PERICULOS VULCAN DIN LUME SE TREZE\u0218TE LA VIA\u021a\u0102 Toat\u0103 lumea s-a obi\u015fnuit cu amenin\u0163\u0103rile pompieristice ale liderului de la Phenian care spune o dat\u0103 pe s\u0103pt\u0103m\u00e2n\u0103 c\u0103 va distruge SUA sau Coreea de Sud. Un pericol de data asta real din Coreea de Nord este super-vulcanul Paektu care d\u0103 semne de trezire. Vulcanul [&hellip;]\" \/>\n<meta property=\"og:url\" content=\"https:\/\/www.btv.md\/ro\/cel-mai-periculos-vulcan-din-lume-se-trezeste-la-viata\/\" \/>\n<meta property=\"og:site_name\" content=\"BTV\" \/>\n<meta property=\"article:publisher\" content=\"https:\/\/www.facebook.com\/btvmoldova\/\" \/>\n<meta property=\"article:published_time\" content=\"2016-04-20T10:15:54+00:00\" \/>\n<meta property=\"og:image\" content=\"https:\/\/www.btv.md\/wp-content\/uploads\/2016\/04\/skachannye-fajly-6.jpg\" \/>\n\t<meta property=\"og:image:width\" content=\"275\" \/>\n\t<meta property=\"og:image:height\" content=\"183\" \/>\n\t<meta property=\"og:image:type\" content=\"image\/jpeg\" \/>\n<meta name=\"author\" content=\"admin\" \/>\n<meta name=\"twitter:label1\" content=\"Scris de\" \/>\n\t<meta name=\"twitter:data1\" content=\"admin\" \/>\n\t<meta name=\"twitter:label2\" content=\"Timp estimat pentru citire\" \/>\n\t<meta name=\"twitter:data2\" content=\"6 minute\" \/>\n<script type=\"application\/ld+json\" class=\"yoast-schema-graph\">{\"@context\":\"https:\\\/\\\/schema.org\",\"@graph\":[{\"@type\":\"Article\",\"@id\":\"https:\\\/\\\/www.btv.md\\\/ro\\\/cel-mai-periculos-vulcan-din-lume-se-trezeste-la-viata\\\/#article\",\"isPartOf\":{\"@id\":\"https:\\\/\\\/www.btv.md\\\/ro\\\/cel-mai-periculos-vulcan-din-lume-se-trezeste-la-viata\\\/\"},\"author\":{\"name\":\"admin\",\"@id\":\"https:\\\/\\\/www.btv.md\\\/#\\\/schema\\\/person\\\/8fadce81561b3ce2c34c46dadc4ccbf2\"},\"headline\":\"CEL MAI PERICULOS VULCAN DIN LUME SE TREZE\u0218TE LA VIA\u021a\u0102\",\"datePublished\":\"2016-04-20T10:15:54+00:00\",\"mainEntityOfPage\":{\"@id\":\"https:\\\/\\\/www.btv.md\\\/ro\\\/cel-mai-periculos-vulcan-din-lume-se-trezeste-la-viata\\\/\"},\"wordCount\":1203,\"image\":{\"@id\":\"https:\\\/\\\/www.btv.md\\\/ro\\\/cel-mai-periculos-vulcan-din-lume-se-trezeste-la-viata\\\/#primaryimage\"},\"thumbnailUrl\":\"https:\\\/\\\/www.btv.md\\\/wp-content\\\/uploads\\\/2016\\\/04\\\/skachannye-fajly-6.jpg\",\"articleSection\":[\"Externe\"],\"inLanguage\":\"ro-RO\"},{\"@type\":\"WebPage\",\"@id\":\"https:\\\/\\\/www.btv.md\\\/ro\\\/cel-mai-periculos-vulcan-din-lume-se-trezeste-la-viata\\\/\",\"url\":\"https:\\\/\\\/www.btv.md\\\/ro\\\/cel-mai-periculos-vulcan-din-lume-se-trezeste-la-viata\\\/\",\"name\":\"CEL MAI PERICULOS VULCAN DIN LUME SE TREZE\u0218TE LA VIA\u021a\u0102 - BTV\",\"isPartOf\":{\"@id\":\"https:\\\/\\\/www.btv.md\\\/#website\"},\"primaryImageOfPage\":{\"@id\":\"https:\\\/\\\/www.btv.md\\\/ro\\\/cel-mai-periculos-vulcan-din-lume-se-trezeste-la-viata\\\/#primaryimage\"},\"image\":{\"@id\":\"https:\\\/\\\/www.btv.md\\\/ro\\\/cel-mai-periculos-vulcan-din-lume-se-trezeste-la-viata\\\/#primaryimage\"},\"thumbnailUrl\":\"https:\\\/\\\/www.btv.md\\\/wp-content\\\/uploads\\\/2016\\\/04\\\/skachannye-fajly-6.jpg\",\"datePublished\":\"2016-04-20T10:15:54+00:00\",\"author\":{\"@id\":\"https:\\\/\\\/www.btv.md\\\/#\\\/schema\\\/person\\\/8fadce81561b3ce2c34c46dadc4ccbf2\"},\"inLanguage\":\"ro-RO\",\"potentialAction\":[{\"@type\":\"ReadAction\",\"target\":[\"https:\\\/\\\/www.btv.md\\\/ro\\\/cel-mai-periculos-vulcan-din-lume-se-trezeste-la-viata\\\/\"]}]},{\"@type\":\"ImageObject\",\"inLanguage\":\"ro-RO\",\"@id\":\"https:\\\/\\\/www.btv.md\\\/ro\\\/cel-mai-periculos-vulcan-din-lume-se-trezeste-la-viata\\\/#primaryimage\",\"url\":\"https:\\\/\\\/www.btv.md\\\/wp-content\\\/uploads\\\/2016\\\/04\\\/skachannye-fajly-6.jpg\",\"contentUrl\":\"https:\\\/\\\/www.btv.md\\\/wp-content\\\/uploads\\\/2016\\\/04\\\/skachannye-fajly-6.jpg\",\"width\":275,\"height\":183,\"caption\":\"www.cbsnews.com\"},{\"@type\":\"WebSite\",\"@id\":\"https:\\\/\\\/www.btv.md\\\/#website\",\"url\":\"https:\\\/\\\/www.btv.md\\\/\",\"name\":\"BTV\",\"description\":\"\u0411\u0435\u043b\u044c\u0446\u043a\u043e\u0435 \u0442\u0435\u043b\u0435\u0432\u0438\u0434\u0435\u043d\u0438\u0435\",\"potentialAction\":[{\"@type\":\"SearchAction\",\"target\":{\"@type\":\"EntryPoint\",\"urlTemplate\":\"https:\\\/\\\/www.btv.md\\\/?s={search_term_string}\"},\"query-input\":{\"@type\":\"PropertyValueSpecification\",\"valueRequired\":true,\"valueName\":\"search_term_string\"}}],\"inLanguage\":\"ro-RO\"},{\"@type\":\"Person\",\"@id\":\"https:\\\/\\\/www.btv.md\\\/#\\\/schema\\\/person\\\/8fadce81561b3ce2c34c46dadc4ccbf2\",\"name\":\"admin\"}]}<\/script>\n<!-- \/ Yoast SEO plugin. -->","yoast_head_json":{"title":"CEL MAI PERICULOS VULCAN DIN LUME SE TREZE\u0218TE LA VIA\u021a\u0102 - BTV","robots":{"index":"index","follow":"follow","max-snippet":"max-snippet:-1","max-image-preview":"max-image-preview:large","max-video-preview":"max-video-preview:-1"},"canonical":"https:\/\/www.btv.md\/ro\/cel-mai-periculos-vulcan-din-lume-se-trezeste-la-viata\/","og_locale":"ro_RO","og_type":"article","og_title":"CEL MAI PERICULOS VULCAN DIN LUME SE TREZE\u0218TE LA VIA\u021a\u0102 - BTV","og_description":"CEL MAI PERICULOS VULCAN DIN LUME SE TREZE\u0218TE LA VIA\u021a\u0102 Toat\u0103 lumea s-a obi\u015fnuit cu amenin\u0163\u0103rile pompieristice ale liderului de la Phenian care spune o dat\u0103 pe s\u0103pt\u0103m\u00e2n\u0103 c\u0103 va distruge SUA sau Coreea de Sud. Un pericol de data asta real din Coreea de Nord este super-vulcanul Paektu care d\u0103 semne de trezire. Vulcanul [&hellip;]","og_url":"https:\/\/www.btv.md\/ro\/cel-mai-periculos-vulcan-din-lume-se-trezeste-la-viata\/","og_site_name":"BTV","article_publisher":"https:\/\/www.facebook.com\/btvmoldova\/","article_published_time":"2016-04-20T10:15:54+00:00","og_image":[{"width":275,"height":183,"url":"https:\/\/www.btv.md\/wp-content\/uploads\/2016\/04\/skachannye-fajly-6.jpg","type":"image\/jpeg"}],"author":"admin","twitter_misc":{"Scris de":"admin","Timp estimat pentru citire":"6 minute"},"schema":{"@context":"https:\/\/schema.org","@graph":[{"@type":"Article","@id":"https:\/\/www.btv.md\/ro\/cel-mai-periculos-vulcan-din-lume-se-trezeste-la-viata\/#article","isPartOf":{"@id":"https:\/\/www.btv.md\/ro\/cel-mai-periculos-vulcan-din-lume-se-trezeste-la-viata\/"},"author":{"name":"admin","@id":"https:\/\/www.btv.md\/#\/schema\/person\/8fadce81561b3ce2c34c46dadc4ccbf2"},"headline":"CEL MAI PERICULOS VULCAN DIN LUME SE TREZE\u0218TE LA VIA\u021a\u0102","datePublished":"2016-04-20T10:15:54+00:00","mainEntityOfPage":{"@id":"https:\/\/www.btv.md\/ro\/cel-mai-periculos-vulcan-din-lume-se-trezeste-la-viata\/"},"wordCount":1203,"image":{"@id":"https:\/\/www.btv.md\/ro\/cel-mai-periculos-vulcan-din-lume-se-trezeste-la-viata\/#primaryimage"},"thumbnailUrl":"https:\/\/www.btv.md\/wp-content\/uploads\/2016\/04\/skachannye-fajly-6.jpg","articleSection":["Externe"],"inLanguage":"ro-RO"},{"@type":"WebPage","@id":"https:\/\/www.btv.md\/ro\/cel-mai-periculos-vulcan-din-lume-se-trezeste-la-viata\/","url":"https:\/\/www.btv.md\/ro\/cel-mai-periculos-vulcan-din-lume-se-trezeste-la-viata\/","name":"CEL MAI PERICULOS VULCAN DIN LUME SE TREZE\u0218TE LA VIA\u021a\u0102 - BTV","isPartOf":{"@id":"https:\/\/www.btv.md\/#website"},"primaryImageOfPage":{"@id":"https:\/\/www.btv.md\/ro\/cel-mai-periculos-vulcan-din-lume-se-trezeste-la-viata\/#primaryimage"},"image":{"@id":"https:\/\/www.btv.md\/ro\/cel-mai-periculos-vulcan-din-lume-se-trezeste-la-viata\/#primaryimage"},"thumbnailUrl":"https:\/\/www.btv.md\/wp-content\/uploads\/2016\/04\/skachannye-fajly-6.jpg","datePublished":"2016-04-20T10:15:54+00:00","author":{"@id":"https:\/\/www.btv.md\/#\/schema\/person\/8fadce81561b3ce2c34c46dadc4ccbf2"},"inLanguage":"ro-RO","potentialAction":[{"@type":"ReadAction","target":["https:\/\/www.btv.md\/ro\/cel-mai-periculos-vulcan-din-lume-se-trezeste-la-viata\/"]}]},{"@type":"ImageObject","inLanguage":"ro-RO","@id":"https:\/\/www.btv.md\/ro\/cel-mai-periculos-vulcan-din-lume-se-trezeste-la-viata\/#primaryimage","url":"https:\/\/www.btv.md\/wp-content\/uploads\/2016\/04\/skachannye-fajly-6.jpg","contentUrl":"https:\/\/www.btv.md\/wp-content\/uploads\/2016\/04\/skachannye-fajly-6.jpg","width":275,"height":183,"caption":"www.cbsnews.com"},{"@type":"WebSite","@id":"https:\/\/www.btv.md\/#website","url":"https:\/\/www.btv.md\/","name":"BTV","description":"\u0411\u0435\u043b\u044c\u0446\u043a\u043e\u0435 \u0442\u0435\u043b\u0435\u0432\u0438\u0434\u0435\u043d\u0438\u0435","potentialAction":[{"@type":"SearchAction","target":{"@type":"EntryPoint","urlTemplate":"https:\/\/www.btv.md\/?s={search_term_string}"},"query-input":{"@type":"PropertyValueSpecification","valueRequired":true,"valueName":"search_term_string"}}],"inLanguage":"ro-RO"},{"@type":"Person","@id":"https:\/\/www.btv.md\/#\/schema\/person\/8fadce81561b3ce2c34c46dadc4ccbf2","name":"admin"}]}},"_links":{"self":[{"href":"https:\/\/www.btv.md\/ro\/wp-json\/wp\/v2\/posts\/11118","targetHints":{"allow":["GET"]}}],"collection":[{"href":"https:\/\/www.btv.md\/ro\/wp-json\/wp\/v2\/posts"}],"about":[{"href":"https:\/\/www.btv.md\/ro\/wp-json\/wp\/v2\/types\/post"}],"author":[{"embeddable":true,"href":"https:\/\/www.btv.md\/ro\/wp-json\/wp\/v2\/users\/4"}],"replies":[{"embeddable":true,"href":"https:\/\/www.btv.md\/ro\/wp-json\/wp\/v2\/comments?post=11118"}],"version-history":[{"count":0,"href":"https:\/\/www.btv.md\/ro\/wp-json\/wp\/v2\/posts\/11118\/revisions"}],"wp:featuredmedia":[{"embeddable":true,"href":"https:\/\/www.btv.md\/ro\/wp-json\/wp\/v2\/media\/11119"}],"wp:attachment":[{"href":"https:\/\/www.btv.md\/ro\/wp-json\/wp\/v2\/media?parent=11118"}],"wp:term":[{"taxonomy":"category","embeddable":true,"href":"https:\/\/www.btv.md\/ro\/wp-json\/wp\/v2\/categories?post=11118"},{"taxonomy":"post_tag","embeddable":true,"href":"https:\/\/www.btv.md\/ro\/wp-json\/wp\/v2\/tags?post=11118"}],"curies":[{"name":"wp","href":"https:\/\/api.w.org\/{rel}","templated":true}]}}