{"id":11124,"date":"2016-04-20T14:04:39","date_gmt":"2016-04-20T11:04:39","guid":{"rendered":"http:\/\/btv.md\/?p=11124"},"modified":"2016-04-20T14:04:39","modified_gmt":"2016-04-20T11:04:39","slug":"accident-grav-la-ungheni-trei-persoane-au-murit","status":"publish","type":"post","link":"https:\/\/www.btv.md\/ro\/accident-grav-la-ungheni-trei-persoane-au-murit\/","title":{"rendered":"ACCIDENT GRAV LA UNGHENI. TREI PERSOANE AU MURIT"},"content":{"rendered":"<p><strong>Trei persoane au murit, iar alta a fost transportat\u0103 \u00een stare grav\u0103 la spital dup\u0103 ce ma\u015fina \u00een care se aflau a intrat \u00een spatele unui autocamion. Accidentul a avut loc noaptea trecut\u0103 la Ungheni.<\/strong><\/p>\n<p>Potrivit purt\u0103torului de cuv\u00e2nt al Poli\u0163iei Ungheni, \u015foferul ma\u015finii de marca Mazda conducea cu vitez\u0103 excesiv\u0103, iar la un moment dat a pierdut controlul volanului \u015fi s-a tamponat violent \u00eentr-un autocamion DAF care sta\u0163iona pe marginea str\u0103zii.<\/p>\n<p>\u00cen rezultat, pasagerii au decedat pe loc, iar \u015foferul se afl\u0103 \u00een reanimare la spital.<\/p>\n<p>Conduc\u0103torul automobilului risc\u0103 p\u00e2n\u0103 la 10 ani de \u00eenchisoare.<\/p>\n<p><a href=\"http:\/\/jurnal.md\/ro\/social\/2016\/4\/20\/accident-grav-la-ungheni-trei-persoane-au-murit-iar-alta-se-afla-in-stare-grava-la-spital-dupa-ce-au-intrat-cu-masina-intr-un-autocamion\/\" target=\"_blank\">jurnal.md<\/a><\/p>\n","protected":false},"excerpt":{"rendered":"<p>Trei persoane au murit, iar alta a fost transportat\u0103 \u00een stare grav\u0103 la spital dup\u0103 ce ma\u015fina \u00een care se aflau a intrat \u00een spatele unui autocamion. Accidentul a avut loc noaptea trecut\u0103 la Ungheni. Potrivit purt\u0103torului de cuv\u00e2nt al Poli\u0163iei Ungheni, \u015foferul ma\u015finii de marca Mazda conducea cu vitez\u0103 excesiv\u0103, iar la un moment [&hellip;]<\/p>\n","protected":false},"author":4,"featured_media":11125,"comment_status":"closed","ping_status":"closed","sticky":false,"template":"","format":"standard","meta":{"footnotes":""},"categories":[15],"tags":[],"class_list":["post-11124","post","type-post","status-publish","format-standard","has-post-thumbnail","hentry","category-proishestvia"],"yoast_head":"<!-- This site is optimized with the Yoast SEO plugin v27.4 - https:\/\/yoast.com\/product\/yoast-seo-wordpress\/ -->\n<title>ACCIDENT GRAV LA UNGHENI. TREI PERSOANE AU MURIT - BTV<\/title>\n<meta name=\"robots\" content=\"index, follow, max-snippet:-1, max-image-preview:large, max-video-preview:-1\" \/>\n<link rel=\"canonical\" href=\"https:\/\/www.btv.md\/ro\/accident-grav-la-ungheni-trei-persoane-au-murit\/\" \/>\n<meta property=\"og:locale\" content=\"ro_RO\" \/>\n<meta property=\"og:type\" content=\"article\" \/>\n<meta property=\"og:title\" content=\"ACCIDENT GRAV LA UNGHENI. TREI PERSOANE AU MURIT - BTV\" \/>\n<meta property=\"og:description\" content=\"Trei persoane au murit, iar alta a fost transportat\u0103 \u00een stare grav\u0103 la spital dup\u0103 ce ma\u015fina \u00een care se aflau a intrat \u00een spatele unui autocamion. Accidentul a avut loc noaptea trecut\u0103 la Ungheni. Potrivit purt\u0103torului de cuv\u00e2nt al Poli\u0163iei Ungheni, \u015foferul ma\u015finii de marca Mazda conducea cu vitez\u0103 excesiv\u0103, iar la un moment [&hellip;]\" \/>\n<meta property=\"og:url\" content=\"https:\/\/www.btv.md\/ro\/accident-grav-la-ungheni-trei-persoane-au-murit\/\" \/>\n<meta property=\"og:site_name\" content=\"BTV\" \/>\n<meta property=\"article:publisher\" content=\"https:\/\/www.facebook.com\/btvmoldova\/\" \/>\n<meta property=\"article:published_time\" content=\"2016-04-20T11:04:39+00:00\" \/>\n<meta property=\"og:image\" content=\"https:\/\/www.btv.md\/wp-content\/uploads\/2016\/04\/accident-grav-un-barbat-a-murit-iar-alte-sase-persoane-au-ajuns-la-spital-15687.jpg\" \/>\n\t<meta property=\"og:image:width\" content=\"1026\" \/>\n\t<meta property=\"og:image:height\" content=\"659\" \/>\n\t<meta property=\"og:image:type\" content=\"image\/jpeg\" \/>\n<meta name=\"author\" content=\"admin\" \/>\n<meta name=\"twitter:label1\" content=\"Scris de\" \/>\n\t<meta name=\"twitter:data1\" content=\"admin\" \/>\n\t<meta name=\"twitter:label2\" content=\"Timp estimat pentru citire\" \/>\n\t<meta name=\"twitter:data2\" content=\"1 minut\" \/>\n<script type=\"application\/ld+json\" class=\"yoast-schema-graph\">{\"@context\":\"https:\\\/\\\/schema.org\",\"@graph\":[{\"@type\":\"Article\",\"@id\":\"https:\\\/\\\/www.btv.md\\\/ro\\\/accident-grav-la-ungheni-trei-persoane-au-murit\\\/#article\",\"isPartOf\":{\"@id\":\"https:\\\/\\\/www.btv.md\\\/ro\\\/accident-grav-la-ungheni-trei-persoane-au-murit\\\/\"},\"author\":{\"name\":\"admin\",\"@id\":\"https:\\\/\\\/www.btv.md\\\/#\\\/schema\\\/person\\\/8fadce81561b3ce2c34c46dadc4ccbf2\"},\"headline\":\"ACCIDENT GRAV LA UNGHENI. TREI PERSOANE AU MURIT\",\"datePublished\":\"2016-04-20T11:04:39+00:00\",\"mainEntityOfPage\":{\"@id\":\"https:\\\/\\\/www.btv.md\\\/ro\\\/accident-grav-la-ungheni-trei-persoane-au-murit\\\/\"},\"wordCount\":114,\"image\":{\"@id\":\"https:\\\/\\\/www.btv.md\\\/ro\\\/accident-grav-la-ungheni-trei-persoane-au-murit\\\/#primaryimage\"},\"thumbnailUrl\":\"https:\\\/\\\/www.btv.md\\\/wp-content\\\/uploads\\\/2016\\\/04\\\/accident-grav-un-barbat-a-murit-iar-alte-sase-persoane-au-ajuns-la-spital-15687.jpg\",\"articleSection\":[\"\u041f\u0440\u043e\u0438\u0441\u0448\u0435\u0441\u0442\u0432\u0438\u044f\"],\"inLanguage\":\"ro-RO\"},{\"@type\":\"WebPage\",\"@id\":\"https:\\\/\\\/www.btv.md\\\/ro\\\/accident-grav-la-ungheni-trei-persoane-au-murit\\\/\",\"url\":\"https:\\\/\\\/www.btv.md\\\/ro\\\/accident-grav-la-ungheni-trei-persoane-au-murit\\\/\",\"name\":\"ACCIDENT GRAV LA UNGHENI. TREI PERSOANE AU MURIT - BTV\",\"isPartOf\":{\"@id\":\"https:\\\/\\\/www.btv.md\\\/#website\"},\"primaryImageOfPage\":{\"@id\":\"https:\\\/\\\/www.btv.md\\\/ro\\\/accident-grav-la-ungheni-trei-persoane-au-murit\\\/#primaryimage\"},\"image\":{\"@id\":\"https:\\\/\\\/www.btv.md\\\/ro\\\/accident-grav-la-ungheni-trei-persoane-au-murit\\\/#primaryimage\"},\"thumbnailUrl\":\"https:\\\/\\\/www.btv.md\\\/wp-content\\\/uploads\\\/2016\\\/04\\\/accident-grav-un-barbat-a-murit-iar-alte-sase-persoane-au-ajuns-la-spital-15687.jpg\",\"datePublished\":\"2016-04-20T11:04:39+00:00\",\"author\":{\"@id\":\"https:\\\/\\\/www.btv.md\\\/#\\\/schema\\\/person\\\/8fadce81561b3ce2c34c46dadc4ccbf2\"},\"inLanguage\":\"ro-RO\",\"potentialAction\":[{\"@type\":\"ReadAction\",\"target\":[\"https:\\\/\\\/www.btv.md\\\/ro\\\/accident-grav-la-ungheni-trei-persoane-au-murit\\\/\"]}]},{\"@type\":\"ImageObject\",\"inLanguage\":\"ro-RO\",\"@id\":\"https:\\\/\\\/www.btv.md\\\/ro\\\/accident-grav-la-ungheni-trei-persoane-au-murit\\\/#primaryimage\",\"url\":\"https:\\\/\\\/www.btv.md\\\/wp-content\\\/uploads\\\/2016\\\/04\\\/accident-grav-un-barbat-a-murit-iar-alte-sase-persoane-au-ajuns-la-spital-15687.jpg\",\"contentUrl\":\"https:\\\/\\\/www.btv.md\\\/wp-content\\\/uploads\\\/2016\\\/04\\\/accident-grav-un-barbat-a-murit-iar-alte-sase-persoane-au-ajuns-la-spital-15687.jpg\",\"width\":1026,\"height\":659,\"caption\":\"www.reporterntv.ro\"},{\"@type\":\"WebSite\",\"@id\":\"https:\\\/\\\/www.btv.md\\\/#website\",\"url\":\"https:\\\/\\\/www.btv.md\\\/\",\"name\":\"BTV\",\"description\":\"\u0411\u0435\u043b\u044c\u0446\u043a\u043e\u0435 \u0442\u0435\u043b\u0435\u0432\u0438\u0434\u0435\u043d\u0438\u0435\",\"potentialAction\":[{\"@type\":\"SearchAction\",\"target\":{\"@type\":\"EntryPoint\",\"urlTemplate\":\"https:\\\/\\\/www.btv.md\\\/?s={search_term_string}\"},\"query-input\":{\"@type\":\"PropertyValueSpecification\",\"valueRequired\":true,\"valueName\":\"search_term_string\"}}],\"inLanguage\":\"ro-RO\"},{\"@type\":\"Person\",\"@id\":\"https:\\\/\\\/www.btv.md\\\/#\\\/schema\\\/person\\\/8fadce81561b3ce2c34c46dadc4ccbf2\",\"name\":\"admin\"}]}<\/script>\n<!-- \/ Yoast SEO plugin. -->","yoast_head_json":{"title":"ACCIDENT GRAV LA UNGHENI. TREI PERSOANE AU MURIT - BTV","robots":{"index":"index","follow":"follow","max-snippet":"max-snippet:-1","max-image-preview":"max-image-preview:large","max-video-preview":"max-video-preview:-1"},"canonical":"https:\/\/www.btv.md\/ro\/accident-grav-la-ungheni-trei-persoane-au-murit\/","og_locale":"ro_RO","og_type":"article","og_title":"ACCIDENT GRAV LA UNGHENI. TREI PERSOANE AU MURIT - BTV","og_description":"Trei persoane au murit, iar alta a fost transportat\u0103 \u00een stare grav\u0103 la spital dup\u0103 ce ma\u015fina \u00een care se aflau a intrat \u00een spatele unui autocamion. Accidentul a avut loc noaptea trecut\u0103 la Ungheni. Potrivit purt\u0103torului de cuv\u00e2nt al Poli\u0163iei Ungheni, \u015foferul ma\u015finii de marca Mazda conducea cu vitez\u0103 excesiv\u0103, iar la un moment [&hellip;]","og_url":"https:\/\/www.btv.md\/ro\/accident-grav-la-ungheni-trei-persoane-au-murit\/","og_site_name":"BTV","article_publisher":"https:\/\/www.facebook.com\/btvmoldova\/","article_published_time":"2016-04-20T11:04:39+00:00","og_image":[{"width":1026,"height":659,"url":"https:\/\/www.btv.md\/wp-content\/uploads\/2016\/04\/accident-grav-un-barbat-a-murit-iar-alte-sase-persoane-au-ajuns-la-spital-15687.jpg","type":"image\/jpeg"}],"author":"admin","twitter_misc":{"Scris de":"admin","Timp estimat pentru citire":"1 minut"},"schema":{"@context":"https:\/\/schema.org","@graph":[{"@type":"Article","@id":"https:\/\/www.btv.md\/ro\/accident-grav-la-ungheni-trei-persoane-au-murit\/#article","isPartOf":{"@id":"https:\/\/www.btv.md\/ro\/accident-grav-la-ungheni-trei-persoane-au-murit\/"},"author":{"name":"admin","@id":"https:\/\/www.btv.md\/#\/schema\/person\/8fadce81561b3ce2c34c46dadc4ccbf2"},"headline":"ACCIDENT GRAV LA UNGHENI. TREI PERSOANE AU MURIT","datePublished":"2016-04-20T11:04:39+00:00","mainEntityOfPage":{"@id":"https:\/\/www.btv.md\/ro\/accident-grav-la-ungheni-trei-persoane-au-murit\/"},"wordCount":114,"image":{"@id":"https:\/\/www.btv.md\/ro\/accident-grav-la-ungheni-trei-persoane-au-murit\/#primaryimage"},"thumbnailUrl":"https:\/\/www.btv.md\/wp-content\/uploads\/2016\/04\/accident-grav-un-barbat-a-murit-iar-alte-sase-persoane-au-ajuns-la-spital-15687.jpg","articleSection":["\u041f\u0440\u043e\u0438\u0441\u0448\u0435\u0441\u0442\u0432\u0438\u044f"],"inLanguage":"ro-RO"},{"@type":"WebPage","@id":"https:\/\/www.btv.md\/ro\/accident-grav-la-ungheni-trei-persoane-au-murit\/","url":"https:\/\/www.btv.md\/ro\/accident-grav-la-ungheni-trei-persoane-au-murit\/","name":"ACCIDENT GRAV LA UNGHENI. TREI PERSOANE AU MURIT - BTV","isPartOf":{"@id":"https:\/\/www.btv.md\/#website"},"primaryImageOfPage":{"@id":"https:\/\/www.btv.md\/ro\/accident-grav-la-ungheni-trei-persoane-au-murit\/#primaryimage"},"image":{"@id":"https:\/\/www.btv.md\/ro\/accident-grav-la-ungheni-trei-persoane-au-murit\/#primaryimage"},"thumbnailUrl":"https:\/\/www.btv.md\/wp-content\/uploads\/2016\/04\/accident-grav-un-barbat-a-murit-iar-alte-sase-persoane-au-ajuns-la-spital-15687.jpg","datePublished":"2016-04-20T11:04:39+00:00","author":{"@id":"https:\/\/www.btv.md\/#\/schema\/person\/8fadce81561b3ce2c34c46dadc4ccbf2"},"inLanguage":"ro-RO","potentialAction":[{"@type":"ReadAction","target":["https:\/\/www.btv.md\/ro\/accident-grav-la-ungheni-trei-persoane-au-murit\/"]}]},{"@type":"ImageObject","inLanguage":"ro-RO","@id":"https:\/\/www.btv.md\/ro\/accident-grav-la-ungheni-trei-persoane-au-murit\/#primaryimage","url":"https:\/\/www.btv.md\/wp-content\/uploads\/2016\/04\/accident-grav-un-barbat-a-murit-iar-alte-sase-persoane-au-ajuns-la-spital-15687.jpg","contentUrl":"https:\/\/www.btv.md\/wp-content\/uploads\/2016\/04\/accident-grav-un-barbat-a-murit-iar-alte-sase-persoane-au-ajuns-la-spital-15687.jpg","width":1026,"height":659,"caption":"www.reporterntv.ro"},{"@type":"WebSite","@id":"https:\/\/www.btv.md\/#website","url":"https:\/\/www.btv.md\/","name":"BTV","description":"\u0411\u0435\u043b\u044c\u0446\u043a\u043e\u0435 \u0442\u0435\u043b\u0435\u0432\u0438\u0434\u0435\u043d\u0438\u0435","potentialAction":[{"@type":"SearchAction","target":{"@type":"EntryPoint","urlTemplate":"https:\/\/www.btv.md\/?s={search_term_string}"},"query-input":{"@type":"PropertyValueSpecification","valueRequired":true,"valueName":"search_term_string"}}],"inLanguage":"ro-RO"},{"@type":"Person","@id":"https:\/\/www.btv.md\/#\/schema\/person\/8fadce81561b3ce2c34c46dadc4ccbf2","name":"admin"}]}},"_links":{"self":[{"href":"https:\/\/www.btv.md\/ro\/wp-json\/wp\/v2\/posts\/11124","targetHints":{"allow":["GET"]}}],"collection":[{"href":"https:\/\/www.btv.md\/ro\/wp-json\/wp\/v2\/posts"}],"about":[{"href":"https:\/\/www.btv.md\/ro\/wp-json\/wp\/v2\/types\/post"}],"author":[{"embeddable":true,"href":"https:\/\/www.btv.md\/ro\/wp-json\/wp\/v2\/users\/4"}],"replies":[{"embeddable":true,"href":"https:\/\/www.btv.md\/ro\/wp-json\/wp\/v2\/comments?post=11124"}],"version-history":[{"count":0,"href":"https:\/\/www.btv.md\/ro\/wp-json\/wp\/v2\/posts\/11124\/revisions"}],"wp:featuredmedia":[{"embeddable":true,"href":"https:\/\/www.btv.md\/ro\/wp-json\/wp\/v2\/media\/11125"}],"wp:attachment":[{"href":"https:\/\/www.btv.md\/ro\/wp-json\/wp\/v2\/media?parent=11124"}],"wp:term":[{"taxonomy":"category","embeddable":true,"href":"https:\/\/www.btv.md\/ro\/wp-json\/wp\/v2\/categories?post=11124"},{"taxonomy":"post_tag","embeddable":true,"href":"https:\/\/www.btv.md\/ro\/wp-json\/wp\/v2\/tags?post=11124"}],"curies":[{"name":"wp","href":"https:\/\/api.w.org\/{rel}","templated":true}]}}